{"id":10177,"date":"2025-06-03T11:55:17","date_gmt":"2025-06-03T09:55:17","guid":{"rendered":"https:\/\/eficasablanca.org\/?p=10177"},"modified":"2025-09-05T12:00:34","modified_gmt":"2025-09-05T10:00:34","slug":"%f0%9d%90%8e%f0%9d%90%ab%f0%9d%90%a2%f0%9d%90%9e%f0%9d%90%a7%f0%9d%90%ad%f0%9d%90%9a%f0%9d%90%ad%f0%9d%90%a2%f0%9d%90%a8%f0%9d%90%a7-%f0%9d%90%a9%f0%9d%90%ab%f0%9d%90%9e%f0%9d%90%a9","status":"publish","type":"post","link":"https:\/\/eficasablanca.org\/en\/%f0%9d%90%8e%f0%9d%90%ab%f0%9d%90%a2%f0%9d%90%9e%f0%9d%90%a7%f0%9d%90%ad%f0%9d%90%9a%f0%9d%90%ad%f0%9d%90%a2%f0%9d%90%a8%f0%9d%90%a7-%f0%9d%90%a9%f0%9d%90%ab%f0%9d%90%9e%f0%9d%90%a9\/","title":{"rendered":"Orientation &amp; pr\u00e9paration : une journ\u00e9e  d\u00e9di\u00e9e avec Alban FERRIEU"},"content":{"rendered":"<p>Les \u00e9l\u00e8ves de la seconde \u00e0 la terminale de l&rsquo;EFI Casablanca, ont b\u00e9n\u00e9fici\u00e9 d\u2019une journ\u00e9e enrichissante sur l\u2019orientation, anim\u00e9e par Alban FERRIEU, sp\u00e9cialiste en orientation internationale.<\/p>\n\n\n\n<p>\u00c0 travers des sessions pratiques, ils ont pu travailler leur projet d\u2019orientation : planification de la classe de 1\u00e8re avec les tests \u00e0 pr\u00e9voir, d\u00e9couverte des candidatures internationales (Common App, UCAS) et r\u00e9flexion sur le <a><\/a>post-bac. Les parents et les \u00e9l\u00e8ves ont \u00e9galement pu assister \u00e0 une conf\u00e9rence sur les \u00e9tapes cl\u00e9s des inscriptions dans les grandes universit\u00e9s \u00e0 l\u2019international.<\/p>\n\n\n\n<p>Cette initiative s\u2019inscrit dans notre engagement \u00e0 accompagner les \u00e9l\u00e8ves dans les meilleures conditions vers leur avenir acad\u00e9mique, les aider \u00e0 s&rsquo;oriente, \u00e0 mieux se pr\u00e9parer et \u00e0 nourrir leurs ambitions.<\/p>\n\n\n\n<p>Merci \u00e0 Alban FERRIEU et \u00e0 la conseill\u00e8re d\u2019orientation scolaire Rachel PETEL pour cette belle rencontre.<\/p>\n\n\n\n<p>Students from seconde to terminale of EFI Casablanca enjoyed an enriching day on career guidance, led by Alban FERRIEU, a specialist in international career guidance.<\/p>\n\n\n\n<p>Through practical sessions, they were able to work on their career planning: planning for 1\u00e8re with the tests to be taken, discovering international applications (Common App, UCAS) and thinking about post-bac. Parents and students were also able to attend a conference on the key stages in applying to major international universities.<\/p>\n\n\n\n<p>This initiative is part of our commitment to providing students with the best possible support for their academic future, helping them to find their bearings, prepare better and nurture their ambitions.<\/p>\n\n\n\n<p>Thank you to Alban FERRIEU and the school guidance counsellor Rachel PETEL for this wonderful meeting.<\/p>\n\n\n\n<figure class=\"wp-block-gallery has-nested-images columns-default is-cropped wp-block-gallery-1 is-layout-flex wp-block-gallery-is-layout-flex\">\n<figure class=\"wp-block-image size-large\"><img fetchpriority=\"high\" decoding=\"async\" width=\"1024\" height=\"1024\" data-id=\"10186\" src=\"https:\/\/eficasablanca.org\/wp-content\/uploads\/2025\/06\/7-1024x1024.png\" alt=\"\" class=\"wp-image-10186\" srcset=\"https:\/\/eficasablanca.org\/wp-content\/uploads\/2025\/06\/7-1024x1024.png 1024w, https:\/\/eficasablanca.org\/wp-content\/uploads\/2025\/06\/7-300x300.png 300w, https:\/\/eficasablanca.org\/wp-content\/uploads\/2025\/06\/7-150x150.png 150w, https:\/\/eficasablanca.org\/wp-content\/uploads\/2025\/06\/7-768x768.png 768w, https:\/\/eficasablanca.org\/wp-content\/uploads\/2025\/06\/7-12x12.png 12w, https:\/\/eficasablanca.org\/wp-content\/uploads\/2025\/06\/7.png 1080w\" sizes=\"(max-width: 1024px) 100vw, 1024px\" \/><\/figure>\n\n\n\n<figure class=\"wp-block-image size-large\"><img decoding=\"async\" width=\"1024\" height=\"1024\" data-id=\"10185\" src=\"https:\/\/eficasablanca.org\/wp-content\/uploads\/2025\/06\/9-1024x1024.png\" alt=\"\" class=\"wp-image-10185\" srcset=\"https:\/\/eficasablanca.org\/wp-content\/uploads\/2025\/06\/9-1024x1024.png 1024w, https:\/\/eficasablanca.org\/wp-content\/uploads\/2025\/06\/9-300x300.png 300w, https:\/\/eficasablanca.org\/wp-content\/uploads\/2025\/06\/9-150x150.png 150w, https:\/\/eficasablanca.org\/wp-content\/uploads\/2025\/06\/9-768x768.png 768w, https:\/\/eficasablanca.org\/wp-content\/uploads\/2025\/06\/9-12x12.png 12w, https:\/\/eficasablanca.org\/wp-content\/uploads\/2025\/06\/9.png 1080w\" sizes=\"(max-width: 1024px) 100vw, 1024px\" \/><\/figure>\n\n\n\n<figure class=\"wp-block-image size-large\"><img decoding=\"async\" width=\"1024\" height=\"1024\" data-id=\"10184\" src=\"https:\/\/eficasablanca.org\/wp-content\/uploads\/2025\/06\/6-1024x1024.png\" alt=\"\" class=\"wp-image-10184\" srcset=\"https:\/\/eficasablanca.org\/wp-content\/uploads\/2025\/06\/6-1024x1024.png 1024w, https:\/\/eficasablanca.org\/wp-content\/uploads\/2025\/06\/6-300x300.png 300w, https:\/\/eficasablanca.org\/wp-content\/uploads\/2025\/06\/6-150x150.png 150w, https:\/\/eficasablanca.org\/wp-content\/uploads\/2025\/06\/6-768x768.png 768w, https:\/\/eficasablanca.org\/wp-content\/uploads\/2025\/06\/6-12x12.png 12w, https:\/\/eficasablanca.org\/wp-content\/uploads\/2025\/06\/6.png 1080w\" sizes=\"(max-width: 1024px) 100vw, 1024px\" \/><\/figure>\n<\/figure>\n\n\n\n<figure class=\"wp-block-gallery has-nested-images columns-default is-cropped wp-block-gallery-2 is-layout-flex wp-block-gallery-is-layout-flex\">\n<figure class=\"wp-block-image size-large\"><img loading=\"lazy\" decoding=\"async\" width=\"1024\" height=\"1024\" data-id=\"10527\" src=\"https:\/\/eficasablanca.org\/wp-content\/uploads\/2025\/06\/Orientation-avec-Alban-ferrieu--1024x1024.png\" alt=\"\" class=\"wp-image-10527\" srcset=\"https:\/\/eficasablanca.org\/wp-content\/uploads\/2025\/06\/Orientation-avec-Alban-ferrieu--1024x1024.png 1024w, https:\/\/eficasablanca.org\/wp-content\/uploads\/2025\/06\/Orientation-avec-Alban-ferrieu--300x300.png 300w, https:\/\/eficasablanca.org\/wp-content\/uploads\/2025\/06\/Orientation-avec-Alban-ferrieu--150x150.png 150w, https:\/\/eficasablanca.org\/wp-content\/uploads\/2025\/06\/Orientation-avec-Alban-ferrieu--768x768.png 768w, https:\/\/eficasablanca.org\/wp-content\/uploads\/2025\/06\/Orientation-avec-Alban-ferrieu--12x12.png 12w, https:\/\/eficasablanca.org\/wp-content\/uploads\/2025\/06\/Orientation-avec-Alban-ferrieu-.png 1080w\" sizes=\"(max-width: 1024px) 100vw, 1024px\" \/><\/figure>\n\n\n\n<figure class=\"wp-block-image size-large\"><img loading=\"lazy\" decoding=\"async\" width=\"1024\" height=\"1024\" data-id=\"10528\" src=\"https:\/\/eficasablanca.org\/wp-content\/uploads\/2025\/06\/Orientation-avec-Alban-ferrieu-1-1024x1024.png\" alt=\"\" class=\"wp-image-10528\" srcset=\"https:\/\/eficasablanca.org\/wp-content\/uploads\/2025\/06\/Orientation-avec-Alban-ferrieu-1-1024x1024.png 1024w, https:\/\/eficasablanca.org\/wp-content\/uploads\/2025\/06\/Orientation-avec-Alban-ferrieu-1-300x300.png 300w, https:\/\/eficasablanca.org\/wp-content\/uploads\/2025\/06\/Orientation-avec-Alban-ferrieu-1-150x150.png 150w, https:\/\/eficasablanca.org\/wp-content\/uploads\/2025\/06\/Orientation-avec-Alban-ferrieu-1-768x768.png 768w, https:\/\/eficasablanca.org\/wp-content\/uploads\/2025\/06\/Orientation-avec-Alban-ferrieu-1-12x12.png 12w, https:\/\/eficasablanca.org\/wp-content\/uploads\/2025\/06\/Orientation-avec-Alban-ferrieu-1.png 1080w\" sizes=\"(max-width: 1024px) 100vw, 1024px\" \/><\/figure>\n\n\n\n<figure class=\"wp-block-image size-large\"><img loading=\"lazy\" decoding=\"async\" width=\"1024\" height=\"1024\" data-id=\"10181\" src=\"https:\/\/eficasablanca.org\/wp-content\/uploads\/2025\/06\/2-1024x1024.png\" alt=\"\" class=\"wp-image-10181\" srcset=\"https:\/\/eficasablanca.org\/wp-content\/uploads\/2025\/06\/2-1024x1024.png 1024w, https:\/\/eficasablanca.org\/wp-content\/uploads\/2025\/06\/2-300x300.png 300w, https:\/\/eficasablanca.org\/wp-content\/uploads\/2025\/06\/2-150x150.png 150w, https:\/\/eficasablanca.org\/wp-content\/uploads\/2025\/06\/2-768x768.png 768w, https:\/\/eficasablanca.org\/wp-content\/uploads\/2025\/06\/2-12x12.png 12w, https:\/\/eficasablanca.org\/wp-content\/uploads\/2025\/06\/2.png 1080w\" sizes=\"(max-width: 1024px) 100vw, 1024px\" \/><\/figure>\n<\/figure>\n\n\n\n<p><\/p>","protected":false},"excerpt":{"rendered":"<p>Les \u00e9l\u00e8ves de la seconde \u00e0 la terminale de l&rsquo;EFI Casablanca, ont b\u00e9n\u00e9fici\u00e9 d\u2019une journ\u00e9e enrichissante sur l\u2019orientation, anim\u00e9e par Alban FERRIEU, sp\u00e9cialiste en orientation internationale. \u00c0 travers des sessions pratiques, ils ont pu travailler leur projet d\u2019orientation : planification de la classe de 1\u00e8re avec les tests \u00e0 pr\u00e9voir, d\u00e9couverte des candidatures internationales (Common [&hellip;]<\/p>\n","protected":false},"author":3,"featured_media":10185,"comment_status":"closed","ping_status":"open","sticky":false,"template":"","format":"standard","meta":{"_acf_changed":false,"footnotes":""},"categories":[21,62,22],"tags":[],"class_list":["post-10177","post","type-post","status-publish","format-standard","has-post-thumbnail","hentry","category-actualites","category-conferences","category-evenements"],"acf":[],"yoast_head":"<!-- This site is optimized with the Yoast SEO plugin v27.1.1 - https:\/\/yoast.com\/product\/yoast-seo-wordpress\/ -->\n<title>Orientation &amp; pr\u00e9paration : une journ\u00e9e d\u00e9di\u00e9e avec Alban FERRIEU - \u00c9cole Fran\u00e7aise Internationale de Casablanca<\/title>\n<meta name=\"description\" content=\"Les \u00e9l\u00e8ves de la seconde \u00e0 la terminale de l&#039;EFI Casablanca, ont b\u00e9n\u00e9fici\u00e9 d\u2019une journ\u00e9e enrichissante sur l\u2019orientation, anim\u00e9e par Alban FERRIEU,\" \/>\n<meta name=\"robots\" content=\"index, follow, max-snippet:-1, max-image-preview:large, max-video-preview:-1\" \/>\n<link rel=\"canonical\" href=\"https:\/\/eficasablanca.org\/en\/\ud835\udc0e\ud835\udc2b\ud835\udc22\ud835\udc1e\ud835\udc27\ud835\udc2d\ud835\udc1a\ud835\udc2d\ud835\udc22\ud835\udc28\ud835\udc27-\ud835\udc29\ud835\udc2b\ud835\udc1e\ud835\udc29\/\" \/>\n<meta property=\"og:locale\" content=\"en_US\" \/>\n<meta property=\"og:type\" content=\"article\" \/>\n<meta property=\"og:title\" content=\"Orientation &amp; pr\u00e9paration : une journ\u00e9e d\u00e9di\u00e9e avec Alban FERRIEU - \u00c9cole Fran\u00e7aise Internationale de Casablanca\" \/>\n<meta property=\"og:description\" content=\"Les \u00e9l\u00e8ves de la seconde \u00e0 la terminale de l&#039;EFI Casablanca, ont b\u00e9n\u00e9fici\u00e9 d\u2019une journ\u00e9e enrichissante sur l\u2019orientation, anim\u00e9e par Alban FERRIEU,\" \/>\n<meta property=\"og:url\" content=\"https:\/\/eficasablanca.org\/en\/\ud835\udc0e\ud835\udc2b\ud835\udc22\ud835\udc1e\ud835\udc27\ud835\udc2d\ud835\udc1a\ud835\udc2d\ud835\udc22\ud835\udc28\ud835\udc27-\ud835\udc29\ud835\udc2b\ud835\udc1e\ud835\udc29\/\" \/>\n<meta property=\"og:site_name\" content=\"\u00c9cole Fran\u00e7aise Internationale de Casablanca\" \/>\n<meta property=\"article:publisher\" content=\"https:\/\/www.facebook.com\/EFICasablanca\" \/>\n<meta property=\"article:published_time\" content=\"2025-06-03T09:55:17+00:00\" \/>\n<meta property=\"article:modified_time\" content=\"2025-09-05T10:00:34+00:00\" \/>\n<meta property=\"og:image\" content=\"https:\/\/eficasablanca.org\/wp-content\/uploads\/2025\/06\/9.png\" \/>\n\t<meta property=\"og:image:width\" content=\"1080\" \/>\n\t<meta property=\"og:image:height\" content=\"1080\" \/>\n\t<meta property=\"og:image:type\" content=\"image\/png\" \/>\n<meta name=\"author\" content=\"it\" \/>\n<meta name=\"twitter:card\" content=\"summary_large_image\" \/>\n<meta name=\"twitter:label1\" content=\"Written by\" \/>\n\t<meta name=\"twitter:data1\" content=\"it\" \/>\n\t<meta name=\"twitter:label2\" content=\"Est. reading time\" \/>\n\t<meta name=\"twitter:data2\" content=\"3 minutes\" \/>\n<script type=\"application\/ld+json\" class=\"yoast-schema-graph\">{\"@context\":\"https:\/\/schema.org\",\"@graph\":[{\"@type\":\"Article\",\"@id\":\"https:\/\/eficasablanca.org\/%f0%9d%90%8e%f0%9d%90%ab%f0%9d%90%a2%f0%9d%90%9e%f0%9d%90%a7%f0%9d%90%ad%f0%9d%90%9a%f0%9d%90%ad%f0%9d%90%a2%f0%9d%90%a8%f0%9d%90%a7-%f0%9d%90%a9%f0%9d%90%ab%f0%9d%90%9e%f0%9d%90%a9\/#article\",\"isPartOf\":{\"@id\":\"https:\/\/eficasablanca.org\/%f0%9d%90%8e%f0%9d%90%ab%f0%9d%90%a2%f0%9d%90%9e%f0%9d%90%a7%f0%9d%90%ad%f0%9d%90%9a%f0%9d%90%ad%f0%9d%90%a2%f0%9d%90%a8%f0%9d%90%a7-%f0%9d%90%a9%f0%9d%90%ab%f0%9d%90%9e%f0%9d%90%a9\/\"},\"author\":{\"name\":\"it\",\"@id\":\"https:\/\/eficasablanca.org\/#\/schema\/person\/cd2435603ee779b3c83afe03afe2bf0e\"},\"headline\":\"Orientation &amp; pr\u00e9paration : une journ\u00e9e d\u00e9di\u00e9e avec Alban FERRIEU\",\"datePublished\":\"2025-06-03T09:55:17+00:00\",\"dateModified\":\"2025-09-05T10:00:34+00:00\",\"mainEntityOfPage\":{\"@id\":\"https:\/\/eficasablanca.org\/%f0%9d%90%8e%f0%9d%90%ab%f0%9d%90%a2%f0%9d%90%9e%f0%9d%90%a7%f0%9d%90%ad%f0%9d%90%9a%f0%9d%90%ad%f0%9d%90%a2%f0%9d%90%a8%f0%9d%90%a7-%f0%9d%90%a9%f0%9d%90%ab%f0%9d%90%9e%f0%9d%90%a9\/\"},\"wordCount\":282,\"publisher\":{\"@id\":\"https:\/\/eficasablanca.org\/#organization\"},\"image\":{\"@id\":\"https:\/\/eficasablanca.org\/%f0%9d%90%8e%f0%9d%90%ab%f0%9d%90%a2%f0%9d%90%9e%f0%9d%90%a7%f0%9d%90%ad%f0%9d%90%9a%f0%9d%90%ad%f0%9d%90%a2%f0%9d%90%a8%f0%9d%90%a7-%f0%9d%90%a9%f0%9d%90%ab%f0%9d%90%9e%f0%9d%90%a9\/#primaryimage\"},\"thumbnailUrl\":\"https:\/\/eficasablanca.org\/wp-content\/uploads\/2025\/06\/9.png\",\"articleSection\":[\"Actualit\u00e9s\",\"Conf\u00e9rences\",\"\u00c9v\u00e8nements\"],\"inLanguage\":\"en-US\"},{\"@type\":\"WebPage\",\"@id\":\"https:\/\/eficasablanca.org\/%f0%9d%90%8e%f0%9d%90%ab%f0%9d%90%a2%f0%9d%90%9e%f0%9d%90%a7%f0%9d%90%ad%f0%9d%90%9a%f0%9d%90%ad%f0%9d%90%a2%f0%9d%90%a8%f0%9d%90%a7-%f0%9d%90%a9%f0%9d%90%ab%f0%9d%90%9e%f0%9d%90%a9\/\",\"url\":\"https:\/\/eficasablanca.org\/%f0%9d%90%8e%f0%9d%90%ab%f0%9d%90%a2%f0%9d%90%9e%f0%9d%90%a7%f0%9d%90%ad%f0%9d%90%9a%f0%9d%90%ad%f0%9d%90%a2%f0%9d%90%a8%f0%9d%90%a7-%f0%9d%90%a9%f0%9d%90%ab%f0%9d%90%9e%f0%9d%90%a9\/\",\"name\":\"Orientation &amp; pr\u00e9paration : une journ\u00e9e d\u00e9di\u00e9e avec Alban FERRIEU - \u00c9cole Fran\u00e7aise Internationale de Casablanca\",\"isPartOf\":{\"@id\":\"https:\/\/eficasablanca.org\/#website\"},\"primaryImageOfPage\":{\"@id\":\"https:\/\/eficasablanca.org\/%f0%9d%90%8e%f0%9d%90%ab%f0%9d%90%a2%f0%9d%90%9e%f0%9d%90%a7%f0%9d%90%ad%f0%9d%90%9a%f0%9d%90%ad%f0%9d%90%a2%f0%9d%90%a8%f0%9d%90%a7-%f0%9d%90%a9%f0%9d%90%ab%f0%9d%90%9e%f0%9d%90%a9\/#primaryimage\"},\"image\":{\"@id\":\"https:\/\/eficasablanca.org\/%f0%9d%90%8e%f0%9d%90%ab%f0%9d%90%a2%f0%9d%90%9e%f0%9d%90%a7%f0%9d%90%ad%f0%9d%90%9a%f0%9d%90%ad%f0%9d%90%a2%f0%9d%90%a8%f0%9d%90%a7-%f0%9d%90%a9%f0%9d%90%ab%f0%9d%90%9e%f0%9d%90%a9\/#primaryimage\"},\"thumbnailUrl\":\"https:\/\/eficasablanca.org\/wp-content\/uploads\/2025\/06\/9.png\",\"datePublished\":\"2025-06-03T09:55:17+00:00\",\"dateModified\":\"2025-09-05T10:00:34+00:00\",\"description\":\"Les \u00e9l\u00e8ves de la seconde \u00e0 la terminale de l'EFI Casablanca, ont b\u00e9n\u00e9fici\u00e9 d\u2019une journ\u00e9e enrichissante sur l\u2019orientation, anim\u00e9e par Alban FERRIEU,\",\"breadcrumb\":{\"@id\":\"https:\/\/eficasablanca.org\/%f0%9d%90%8e%f0%9d%90%ab%f0%9d%90%a2%f0%9d%90%9e%f0%9d%90%a7%f0%9d%90%ad%f0%9d%90%9a%f0%9d%90%ad%f0%9d%90%a2%f0%9d%90%a8%f0%9d%90%a7-%f0%9d%90%a9%f0%9d%90%ab%f0%9d%90%9e%f0%9d%90%a9\/#breadcrumb\"},\"inLanguage\":\"en-US\",\"potentialAction\":[{\"@type\":\"ReadAction\",\"target\":[\"https:\/\/eficasablanca.org\/%f0%9d%90%8e%f0%9d%90%ab%f0%9d%90%a2%f0%9d%90%9e%f0%9d%90%a7%f0%9d%90%ad%f0%9d%90%9a%f0%9d%90%ad%f0%9d%90%a2%f0%9d%90%a8%f0%9d%90%a7-%f0%9d%90%a9%f0%9d%90%ab%f0%9d%90%9e%f0%9d%90%a9\/\"]}]},{\"@type\":\"ImageObject\",\"inLanguage\":\"en-US\",\"@id\":\"https:\/\/eficasablanca.org\/%f0%9d%90%8e%f0%9d%90%ab%f0%9d%90%a2%f0%9d%90%9e%f0%9d%90%a7%f0%9d%90%ad%f0%9d%90%9a%f0%9d%90%ad%f0%9d%90%a2%f0%9d%90%a8%f0%9d%90%a7-%f0%9d%90%a9%f0%9d%90%ab%f0%9d%90%9e%f0%9d%90%a9\/#primaryimage\",\"url\":\"https:\/\/eficasablanca.org\/wp-content\/uploads\/2025\/06\/9.png\",\"contentUrl\":\"https:\/\/eficasablanca.org\/wp-content\/uploads\/2025\/06\/9.png\",\"width\":1080,\"height\":1080},{\"@type\":\"BreadcrumbList\",\"@id\":\"https:\/\/eficasablanca.org\/%f0%9d%90%8e%f0%9d%90%ab%f0%9d%90%a2%f0%9d%90%9e%f0%9d%90%a7%f0%9d%90%ad%f0%9d%90%9a%f0%9d%90%ad%f0%9d%90%a2%f0%9d%90%a8%f0%9d%90%a7-%f0%9d%90%a9%f0%9d%90%ab%f0%9d%90%9e%f0%9d%90%a9\/#breadcrumb\",\"itemListElement\":[{\"@type\":\"ListItem\",\"position\":1,\"name\":\"Accueil\",\"item\":\"https:\/\/eficasablanca.org\/\"},{\"@type\":\"ListItem\",\"position\":2,\"name\":\"Orientation &amp; pr\u00e9paration : une journ\u00e9e d\u00e9di\u00e9e avec Alban FERRIEU\"}]},{\"@type\":\"WebSite\",\"@id\":\"https:\/\/eficasablanca.org\/#website\",\"url\":\"https:\/\/eficasablanca.org\/\",\"name\":\"\u00c9cole Fran\u00e7aise Internationale de Casablanca\",\"description\":\"L&#039;\u00c9cole Fran\u00e7aise Internationale\",\"publisher\":{\"@id\":\"https:\/\/eficasablanca.org\/#organization\"},\"potentialAction\":[{\"@type\":\"SearchAction\",\"target\":{\"@type\":\"EntryPoint\",\"urlTemplate\":\"https:\/\/eficasablanca.org\/?s={search_term_string}\"},\"query-input\":{\"@type\":\"PropertyValueSpecification\",\"valueRequired\":true,\"valueName\":\"search_term_string\"}}],\"inLanguage\":\"en-US\"},{\"@type\":\"Organization\",\"@id\":\"https:\/\/eficasablanca.org\/#organization\",\"name\":\"Ecole Fran\u00e7aise Internationale Casablanca\",\"url\":\"https:\/\/eficasablanca.org\/\",\"logo\":{\"@type\":\"ImageObject\",\"inLanguage\":\"en-US\",\"@id\":\"https:\/\/eficasablanca.org\/#\/schema\/logo\/image\/\",\"url\":\"https:\/\/eficasablanca.org\/wp-content\/uploads\/2022\/12\/Logo-EFI-DEF-1-1-02-1.webp\",\"contentUrl\":\"https:\/\/eficasablanca.org\/wp-content\/uploads\/2022\/12\/Logo-EFI-DEF-1-1-02-1.webp\",\"width\":644,\"height\":100,\"caption\":\"Ecole Fran\u00e7aise Internationale Casablanca\"},\"image\":{\"@id\":\"https:\/\/eficasablanca.org\/#\/schema\/logo\/image\/\"},\"sameAs\":[\"https:\/\/www.facebook.com\/EFICasablanca\",\"https:\/\/www.instagram.com\/efi_casablanca\/?hl=fr\",\"https:\/\/www.linkedin.com\/company\/efi-casablanca\/about\/?viewAsMember=true\"]},{\"@type\":\"Person\",\"@id\":\"https:\/\/eficasablanca.org\/#\/schema\/person\/cd2435603ee779b3c83afe03afe2bf0e\",\"name\":\"it\",\"url\":\"https:\/\/eficasablanca.org\/en\/author\/it\/\"}]}<\/script>\n<!-- \/ Yoast SEO plugin. -->","yoast_head_json":{"title":"Orientation &amp; pr\u00e9paration : une journ\u00e9e d\u00e9di\u00e9e avec Alban FERRIEU - \u00c9cole Fran\u00e7aise Internationale de Casablanca","description":"Les \u00e9l\u00e8ves de la seconde \u00e0 la terminale de l'EFI Casablanca, ont b\u00e9n\u00e9fici\u00e9 d\u2019une journ\u00e9e enrichissante sur l\u2019orientation, anim\u00e9e par Alban FERRIEU,","robots":{"index":"index","follow":"follow","max-snippet":"max-snippet:-1","max-image-preview":"max-image-preview:large","max-video-preview":"max-video-preview:-1"},"canonical":"https:\/\/eficasablanca.org\/en\/\ud835\udc0e\ud835\udc2b\ud835\udc22\ud835\udc1e\ud835\udc27\ud835\udc2d\ud835\udc1a\ud835\udc2d\ud835\udc22\ud835\udc28\ud835\udc27-\ud835\udc29\ud835\udc2b\ud835\udc1e\ud835\udc29\/","og_locale":"en_US","og_type":"article","og_title":"Orientation &amp; pr\u00e9paration : une journ\u00e9e d\u00e9di\u00e9e avec Alban FERRIEU - \u00c9cole Fran\u00e7aise Internationale de Casablanca","og_description":"Les \u00e9l\u00e8ves de la seconde \u00e0 la terminale de l'EFI Casablanca, ont b\u00e9n\u00e9fici\u00e9 d\u2019une journ\u00e9e enrichissante sur l\u2019orientation, anim\u00e9e par Alban FERRIEU,","og_url":"https:\/\/eficasablanca.org\/en\/\ud835\udc0e\ud835\udc2b\ud835\udc22\ud835\udc1e\ud835\udc27\ud835\udc2d\ud835\udc1a\ud835\udc2d\ud835\udc22\ud835\udc28\ud835\udc27-\ud835\udc29\ud835\udc2b\ud835\udc1e\ud835\udc29\/","og_site_name":"\u00c9cole Fran\u00e7aise Internationale de Casablanca","article_publisher":"https:\/\/www.facebook.com\/EFICasablanca","article_published_time":"2025-06-03T09:55:17+00:00","article_modified_time":"2025-09-05T10:00:34+00:00","og_image":[{"width":1080,"height":1080,"url":"https:\/\/eficasablanca.org\/wp-content\/uploads\/2025\/06\/9.png","type":"image\/png"}],"author":"it","twitter_card":"summary_large_image","twitter_misc":{"Written by":"it","Est. reading time":"3 minutes"},"schema":{"@context":"https:\/\/schema.org","@graph":[{"@type":"Article","@id":"https:\/\/eficasablanca.org\/%f0%9d%90%8e%f0%9d%90%ab%f0%9d%90%a2%f0%9d%90%9e%f0%9d%90%a7%f0%9d%90%ad%f0%9d%90%9a%f0%9d%90%ad%f0%9d%90%a2%f0%9d%90%a8%f0%9d%90%a7-%f0%9d%90%a9%f0%9d%90%ab%f0%9d%90%9e%f0%9d%90%a9\/#article","isPartOf":{"@id":"https:\/\/eficasablanca.org\/%f0%9d%90%8e%f0%9d%90%ab%f0%9d%90%a2%f0%9d%90%9e%f0%9d%90%a7%f0%9d%90%ad%f0%9d%90%9a%f0%9d%90%ad%f0%9d%90%a2%f0%9d%90%a8%f0%9d%90%a7-%f0%9d%90%a9%f0%9d%90%ab%f0%9d%90%9e%f0%9d%90%a9\/"},"author":{"name":"it","@id":"https:\/\/eficasablanca.org\/#\/schema\/person\/cd2435603ee779b3c83afe03afe2bf0e"},"headline":"Orientation &amp; pr\u00e9paration : une journ\u00e9e d\u00e9di\u00e9e avec Alban FERRIEU","datePublished":"2025-06-03T09:55:17+00:00","dateModified":"2025-09-05T10:00:34+00:00","mainEntityOfPage":{"@id":"https:\/\/eficasablanca.org\/%f0%9d%90%8e%f0%9d%90%ab%f0%9d%90%a2%f0%9d%90%9e%f0%9d%90%a7%f0%9d%90%ad%f0%9d%90%9a%f0%9d%90%ad%f0%9d%90%a2%f0%9d%90%a8%f0%9d%90%a7-%f0%9d%90%a9%f0%9d%90%ab%f0%9d%90%9e%f0%9d%90%a9\/"},"wordCount":282,"publisher":{"@id":"https:\/\/eficasablanca.org\/#organization"},"image":{"@id":"https:\/\/eficasablanca.org\/%f0%9d%90%8e%f0%9d%90%ab%f0%9d%90%a2%f0%9d%90%9e%f0%9d%90%a7%f0%9d%90%ad%f0%9d%90%9a%f0%9d%90%ad%f0%9d%90%a2%f0%9d%90%a8%f0%9d%90%a7-%f0%9d%90%a9%f0%9d%90%ab%f0%9d%90%9e%f0%9d%90%a9\/#primaryimage"},"thumbnailUrl":"https:\/\/eficasablanca.org\/wp-content\/uploads\/2025\/06\/9.png","articleSection":["Actualit\u00e9s","Conf\u00e9rences","\u00c9v\u00e8nements"],"inLanguage":"en-US"},{"@type":"WebPage","@id":"https:\/\/eficasablanca.org\/%f0%9d%90%8e%f0%9d%90%ab%f0%9d%90%a2%f0%9d%90%9e%f0%9d%90%a7%f0%9d%90%ad%f0%9d%90%9a%f0%9d%90%ad%f0%9d%90%a2%f0%9d%90%a8%f0%9d%90%a7-%f0%9d%90%a9%f0%9d%90%ab%f0%9d%90%9e%f0%9d%90%a9\/","url":"https:\/\/eficasablanca.org\/%f0%9d%90%8e%f0%9d%90%ab%f0%9d%90%a2%f0%9d%90%9e%f0%9d%90%a7%f0%9d%90%ad%f0%9d%90%9a%f0%9d%90%ad%f0%9d%90%a2%f0%9d%90%a8%f0%9d%90%a7-%f0%9d%90%a9%f0%9d%90%ab%f0%9d%90%9e%f0%9d%90%a9\/","name":"Orientation &amp; pr\u00e9paration : une journ\u00e9e d\u00e9di\u00e9e avec Alban FERRIEU - \u00c9cole Fran\u00e7aise Internationale de Casablanca","isPartOf":{"@id":"https:\/\/eficasablanca.org\/#website"},"primaryImageOfPage":{"@id":"https:\/\/eficasablanca.org\/%f0%9d%90%8e%f0%9d%90%ab%f0%9d%90%a2%f0%9d%90%9e%f0%9d%90%a7%f0%9d%90%ad%f0%9d%90%9a%f0%9d%90%ad%f0%9d%90%a2%f0%9d%90%a8%f0%9d%90%a7-%f0%9d%90%a9%f0%9d%90%ab%f0%9d%90%9e%f0%9d%90%a9\/#primaryimage"},"image":{"@id":"https:\/\/eficasablanca.org\/%f0%9d%90%8e%f0%9d%90%ab%f0%9d%90%a2%f0%9d%90%9e%f0%9d%90%a7%f0%9d%90%ad%f0%9d%90%9a%f0%9d%90%ad%f0%9d%90%a2%f0%9d%90%a8%f0%9d%90%a7-%f0%9d%90%a9%f0%9d%90%ab%f0%9d%90%9e%f0%9d%90%a9\/#primaryimage"},"thumbnailUrl":"https:\/\/eficasablanca.org\/wp-content\/uploads\/2025\/06\/9.png","datePublished":"2025-06-03T09:55:17+00:00","dateModified":"2025-09-05T10:00:34+00:00","description":"Les \u00e9l\u00e8ves de la seconde \u00e0 la terminale de l'EFI Casablanca, ont b\u00e9n\u00e9fici\u00e9 d\u2019une journ\u00e9e enrichissante sur l\u2019orientation, anim\u00e9e par Alban FERRIEU,","breadcrumb":{"@id":"https:\/\/eficasablanca.org\/%f0%9d%90%8e%f0%9d%90%ab%f0%9d%90%a2%f0%9d%90%9e%f0%9d%90%a7%f0%9d%90%ad%f0%9d%90%9a%f0%9d%90%ad%f0%9d%90%a2%f0%9d%90%a8%f0%9d%90%a7-%f0%9d%90%a9%f0%9d%90%ab%f0%9d%90%9e%f0%9d%90%a9\/#breadcrumb"},"inLanguage":"en-US","potentialAction":[{"@type":"ReadAction","target":["https:\/\/eficasablanca.org\/%f0%9d%90%8e%f0%9d%90%ab%f0%9d%90%a2%f0%9d%90%9e%f0%9d%90%a7%f0%9d%90%ad%f0%9d%90%9a%f0%9d%90%ad%f0%9d%90%a2%f0%9d%90%a8%f0%9d%90%a7-%f0%9d%90%a9%f0%9d%90%ab%f0%9d%90%9e%f0%9d%90%a9\/"]}]},{"@type":"ImageObject","inLanguage":"en-US","@id":"https:\/\/eficasablanca.org\/%f0%9d%90%8e%f0%9d%90%ab%f0%9d%90%a2%f0%9d%90%9e%f0%9d%90%a7%f0%9d%90%ad%f0%9d%90%9a%f0%9d%90%ad%f0%9d%90%a2%f0%9d%90%a8%f0%9d%90%a7-%f0%9d%90%a9%f0%9d%90%ab%f0%9d%90%9e%f0%9d%90%a9\/#primaryimage","url":"https:\/\/eficasablanca.org\/wp-content\/uploads\/2025\/06\/9.png","contentUrl":"https:\/\/eficasablanca.org\/wp-content\/uploads\/2025\/06\/9.png","width":1080,"height":1080},{"@type":"BreadcrumbList","@id":"https:\/\/eficasablanca.org\/%f0%9d%90%8e%f0%9d%90%ab%f0%9d%90%a2%f0%9d%90%9e%f0%9d%90%a7%f0%9d%90%ad%f0%9d%90%9a%f0%9d%90%ad%f0%9d%90%a2%f0%9d%90%a8%f0%9d%90%a7-%f0%9d%90%a9%f0%9d%90%ab%f0%9d%90%9e%f0%9d%90%a9\/#breadcrumb","itemListElement":[{"@type":"ListItem","position":1,"name":"Accueil","item":"https:\/\/eficasablanca.org\/"},{"@type":"ListItem","position":2,"name":"Orientation &amp; pr\u00e9paration : une journ\u00e9e d\u00e9di\u00e9e avec Alban FERRIEU"}]},{"@type":"WebSite","@id":"https:\/\/eficasablanca.org\/#website","url":"https:\/\/eficasablanca.org\/","name":"Casablanca International French School","description":"L&#039;\u00c9cole Fran\u00e7aise Internationale","publisher":{"@id":"https:\/\/eficasablanca.org\/#organization"},"potentialAction":[{"@type":"SearchAction","target":{"@type":"EntryPoint","urlTemplate":"https:\/\/eficasablanca.org\/?s={search_term_string}"},"query-input":{"@type":"PropertyValueSpecification","valueRequired":true,"valueName":"search_term_string"}}],"inLanguage":"en-US"},{"@type":"Organization","@id":"https:\/\/eficasablanca.org\/#organization","name":"Ecole Fran\u00e7aise Internationale Casablanca","url":"https:\/\/eficasablanca.org\/","logo":{"@type":"ImageObject","inLanguage":"en-US","@id":"https:\/\/eficasablanca.org\/#\/schema\/logo\/image\/","url":"https:\/\/eficasablanca.org\/wp-content\/uploads\/2022\/12\/Logo-EFI-DEF-1-1-02-1.webp","contentUrl":"https:\/\/eficasablanca.org\/wp-content\/uploads\/2022\/12\/Logo-EFI-DEF-1-1-02-1.webp","width":644,"height":100,"caption":"Ecole Fran\u00e7aise Internationale Casablanca"},"image":{"@id":"https:\/\/eficasablanca.org\/#\/schema\/logo\/image\/"},"sameAs":["https:\/\/www.facebook.com\/EFICasablanca","https:\/\/www.instagram.com\/efi_casablanca\/?hl=fr","https:\/\/www.linkedin.com\/company\/efi-casablanca\/about\/?viewAsMember=true"]},{"@type":"Person","@id":"https:\/\/eficasablanca.org\/#\/schema\/person\/cd2435603ee779b3c83afe03afe2bf0e","name":"it","url":"https:\/\/eficasablanca.org\/en\/author\/it\/"}]}},"_links":{"self":[{"href":"https:\/\/eficasablanca.org\/en\/wp-json\/wp\/v2\/posts\/10177","targetHints":{"allow":["GET"]}}],"collection":[{"href":"https:\/\/eficasablanca.org\/en\/wp-json\/wp\/v2\/posts"}],"about":[{"href":"https:\/\/eficasablanca.org\/en\/wp-json\/wp\/v2\/types\/post"}],"author":[{"embeddable":true,"href":"https:\/\/eficasablanca.org\/en\/wp-json\/wp\/v2\/users\/3"}],"replies":[{"embeddable":true,"href":"https:\/\/eficasablanca.org\/en\/wp-json\/wp\/v2\/comments?post=10177"}],"version-history":[{"count":5,"href":"https:\/\/eficasablanca.org\/en\/wp-json\/wp\/v2\/posts\/10177\/revisions"}],"predecessor-version":[{"id":11234,"href":"https:\/\/eficasablanca.org\/en\/wp-json\/wp\/v2\/posts\/10177\/revisions\/11234"}],"wp:featuredmedia":[{"embeddable":true,"href":"https:\/\/eficasablanca.org\/en\/wp-json\/wp\/v2\/media\/10185"}],"wp:attachment":[{"href":"https:\/\/eficasablanca.org\/en\/wp-json\/wp\/v2\/media?parent=10177"}],"wp:term":[{"taxonomy":"category","embeddable":true,"href":"https:\/\/eficasablanca.org\/en\/wp-json\/wp\/v2\/categories?post=10177"},{"taxonomy":"post_tag","embeddable":true,"href":"https:\/\/eficasablanca.org\/en\/wp-json\/wp\/v2\/tags?post=10177"}],"curies":[{"name":"wp","href":"https:\/\/api.w.org\/{rel}","templated":true}]}}