{"id":12250,"date":"2025-11-13T16:26:14","date_gmt":"2025-11-13T15:26:14","guid":{"rendered":"https:\/\/eficasablanca.org\/?p=12250"},"modified":"2025-11-13T16:58:06","modified_gmt":"2025-11-13T15:58:06","slug":"formation-des-delegues","status":"publish","type":"post","link":"https:\/\/eficasablanca.org\/en\/formation-des-delegues\/","title":{"rendered":"Formation des d\u00e9l\u00e9gu\u00e9s"},"content":{"rendered":"<p>Le 12 novembre, les d\u00e9l\u00e9gu\u00e9s du coll\u00e8ge et du lyc\u00e9e ont particip\u00e9 \u00e0 une matin\u00e9e de formation consacr\u00e9e \u00e0 leur r\u00f4le et \u00e0 leurs missions : pr\u00e9sentation des diff\u00e9rentes instances, ateliers autour de la communication, de la gestion de projet et simulation d\u2019un conseil de classe. Une \u00e9tape importante dans la construction de leur citoyennet\u00e9 et de leur engagement au sein de la vie de l\u2019\u00e9tablissement. L\u2019EFI Casablanca remercie l\u2019\u00e9quipe de la Vie scolaire pour l\u2019organisation de ce temps de formation<strong>.<\/strong><\/p>\n\n\n\n<p>&#8212;<\/p>\n\n\n\n<p>On November 12, the middle and high school class representatives took part in a morning training session dedicated to their role and responsibilities: presentation of the different school bodies, workshops on communication, project management, and a simulation of a class council. An important step in building their sense of citizenship and engagement within school life. EFI Casablanca thanks the Student Life team for organizing this training session.<\/p>\n\n\n\n<figure class=\"wp-block-gallery has-nested-images columns-default is-cropped wp-block-gallery-1 is-layout-flex wp-block-gallery-is-layout-flex\">\n<figure class=\"wp-block-image size-large\"><img fetchpriority=\"high\" decoding=\"async\" width=\"1024\" height=\"1024\" data-id=\"12252\" src=\"https:\/\/eficasablanca.org\/wp-content\/uploads\/2025\/11\/1-1-1024x1024.png\" alt=\"\" class=\"wp-image-12252\" srcset=\"https:\/\/eficasablanca.org\/wp-content\/uploads\/2025\/11\/1-1-1024x1024.png 1024w, https:\/\/eficasablanca.org\/wp-content\/uploads\/2025\/11\/1-1-300x300.png 300w, https:\/\/eficasablanca.org\/wp-content\/uploads\/2025\/11\/1-1-150x150.png 150w, https:\/\/eficasablanca.org\/wp-content\/uploads\/2025\/11\/1-1-768x768.png 768w, https:\/\/eficasablanca.org\/wp-content\/uploads\/2025\/11\/1-1-12x12.png 12w, https:\/\/eficasablanca.org\/wp-content\/uploads\/2025\/11\/1-1.png 1080w\" sizes=\"(max-width: 1024px) 100vw, 1024px\" \/><\/figure>\n\n\n\n<figure class=\"wp-block-image size-large\"><img decoding=\"async\" width=\"1024\" height=\"1024\" data-id=\"12251\" src=\"https:\/\/eficasablanca.org\/wp-content\/uploads\/2025\/11\/2-1-1024x1024.png\" alt=\"\" class=\"wp-image-12251\" srcset=\"https:\/\/eficasablanca.org\/wp-content\/uploads\/2025\/11\/2-1-1024x1024.png 1024w, https:\/\/eficasablanca.org\/wp-content\/uploads\/2025\/11\/2-1-300x300.png 300w, https:\/\/eficasablanca.org\/wp-content\/uploads\/2025\/11\/2-1-150x150.png 150w, https:\/\/eficasablanca.org\/wp-content\/uploads\/2025\/11\/2-1-768x768.png 768w, https:\/\/eficasablanca.org\/wp-content\/uploads\/2025\/11\/2-1-12x12.png 12w, https:\/\/eficasablanca.org\/wp-content\/uploads\/2025\/11\/2-1.png 1080w\" sizes=\"(max-width: 1024px) 100vw, 1024px\" \/><\/figure>\n\n\n\n<figure class=\"wp-block-image size-large\"><img decoding=\"async\" width=\"1024\" height=\"1024\" data-id=\"12254\" src=\"https:\/\/eficasablanca.org\/wp-content\/uploads\/2025\/11\/3-1-1024x1024.png\" alt=\"\" class=\"wp-image-12254\" srcset=\"https:\/\/eficasablanca.org\/wp-content\/uploads\/2025\/11\/3-1-1024x1024.png 1024w, https:\/\/eficasablanca.org\/wp-content\/uploads\/2025\/11\/3-1-300x300.png 300w, https:\/\/eficasablanca.org\/wp-content\/uploads\/2025\/11\/3-1-150x150.png 150w, https:\/\/eficasablanca.org\/wp-content\/uploads\/2025\/11\/3-1-768x768.png 768w, https:\/\/eficasablanca.org\/wp-content\/uploads\/2025\/11\/3-1-12x12.png 12w, https:\/\/eficasablanca.org\/wp-content\/uploads\/2025\/11\/3-1.png 1080w\" sizes=\"(max-width: 1024px) 100vw, 1024px\" \/><\/figure>\n\n\n\n<figure class=\"wp-block-image size-large\"><img loading=\"lazy\" decoding=\"async\" width=\"1024\" height=\"1024\" data-id=\"12256\" src=\"https:\/\/eficasablanca.org\/wp-content\/uploads\/2025\/11\/4-1-1024x1024.png\" alt=\"\" class=\"wp-image-12256\" srcset=\"https:\/\/eficasablanca.org\/wp-content\/uploads\/2025\/11\/4-1-1024x1024.png 1024w, https:\/\/eficasablanca.org\/wp-content\/uploads\/2025\/11\/4-1-300x300.png 300w, https:\/\/eficasablanca.org\/wp-content\/uploads\/2025\/11\/4-1-150x150.png 150w, https:\/\/eficasablanca.org\/wp-content\/uploads\/2025\/11\/4-1-768x768.png 768w, https:\/\/eficasablanca.org\/wp-content\/uploads\/2025\/11\/4-1-12x12.png 12w, https:\/\/eficasablanca.org\/wp-content\/uploads\/2025\/11\/4-1.png 1080w\" sizes=\"(max-width: 1024px) 100vw, 1024px\" \/><\/figure>\n\n\n\n<figure class=\"wp-block-image size-large\"><img loading=\"lazy\" decoding=\"async\" width=\"1024\" height=\"1024\" data-id=\"12253\" src=\"https:\/\/eficasablanca.org\/wp-content\/uploads\/2025\/11\/5-1-1024x1024.png\" alt=\"\" class=\"wp-image-12253\" srcset=\"https:\/\/eficasablanca.org\/wp-content\/uploads\/2025\/11\/5-1-1024x1024.png 1024w, https:\/\/eficasablanca.org\/wp-content\/uploads\/2025\/11\/5-1-300x300.png 300w, https:\/\/eficasablanca.org\/wp-content\/uploads\/2025\/11\/5-1-150x150.png 150w, https:\/\/eficasablanca.org\/wp-content\/uploads\/2025\/11\/5-1-768x768.png 768w, https:\/\/eficasablanca.org\/wp-content\/uploads\/2025\/11\/5-1-12x12.png 12w, https:\/\/eficasablanca.org\/wp-content\/uploads\/2025\/11\/5-1.png 1080w\" sizes=\"(max-width: 1024px) 100vw, 1024px\" \/><\/figure>\n\n\n\n<figure class=\"wp-block-image size-large\"><img loading=\"lazy\" decoding=\"async\" width=\"1024\" height=\"1024\" data-id=\"12255\" src=\"https:\/\/eficasablanca.org\/wp-content\/uploads\/2025\/11\/6-1-1024x1024.png\" alt=\"\" class=\"wp-image-12255\" srcset=\"https:\/\/eficasablanca.org\/wp-content\/uploads\/2025\/11\/6-1-1024x1024.png 1024w, https:\/\/eficasablanca.org\/wp-content\/uploads\/2025\/11\/6-1-300x300.png 300w, https:\/\/eficasablanca.org\/wp-content\/uploads\/2025\/11\/6-1-150x150.png 150w, https:\/\/eficasablanca.org\/wp-content\/uploads\/2025\/11\/6-1-768x768.png 768w, https:\/\/eficasablanca.org\/wp-content\/uploads\/2025\/11\/6-1-12x12.png 12w, https:\/\/eficasablanca.org\/wp-content\/uploads\/2025\/11\/6-1.png 1080w\" sizes=\"(max-width: 1024px) 100vw, 1024px\" \/><\/figure>\n\n\n\n<figure class=\"wp-block-image size-large\"><img loading=\"lazy\" decoding=\"async\" width=\"1024\" height=\"1024\" data-id=\"12257\" src=\"https:\/\/eficasablanca.org\/wp-content\/uploads\/2025\/11\/7-1-1024x1024.png\" alt=\"\" class=\"wp-image-12257\" srcset=\"https:\/\/eficasablanca.org\/wp-content\/uploads\/2025\/11\/7-1-1024x1024.png 1024w, https:\/\/eficasablanca.org\/wp-content\/uploads\/2025\/11\/7-1-300x300.png 300w, https:\/\/eficasablanca.org\/wp-content\/uploads\/2025\/11\/7-1-150x150.png 150w, https:\/\/eficasablanca.org\/wp-content\/uploads\/2025\/11\/7-1-768x768.png 768w, https:\/\/eficasablanca.org\/wp-content\/uploads\/2025\/11\/7-1-12x12.png 12w, https:\/\/eficasablanca.org\/wp-content\/uploads\/2025\/11\/7-1.png 1080w\" sizes=\"(max-width: 1024px) 100vw, 1024px\" \/><\/figure>\n\n\n\n<figure class=\"wp-block-image size-large\"><img loading=\"lazy\" decoding=\"async\" width=\"1024\" height=\"1024\" data-id=\"12258\" src=\"https:\/\/eficasablanca.org\/wp-content\/uploads\/2025\/11\/8-1-1024x1024.png\" alt=\"\" class=\"wp-image-12258\" srcset=\"https:\/\/eficasablanca.org\/wp-content\/uploads\/2025\/11\/8-1-1024x1024.png 1024w, https:\/\/eficasablanca.org\/wp-content\/uploads\/2025\/11\/8-1-300x300.png 300w, https:\/\/eficasablanca.org\/wp-content\/uploads\/2025\/11\/8-1-150x150.png 150w, https:\/\/eficasablanca.org\/wp-content\/uploads\/2025\/11\/8-1-768x768.png 768w, https:\/\/eficasablanca.org\/wp-content\/uploads\/2025\/11\/8-1-12x12.png 12w, https:\/\/eficasablanca.org\/wp-content\/uploads\/2025\/11\/8-1.png 1080w\" sizes=\"(max-width: 1024px) 100vw, 1024px\" \/><\/figure>\n<\/figure>","protected":false},"excerpt":{"rendered":"<p>Le 12 novembre, les d\u00e9l\u00e9gu\u00e9s du coll\u00e8ge et du lyc\u00e9e ont particip\u00e9 \u00e0 une matin\u00e9e de formation consacr\u00e9e \u00e0 leur r\u00f4le et \u00e0 leurs missions : pr\u00e9sentation des diff\u00e9rentes instances, ateliers autour de la communication, de la gestion de projet et simulation d\u2019un conseil de classe. Une \u00e9tape importante dans la construction de leur citoyennet\u00e9 [&hellip;]<\/p>\n","protected":false},"author":3,"featured_media":12262,"comment_status":"closed","ping_status":"open","sticky":false,"template":"","format":"standard","meta":{"_acf_changed":false,"footnotes":""},"categories":[21],"tags":[],"class_list":["post-12250","post","type-post","status-publish","format-standard","has-post-thumbnail","hentry","category-actualites"],"acf":[],"yoast_head":"<!-- This site is optimized with the Yoast SEO plugin v27.1.1 - https:\/\/yoast.com\/product\/yoast-seo-wordpress\/ -->\n<title>Formation des d\u00e9l\u00e9gu\u00e9s - \u00c9cole Fran\u00e7aise Internationale de Casablanca<\/title>\n<meta name=\"description\" content=\"Le 12 novembre, les d\u00e9l\u00e9gu\u00e9s du coll\u00e8ge et du lyc\u00e9e ont particip\u00e9 \u00e0 une matin\u00e9e de formation consacr\u00e9e \u00e0 leur r\u00f4le et \u00e0 leurs missions : pr\u00e9sentation des\" \/>\n<meta name=\"robots\" content=\"index, follow, max-snippet:-1, max-image-preview:large, max-video-preview:-1\" \/>\n<link rel=\"canonical\" href=\"https:\/\/eficasablanca.org\/en\/formation-des-delegues\/\" \/>\n<meta property=\"og:locale\" content=\"en_US\" \/>\n<meta property=\"og:type\" content=\"article\" \/>\n<meta property=\"og:title\" content=\"Formation des d\u00e9l\u00e9gu\u00e9s - \u00c9cole Fran\u00e7aise Internationale de Casablanca\" \/>\n<meta property=\"og:description\" content=\"Le 12 novembre, les d\u00e9l\u00e9gu\u00e9s du coll\u00e8ge et du lyc\u00e9e ont particip\u00e9 \u00e0 une matin\u00e9e de formation consacr\u00e9e \u00e0 leur r\u00f4le et \u00e0 leurs missions : pr\u00e9sentation des\" \/>\n<meta property=\"og:url\" content=\"https:\/\/eficasablanca.org\/en\/formation-des-delegues\/\" \/>\n<meta property=\"og:site_name\" content=\"\u00c9cole Fran\u00e7aise Internationale de Casablanca\" \/>\n<meta property=\"article:publisher\" content=\"https:\/\/www.facebook.com\/EFICasablanca\" \/>\n<meta property=\"article:published_time\" content=\"2025-11-13T15:26:14+00:00\" \/>\n<meta property=\"article:modified_time\" content=\"2025-11-13T15:58:06+00:00\" \/>\n<meta property=\"og:image\" content=\"https:\/\/eficasablanca.org\/wp-content\/uploads\/2025\/11\/Design-sans-titre-20.png\" \/>\n\t<meta property=\"og:image:width\" content=\"868\" \/>\n\t<meta property=\"og:image:height\" content=\"380\" \/>\n\t<meta property=\"og:image:type\" content=\"image\/png\" \/>\n<meta name=\"author\" content=\"it\" \/>\n<meta name=\"twitter:card\" content=\"summary_large_image\" \/>\n<meta name=\"twitter:label1\" content=\"Written by\" \/>\n\t<meta name=\"twitter:data1\" content=\"it\" \/>\n\t<meta name=\"twitter:label2\" content=\"Est. reading time\" \/>\n\t<meta name=\"twitter:data2\" content=\"3 minutes\" \/>\n<script type=\"application\/ld+json\" class=\"yoast-schema-graph\">{\"@context\":\"https:\/\/schema.org\",\"@graph\":[{\"@type\":\"Article\",\"@id\":\"https:\/\/eficasablanca.org\/formation-des-delegues\/#article\",\"isPartOf\":{\"@id\":\"https:\/\/eficasablanca.org\/formation-des-delegues\/\"},\"author\":{\"name\":\"it\",\"@id\":\"https:\/\/eficasablanca.org\/#\/schema\/person\/cd2435603ee779b3c83afe03afe2bf0e\"},\"headline\":\"Formation des d\u00e9l\u00e9gu\u00e9s\",\"datePublished\":\"2025-11-13T15:26:14+00:00\",\"dateModified\":\"2025-11-13T15:58:06+00:00\",\"mainEntityOfPage\":{\"@id\":\"https:\/\/eficasablanca.org\/formation-des-delegues\/\"},\"wordCount\":164,\"publisher\":{\"@id\":\"https:\/\/eficasablanca.org\/#organization\"},\"image\":{\"@id\":\"https:\/\/eficasablanca.org\/formation-des-delegues\/#primaryimage\"},\"thumbnailUrl\":\"https:\/\/eficasablanca.org\/wp-content\/uploads\/2025\/11\/Design-sans-titre-20.png\",\"articleSection\":[\"Actualit\u00e9s\"],\"inLanguage\":\"en-US\"},{\"@type\":\"WebPage\",\"@id\":\"https:\/\/eficasablanca.org\/formation-des-delegues\/\",\"url\":\"https:\/\/eficasablanca.org\/formation-des-delegues\/\",\"name\":\"Formation des d\u00e9l\u00e9gu\u00e9s - \u00c9cole Fran\u00e7aise Internationale de Casablanca\",\"isPartOf\":{\"@id\":\"https:\/\/eficasablanca.org\/#website\"},\"primaryImageOfPage\":{\"@id\":\"https:\/\/eficasablanca.org\/formation-des-delegues\/#primaryimage\"},\"image\":{\"@id\":\"https:\/\/eficasablanca.org\/formation-des-delegues\/#primaryimage\"},\"thumbnailUrl\":\"https:\/\/eficasablanca.org\/wp-content\/uploads\/2025\/11\/Design-sans-titre-20.png\",\"datePublished\":\"2025-11-13T15:26:14+00:00\",\"dateModified\":\"2025-11-13T15:58:06+00:00\",\"description\":\"Le 12 novembre, les d\u00e9l\u00e9gu\u00e9s du coll\u00e8ge et du lyc\u00e9e ont particip\u00e9 \u00e0 une matin\u00e9e de formation consacr\u00e9e \u00e0 leur r\u00f4le et \u00e0 leurs missions : pr\u00e9sentation des\",\"breadcrumb\":{\"@id\":\"https:\/\/eficasablanca.org\/formation-des-delegues\/#breadcrumb\"},\"inLanguage\":\"en-US\",\"potentialAction\":[{\"@type\":\"ReadAction\",\"target\":[\"https:\/\/eficasablanca.org\/formation-des-delegues\/\"]}]},{\"@type\":\"ImageObject\",\"inLanguage\":\"en-US\",\"@id\":\"https:\/\/eficasablanca.org\/formation-des-delegues\/#primaryimage\",\"url\":\"https:\/\/eficasablanca.org\/wp-content\/uploads\/2025\/11\/Design-sans-titre-20.png\",\"contentUrl\":\"https:\/\/eficasablanca.org\/wp-content\/uploads\/2025\/11\/Design-sans-titre-20.png\",\"width\":868,\"height\":380},{\"@type\":\"BreadcrumbList\",\"@id\":\"https:\/\/eficasablanca.org\/formation-des-delegues\/#breadcrumb\",\"itemListElement\":[{\"@type\":\"ListItem\",\"position\":1,\"name\":\"Accueil\",\"item\":\"https:\/\/eficasablanca.org\/\"},{\"@type\":\"ListItem\",\"position\":2,\"name\":\"Formation des d\u00e9l\u00e9gu\u00e9s\"}]},{\"@type\":\"WebSite\",\"@id\":\"https:\/\/eficasablanca.org\/#website\",\"url\":\"https:\/\/eficasablanca.org\/\",\"name\":\"\u00c9cole Fran\u00e7aise Internationale de Casablanca\",\"description\":\"L&#039;\u00c9cole Fran\u00e7aise Internationale\",\"publisher\":{\"@id\":\"https:\/\/eficasablanca.org\/#organization\"},\"potentialAction\":[{\"@type\":\"SearchAction\",\"target\":{\"@type\":\"EntryPoint\",\"urlTemplate\":\"https:\/\/eficasablanca.org\/?s={search_term_string}\"},\"query-input\":{\"@type\":\"PropertyValueSpecification\",\"valueRequired\":true,\"valueName\":\"search_term_string\"}}],\"inLanguage\":\"en-US\"},{\"@type\":\"Organization\",\"@id\":\"https:\/\/eficasablanca.org\/#organization\",\"name\":\"Ecole Fran\u00e7aise Internationale Casablanca\",\"url\":\"https:\/\/eficasablanca.org\/\",\"logo\":{\"@type\":\"ImageObject\",\"inLanguage\":\"en-US\",\"@id\":\"https:\/\/eficasablanca.org\/#\/schema\/logo\/image\/\",\"url\":\"https:\/\/eficasablanca.org\/wp-content\/uploads\/2022\/12\/Logo-EFI-DEF-1-1-02-1.webp\",\"contentUrl\":\"https:\/\/eficasablanca.org\/wp-content\/uploads\/2022\/12\/Logo-EFI-DEF-1-1-02-1.webp\",\"width\":644,\"height\":100,\"caption\":\"Ecole Fran\u00e7aise Internationale Casablanca\"},\"image\":{\"@id\":\"https:\/\/eficasablanca.org\/#\/schema\/logo\/image\/\"},\"sameAs\":[\"https:\/\/www.facebook.com\/EFICasablanca\",\"https:\/\/www.instagram.com\/efi_casablanca\/?hl=fr\",\"https:\/\/www.linkedin.com\/company\/efi-casablanca\/about\/?viewAsMember=true\"]},{\"@type\":\"Person\",\"@id\":\"https:\/\/eficasablanca.org\/#\/schema\/person\/cd2435603ee779b3c83afe03afe2bf0e\",\"name\":\"it\",\"url\":\"https:\/\/eficasablanca.org\/en\/author\/it\/\"}]}<\/script>\n<!-- \/ Yoast SEO plugin. -->","yoast_head_json":{"title":"Formation des d\u00e9l\u00e9gu\u00e9s - \u00c9cole Fran\u00e7aise Internationale de Casablanca","description":"Le 12 novembre, les d\u00e9l\u00e9gu\u00e9s du coll\u00e8ge et du lyc\u00e9e ont particip\u00e9 \u00e0 une matin\u00e9e de formation consacr\u00e9e \u00e0 leur r\u00f4le et \u00e0 leurs missions : pr\u00e9sentation des","robots":{"index":"index","follow":"follow","max-snippet":"max-snippet:-1","max-image-preview":"max-image-preview:large","max-video-preview":"max-video-preview:-1"},"canonical":"https:\/\/eficasablanca.org\/en\/formation-des-delegues\/","og_locale":"en_US","og_type":"article","og_title":"Formation des d\u00e9l\u00e9gu\u00e9s - \u00c9cole Fran\u00e7aise Internationale de Casablanca","og_description":"Le 12 novembre, les d\u00e9l\u00e9gu\u00e9s du coll\u00e8ge et du lyc\u00e9e ont particip\u00e9 \u00e0 une matin\u00e9e de formation consacr\u00e9e \u00e0 leur r\u00f4le et \u00e0 leurs missions : pr\u00e9sentation des","og_url":"https:\/\/eficasablanca.org\/en\/formation-des-delegues\/","og_site_name":"\u00c9cole Fran\u00e7aise Internationale de Casablanca","article_publisher":"https:\/\/www.facebook.com\/EFICasablanca","article_published_time":"2025-11-13T15:26:14+00:00","article_modified_time":"2025-11-13T15:58:06+00:00","og_image":[{"width":868,"height":380,"url":"https:\/\/eficasablanca.org\/wp-content\/uploads\/2025\/11\/Design-sans-titre-20.png","type":"image\/png"}],"author":"it","twitter_card":"summary_large_image","twitter_misc":{"Written by":"it","Est. reading time":"3 minutes"},"schema":{"@context":"https:\/\/schema.org","@graph":[{"@type":"Article","@id":"https:\/\/eficasablanca.org\/formation-des-delegues\/#article","isPartOf":{"@id":"https:\/\/eficasablanca.org\/formation-des-delegues\/"},"author":{"name":"it","@id":"https:\/\/eficasablanca.org\/#\/schema\/person\/cd2435603ee779b3c83afe03afe2bf0e"},"headline":"Formation des d\u00e9l\u00e9gu\u00e9s","datePublished":"2025-11-13T15:26:14+00:00","dateModified":"2025-11-13T15:58:06+00:00","mainEntityOfPage":{"@id":"https:\/\/eficasablanca.org\/formation-des-delegues\/"},"wordCount":164,"publisher":{"@id":"https:\/\/eficasablanca.org\/#organization"},"image":{"@id":"https:\/\/eficasablanca.org\/formation-des-delegues\/#primaryimage"},"thumbnailUrl":"https:\/\/eficasablanca.org\/wp-content\/uploads\/2025\/11\/Design-sans-titre-20.png","articleSection":["Actualit\u00e9s"],"inLanguage":"en-US"},{"@type":"WebPage","@id":"https:\/\/eficasablanca.org\/formation-des-delegues\/","url":"https:\/\/eficasablanca.org\/formation-des-delegues\/","name":"Formation des d\u00e9l\u00e9gu\u00e9s - \u00c9cole Fran\u00e7aise Internationale de Casablanca","isPartOf":{"@id":"https:\/\/eficasablanca.org\/#website"},"primaryImageOfPage":{"@id":"https:\/\/eficasablanca.org\/formation-des-delegues\/#primaryimage"},"image":{"@id":"https:\/\/eficasablanca.org\/formation-des-delegues\/#primaryimage"},"thumbnailUrl":"https:\/\/eficasablanca.org\/wp-content\/uploads\/2025\/11\/Design-sans-titre-20.png","datePublished":"2025-11-13T15:26:14+00:00","dateModified":"2025-11-13T15:58:06+00:00","description":"Le 12 novembre, les d\u00e9l\u00e9gu\u00e9s du coll\u00e8ge et du lyc\u00e9e ont particip\u00e9 \u00e0 une matin\u00e9e de formation consacr\u00e9e \u00e0 leur r\u00f4le et \u00e0 leurs missions : pr\u00e9sentation des","breadcrumb":{"@id":"https:\/\/eficasablanca.org\/formation-des-delegues\/#breadcrumb"},"inLanguage":"en-US","potentialAction":[{"@type":"ReadAction","target":["https:\/\/eficasablanca.org\/formation-des-delegues\/"]}]},{"@type":"ImageObject","inLanguage":"en-US","@id":"https:\/\/eficasablanca.org\/formation-des-delegues\/#primaryimage","url":"https:\/\/eficasablanca.org\/wp-content\/uploads\/2025\/11\/Design-sans-titre-20.png","contentUrl":"https:\/\/eficasablanca.org\/wp-content\/uploads\/2025\/11\/Design-sans-titre-20.png","width":868,"height":380},{"@type":"BreadcrumbList","@id":"https:\/\/eficasablanca.org\/formation-des-delegues\/#breadcrumb","itemListElement":[{"@type":"ListItem","position":1,"name":"Accueil","item":"https:\/\/eficasablanca.org\/"},{"@type":"ListItem","position":2,"name":"Formation des d\u00e9l\u00e9gu\u00e9s"}]},{"@type":"WebSite","@id":"https:\/\/eficasablanca.org\/#website","url":"https:\/\/eficasablanca.org\/","name":"Casablanca International French School","description":"L&#039;\u00c9cole Fran\u00e7aise Internationale","publisher":{"@id":"https:\/\/eficasablanca.org\/#organization"},"potentialAction":[{"@type":"SearchAction","target":{"@type":"EntryPoint","urlTemplate":"https:\/\/eficasablanca.org\/?s={search_term_string}"},"query-input":{"@type":"PropertyValueSpecification","valueRequired":true,"valueName":"search_term_string"}}],"inLanguage":"en-US"},{"@type":"Organization","@id":"https:\/\/eficasablanca.org\/#organization","name":"Ecole Fran\u00e7aise Internationale Casablanca","url":"https:\/\/eficasablanca.org\/","logo":{"@type":"ImageObject","inLanguage":"en-US","@id":"https:\/\/eficasablanca.org\/#\/schema\/logo\/image\/","url":"https:\/\/eficasablanca.org\/wp-content\/uploads\/2022\/12\/Logo-EFI-DEF-1-1-02-1.webp","contentUrl":"https:\/\/eficasablanca.org\/wp-content\/uploads\/2022\/12\/Logo-EFI-DEF-1-1-02-1.webp","width":644,"height":100,"caption":"Ecole Fran\u00e7aise Internationale Casablanca"},"image":{"@id":"https:\/\/eficasablanca.org\/#\/schema\/logo\/image\/"},"sameAs":["https:\/\/www.facebook.com\/EFICasablanca","https:\/\/www.instagram.com\/efi_casablanca\/?hl=fr","https:\/\/www.linkedin.com\/company\/efi-casablanca\/about\/?viewAsMember=true"]},{"@type":"Person","@id":"https:\/\/eficasablanca.org\/#\/schema\/person\/cd2435603ee779b3c83afe03afe2bf0e","name":"it","url":"https:\/\/eficasablanca.org\/en\/author\/it\/"}]}},"_links":{"self":[{"href":"https:\/\/eficasablanca.org\/en\/wp-json\/wp\/v2\/posts\/12250","targetHints":{"allow":["GET"]}}],"collection":[{"href":"https:\/\/eficasablanca.org\/en\/wp-json\/wp\/v2\/posts"}],"about":[{"href":"https:\/\/eficasablanca.org\/en\/wp-json\/wp\/v2\/types\/post"}],"author":[{"embeddable":true,"href":"https:\/\/eficasablanca.org\/en\/wp-json\/wp\/v2\/users\/3"}],"replies":[{"embeddable":true,"href":"https:\/\/eficasablanca.org\/en\/wp-json\/wp\/v2\/comments?post=12250"}],"version-history":[{"count":1,"href":"https:\/\/eficasablanca.org\/en\/wp-json\/wp\/v2\/posts\/12250\/revisions"}],"predecessor-version":[{"id":12260,"href":"https:\/\/eficasablanca.org\/en\/wp-json\/wp\/v2\/posts\/12250\/revisions\/12260"}],"wp:featuredmedia":[{"embeddable":true,"href":"https:\/\/eficasablanca.org\/en\/wp-json\/wp\/v2\/media\/12262"}],"wp:attachment":[{"href":"https:\/\/eficasablanca.org\/en\/wp-json\/wp\/v2\/media?parent=12250"}],"wp:term":[{"taxonomy":"category","embeddable":true,"href":"https:\/\/eficasablanca.org\/en\/wp-json\/wp\/v2\/categories?post=12250"},{"taxonomy":"post_tag","embeddable":true,"href":"https:\/\/eficasablanca.org\/en\/wp-json\/wp\/v2\/tags?post=12250"}],"curies":[{"name":"wp","href":"https:\/\/api.w.org\/{rel}","templated":true}]}}