{"id":12467,"date":"2025-12-05T12:31:03","date_gmt":"2025-12-05T11:31:03","guid":{"rendered":"https:\/\/eficasablanca.org\/?p=12467"},"modified":"2025-12-19T11:35:00","modified_gmt":"2025-12-19T10:35:00","slug":"concours-de-poesie-un-moment-deloquence-et-de-culture","status":"publish","type":"post","link":"https:\/\/eficasablanca.org\/en\/concours-de-poesie-un-moment-deloquence-et-de-culture\/","title":{"rendered":"Concours de Po\u00e9sie, un moment d\u2019\u00e9loquence et de culture"},"content":{"rendered":"<p>Dans le cadre de la <strong>Semaine de la langue arabe<\/strong>, nos \u00e9l\u00e8ves de CM1 et CM2 ont particip\u00e9 \u00e0 un <strong>concours de po\u00e9sie<\/strong>, l\u2019occasion pour eux de travailler l\u2019expression orale, la diction et la sensibilit\u00e9 litt\u00e9raire \u00e0 travers la d\u00e9clamation de textes de grands auteurs arabes.<\/p>\n\n\n\n<p><strong>F\u00e9licitations \u00e0 l\u2019ensemble des participants<\/strong> pour la qualit\u00e9 de leurs prestations, et <strong>bravo tout particuli\u00e8rement \u00e0<\/strong> <strong>Talia Masoud, Wissam Ait Azizou, Souleyman El Azhar, Yasmine Iraqui, Yasmine Mossammim et Lina Bensaada<\/strong>, qui se sont distingu\u00e9s en remportant la premi\u00e8re place.<\/p>\n\n\n\n<p>L\u2019EFI Casablanca adresse ses <strong>remerciements \u00e0 l\u2019\u00e9quipe enseignante<\/strong> pour son engagement, son accompagnement et la passion transmise aux \u00e9l\u00e8ves tout au long de ce projet.<\/p>\n\n\n\n<hr class=\"wp-block-separator has-alpha-channel-opacity\"\/>\n\n\n\n<p><strong>\u0645\u0633\u0627\u0628\u0642\u0629 \u0627\u0644\u0634\u0639\u0631, \u0644\u062d\u0638\u0629 \u062a\u0623\u0644\u0642 \u0648\u0641\u0635\u0627\u062d\u0629<\/strong><\/p>\n\n\n\n<p>\u0641\u064a \u0625\u0637\u0627\u0631 <strong>\u0623\u0633\u0628\u0648\u0639 \u0627\u0644\u0644\u063a\u0629 \u0627\u0644\u0639\u0631\u0628\u064a\u0629<\/strong>, \u0634\u0627\u0631\u0643 \u062a\u0644\u0627\u0645\u064a\u0630 \u0627\u0644\u0635\u0641 \u0627\u0644\u062e\u0627\u0645\u0633 \u0648\u0627\u0644\u0633\u0627\u062f\u0633 \u0641\u064a <strong>\u0645\u0633\u0627\u0628\u0642\u0629 \u0644\u0644\u0634\u0639\u0631<\/strong>, \u062d\u064a\u062b \u0643\u0627\u0646\u062a \u0644\u0647\u0645 \u0641\u0631\u0635\u0629 \u0645\u0645\u064a\u0632\u0629 \u0644\u0644\u0639\u0645\u0644 \u0639\u0644\u0649 \u0645\u0647\u0627\u0631\u0627\u062a \u0627\u0644\u0625\u0644\u0642\u0627\u0621 \u0648\u0627\u0644\u062a\u0639\u0628\u064a\u0631 \u0627\u0644\u0634\u0641\u0647\u064a \u0645\u0646 \u062e\u0644\u0627\u0644 \u0625\u0644\u0642\u0627\u0621 \u0642\u0635\u0627\u0626\u062f \u0644\u0643\u0628\u0627\u0631 \u0627\u0644\u0623\u062f\u0628\u0627\u0621 \u0648\u0627\u0644\u0634\u0639\u0631\u0627\u0621 \u0627\u0644\u0639\u0631\u0628.<\/p>\n\n\n\n<p><strong>\u0646\u0647\u0646\u0626 \u062c\u0645\u064a\u0639 \u0627\u0644\u0645\u0634\u0627\u0631\u0643\u064a\u0646<\/strong> \u0639\u0644\u0649 \u062c\u0648\u062f\u0629 \u0623\u062f\u0627\u0626\u0647\u0645, \u0648\u0646\u062a\u0648\u062c\u0647 <strong>\u0628\u062a\u0647\u0646\u0626\u0629 \u062e\u0627\u0635\u0629 \u0625\u0644\u0649<\/strong><br><strong>\u062a\u0627\u0644\u064a\u0627 \u0645\u0633\u0639\u0648\u062f, \u0648\u0633\u0627\u0645 \u0622\u064a\u062a \u0639\u0632\u064a\u0632\u0648, \u0633\u0644\u064a\u0645\u0627\u0646 \u0627\u0644\u0623\u0632\u0647\u0631, \u064a\u0627\u0633\u0645\u064a\u0646 \u0627\u0644\u0639\u0631\u0627\u0642\u064a, \u064a\u0627\u0633\u0645\u064a\u0646 \u0645\u0635\u0645\u0645\u064a\u0645 \u0648\u0644\u064a\u0646\u0627 \u0628\u0646\u0633\u0639\u0627\u062f\u0629<\/strong>, \u0644\u0641\u0648\u0632\u0647\u0645 \u0628\u0627\u0644\u0645\u0631\u0643\u0632 \u0627\u0644\u0623\u0648\u0644 \u0641\u064a \u0647\u0630\u0647 \u0627\u0644\u0645\u0633\u0627\u0628\u0642\u0629.<\/p>\n\n\n\n<p>\u0648\u062a\u062a\u0642\u062f\u0645 EFI Casablanca <strong>\u0628\u062c\u0632\u064a\u0644 \u0627\u0644\u0634\u0643\u0631 \u0644\u0641\u0631\u064a\u0642 \u0627\u0644\u062a\u062f\u0631\u064a\u0633<\/strong> \u0639\u0644\u0649 \u062c\u0647\u0648\u062f\u0647 \u0648\u0645\u0648\u0627\u0643\u0628\u062a\u0647 \u0648\u062a\u0641\u0627\u0646\u064a\u0647 \u0641\u064a \u0645\u0631\u0627\u0641\u0642\u0629 \u0627\u0644\u062a\u0644\u0627\u0645\u064a\u0630 \u062e\u0644\u0627\u0644 \u0647\u0630\u0627 \u0627\u0644\u0645\u0634\u0631\u0648\u0639 \u0627\u0644\u062b\u0642\u0627\u0641\u064a \u0627\u0644\u0645\u062a\u0645\u064a\u0632.<\/p>\n\n\n\n<figure class=\"wp-block-gallery has-nested-images columns-default is-cropped wp-block-gallery-1 is-layout-flex wp-block-gallery-is-layout-flex\">\n<figure class=\"wp-block-image size-large\"><img fetchpriority=\"high\" decoding=\"async\" width=\"819\" height=\"1024\" data-id=\"12468\" src=\"https:\/\/eficasablanca.org\/wp-content\/uploads\/2025\/12\/1-1-819x1024.png\" alt=\"\" class=\"wp-image-12468\" srcset=\"https:\/\/eficasablanca.org\/wp-content\/uploads\/2025\/12\/1-1-819x1024.png 819w, https:\/\/eficasablanca.org\/wp-content\/uploads\/2025\/12\/1-1-240x300.png 240w, https:\/\/eficasablanca.org\/wp-content\/uploads\/2025\/12\/1-1-768x960.png 768w, https:\/\/eficasablanca.org\/wp-content\/uploads\/2025\/12\/1-1-10x12.png 10w, https:\/\/eficasablanca.org\/wp-content\/uploads\/2025\/12\/1-1.png 1080w\" sizes=\"(max-width: 819px) 100vw, 819px\" \/><\/figure>\n\n\n\n<figure class=\"wp-block-image size-large\"><img decoding=\"async\" width=\"819\" height=\"1024\" data-id=\"12470\" src=\"https:\/\/eficasablanca.org\/wp-content\/uploads\/2025\/12\/2-1-819x1024.png\" alt=\"\" class=\"wp-image-12470\" srcset=\"https:\/\/eficasablanca.org\/wp-content\/uploads\/2025\/12\/2-1-819x1024.png 819w, https:\/\/eficasablanca.org\/wp-content\/uploads\/2025\/12\/2-1-240x300.png 240w, https:\/\/eficasablanca.org\/wp-content\/uploads\/2025\/12\/2-1-768x960.png 768w, https:\/\/eficasablanca.org\/wp-content\/uploads\/2025\/12\/2-1-10x12.png 10w, https:\/\/eficasablanca.org\/wp-content\/uploads\/2025\/12\/2-1.png 1080w\" sizes=\"(max-width: 819px) 100vw, 819px\" \/><\/figure>\n\n\n\n<figure class=\"wp-block-image size-large\"><img decoding=\"async\" width=\"819\" height=\"1024\" data-id=\"12473\" src=\"https:\/\/eficasablanca.org\/wp-content\/uploads\/2025\/12\/3-1-819x1024.png\" alt=\"\" class=\"wp-image-12473\" srcset=\"https:\/\/eficasablanca.org\/wp-content\/uploads\/2025\/12\/3-1-819x1024.png 819w, https:\/\/eficasablanca.org\/wp-content\/uploads\/2025\/12\/3-1-240x300.png 240w, https:\/\/eficasablanca.org\/wp-content\/uploads\/2025\/12\/3-1-768x960.png 768w, https:\/\/eficasablanca.org\/wp-content\/uploads\/2025\/12\/3-1-10x12.png 10w, https:\/\/eficasablanca.org\/wp-content\/uploads\/2025\/12\/3-1.png 1080w\" sizes=\"(max-width: 819px) 100vw, 819px\" \/><\/figure>\n\n\n\n<figure class=\"wp-block-image size-large\"><img loading=\"lazy\" decoding=\"async\" width=\"819\" height=\"1024\" data-id=\"12469\" src=\"https:\/\/eficasablanca.org\/wp-content\/uploads\/2025\/12\/4-1-819x1024.png\" alt=\"\" class=\"wp-image-12469\" srcset=\"https:\/\/eficasablanca.org\/wp-content\/uploads\/2025\/12\/4-1-819x1024.png 819w, https:\/\/eficasablanca.org\/wp-content\/uploads\/2025\/12\/4-1-240x300.png 240w, https:\/\/eficasablanca.org\/wp-content\/uploads\/2025\/12\/4-1-768x960.png 768w, https:\/\/eficasablanca.org\/wp-content\/uploads\/2025\/12\/4-1-10x12.png 10w, https:\/\/eficasablanca.org\/wp-content\/uploads\/2025\/12\/4-1.png 1080w\" sizes=\"(max-width: 819px) 100vw, 819px\" \/><\/figure>\n\n\n\n<figure class=\"wp-block-image size-large\"><img loading=\"lazy\" decoding=\"async\" width=\"819\" height=\"1024\" data-id=\"12474\" src=\"https:\/\/eficasablanca.org\/wp-content\/uploads\/2025\/12\/5-1-819x1024.png\" alt=\"\" class=\"wp-image-12474\" srcset=\"https:\/\/eficasablanca.org\/wp-content\/uploads\/2025\/12\/5-1-819x1024.png 819w, https:\/\/eficasablanca.org\/wp-content\/uploads\/2025\/12\/5-1-240x300.png 240w, https:\/\/eficasablanca.org\/wp-content\/uploads\/2025\/12\/5-1-768x960.png 768w, https:\/\/eficasablanca.org\/wp-content\/uploads\/2025\/12\/5-1-10x12.png 10w, https:\/\/eficasablanca.org\/wp-content\/uploads\/2025\/12\/5-1.png 1080w\" sizes=\"(max-width: 819px) 100vw, 819px\" \/><\/figure>\n\n\n\n<figure class=\"wp-block-image size-large\"><img loading=\"lazy\" decoding=\"async\" width=\"819\" height=\"1024\" data-id=\"12476\" src=\"https:\/\/eficasablanca.org\/wp-content\/uploads\/2025\/12\/6-1-819x1024.png\" alt=\"\" class=\"wp-image-12476\" srcset=\"https:\/\/eficasablanca.org\/wp-content\/uploads\/2025\/12\/6-1-819x1024.png 819w, https:\/\/eficasablanca.org\/wp-content\/uploads\/2025\/12\/6-1-240x300.png 240w, https:\/\/eficasablanca.org\/wp-content\/uploads\/2025\/12\/6-1-768x960.png 768w, https:\/\/eficasablanca.org\/wp-content\/uploads\/2025\/12\/6-1-10x12.png 10w, https:\/\/eficasablanca.org\/wp-content\/uploads\/2025\/12\/6-1.png 1080w\" sizes=\"(max-width: 819px) 100vw, 819px\" \/><\/figure>\n\n\n\n<figure class=\"wp-block-image size-large\"><img loading=\"lazy\" decoding=\"async\" width=\"819\" height=\"1024\" data-id=\"12472\" src=\"https:\/\/eficasablanca.org\/wp-content\/uploads\/2025\/12\/7-1-819x1024.png\" alt=\"\" class=\"wp-image-12472\" srcset=\"https:\/\/eficasablanca.org\/wp-content\/uploads\/2025\/12\/7-1-819x1024.png 819w, https:\/\/eficasablanca.org\/wp-content\/uploads\/2025\/12\/7-1-240x300.png 240w, https:\/\/eficasablanca.org\/wp-content\/uploads\/2025\/12\/7-1-768x960.png 768w, https:\/\/eficasablanca.org\/wp-content\/uploads\/2025\/12\/7-1-10x12.png 10w, https:\/\/eficasablanca.org\/wp-content\/uploads\/2025\/12\/7-1.png 1080w\" sizes=\"(max-width: 819px) 100vw, 819px\" \/><\/figure>\n\n\n\n<figure class=\"wp-block-image size-large\"><img loading=\"lazy\" decoding=\"async\" width=\"819\" height=\"1024\" data-id=\"12475\" src=\"https:\/\/eficasablanca.org\/wp-content\/uploads\/2025\/12\/8-1-819x1024.png\" alt=\"\" class=\"wp-image-12475\" srcset=\"https:\/\/eficasablanca.org\/wp-content\/uploads\/2025\/12\/8-1-819x1024.png 819w, https:\/\/eficasablanca.org\/wp-content\/uploads\/2025\/12\/8-1-240x300.png 240w, https:\/\/eficasablanca.org\/wp-content\/uploads\/2025\/12\/8-1-768x960.png 768w, https:\/\/eficasablanca.org\/wp-content\/uploads\/2025\/12\/8-1-10x12.png 10w, https:\/\/eficasablanca.org\/wp-content\/uploads\/2025\/12\/8-1.png 1080w\" sizes=\"(max-width: 819px) 100vw, 819px\" \/><\/figure>\n\n\n\n<figure class=\"wp-block-image size-large\"><img loading=\"lazy\" decoding=\"async\" width=\"819\" height=\"1024\" data-id=\"12471\" src=\"https:\/\/eficasablanca.org\/wp-content\/uploads\/2025\/12\/9-1-819x1024.png\" alt=\"\" class=\"wp-image-12471\" srcset=\"https:\/\/eficasablanca.org\/wp-content\/uploads\/2025\/12\/9-1-819x1024.png 819w, https:\/\/eficasablanca.org\/wp-content\/uploads\/2025\/12\/9-1-240x300.png 240w, https:\/\/eficasablanca.org\/wp-content\/uploads\/2025\/12\/9-1-768x960.png 768w, https:\/\/eficasablanca.org\/wp-content\/uploads\/2025\/12\/9-1-10x12.png 10w, https:\/\/eficasablanca.org\/wp-content\/uploads\/2025\/12\/9-1.png 1080w\" sizes=\"(max-width: 819px) 100vw, 819px\" \/><\/figure>\n<\/figure>","protected":false},"excerpt":{"rendered":"<p>Dans le cadre de la Semaine de la langue arabe, nos \u00e9l\u00e8ves de CM1 et CM2 ont particip\u00e9 \u00e0 un concours de po\u00e9sie, l\u2019occasion pour eux de travailler l\u2019expression orale, la diction et la sensibilit\u00e9 litt\u00e9raire \u00e0 travers la d\u00e9clamation de textes de grands auteurs arabes. F\u00e9licitations \u00e0 l\u2019ensemble des participants pour la qualit\u00e9 de [&hellip;]<\/p>\n","protected":false},"author":3,"featured_media":12468,"comment_status":"closed","ping_status":"open","sticky":false,"template":"","format":"standard","meta":{"_acf_changed":false,"footnotes":""},"categories":[21,22,1],"tags":[],"class_list":["post-12467","post","type-post","status-publish","format-standard","has-post-thumbnail","hentry","category-actualites","category-evenements","category-non-classe"],"acf":[],"yoast_head":"<!-- This site is optimized with the Yoast SEO plugin v27.1.1 - https:\/\/yoast.com\/product\/yoast-seo-wordpress\/ -->\n<title>Concours de Po\u00e9sie, un moment d\u2019\u00e9loquence et de culture - \u00c9cole Fran\u00e7aise Internationale de Casablanca<\/title>\n<meta name=\"description\" content=\"Dans le cadre de la Semaine de la langue arabe, nos \u00e9l\u00e8ves de CM1 et CM2 ont particip\u00e9 \u00e0 un concours de po\u00e9sie, l\u2019occasion pour eux de travailler\" \/>\n<meta name=\"robots\" content=\"index, follow, max-snippet:-1, max-image-preview:large, max-video-preview:-1\" \/>\n<link rel=\"canonical\" href=\"https:\/\/eficasablanca.org\/en\/concours-de-poesie-un-moment-deloquence-et-de-culture\/\" \/>\n<meta property=\"og:locale\" content=\"en_US\" \/>\n<meta property=\"og:type\" content=\"article\" \/>\n<meta property=\"og:title\" content=\"Concours de Po\u00e9sie, un moment d\u2019\u00e9loquence et de culture - \u00c9cole Fran\u00e7aise Internationale de Casablanca\" \/>\n<meta property=\"og:description\" content=\"Dans le cadre de la Semaine de la langue arabe, nos \u00e9l\u00e8ves de CM1 et CM2 ont particip\u00e9 \u00e0 un concours de po\u00e9sie, l\u2019occasion pour eux de travailler\" \/>\n<meta property=\"og:url\" content=\"https:\/\/eficasablanca.org\/en\/concours-de-poesie-un-moment-deloquence-et-de-culture\/\" \/>\n<meta property=\"og:site_name\" content=\"\u00c9cole Fran\u00e7aise Internationale de Casablanca\" \/>\n<meta property=\"article:publisher\" content=\"https:\/\/www.facebook.com\/EFICasablanca\" \/>\n<meta property=\"article:published_time\" content=\"2025-12-05T11:31:03+00:00\" \/>\n<meta property=\"article:modified_time\" content=\"2025-12-19T10:35:00+00:00\" \/>\n<meta property=\"og:image\" content=\"https:\/\/eficasablanca.org\/wp-content\/uploads\/2025\/12\/1-1.png\" \/>\n\t<meta property=\"og:image:width\" content=\"1080\" \/>\n\t<meta property=\"og:image:height\" content=\"1350\" \/>\n\t<meta property=\"og:image:type\" content=\"image\/png\" \/>\n<meta name=\"author\" content=\"it\" \/>\n<meta name=\"twitter:card\" content=\"summary_large_image\" \/>\n<meta name=\"twitter:label1\" content=\"Written by\" \/>\n\t<meta name=\"twitter:data1\" content=\"it\" \/>\n\t<meta name=\"twitter:label2\" content=\"Est. reading time\" \/>\n\t<meta name=\"twitter:data2\" content=\"3 minutes\" \/>\n<script type=\"application\/ld+json\" class=\"yoast-schema-graph\">{\"@context\":\"https:\/\/schema.org\",\"@graph\":[{\"@type\":\"Article\",\"@id\":\"https:\/\/eficasablanca.org\/concours-de-poesie-un-moment-deloquence-et-de-culture\/#article\",\"isPartOf\":{\"@id\":\"https:\/\/eficasablanca.org\/concours-de-poesie-un-moment-deloquence-et-de-culture\/\"},\"author\":{\"name\":\"it\",\"@id\":\"https:\/\/eficasablanca.org\/#\/schema\/person\/cd2435603ee779b3c83afe03afe2bf0e\"},\"headline\":\"Concours de Po\u00e9sie, un moment d\u2019\u00e9loquence et de culture\",\"datePublished\":\"2025-12-05T11:31:03+00:00\",\"dateModified\":\"2025-12-19T10:35:00+00:00\",\"mainEntityOfPage\":{\"@id\":\"https:\/\/eficasablanca.org\/concours-de-poesie-un-moment-deloquence-et-de-culture\/\"},\"wordCount\":133,\"publisher\":{\"@id\":\"https:\/\/eficasablanca.org\/#organization\"},\"image\":{\"@id\":\"https:\/\/eficasablanca.org\/concours-de-poesie-un-moment-deloquence-et-de-culture\/#primaryimage\"},\"thumbnailUrl\":\"https:\/\/eficasablanca.org\/wp-content\/uploads\/2025\/12\/1-1.png\",\"articleSection\":[\"Actualit\u00e9s\",\"\u00c9v\u00e8nements\",\"Non class\u00e9\"],\"inLanguage\":\"en-US\"},{\"@type\":\"WebPage\",\"@id\":\"https:\/\/eficasablanca.org\/concours-de-poesie-un-moment-deloquence-et-de-culture\/\",\"url\":\"https:\/\/eficasablanca.org\/concours-de-poesie-un-moment-deloquence-et-de-culture\/\",\"name\":\"Concours de Po\u00e9sie, un moment d\u2019\u00e9loquence et de culture - \u00c9cole Fran\u00e7aise Internationale de Casablanca\",\"isPartOf\":{\"@id\":\"https:\/\/eficasablanca.org\/#website\"},\"primaryImageOfPage\":{\"@id\":\"https:\/\/eficasablanca.org\/concours-de-poesie-un-moment-deloquence-et-de-culture\/#primaryimage\"},\"image\":{\"@id\":\"https:\/\/eficasablanca.org\/concours-de-poesie-un-moment-deloquence-et-de-culture\/#primaryimage\"},\"thumbnailUrl\":\"https:\/\/eficasablanca.org\/wp-content\/uploads\/2025\/12\/1-1.png\",\"datePublished\":\"2025-12-05T11:31:03+00:00\",\"dateModified\":\"2025-12-19T10:35:00+00:00\",\"description\":\"Dans le cadre de la Semaine de la langue arabe, nos \u00e9l\u00e8ves de CM1 et CM2 ont particip\u00e9 \u00e0 un concours de po\u00e9sie, l\u2019occasion pour eux de travailler\",\"breadcrumb\":{\"@id\":\"https:\/\/eficasablanca.org\/concours-de-poesie-un-moment-deloquence-et-de-culture\/#breadcrumb\"},\"inLanguage\":\"en-US\",\"potentialAction\":[{\"@type\":\"ReadAction\",\"target\":[\"https:\/\/eficasablanca.org\/concours-de-poesie-un-moment-deloquence-et-de-culture\/\"]}]},{\"@type\":\"ImageObject\",\"inLanguage\":\"en-US\",\"@id\":\"https:\/\/eficasablanca.org\/concours-de-poesie-un-moment-deloquence-et-de-culture\/#primaryimage\",\"url\":\"https:\/\/eficasablanca.org\/wp-content\/uploads\/2025\/12\/1-1.png\",\"contentUrl\":\"https:\/\/eficasablanca.org\/wp-content\/uploads\/2025\/12\/1-1.png\",\"width\":1080,\"height\":1350},{\"@type\":\"BreadcrumbList\",\"@id\":\"https:\/\/eficasablanca.org\/concours-de-poesie-un-moment-deloquence-et-de-culture\/#breadcrumb\",\"itemListElement\":[{\"@type\":\"ListItem\",\"position\":1,\"name\":\"Accueil\",\"item\":\"https:\/\/eficasablanca.org\/\"},{\"@type\":\"ListItem\",\"position\":2,\"name\":\"Concours de Po\u00e9sie, un moment d\u2019\u00e9loquence et de culture\"}]},{\"@type\":\"WebSite\",\"@id\":\"https:\/\/eficasablanca.org\/#website\",\"url\":\"https:\/\/eficasablanca.org\/\",\"name\":\"\u00c9cole Fran\u00e7aise Internationale de Casablanca\",\"description\":\"L&#039;\u00c9cole Fran\u00e7aise Internationale\",\"publisher\":{\"@id\":\"https:\/\/eficasablanca.org\/#organization\"},\"potentialAction\":[{\"@type\":\"SearchAction\",\"target\":{\"@type\":\"EntryPoint\",\"urlTemplate\":\"https:\/\/eficasablanca.org\/?s={search_term_string}\"},\"query-input\":{\"@type\":\"PropertyValueSpecification\",\"valueRequired\":true,\"valueName\":\"search_term_string\"}}],\"inLanguage\":\"en-US\"},{\"@type\":\"Organization\",\"@id\":\"https:\/\/eficasablanca.org\/#organization\",\"name\":\"Ecole Fran\u00e7aise Internationale Casablanca\",\"url\":\"https:\/\/eficasablanca.org\/\",\"logo\":{\"@type\":\"ImageObject\",\"inLanguage\":\"en-US\",\"@id\":\"https:\/\/eficasablanca.org\/#\/schema\/logo\/image\/\",\"url\":\"https:\/\/eficasablanca.org\/wp-content\/uploads\/2022\/12\/Logo-EFI-DEF-1-1-02-1.webp\",\"contentUrl\":\"https:\/\/eficasablanca.org\/wp-content\/uploads\/2022\/12\/Logo-EFI-DEF-1-1-02-1.webp\",\"width\":644,\"height\":100,\"caption\":\"Ecole Fran\u00e7aise Internationale Casablanca\"},\"image\":{\"@id\":\"https:\/\/eficasablanca.org\/#\/schema\/logo\/image\/\"},\"sameAs\":[\"https:\/\/www.facebook.com\/EFICasablanca\",\"https:\/\/www.instagram.com\/efi_casablanca\/?hl=fr\",\"https:\/\/www.linkedin.com\/company\/efi-casablanca\/about\/?viewAsMember=true\"]},{\"@type\":\"Person\",\"@id\":\"https:\/\/eficasablanca.org\/#\/schema\/person\/cd2435603ee779b3c83afe03afe2bf0e\",\"name\":\"it\",\"url\":\"https:\/\/eficasablanca.org\/en\/author\/it\/\"}]}<\/script>\n<!-- \/ Yoast SEO plugin. -->","yoast_head_json":{"title":"Concours de Po\u00e9sie, un moment d\u2019\u00e9loquence et de culture - \u00c9cole Fran\u00e7aise Internationale de Casablanca","description":"Dans le cadre de la Semaine de la langue arabe, nos \u00e9l\u00e8ves de CM1 et CM2 ont particip\u00e9 \u00e0 un concours de po\u00e9sie, l\u2019occasion pour eux de travailler","robots":{"index":"index","follow":"follow","max-snippet":"max-snippet:-1","max-image-preview":"max-image-preview:large","max-video-preview":"max-video-preview:-1"},"canonical":"https:\/\/eficasablanca.org\/en\/concours-de-poesie-un-moment-deloquence-et-de-culture\/","og_locale":"en_US","og_type":"article","og_title":"Concours de Po\u00e9sie, un moment d\u2019\u00e9loquence et de culture - \u00c9cole Fran\u00e7aise Internationale de Casablanca","og_description":"Dans le cadre de la Semaine de la langue arabe, nos \u00e9l\u00e8ves de CM1 et CM2 ont particip\u00e9 \u00e0 un concours de po\u00e9sie, l\u2019occasion pour eux de travailler","og_url":"https:\/\/eficasablanca.org\/en\/concours-de-poesie-un-moment-deloquence-et-de-culture\/","og_site_name":"\u00c9cole Fran\u00e7aise Internationale de Casablanca","article_publisher":"https:\/\/www.facebook.com\/EFICasablanca","article_published_time":"2025-12-05T11:31:03+00:00","article_modified_time":"2025-12-19T10:35:00+00:00","og_image":[{"width":1080,"height":1350,"url":"https:\/\/eficasablanca.org\/wp-content\/uploads\/2025\/12\/1-1.png","type":"image\/png"}],"author":"it","twitter_card":"summary_large_image","twitter_misc":{"Written by":"it","Est. reading time":"3 minutes"},"schema":{"@context":"https:\/\/schema.org","@graph":[{"@type":"Article","@id":"https:\/\/eficasablanca.org\/concours-de-poesie-un-moment-deloquence-et-de-culture\/#article","isPartOf":{"@id":"https:\/\/eficasablanca.org\/concours-de-poesie-un-moment-deloquence-et-de-culture\/"},"author":{"name":"it","@id":"https:\/\/eficasablanca.org\/#\/schema\/person\/cd2435603ee779b3c83afe03afe2bf0e"},"headline":"Concours de Po\u00e9sie, un moment d\u2019\u00e9loquence et de culture","datePublished":"2025-12-05T11:31:03+00:00","dateModified":"2025-12-19T10:35:00+00:00","mainEntityOfPage":{"@id":"https:\/\/eficasablanca.org\/concours-de-poesie-un-moment-deloquence-et-de-culture\/"},"wordCount":133,"publisher":{"@id":"https:\/\/eficasablanca.org\/#organization"},"image":{"@id":"https:\/\/eficasablanca.org\/concours-de-poesie-un-moment-deloquence-et-de-culture\/#primaryimage"},"thumbnailUrl":"https:\/\/eficasablanca.org\/wp-content\/uploads\/2025\/12\/1-1.png","articleSection":["Actualit\u00e9s","\u00c9v\u00e8nements","Non class\u00e9"],"inLanguage":"en-US"},{"@type":"WebPage","@id":"https:\/\/eficasablanca.org\/concours-de-poesie-un-moment-deloquence-et-de-culture\/","url":"https:\/\/eficasablanca.org\/concours-de-poesie-un-moment-deloquence-et-de-culture\/","name":"Concours de Po\u00e9sie, un moment d\u2019\u00e9loquence et de culture - \u00c9cole Fran\u00e7aise Internationale de Casablanca","isPartOf":{"@id":"https:\/\/eficasablanca.org\/#website"},"primaryImageOfPage":{"@id":"https:\/\/eficasablanca.org\/concours-de-poesie-un-moment-deloquence-et-de-culture\/#primaryimage"},"image":{"@id":"https:\/\/eficasablanca.org\/concours-de-poesie-un-moment-deloquence-et-de-culture\/#primaryimage"},"thumbnailUrl":"https:\/\/eficasablanca.org\/wp-content\/uploads\/2025\/12\/1-1.png","datePublished":"2025-12-05T11:31:03+00:00","dateModified":"2025-12-19T10:35:00+00:00","description":"Dans le cadre de la Semaine de la langue arabe, nos \u00e9l\u00e8ves de CM1 et CM2 ont particip\u00e9 \u00e0 un concours de po\u00e9sie, l\u2019occasion pour eux de travailler","breadcrumb":{"@id":"https:\/\/eficasablanca.org\/concours-de-poesie-un-moment-deloquence-et-de-culture\/#breadcrumb"},"inLanguage":"en-US","potentialAction":[{"@type":"ReadAction","target":["https:\/\/eficasablanca.org\/concours-de-poesie-un-moment-deloquence-et-de-culture\/"]}]},{"@type":"ImageObject","inLanguage":"en-US","@id":"https:\/\/eficasablanca.org\/concours-de-poesie-un-moment-deloquence-et-de-culture\/#primaryimage","url":"https:\/\/eficasablanca.org\/wp-content\/uploads\/2025\/12\/1-1.png","contentUrl":"https:\/\/eficasablanca.org\/wp-content\/uploads\/2025\/12\/1-1.png","width":1080,"height":1350},{"@type":"BreadcrumbList","@id":"https:\/\/eficasablanca.org\/concours-de-poesie-un-moment-deloquence-et-de-culture\/#breadcrumb","itemListElement":[{"@type":"ListItem","position":1,"name":"Accueil","item":"https:\/\/eficasablanca.org\/"},{"@type":"ListItem","position":2,"name":"Concours de Po\u00e9sie, un moment d\u2019\u00e9loquence et de culture"}]},{"@type":"WebSite","@id":"https:\/\/eficasablanca.org\/#website","url":"https:\/\/eficasablanca.org\/","name":"Casablanca International French School","description":"L&#039;\u00c9cole Fran\u00e7aise Internationale","publisher":{"@id":"https:\/\/eficasablanca.org\/#organization"},"potentialAction":[{"@type":"SearchAction","target":{"@type":"EntryPoint","urlTemplate":"https:\/\/eficasablanca.org\/?s={search_term_string}"},"query-input":{"@type":"PropertyValueSpecification","valueRequired":true,"valueName":"search_term_string"}}],"inLanguage":"en-US"},{"@type":"Organization","@id":"https:\/\/eficasablanca.org\/#organization","name":"Ecole Fran\u00e7aise Internationale Casablanca","url":"https:\/\/eficasablanca.org\/","logo":{"@type":"ImageObject","inLanguage":"en-US","@id":"https:\/\/eficasablanca.org\/#\/schema\/logo\/image\/","url":"https:\/\/eficasablanca.org\/wp-content\/uploads\/2022\/12\/Logo-EFI-DEF-1-1-02-1.webp","contentUrl":"https:\/\/eficasablanca.org\/wp-content\/uploads\/2022\/12\/Logo-EFI-DEF-1-1-02-1.webp","width":644,"height":100,"caption":"Ecole Fran\u00e7aise Internationale Casablanca"},"image":{"@id":"https:\/\/eficasablanca.org\/#\/schema\/logo\/image\/"},"sameAs":["https:\/\/www.facebook.com\/EFICasablanca","https:\/\/www.instagram.com\/efi_casablanca\/?hl=fr","https:\/\/www.linkedin.com\/company\/efi-casablanca\/about\/?viewAsMember=true"]},{"@type":"Person","@id":"https:\/\/eficasablanca.org\/#\/schema\/person\/cd2435603ee779b3c83afe03afe2bf0e","name":"it","url":"https:\/\/eficasablanca.org\/en\/author\/it\/"}]}},"_links":{"self":[{"href":"https:\/\/eficasablanca.org\/en\/wp-json\/wp\/v2\/posts\/12467","targetHints":{"allow":["GET"]}}],"collection":[{"href":"https:\/\/eficasablanca.org\/en\/wp-json\/wp\/v2\/posts"}],"about":[{"href":"https:\/\/eficasablanca.org\/en\/wp-json\/wp\/v2\/types\/post"}],"author":[{"embeddable":true,"href":"https:\/\/eficasablanca.org\/en\/wp-json\/wp\/v2\/users\/3"}],"replies":[{"embeddable":true,"href":"https:\/\/eficasablanca.org\/en\/wp-json\/wp\/v2\/comments?post=12467"}],"version-history":[{"count":1,"href":"https:\/\/eficasablanca.org\/en\/wp-json\/wp\/v2\/posts\/12467\/revisions"}],"predecessor-version":[{"id":12477,"href":"https:\/\/eficasablanca.org\/en\/wp-json\/wp\/v2\/posts\/12467\/revisions\/12477"}],"wp:featuredmedia":[{"embeddable":true,"href":"https:\/\/eficasablanca.org\/en\/wp-json\/wp\/v2\/media\/12468"}],"wp:attachment":[{"href":"https:\/\/eficasablanca.org\/en\/wp-json\/wp\/v2\/media?parent=12467"}],"wp:term":[{"taxonomy":"category","embeddable":true,"href":"https:\/\/eficasablanca.org\/en\/wp-json\/wp\/v2\/categories?post=12467"},{"taxonomy":"post_tag","embeddable":true,"href":"https:\/\/eficasablanca.org\/en\/wp-json\/wp\/v2\/tags?post=12467"}],"curies":[{"name":"wp","href":"https:\/\/api.w.org\/{rel}","templated":true}]}}