{"id":12953,"date":"2026-01-09T16:02:04","date_gmt":"2026-01-09T15:02:04","guid":{"rendered":"https:\/\/eficasablanca.org\/?p=12953"},"modified":"2026-01-27T16:06:29","modified_gmt":"2026-01-27T15:06:29","slug":"la-galette-des-rois","status":"publish","type":"post","link":"https:\/\/eficasablanca.org\/en\/la-galette-des-rois\/","title":{"rendered":"La galette des rois"},"content":{"rendered":"<p>Les \u00e9l\u00e8ves du primaire ont partag\u00e9 un moment convivial autour de la traditionnelle galette des rois et les plus chanceux ont eu l\u2019occasion d\u2019\u00eatre proclam\u00e9 rois et reines d\u2019un jour !<br>&#8212;&#8212;&#8212;<br>The primary students shared a convivial moment around the traditional King\u2019s Cake, and the luckiest ones had the opportunity to be crowned kings and queens for a day! \ud83d\udc51<\/p>\n\n\n\n<figure class=\"wp-block-gallery has-nested-images columns-default is-cropped wp-block-gallery-1 is-layout-flex wp-block-gallery-is-layout-flex\">\n<figure class=\"wp-block-image size-large\"><img fetchpriority=\"high\" decoding=\"async\" width=\"819\" height=\"1024\" data-id=\"12960\" src=\"https:\/\/eficasablanca.org\/wp-content\/uploads\/2026\/01\/1-2-819x1024.png\" alt=\"\" class=\"wp-image-12960\" srcset=\"https:\/\/eficasablanca.org\/wp-content\/uploads\/2026\/01\/1-2-819x1024.png 819w, https:\/\/eficasablanca.org\/wp-content\/uploads\/2026\/01\/1-2-240x300.png 240w, https:\/\/eficasablanca.org\/wp-content\/uploads\/2026\/01\/1-2-768x960.png 768w, https:\/\/eficasablanca.org\/wp-content\/uploads\/2026\/01\/1-2-10x12.png 10w, https:\/\/eficasablanca.org\/wp-content\/uploads\/2026\/01\/1-2.png 1080w\" sizes=\"(max-width: 819px) 100vw, 819px\" \/><\/figure>\n\n\n\n<figure class=\"wp-block-image size-large\"><img decoding=\"async\" width=\"819\" height=\"1024\" data-id=\"12956\" src=\"https:\/\/eficasablanca.org\/wp-content\/uploads\/2026\/01\/2-819x1024.png\" alt=\"\" class=\"wp-image-12956\" srcset=\"https:\/\/eficasablanca.org\/wp-content\/uploads\/2026\/01\/2-819x1024.png 819w, https:\/\/eficasablanca.org\/wp-content\/uploads\/2026\/01\/2-240x300.png 240w, https:\/\/eficasablanca.org\/wp-content\/uploads\/2026\/01\/2-768x960.png 768w, https:\/\/eficasablanca.org\/wp-content\/uploads\/2026\/01\/2-10x12.png 10w, https:\/\/eficasablanca.org\/wp-content\/uploads\/2026\/01\/2.png 1080w\" sizes=\"(max-width: 819px) 100vw, 819px\" \/><\/figure>\n\n\n\n<figure class=\"wp-block-image size-large\"><img decoding=\"async\" width=\"819\" height=\"1024\" data-id=\"12957\" src=\"https:\/\/eficasablanca.org\/wp-content\/uploads\/2026\/01\/3-2-819x1024.png\" alt=\"\" class=\"wp-image-12957\" srcset=\"https:\/\/eficasablanca.org\/wp-content\/uploads\/2026\/01\/3-2-819x1024.png 819w, https:\/\/eficasablanca.org\/wp-content\/uploads\/2026\/01\/3-2-240x300.png 240w, https:\/\/eficasablanca.org\/wp-content\/uploads\/2026\/01\/3-2-768x960.png 768w, https:\/\/eficasablanca.org\/wp-content\/uploads\/2026\/01\/3-2-10x12.png 10w, https:\/\/eficasablanca.org\/wp-content\/uploads\/2026\/01\/3-2.png 1080w\" sizes=\"(max-width: 819px) 100vw, 819px\" \/><\/figure>\n\n\n\n<figure class=\"wp-block-image size-large\"><img loading=\"lazy\" decoding=\"async\" width=\"819\" height=\"1024\" data-id=\"12959\" src=\"https:\/\/eficasablanca.org\/wp-content\/uploads\/2026\/01\/4-2-819x1024.png\" alt=\"\" class=\"wp-image-12959\" srcset=\"https:\/\/eficasablanca.org\/wp-content\/uploads\/2026\/01\/4-2-819x1024.png 819w, https:\/\/eficasablanca.org\/wp-content\/uploads\/2026\/01\/4-2-240x300.png 240w, https:\/\/eficasablanca.org\/wp-content\/uploads\/2026\/01\/4-2-768x960.png 768w, https:\/\/eficasablanca.org\/wp-content\/uploads\/2026\/01\/4-2-10x12.png 10w, https:\/\/eficasablanca.org\/wp-content\/uploads\/2026\/01\/4-2.png 1080w\" sizes=\"(max-width: 819px) 100vw, 819px\" \/><\/figure>\n\n\n\n<figure class=\"wp-block-image size-large\"><img loading=\"lazy\" decoding=\"async\" width=\"819\" height=\"1024\" data-id=\"12955\" src=\"https:\/\/eficasablanca.org\/wp-content\/uploads\/2026\/01\/5-819x1024.png\" alt=\"\" class=\"wp-image-12955\" srcset=\"https:\/\/eficasablanca.org\/wp-content\/uploads\/2026\/01\/5-819x1024.png 819w, https:\/\/eficasablanca.org\/wp-content\/uploads\/2026\/01\/5-240x300.png 240w, https:\/\/eficasablanca.org\/wp-content\/uploads\/2026\/01\/5-768x960.png 768w, https:\/\/eficasablanca.org\/wp-content\/uploads\/2026\/01\/5-10x12.png 10w, https:\/\/eficasablanca.org\/wp-content\/uploads\/2026\/01\/5.png 1080w\" sizes=\"(max-width: 819px) 100vw, 819px\" \/><\/figure>\n\n\n\n<figure class=\"wp-block-image size-large\"><img loading=\"lazy\" decoding=\"async\" width=\"819\" height=\"1024\" data-id=\"12958\" src=\"https:\/\/eficasablanca.org\/wp-content\/uploads\/2026\/01\/6-4-819x1024.png\" alt=\"\" class=\"wp-image-12958\" srcset=\"https:\/\/eficasablanca.org\/wp-content\/uploads\/2026\/01\/6-4-819x1024.png 819w, https:\/\/eficasablanca.org\/wp-content\/uploads\/2026\/01\/6-4-240x300.png 240w, https:\/\/eficasablanca.org\/wp-content\/uploads\/2026\/01\/6-4-768x960.png 768w, https:\/\/eficasablanca.org\/wp-content\/uploads\/2026\/01\/6-4-10x12.png 10w, https:\/\/eficasablanca.org\/wp-content\/uploads\/2026\/01\/6-4.png 1080w\" sizes=\"(max-width: 819px) 100vw, 819px\" \/><\/figure>\n\n\n\n<figure class=\"wp-block-image size-large\"><img loading=\"lazy\" decoding=\"async\" width=\"819\" height=\"1024\" data-id=\"12954\" src=\"https:\/\/eficasablanca.org\/wp-content\/uploads\/2026\/01\/7-819x1024.png\" alt=\"\" class=\"wp-image-12954\" srcset=\"https:\/\/eficasablanca.org\/wp-content\/uploads\/2026\/01\/7-819x1024.png 819w, https:\/\/eficasablanca.org\/wp-content\/uploads\/2026\/01\/7-240x300.png 240w, https:\/\/eficasablanca.org\/wp-content\/uploads\/2026\/01\/7-768x960.png 768w, https:\/\/eficasablanca.org\/wp-content\/uploads\/2026\/01\/7-10x12.png 10w, https:\/\/eficasablanca.org\/wp-content\/uploads\/2026\/01\/7.png 1080w\" sizes=\"(max-width: 819px) 100vw, 819px\" \/><\/figure>\n<\/figure>","protected":false},"excerpt":{"rendered":"<p>Les \u00e9l\u00e8ves du primaire ont partag\u00e9 un moment convivial autour de la traditionnelle galette des rois et les plus chanceux ont eu l\u2019occasion d\u2019\u00eatre proclam\u00e9 rois et reines d\u2019un jour !&#8212;&#8212;&#8212;The primary students shared a convivial moment around the traditional King\u2019s Cake, and the luckiest ones had the opportunity to be crowned kings and queens [&hellip;]<\/p>\n","protected":false},"author":3,"featured_media":12959,"comment_status":"closed","ping_status":"open","sticky":false,"template":"","format":"standard","meta":{"_acf_changed":false,"footnotes":""},"categories":[1],"tags":[],"class_list":["post-12953","post","type-post","status-publish","format-standard","has-post-thumbnail","hentry","category-non-classe"],"acf":[],"yoast_head":"<!-- This site is optimized with the Yoast SEO plugin v27.1.1 - https:\/\/yoast.com\/product\/yoast-seo-wordpress\/ -->\n<title>La galette des rois - \u00c9cole Fran\u00e7aise Internationale de Casablanca<\/title>\n<meta name=\"description\" content=\"Les \u00e9l\u00e8ves du primaire ont partag\u00e9 un moment convivial autour de la traditionnelle galette des rois et les plus chanceux ont eu l\u2019occasion d\u2019\u00eatre proclam\u00e9\" \/>\n<meta name=\"robots\" content=\"index, follow, max-snippet:-1, max-image-preview:large, max-video-preview:-1\" \/>\n<link rel=\"canonical\" href=\"https:\/\/eficasablanca.org\/en\/la-galette-des-rois\/\" \/>\n<meta property=\"og:locale\" content=\"en_US\" \/>\n<meta property=\"og:type\" content=\"article\" \/>\n<meta property=\"og:title\" content=\"La galette des rois - \u00c9cole Fran\u00e7aise Internationale de Casablanca\" \/>\n<meta property=\"og:description\" content=\"Les \u00e9l\u00e8ves du primaire ont partag\u00e9 un moment convivial autour de la traditionnelle galette des rois et les plus chanceux ont eu l\u2019occasion d\u2019\u00eatre proclam\u00e9\" \/>\n<meta property=\"og:url\" content=\"https:\/\/eficasablanca.org\/en\/la-galette-des-rois\/\" \/>\n<meta property=\"og:site_name\" content=\"\u00c9cole Fran\u00e7aise Internationale de Casablanca\" \/>\n<meta property=\"article:publisher\" content=\"https:\/\/www.facebook.com\/EFICasablanca\" \/>\n<meta property=\"article:published_time\" content=\"2026-01-09T15:02:04+00:00\" \/>\n<meta property=\"article:modified_time\" content=\"2026-01-27T15:06:29+00:00\" \/>\n<meta property=\"og:image\" content=\"https:\/\/eficasablanca.org\/wp-content\/uploads\/2026\/01\/4-2.png\" \/>\n\t<meta property=\"og:image:width\" content=\"1080\" \/>\n\t<meta property=\"og:image:height\" content=\"1350\" \/>\n\t<meta property=\"og:image:type\" content=\"image\/png\" \/>\n<meta name=\"author\" content=\"it\" \/>\n<meta name=\"twitter:card\" content=\"summary_large_image\" \/>\n<meta name=\"twitter:label1\" content=\"Written by\" \/>\n\t<meta name=\"twitter:data1\" content=\"it\" \/>\n\t<meta name=\"twitter:label2\" content=\"Est. reading time\" \/>\n\t<meta name=\"twitter:data2\" content=\"2 minutes\" \/>\n<script type=\"application\/ld+json\" class=\"yoast-schema-graph\">{\"@context\":\"https:\/\/schema.org\",\"@graph\":[{\"@type\":\"Article\",\"@id\":\"https:\/\/eficasablanca.org\/la-galette-des-rois\/#article\",\"isPartOf\":{\"@id\":\"https:\/\/eficasablanca.org\/la-galette-des-rois\/\"},\"author\":{\"name\":\"it\",\"@id\":\"https:\/\/eficasablanca.org\/#\/schema\/person\/cd2435603ee779b3c83afe03afe2bf0e\"},\"headline\":\"La galette des rois\",\"datePublished\":\"2026-01-09T15:02:04+00:00\",\"dateModified\":\"2026-01-27T15:06:29+00:00\",\"mainEntityOfPage\":{\"@id\":\"https:\/\/eficasablanca.org\/la-galette-des-rois\/\"},\"wordCount\":67,\"publisher\":{\"@id\":\"https:\/\/eficasablanca.org\/#organization\"},\"image\":{\"@id\":\"https:\/\/eficasablanca.org\/la-galette-des-rois\/#primaryimage\"},\"thumbnailUrl\":\"https:\/\/eficasablanca.org\/wp-content\/uploads\/2026\/01\/4-2.png\",\"articleSection\":[\"Non class\u00e9\"],\"inLanguage\":\"en-US\"},{\"@type\":\"WebPage\",\"@id\":\"https:\/\/eficasablanca.org\/la-galette-des-rois\/\",\"url\":\"https:\/\/eficasablanca.org\/la-galette-des-rois\/\",\"name\":\"La galette des rois - \u00c9cole Fran\u00e7aise Internationale de Casablanca\",\"isPartOf\":{\"@id\":\"https:\/\/eficasablanca.org\/#website\"},\"primaryImageOfPage\":{\"@id\":\"https:\/\/eficasablanca.org\/la-galette-des-rois\/#primaryimage\"},\"image\":{\"@id\":\"https:\/\/eficasablanca.org\/la-galette-des-rois\/#primaryimage\"},\"thumbnailUrl\":\"https:\/\/eficasablanca.org\/wp-content\/uploads\/2026\/01\/4-2.png\",\"datePublished\":\"2026-01-09T15:02:04+00:00\",\"dateModified\":\"2026-01-27T15:06:29+00:00\",\"description\":\"Les \u00e9l\u00e8ves du primaire ont partag\u00e9 un moment convivial autour de la traditionnelle galette des rois et les plus chanceux ont eu l\u2019occasion d\u2019\u00eatre proclam\u00e9\",\"breadcrumb\":{\"@id\":\"https:\/\/eficasablanca.org\/la-galette-des-rois\/#breadcrumb\"},\"inLanguage\":\"en-US\",\"potentialAction\":[{\"@type\":\"ReadAction\",\"target\":[\"https:\/\/eficasablanca.org\/la-galette-des-rois\/\"]}]},{\"@type\":\"ImageObject\",\"inLanguage\":\"en-US\",\"@id\":\"https:\/\/eficasablanca.org\/la-galette-des-rois\/#primaryimage\",\"url\":\"https:\/\/eficasablanca.org\/wp-content\/uploads\/2026\/01\/4-2.png\",\"contentUrl\":\"https:\/\/eficasablanca.org\/wp-content\/uploads\/2026\/01\/4-2.png\",\"width\":1080,\"height\":1350},{\"@type\":\"BreadcrumbList\",\"@id\":\"https:\/\/eficasablanca.org\/la-galette-des-rois\/#breadcrumb\",\"itemListElement\":[{\"@type\":\"ListItem\",\"position\":1,\"name\":\"Accueil\",\"item\":\"https:\/\/eficasablanca.org\/\"},{\"@type\":\"ListItem\",\"position\":2,\"name\":\"La galette des rois\"}]},{\"@type\":\"WebSite\",\"@id\":\"https:\/\/eficasablanca.org\/#website\",\"url\":\"https:\/\/eficasablanca.org\/\",\"name\":\"\u00c9cole Fran\u00e7aise Internationale de Casablanca\",\"description\":\"L&#039;\u00c9cole Fran\u00e7aise Internationale\",\"publisher\":{\"@id\":\"https:\/\/eficasablanca.org\/#organization\"},\"potentialAction\":[{\"@type\":\"SearchAction\",\"target\":{\"@type\":\"EntryPoint\",\"urlTemplate\":\"https:\/\/eficasablanca.org\/?s={search_term_string}\"},\"query-input\":{\"@type\":\"PropertyValueSpecification\",\"valueRequired\":true,\"valueName\":\"search_term_string\"}}],\"inLanguage\":\"en-US\"},{\"@type\":\"Organization\",\"@id\":\"https:\/\/eficasablanca.org\/#organization\",\"name\":\"Ecole Fran\u00e7aise Internationale Casablanca\",\"url\":\"https:\/\/eficasablanca.org\/\",\"logo\":{\"@type\":\"ImageObject\",\"inLanguage\":\"en-US\",\"@id\":\"https:\/\/eficasablanca.org\/#\/schema\/logo\/image\/\",\"url\":\"https:\/\/eficasablanca.org\/wp-content\/uploads\/2022\/12\/Logo-EFI-DEF-1-1-02-1.webp\",\"contentUrl\":\"https:\/\/eficasablanca.org\/wp-content\/uploads\/2022\/12\/Logo-EFI-DEF-1-1-02-1.webp\",\"width\":644,\"height\":100,\"caption\":\"Ecole Fran\u00e7aise Internationale Casablanca\"},\"image\":{\"@id\":\"https:\/\/eficasablanca.org\/#\/schema\/logo\/image\/\"},\"sameAs\":[\"https:\/\/www.facebook.com\/EFICasablanca\",\"https:\/\/www.instagram.com\/efi_casablanca\/?hl=fr\",\"https:\/\/www.linkedin.com\/company\/efi-casablanca\/about\/?viewAsMember=true\"]},{\"@type\":\"Person\",\"@id\":\"https:\/\/eficasablanca.org\/#\/schema\/person\/cd2435603ee779b3c83afe03afe2bf0e\",\"name\":\"it\",\"url\":\"https:\/\/eficasablanca.org\/en\/author\/it\/\"}]}<\/script>\n<!-- \/ Yoast SEO plugin. -->","yoast_head_json":{"title":"La galette des rois - \u00c9cole Fran\u00e7aise Internationale de Casablanca","description":"Les \u00e9l\u00e8ves du primaire ont partag\u00e9 un moment convivial autour de la traditionnelle galette des rois et les plus chanceux ont eu l\u2019occasion d\u2019\u00eatre proclam\u00e9","robots":{"index":"index","follow":"follow","max-snippet":"max-snippet:-1","max-image-preview":"max-image-preview:large","max-video-preview":"max-video-preview:-1"},"canonical":"https:\/\/eficasablanca.org\/en\/la-galette-des-rois\/","og_locale":"en_US","og_type":"article","og_title":"La galette des rois - \u00c9cole Fran\u00e7aise Internationale de Casablanca","og_description":"Les \u00e9l\u00e8ves du primaire ont partag\u00e9 un moment convivial autour de la traditionnelle galette des rois et les plus chanceux ont eu l\u2019occasion d\u2019\u00eatre proclam\u00e9","og_url":"https:\/\/eficasablanca.org\/en\/la-galette-des-rois\/","og_site_name":"\u00c9cole Fran\u00e7aise Internationale de Casablanca","article_publisher":"https:\/\/www.facebook.com\/EFICasablanca","article_published_time":"2026-01-09T15:02:04+00:00","article_modified_time":"2026-01-27T15:06:29+00:00","og_image":[{"width":1080,"height":1350,"url":"https:\/\/eficasablanca.org\/wp-content\/uploads\/2026\/01\/4-2.png","type":"image\/png"}],"author":"it","twitter_card":"summary_large_image","twitter_misc":{"Written by":"it","Est. reading time":"2 minutes"},"schema":{"@context":"https:\/\/schema.org","@graph":[{"@type":"Article","@id":"https:\/\/eficasablanca.org\/la-galette-des-rois\/#article","isPartOf":{"@id":"https:\/\/eficasablanca.org\/la-galette-des-rois\/"},"author":{"name":"it","@id":"https:\/\/eficasablanca.org\/#\/schema\/person\/cd2435603ee779b3c83afe03afe2bf0e"},"headline":"La galette des rois","datePublished":"2026-01-09T15:02:04+00:00","dateModified":"2026-01-27T15:06:29+00:00","mainEntityOfPage":{"@id":"https:\/\/eficasablanca.org\/la-galette-des-rois\/"},"wordCount":67,"publisher":{"@id":"https:\/\/eficasablanca.org\/#organization"},"image":{"@id":"https:\/\/eficasablanca.org\/la-galette-des-rois\/#primaryimage"},"thumbnailUrl":"https:\/\/eficasablanca.org\/wp-content\/uploads\/2026\/01\/4-2.png","articleSection":["Non class\u00e9"],"inLanguage":"en-US"},{"@type":"WebPage","@id":"https:\/\/eficasablanca.org\/la-galette-des-rois\/","url":"https:\/\/eficasablanca.org\/la-galette-des-rois\/","name":"La galette des rois - \u00c9cole Fran\u00e7aise Internationale de Casablanca","isPartOf":{"@id":"https:\/\/eficasablanca.org\/#website"},"primaryImageOfPage":{"@id":"https:\/\/eficasablanca.org\/la-galette-des-rois\/#primaryimage"},"image":{"@id":"https:\/\/eficasablanca.org\/la-galette-des-rois\/#primaryimage"},"thumbnailUrl":"https:\/\/eficasablanca.org\/wp-content\/uploads\/2026\/01\/4-2.png","datePublished":"2026-01-09T15:02:04+00:00","dateModified":"2026-01-27T15:06:29+00:00","description":"Les \u00e9l\u00e8ves du primaire ont partag\u00e9 un moment convivial autour de la traditionnelle galette des rois et les plus chanceux ont eu l\u2019occasion d\u2019\u00eatre proclam\u00e9","breadcrumb":{"@id":"https:\/\/eficasablanca.org\/la-galette-des-rois\/#breadcrumb"},"inLanguage":"en-US","potentialAction":[{"@type":"ReadAction","target":["https:\/\/eficasablanca.org\/la-galette-des-rois\/"]}]},{"@type":"ImageObject","inLanguage":"en-US","@id":"https:\/\/eficasablanca.org\/la-galette-des-rois\/#primaryimage","url":"https:\/\/eficasablanca.org\/wp-content\/uploads\/2026\/01\/4-2.png","contentUrl":"https:\/\/eficasablanca.org\/wp-content\/uploads\/2026\/01\/4-2.png","width":1080,"height":1350},{"@type":"BreadcrumbList","@id":"https:\/\/eficasablanca.org\/la-galette-des-rois\/#breadcrumb","itemListElement":[{"@type":"ListItem","position":1,"name":"Accueil","item":"https:\/\/eficasablanca.org\/"},{"@type":"ListItem","position":2,"name":"La galette des rois"}]},{"@type":"WebSite","@id":"https:\/\/eficasablanca.org\/#website","url":"https:\/\/eficasablanca.org\/","name":"Casablanca International French School","description":"L&#039;\u00c9cole Fran\u00e7aise Internationale","publisher":{"@id":"https:\/\/eficasablanca.org\/#organization"},"potentialAction":[{"@type":"SearchAction","target":{"@type":"EntryPoint","urlTemplate":"https:\/\/eficasablanca.org\/?s={search_term_string}"},"query-input":{"@type":"PropertyValueSpecification","valueRequired":true,"valueName":"search_term_string"}}],"inLanguage":"en-US"},{"@type":"Organization","@id":"https:\/\/eficasablanca.org\/#organization","name":"Ecole Fran\u00e7aise Internationale Casablanca","url":"https:\/\/eficasablanca.org\/","logo":{"@type":"ImageObject","inLanguage":"en-US","@id":"https:\/\/eficasablanca.org\/#\/schema\/logo\/image\/","url":"https:\/\/eficasablanca.org\/wp-content\/uploads\/2022\/12\/Logo-EFI-DEF-1-1-02-1.webp","contentUrl":"https:\/\/eficasablanca.org\/wp-content\/uploads\/2022\/12\/Logo-EFI-DEF-1-1-02-1.webp","width":644,"height":100,"caption":"Ecole Fran\u00e7aise Internationale Casablanca"},"image":{"@id":"https:\/\/eficasablanca.org\/#\/schema\/logo\/image\/"},"sameAs":["https:\/\/www.facebook.com\/EFICasablanca","https:\/\/www.instagram.com\/efi_casablanca\/?hl=fr","https:\/\/www.linkedin.com\/company\/efi-casablanca\/about\/?viewAsMember=true"]},{"@type":"Person","@id":"https:\/\/eficasablanca.org\/#\/schema\/person\/cd2435603ee779b3c83afe03afe2bf0e","name":"it","url":"https:\/\/eficasablanca.org\/en\/author\/it\/"}]}},"_links":{"self":[{"href":"https:\/\/eficasablanca.org\/en\/wp-json\/wp\/v2\/posts\/12953","targetHints":{"allow":["GET"]}}],"collection":[{"href":"https:\/\/eficasablanca.org\/en\/wp-json\/wp\/v2\/posts"}],"about":[{"href":"https:\/\/eficasablanca.org\/en\/wp-json\/wp\/v2\/types\/post"}],"author":[{"embeddable":true,"href":"https:\/\/eficasablanca.org\/en\/wp-json\/wp\/v2\/users\/3"}],"replies":[{"embeddable":true,"href":"https:\/\/eficasablanca.org\/en\/wp-json\/wp\/v2\/comments?post=12953"}],"version-history":[{"count":1,"href":"https:\/\/eficasablanca.org\/en\/wp-json\/wp\/v2\/posts\/12953\/revisions"}],"predecessor-version":[{"id":12961,"href":"https:\/\/eficasablanca.org\/en\/wp-json\/wp\/v2\/posts\/12953\/revisions\/12961"}],"wp:featuredmedia":[{"embeddable":true,"href":"https:\/\/eficasablanca.org\/en\/wp-json\/wp\/v2\/media\/12959"}],"wp:attachment":[{"href":"https:\/\/eficasablanca.org\/en\/wp-json\/wp\/v2\/media?parent=12953"}],"wp:term":[{"taxonomy":"category","embeddable":true,"href":"https:\/\/eficasablanca.org\/en\/wp-json\/wp\/v2\/categories?post=12953"},{"taxonomy":"post_tag","embeddable":true,"href":"https:\/\/eficasablanca.org\/en\/wp-json\/wp\/v2\/tags?post=12953"}],"curies":[{"name":"wp","href":"https:\/\/api.w.org\/{rel}","templated":true}]}}