{"id":13599,"date":"2026-03-30T15:12:44","date_gmt":"2026-03-30T14:12:44","guid":{"rendered":"https:\/\/eficasablanca.org\/?p=13599"},"modified":"2026-03-30T15:13:53","modified_gmt":"2026-03-30T14:13:53","slug":"semaine-de-la-presse-et-des-medias-2026","status":"publish","type":"post","link":"https:\/\/eficasablanca.org\/en\/semaine-de-la-presse-et-des-medias-2026\/","title":{"rendered":"Semaine de la Presse et des M\u00e9dias 2026"},"content":{"rendered":"<p>Du 23 au 27 mars, les \u00e9l\u00e8ves de l&rsquo;EFI Casablanca ont c\u00e9l\u00e9br\u00e9 la Semaine de la Presse et des M\u00e9dias, initiative port\u00e9e par <strong>le\u00a0CLEMI<\/strong>, pour sensibiliser les jeunes aux m\u00e9tiers du journalisme, \u00e0 la diversit\u00e9 des m\u00e9dias et aux enjeux de la d\u00e9sinformation.<\/p>\n\n\n\n<p>Au programme : visite du site du journal\u00a0<strong>l\u2019Economiste<\/strong>, conf\u00e9rences anim\u00e9es par des journalistes, dont\u00a0<strong>Nadia Larguet<\/strong>, et participation active des \u00e9l\u00e8ves de 4\u00e8me et 3\u00e8me ainsi que des membres des clubs Webradio et Club Journal \u00e0 des projets d\u2019investigation et d\u2019interviews.<\/p>\n\n\n\n<p>L&rsquo;\u00e9tablissement remercie toutes les personnes impliqu\u00e9es dans ce projet pour avoir rendu cette semaine inspirante et enrichissante, et pour avoir contribuer \u00e0 former des \u00e9l\u00e8ves curieux, critiques et ouverts sur le monde. <br>&#8212;<br>From March 23 to 27, students at the French International School of Casablanca celebrated Press and Media Week, an initiative led by <strong>the CLEMI<\/strong>, aimed at raising awareness among young people about journalism careers, the diversity of media, and the challenges of misinformation.<\/p>\n\n\n\n<p>On the agenda: a visit to the offices of <strong>L\u2019Economiste<\/strong>, conferences led by journalists\u2014including <strong>Nadia Larguet<\/strong> and active participation from 4\u00e8me et 3\u00e8me students, as well as members of the Webradio and Journalism Clubs, in investigative and interview projects.<\/p>\n\n\n\n<p>The school would like to thank everyone involved in this project for making the week inspiring and enriching, and for helping to shape curious, critical, and open-minded students.<\/p>\n\n\n\n<figure class=\"wp-block-gallery has-nested-images columns-default is-cropped wp-block-gallery-1 is-layout-flex wp-block-gallery-is-layout-flex\">\n<figure class=\"wp-block-image size-large\"><img fetchpriority=\"high\" decoding=\"async\" width=\"819\" height=\"1024\" data-id=\"13601\" src=\"https:\/\/eficasablanca.org\/wp-content\/uploads\/2026\/03\/1-3-819x1024.png\" alt=\"\" class=\"wp-image-13601\" srcset=\"https:\/\/eficasablanca.org\/wp-content\/uploads\/2026\/03\/1-3-819x1024.png 819w, https:\/\/eficasablanca.org\/wp-content\/uploads\/2026\/03\/1-3-240x300.png 240w, https:\/\/eficasablanca.org\/wp-content\/uploads\/2026\/03\/1-3-768x960.png 768w, https:\/\/eficasablanca.org\/wp-content\/uploads\/2026\/03\/1-3-10x12.png 10w, https:\/\/eficasablanca.org\/wp-content\/uploads\/2026\/03\/1-3.png 1080w\" sizes=\"(max-width: 819px) 100vw, 819px\" \/><\/figure>\n\n\n\n<figure class=\"wp-block-image size-large\"><img decoding=\"async\" width=\"819\" height=\"1024\" data-id=\"13600\" src=\"https:\/\/eficasablanca.org\/wp-content\/uploads\/2026\/03\/2-3-819x1024.png\" alt=\"\" class=\"wp-image-13600\" srcset=\"https:\/\/eficasablanca.org\/wp-content\/uploads\/2026\/03\/2-3-819x1024.png 819w, https:\/\/eficasablanca.org\/wp-content\/uploads\/2026\/03\/2-3-240x300.png 240w, https:\/\/eficasablanca.org\/wp-content\/uploads\/2026\/03\/2-3-768x960.png 768w, https:\/\/eficasablanca.org\/wp-content\/uploads\/2026\/03\/2-3-10x12.png 10w, https:\/\/eficasablanca.org\/wp-content\/uploads\/2026\/03\/2-3.png 1080w\" sizes=\"(max-width: 819px) 100vw, 819px\" \/><\/figure>\n\n\n\n<figure class=\"wp-block-image size-large\"><img decoding=\"async\" width=\"819\" height=\"1024\" data-id=\"13603\" src=\"https:\/\/eficasablanca.org\/wp-content\/uploads\/2026\/03\/3-3-819x1024.png\" alt=\"\" class=\"wp-image-13603\" srcset=\"https:\/\/eficasablanca.org\/wp-content\/uploads\/2026\/03\/3-3-819x1024.png 819w, https:\/\/eficasablanca.org\/wp-content\/uploads\/2026\/03\/3-3-240x300.png 240w, https:\/\/eficasablanca.org\/wp-content\/uploads\/2026\/03\/3-3-768x960.png 768w, https:\/\/eficasablanca.org\/wp-content\/uploads\/2026\/03\/3-3-10x12.png 10w, https:\/\/eficasablanca.org\/wp-content\/uploads\/2026\/03\/3-3.png 1080w\" sizes=\"(max-width: 819px) 100vw, 819px\" \/><\/figure>\n\n\n\n<figure class=\"wp-block-image size-large\"><img loading=\"lazy\" decoding=\"async\" width=\"819\" height=\"1024\" data-id=\"13602\" src=\"https:\/\/eficasablanca.org\/wp-content\/uploads\/2026\/03\/4-3-819x1024.png\" alt=\"\" class=\"wp-image-13602\" srcset=\"https:\/\/eficasablanca.org\/wp-content\/uploads\/2026\/03\/4-3-819x1024.png 819w, https:\/\/eficasablanca.org\/wp-content\/uploads\/2026\/03\/4-3-240x300.png 240w, https:\/\/eficasablanca.org\/wp-content\/uploads\/2026\/03\/4-3-768x960.png 768w, https:\/\/eficasablanca.org\/wp-content\/uploads\/2026\/03\/4-3-10x12.png 10w, https:\/\/eficasablanca.org\/wp-content\/uploads\/2026\/03\/4-3.png 1080w\" sizes=\"(max-width: 819px) 100vw, 819px\" \/><\/figure>\n\n\n\n<figure class=\"wp-block-image size-large\"><img loading=\"lazy\" decoding=\"async\" width=\"819\" height=\"1024\" data-id=\"13609\" src=\"https:\/\/eficasablanca.org\/wp-content\/uploads\/2026\/03\/5-3-819x1024.png\" alt=\"\" class=\"wp-image-13609\" srcset=\"https:\/\/eficasablanca.org\/wp-content\/uploads\/2026\/03\/5-3-819x1024.png 819w, https:\/\/eficasablanca.org\/wp-content\/uploads\/2026\/03\/5-3-240x300.png 240w, https:\/\/eficasablanca.org\/wp-content\/uploads\/2026\/03\/5-3-768x960.png 768w, https:\/\/eficasablanca.org\/wp-content\/uploads\/2026\/03\/5-3-10x12.png 10w, https:\/\/eficasablanca.org\/wp-content\/uploads\/2026\/03\/5-3.png 1080w\" sizes=\"(max-width: 819px) 100vw, 819px\" \/><\/figure>\n\n\n\n<figure class=\"wp-block-image size-large\"><img loading=\"lazy\" decoding=\"async\" width=\"819\" height=\"1024\" data-id=\"13605\" src=\"https:\/\/eficasablanca.org\/wp-content\/uploads\/2026\/03\/6-3-819x1024.png\" alt=\"\" class=\"wp-image-13605\" srcset=\"https:\/\/eficasablanca.org\/wp-content\/uploads\/2026\/03\/6-3-819x1024.png 819w, https:\/\/eficasablanca.org\/wp-content\/uploads\/2026\/03\/6-3-240x300.png 240w, https:\/\/eficasablanca.org\/wp-content\/uploads\/2026\/03\/6-3-768x960.png 768w, https:\/\/eficasablanca.org\/wp-content\/uploads\/2026\/03\/6-3-10x12.png 10w, https:\/\/eficasablanca.org\/wp-content\/uploads\/2026\/03\/6-3.png 1080w\" sizes=\"(max-width: 819px) 100vw, 819px\" \/><\/figure>\n\n\n\n<figure class=\"wp-block-image size-large\"><img loading=\"lazy\" decoding=\"async\" width=\"819\" height=\"1024\" data-id=\"13613\" src=\"https:\/\/eficasablanca.org\/wp-content\/uploads\/2026\/03\/7-3-819x1024.png\" alt=\"\" class=\"wp-image-13613\" srcset=\"https:\/\/eficasablanca.org\/wp-content\/uploads\/2026\/03\/7-3-819x1024.png 819w, https:\/\/eficasablanca.org\/wp-content\/uploads\/2026\/03\/7-3-240x300.png 240w, https:\/\/eficasablanca.org\/wp-content\/uploads\/2026\/03\/7-3-768x960.png 768w, https:\/\/eficasablanca.org\/wp-content\/uploads\/2026\/03\/7-3-10x12.png 10w, https:\/\/eficasablanca.org\/wp-content\/uploads\/2026\/03\/7-3.png 1080w\" sizes=\"(max-width: 819px) 100vw, 819px\" \/><\/figure>\n\n\n\n<figure class=\"wp-block-image size-large\"><img loading=\"lazy\" decoding=\"async\" width=\"819\" height=\"1024\" data-id=\"13612\" src=\"https:\/\/eficasablanca.org\/wp-content\/uploads\/2026\/03\/8-3-819x1024.png\" alt=\"\" class=\"wp-image-13612\" srcset=\"https:\/\/eficasablanca.org\/wp-content\/uploads\/2026\/03\/8-3-819x1024.png 819w, https:\/\/eficasablanca.org\/wp-content\/uploads\/2026\/03\/8-3-240x300.png 240w, https:\/\/eficasablanca.org\/wp-content\/uploads\/2026\/03\/8-3-768x960.png 768w, https:\/\/eficasablanca.org\/wp-content\/uploads\/2026\/03\/8-3-10x12.png 10w, https:\/\/eficasablanca.org\/wp-content\/uploads\/2026\/03\/8-3.png 1080w\" sizes=\"(max-width: 819px) 100vw, 819px\" \/><\/figure>\n\n\n\n<figure class=\"wp-block-image size-large\"><img loading=\"lazy\" decoding=\"async\" width=\"819\" height=\"1024\" data-id=\"13617\" src=\"https:\/\/eficasablanca.org\/wp-content\/uploads\/2026\/03\/9-3-819x1024.png\" alt=\"\" class=\"wp-image-13617\" srcset=\"https:\/\/eficasablanca.org\/wp-content\/uploads\/2026\/03\/9-3-819x1024.png 819w, https:\/\/eficasablanca.org\/wp-content\/uploads\/2026\/03\/9-3-240x300.png 240w, https:\/\/eficasablanca.org\/wp-content\/uploads\/2026\/03\/9-3-768x960.png 768w, https:\/\/eficasablanca.org\/wp-content\/uploads\/2026\/03\/9-3-10x12.png 10w, https:\/\/eficasablanca.org\/wp-content\/uploads\/2026\/03\/9-3.png 1080w\" sizes=\"(max-width: 819px) 100vw, 819px\" \/><\/figure>\n\n\n\n<figure class=\"wp-block-image size-large\"><img loading=\"lazy\" decoding=\"async\" width=\"819\" height=\"1024\" data-id=\"13606\" src=\"https:\/\/eficasablanca.org\/wp-content\/uploads\/2026\/03\/10-3-819x1024.png\" alt=\"\" class=\"wp-image-13606\" srcset=\"https:\/\/eficasablanca.org\/wp-content\/uploads\/2026\/03\/10-3-819x1024.png 819w, https:\/\/eficasablanca.org\/wp-content\/uploads\/2026\/03\/10-3-240x300.png 240w, https:\/\/eficasablanca.org\/wp-content\/uploads\/2026\/03\/10-3-768x960.png 768w, https:\/\/eficasablanca.org\/wp-content\/uploads\/2026\/03\/10-3-10x12.png 10w, https:\/\/eficasablanca.org\/wp-content\/uploads\/2026\/03\/10-3.png 1080w\" sizes=\"(max-width: 819px) 100vw, 819px\" \/><\/figure>\n\n\n\n<figure class=\"wp-block-image size-large\"><img loading=\"lazy\" decoding=\"async\" width=\"819\" height=\"1024\" data-id=\"13604\" src=\"https:\/\/eficasablanca.org\/wp-content\/uploads\/2026\/03\/11-3-819x1024.png\" alt=\"\" class=\"wp-image-13604\" srcset=\"https:\/\/eficasablanca.org\/wp-content\/uploads\/2026\/03\/11-3-819x1024.png 819w, https:\/\/eficasablanca.org\/wp-content\/uploads\/2026\/03\/11-3-240x300.png 240w, https:\/\/eficasablanca.org\/wp-content\/uploads\/2026\/03\/11-3-768x960.png 768w, https:\/\/eficasablanca.org\/wp-content\/uploads\/2026\/03\/11-3-10x12.png 10w, https:\/\/eficasablanca.org\/wp-content\/uploads\/2026\/03\/11-3.png 1080w\" sizes=\"(max-width: 819px) 100vw, 819px\" \/><\/figure>\n\n\n\n<figure class=\"wp-block-image size-large\"><img loading=\"lazy\" decoding=\"async\" width=\"819\" height=\"1024\" data-id=\"13610\" src=\"https:\/\/eficasablanca.org\/wp-content\/uploads\/2026\/03\/12-3-819x1024.png\" alt=\"\" class=\"wp-image-13610\" srcset=\"https:\/\/eficasablanca.org\/wp-content\/uploads\/2026\/03\/12-3-819x1024.png 819w, https:\/\/eficasablanca.org\/wp-content\/uploads\/2026\/03\/12-3-240x300.png 240w, https:\/\/eficasablanca.org\/wp-content\/uploads\/2026\/03\/12-3-768x960.png 768w, https:\/\/eficasablanca.org\/wp-content\/uploads\/2026\/03\/12-3-10x12.png 10w, https:\/\/eficasablanca.org\/wp-content\/uploads\/2026\/03\/12-3.png 1080w\" sizes=\"(max-width: 819px) 100vw, 819px\" \/><\/figure>\n\n\n\n<figure class=\"wp-block-image size-large\"><img loading=\"lazy\" decoding=\"async\" width=\"819\" height=\"1024\" data-id=\"13615\" src=\"https:\/\/eficasablanca.org\/wp-content\/uploads\/2026\/03\/13-3-819x1024.png\" alt=\"\" class=\"wp-image-13615\" srcset=\"https:\/\/eficasablanca.org\/wp-content\/uploads\/2026\/03\/13-3-819x1024.png 819w, https:\/\/eficasablanca.org\/wp-content\/uploads\/2026\/03\/13-3-240x300.png 240w, https:\/\/eficasablanca.org\/wp-content\/uploads\/2026\/03\/13-3-768x960.png 768w, https:\/\/eficasablanca.org\/wp-content\/uploads\/2026\/03\/13-3-10x12.png 10w, https:\/\/eficasablanca.org\/wp-content\/uploads\/2026\/03\/13-3.png 1080w\" sizes=\"(max-width: 819px) 100vw, 819px\" \/><\/figure>\n\n\n\n<figure class=\"wp-block-image size-large\"><img loading=\"lazy\" decoding=\"async\" width=\"819\" height=\"1024\" data-id=\"13608\" src=\"https:\/\/eficasablanca.org\/wp-content\/uploads\/2026\/03\/14-3-819x1024.png\" alt=\"\" class=\"wp-image-13608\" srcset=\"https:\/\/eficasablanca.org\/wp-content\/uploads\/2026\/03\/14-3-819x1024.png 819w, https:\/\/eficasablanca.org\/wp-content\/uploads\/2026\/03\/14-3-240x300.png 240w, https:\/\/eficasablanca.org\/wp-content\/uploads\/2026\/03\/14-3-768x960.png 768w, https:\/\/eficasablanca.org\/wp-content\/uploads\/2026\/03\/14-3-10x12.png 10w, https:\/\/eficasablanca.org\/wp-content\/uploads\/2026\/03\/14-3.png 1080w\" sizes=\"(max-width: 819px) 100vw, 819px\" \/><\/figure>\n\n\n\n<figure class=\"wp-block-image size-large\"><img loading=\"lazy\" decoding=\"async\" width=\"819\" height=\"1024\" data-id=\"13614\" src=\"https:\/\/eficasablanca.org\/wp-content\/uploads\/2026\/03\/15-3-819x1024.png\" alt=\"\" class=\"wp-image-13614\" srcset=\"https:\/\/eficasablanca.org\/wp-content\/uploads\/2026\/03\/15-3-819x1024.png 819w, https:\/\/eficasablanca.org\/wp-content\/uploads\/2026\/03\/15-3-240x300.png 240w, https:\/\/eficasablanca.org\/wp-content\/uploads\/2026\/03\/15-3-768x960.png 768w, https:\/\/eficasablanca.org\/wp-content\/uploads\/2026\/03\/15-3-10x12.png 10w, https:\/\/eficasablanca.org\/wp-content\/uploads\/2026\/03\/15-3.png 1080w\" sizes=\"(max-width: 819px) 100vw, 819px\" \/><\/figure>\n\n\n\n<figure class=\"wp-block-image size-large\"><img loading=\"lazy\" decoding=\"async\" width=\"819\" height=\"1024\" data-id=\"13616\" src=\"https:\/\/eficasablanca.org\/wp-content\/uploads\/2026\/03\/16-3-819x1024.png\" alt=\"\" class=\"wp-image-13616\" srcset=\"https:\/\/eficasablanca.org\/wp-content\/uploads\/2026\/03\/16-3-819x1024.png 819w, https:\/\/eficasablanca.org\/wp-content\/uploads\/2026\/03\/16-3-240x300.png 240w, https:\/\/eficasablanca.org\/wp-content\/uploads\/2026\/03\/16-3-768x960.png 768w, https:\/\/eficasablanca.org\/wp-content\/uploads\/2026\/03\/16-3-10x12.png 10w, https:\/\/eficasablanca.org\/wp-content\/uploads\/2026\/03\/16-3.png 1080w\" sizes=\"(max-width: 819px) 100vw, 819px\" \/><\/figure>\n\n\n\n<figure class=\"wp-block-image size-large\"><img loading=\"lazy\" decoding=\"async\" width=\"819\" height=\"1024\" data-id=\"13611\" src=\"https:\/\/eficasablanca.org\/wp-content\/uploads\/2026\/03\/17-3-819x1024.png\" alt=\"\" class=\"wp-image-13611\" srcset=\"https:\/\/eficasablanca.org\/wp-content\/uploads\/2026\/03\/17-3-819x1024.png 819w, https:\/\/eficasablanca.org\/wp-content\/uploads\/2026\/03\/17-3-240x300.png 240w, https:\/\/eficasablanca.org\/wp-content\/uploads\/2026\/03\/17-3-768x960.png 768w, https:\/\/eficasablanca.org\/wp-content\/uploads\/2026\/03\/17-3-10x12.png 10w, https:\/\/eficasablanca.org\/wp-content\/uploads\/2026\/03\/17-3.png 1080w\" sizes=\"(max-width: 819px) 100vw, 819px\" \/><\/figure>\n<\/figure>\n\n\n\n<figure class=\"wp-block-gallery has-nested-images columns-default is-cropped wp-block-gallery-2 is-layout-flex wp-block-gallery-is-layout-flex\">\n<figure class=\"wp-block-image size-large\"><img loading=\"lazy\" decoding=\"async\" width=\"819\" height=\"1024\" data-id=\"13619\" src=\"https:\/\/eficasablanca.org\/wp-content\/uploads\/2026\/03\/18-3-819x1024.png\" alt=\"\" class=\"wp-image-13619\" srcset=\"https:\/\/eficasablanca.org\/wp-content\/uploads\/2026\/03\/18-3-819x1024.png 819w, https:\/\/eficasablanca.org\/wp-content\/uploads\/2026\/03\/18-3-240x300.png 240w, https:\/\/eficasablanca.org\/wp-content\/uploads\/2026\/03\/18-3-768x960.png 768w, https:\/\/eficasablanca.org\/wp-content\/uploads\/2026\/03\/18-3-10x12.png 10w, https:\/\/eficasablanca.org\/wp-content\/uploads\/2026\/03\/18-3.png 1080w\" sizes=\"(max-width: 819px) 100vw, 819px\" \/><\/figure>\n\n\n\n<figure class=\"wp-block-image size-large\"><img loading=\"lazy\" decoding=\"async\" width=\"819\" height=\"1024\" data-id=\"13620\" src=\"https:\/\/eficasablanca.org\/wp-content\/uploads\/2026\/03\/19-3-819x1024.png\" alt=\"\" class=\"wp-image-13620\" srcset=\"https:\/\/eficasablanca.org\/wp-content\/uploads\/2026\/03\/19-3-819x1024.png 819w, https:\/\/eficasablanca.org\/wp-content\/uploads\/2026\/03\/19-3-240x300.png 240w, https:\/\/eficasablanca.org\/wp-content\/uploads\/2026\/03\/19-3-768x960.png 768w, https:\/\/eficasablanca.org\/wp-content\/uploads\/2026\/03\/19-3-10x12.png 10w, https:\/\/eficasablanca.org\/wp-content\/uploads\/2026\/03\/19-3.png 1080w\" sizes=\"(max-width: 819px) 100vw, 819px\" \/><\/figure>\n<\/figure>","protected":false},"excerpt":{"rendered":"<p>Du 23 au 27 mars, les \u00e9l\u00e8ves de l&rsquo;EFI Casablanca ont c\u00e9l\u00e9br\u00e9 la Semaine de la Presse et des M\u00e9dias, initiative port\u00e9e par le\u00a0CLEMI, pour sensibiliser les jeunes aux m\u00e9tiers du journalisme, \u00e0 la diversit\u00e9 des m\u00e9dias et aux enjeux de la d\u00e9sinformation. Au programme : visite du site du journal\u00a0l\u2019Economiste, conf\u00e9rences anim\u00e9es par des [&hellip;]<\/p>\n","protected":false},"author":3,"featured_media":13621,"comment_status":"closed","ping_status":"open","sticky":false,"template":"","format":"standard","meta":{"_acf_changed":false,"footnotes":""},"categories":[21],"tags":[],"class_list":["post-13599","post","type-post","status-publish","format-standard","has-post-thumbnail","hentry","category-actualites"],"acf":[],"yoast_head":"<!-- This site is optimized with the Yoast SEO plugin v27.1.1 - https:\/\/yoast.com\/product\/yoast-seo-wordpress\/ -->\n<title>Semaine de la Presse et des M\u00e9dias 2026 - \u00c9cole Fran\u00e7aise Internationale de Casablanca<\/title>\n<meta name=\"description\" content=\"Du 23 au 27 mars, les \u00e9l\u00e8ves de l&#039;EFI Casablanca ont c\u00e9l\u00e9br\u00e9 la Semaine de la Presse et des M\u00e9dias, initiative port\u00e9e par le\u00a0CLEMI, pour sensibiliser les\" \/>\n<meta name=\"robots\" content=\"index, follow, max-snippet:-1, max-image-preview:large, max-video-preview:-1\" \/>\n<link rel=\"canonical\" href=\"https:\/\/eficasablanca.org\/en\/semaine-de-la-presse-et-des-medias-2026\/\" \/>\n<meta property=\"og:locale\" content=\"en_US\" \/>\n<meta property=\"og:type\" content=\"article\" \/>\n<meta property=\"og:title\" content=\"Semaine de la Presse et des M\u00e9dias 2026 - \u00c9cole Fran\u00e7aise Internationale de Casablanca\" \/>\n<meta property=\"og:description\" content=\"Du 23 au 27 mars, les \u00e9l\u00e8ves de l&#039;EFI Casablanca ont c\u00e9l\u00e9br\u00e9 la Semaine de la Presse et des M\u00e9dias, initiative port\u00e9e par le\u00a0CLEMI, pour sensibiliser les\" \/>\n<meta property=\"og:url\" content=\"https:\/\/eficasablanca.org\/en\/semaine-de-la-presse-et-des-medias-2026\/\" \/>\n<meta property=\"og:site_name\" content=\"\u00c9cole Fran\u00e7aise Internationale de Casablanca\" \/>\n<meta property=\"article:publisher\" content=\"https:\/\/www.facebook.com\/EFICasablanca\" \/>\n<meta property=\"article:published_time\" content=\"2026-03-30T14:12:44+00:00\" \/>\n<meta property=\"article:modified_time\" content=\"2026-03-30T14:13:53+00:00\" \/>\n<meta property=\"og:image\" content=\"https:\/\/eficasablanca.org\/wp-content\/uploads\/2026\/03\/Design-sans-titre-34.png\" \/>\n\t<meta property=\"og:image:width\" content=\"867\" \/>\n\t<meta property=\"og:image:height\" content=\"555\" \/>\n\t<meta property=\"og:image:type\" content=\"image\/png\" \/>\n<meta name=\"author\" content=\"it\" \/>\n<meta name=\"twitter:card\" content=\"summary_large_image\" \/>\n<meta name=\"twitter:label1\" content=\"Written by\" \/>\n\t<meta name=\"twitter:data1\" content=\"it\" \/>\n\t<meta name=\"twitter:label2\" content=\"Est. reading time\" \/>\n\t<meta name=\"twitter:data2\" content=\"6 minutes\" \/>\n<script type=\"application\/ld+json\" class=\"yoast-schema-graph\">{\"@context\":\"https:\/\/schema.org\",\"@graph\":[{\"@type\":\"Article\",\"@id\":\"https:\/\/eficasablanca.org\/semaine-de-la-presse-et-des-medias-2026\/#article\",\"isPartOf\":{\"@id\":\"https:\/\/eficasablanca.org\/semaine-de-la-presse-et-des-medias-2026\/\"},\"author\":{\"name\":\"it\",\"@id\":\"https:\/\/eficasablanca.org\/#\/schema\/person\/cd2435603ee779b3c83afe03afe2bf0e\"},\"headline\":\"Semaine de la Presse et des M\u00e9dias 2026\",\"datePublished\":\"2026-03-30T14:12:44+00:00\",\"dateModified\":\"2026-03-30T14:13:53+00:00\",\"mainEntityOfPage\":{\"@id\":\"https:\/\/eficasablanca.org\/semaine-de-la-presse-et-des-medias-2026\/\"},\"wordCount\":248,\"publisher\":{\"@id\":\"https:\/\/eficasablanca.org\/#organization\"},\"image\":{\"@id\":\"https:\/\/eficasablanca.org\/semaine-de-la-presse-et-des-medias-2026\/#primaryimage\"},\"thumbnailUrl\":\"https:\/\/eficasablanca.org\/wp-content\/uploads\/2026\/03\/Design-sans-titre-34.png\",\"articleSection\":[\"Actualit\u00e9s\"],\"inLanguage\":\"en-US\"},{\"@type\":\"WebPage\",\"@id\":\"https:\/\/eficasablanca.org\/semaine-de-la-presse-et-des-medias-2026\/\",\"url\":\"https:\/\/eficasablanca.org\/semaine-de-la-presse-et-des-medias-2026\/\",\"name\":\"Semaine de la Presse et des M\u00e9dias 2026 - \u00c9cole Fran\u00e7aise Internationale de Casablanca\",\"isPartOf\":{\"@id\":\"https:\/\/eficasablanca.org\/#website\"},\"primaryImageOfPage\":{\"@id\":\"https:\/\/eficasablanca.org\/semaine-de-la-presse-et-des-medias-2026\/#primaryimage\"},\"image\":{\"@id\":\"https:\/\/eficasablanca.org\/semaine-de-la-presse-et-des-medias-2026\/#primaryimage\"},\"thumbnailUrl\":\"https:\/\/eficasablanca.org\/wp-content\/uploads\/2026\/03\/Design-sans-titre-34.png\",\"datePublished\":\"2026-03-30T14:12:44+00:00\",\"dateModified\":\"2026-03-30T14:13:53+00:00\",\"description\":\"Du 23 au 27 mars, les \u00e9l\u00e8ves de l'EFI Casablanca ont c\u00e9l\u00e9br\u00e9 la Semaine de la Presse et des M\u00e9dias, initiative port\u00e9e par le\u00a0CLEMI, pour sensibiliser les\",\"breadcrumb\":{\"@id\":\"https:\/\/eficasablanca.org\/semaine-de-la-presse-et-des-medias-2026\/#breadcrumb\"},\"inLanguage\":\"en-US\",\"potentialAction\":[{\"@type\":\"ReadAction\",\"target\":[\"https:\/\/eficasablanca.org\/semaine-de-la-presse-et-des-medias-2026\/\"]}]},{\"@type\":\"ImageObject\",\"inLanguage\":\"en-US\",\"@id\":\"https:\/\/eficasablanca.org\/semaine-de-la-presse-et-des-medias-2026\/#primaryimage\",\"url\":\"https:\/\/eficasablanca.org\/wp-content\/uploads\/2026\/03\/Design-sans-titre-34.png\",\"contentUrl\":\"https:\/\/eficasablanca.org\/wp-content\/uploads\/2026\/03\/Design-sans-titre-34.png\",\"width\":867,\"height\":555},{\"@type\":\"BreadcrumbList\",\"@id\":\"https:\/\/eficasablanca.org\/semaine-de-la-presse-et-des-medias-2026\/#breadcrumb\",\"itemListElement\":[{\"@type\":\"ListItem\",\"position\":1,\"name\":\"Accueil\",\"item\":\"https:\/\/eficasablanca.org\/\"},{\"@type\":\"ListItem\",\"position\":2,\"name\":\"Semaine de la Presse et des M\u00e9dias 2026\"}]},{\"@type\":\"WebSite\",\"@id\":\"https:\/\/eficasablanca.org\/#website\",\"url\":\"https:\/\/eficasablanca.org\/\",\"name\":\"\u00c9cole Fran\u00e7aise Internationale de Casablanca\",\"description\":\"L&#039;\u00c9cole Fran\u00e7aise Internationale\",\"publisher\":{\"@id\":\"https:\/\/eficasablanca.org\/#organization\"},\"potentialAction\":[{\"@type\":\"SearchAction\",\"target\":{\"@type\":\"EntryPoint\",\"urlTemplate\":\"https:\/\/eficasablanca.org\/?s={search_term_string}\"},\"query-input\":{\"@type\":\"PropertyValueSpecification\",\"valueRequired\":true,\"valueName\":\"search_term_string\"}}],\"inLanguage\":\"en-US\"},{\"@type\":\"Organization\",\"@id\":\"https:\/\/eficasablanca.org\/#organization\",\"name\":\"Ecole Fran\u00e7aise Internationale Casablanca\",\"url\":\"https:\/\/eficasablanca.org\/\",\"logo\":{\"@type\":\"ImageObject\",\"inLanguage\":\"en-US\",\"@id\":\"https:\/\/eficasablanca.org\/#\/schema\/logo\/image\/\",\"url\":\"https:\/\/eficasablanca.org\/wp-content\/uploads\/2022\/12\/Logo-EFI-DEF-1-1-02-1.webp\",\"contentUrl\":\"https:\/\/eficasablanca.org\/wp-content\/uploads\/2022\/12\/Logo-EFI-DEF-1-1-02-1.webp\",\"width\":644,\"height\":100,\"caption\":\"Ecole Fran\u00e7aise Internationale Casablanca\"},\"image\":{\"@id\":\"https:\/\/eficasablanca.org\/#\/schema\/logo\/image\/\"},\"sameAs\":[\"https:\/\/www.facebook.com\/EFICasablanca\",\"https:\/\/www.instagram.com\/efi_casablanca\/?hl=fr\",\"https:\/\/www.linkedin.com\/company\/efi-casablanca\/about\/?viewAsMember=true\"]},{\"@type\":\"Person\",\"@id\":\"https:\/\/eficasablanca.org\/#\/schema\/person\/cd2435603ee779b3c83afe03afe2bf0e\",\"name\":\"it\",\"url\":\"https:\/\/eficasablanca.org\/en\/author\/it\/\"}]}<\/script>\n<!-- \/ Yoast SEO plugin. -->","yoast_head_json":{"title":"Semaine de la Presse et des M\u00e9dias 2026 - \u00c9cole Fran\u00e7aise Internationale de Casablanca","description":"Du 23 au 27 mars, les \u00e9l\u00e8ves de l'EFI Casablanca ont c\u00e9l\u00e9br\u00e9 la Semaine de la Presse et des M\u00e9dias, initiative port\u00e9e par le\u00a0CLEMI, pour sensibiliser les","robots":{"index":"index","follow":"follow","max-snippet":"max-snippet:-1","max-image-preview":"max-image-preview:large","max-video-preview":"max-video-preview:-1"},"canonical":"https:\/\/eficasablanca.org\/en\/semaine-de-la-presse-et-des-medias-2026\/","og_locale":"en_US","og_type":"article","og_title":"Semaine de la Presse et des M\u00e9dias 2026 - \u00c9cole Fran\u00e7aise Internationale de Casablanca","og_description":"Du 23 au 27 mars, les \u00e9l\u00e8ves de l'EFI Casablanca ont c\u00e9l\u00e9br\u00e9 la Semaine de la Presse et des M\u00e9dias, initiative port\u00e9e par le\u00a0CLEMI, pour sensibiliser les","og_url":"https:\/\/eficasablanca.org\/en\/semaine-de-la-presse-et-des-medias-2026\/","og_site_name":"\u00c9cole Fran\u00e7aise Internationale de Casablanca","article_publisher":"https:\/\/www.facebook.com\/EFICasablanca","article_published_time":"2026-03-30T14:12:44+00:00","article_modified_time":"2026-03-30T14:13:53+00:00","og_image":[{"width":867,"height":555,"url":"https:\/\/eficasablanca.org\/wp-content\/uploads\/2026\/03\/Design-sans-titre-34.png","type":"image\/png"}],"author":"it","twitter_card":"summary_large_image","twitter_misc":{"Written by":"it","Est. reading time":"6 minutes"},"schema":{"@context":"https:\/\/schema.org","@graph":[{"@type":"Article","@id":"https:\/\/eficasablanca.org\/semaine-de-la-presse-et-des-medias-2026\/#article","isPartOf":{"@id":"https:\/\/eficasablanca.org\/semaine-de-la-presse-et-des-medias-2026\/"},"author":{"name":"it","@id":"https:\/\/eficasablanca.org\/#\/schema\/person\/cd2435603ee779b3c83afe03afe2bf0e"},"headline":"Semaine de la Presse et des M\u00e9dias 2026","datePublished":"2026-03-30T14:12:44+00:00","dateModified":"2026-03-30T14:13:53+00:00","mainEntityOfPage":{"@id":"https:\/\/eficasablanca.org\/semaine-de-la-presse-et-des-medias-2026\/"},"wordCount":248,"publisher":{"@id":"https:\/\/eficasablanca.org\/#organization"},"image":{"@id":"https:\/\/eficasablanca.org\/semaine-de-la-presse-et-des-medias-2026\/#primaryimage"},"thumbnailUrl":"https:\/\/eficasablanca.org\/wp-content\/uploads\/2026\/03\/Design-sans-titre-34.png","articleSection":["Actualit\u00e9s"],"inLanguage":"en-US"},{"@type":"WebPage","@id":"https:\/\/eficasablanca.org\/semaine-de-la-presse-et-des-medias-2026\/","url":"https:\/\/eficasablanca.org\/semaine-de-la-presse-et-des-medias-2026\/","name":"Semaine de la Presse et des M\u00e9dias 2026 - \u00c9cole Fran\u00e7aise Internationale de Casablanca","isPartOf":{"@id":"https:\/\/eficasablanca.org\/#website"},"primaryImageOfPage":{"@id":"https:\/\/eficasablanca.org\/semaine-de-la-presse-et-des-medias-2026\/#primaryimage"},"image":{"@id":"https:\/\/eficasablanca.org\/semaine-de-la-presse-et-des-medias-2026\/#primaryimage"},"thumbnailUrl":"https:\/\/eficasablanca.org\/wp-content\/uploads\/2026\/03\/Design-sans-titre-34.png","datePublished":"2026-03-30T14:12:44+00:00","dateModified":"2026-03-30T14:13:53+00:00","description":"Du 23 au 27 mars, les \u00e9l\u00e8ves de l'EFI Casablanca ont c\u00e9l\u00e9br\u00e9 la Semaine de la Presse et des M\u00e9dias, initiative port\u00e9e par le\u00a0CLEMI, pour sensibiliser les","breadcrumb":{"@id":"https:\/\/eficasablanca.org\/semaine-de-la-presse-et-des-medias-2026\/#breadcrumb"},"inLanguage":"en-US","potentialAction":[{"@type":"ReadAction","target":["https:\/\/eficasablanca.org\/semaine-de-la-presse-et-des-medias-2026\/"]}]},{"@type":"ImageObject","inLanguage":"en-US","@id":"https:\/\/eficasablanca.org\/semaine-de-la-presse-et-des-medias-2026\/#primaryimage","url":"https:\/\/eficasablanca.org\/wp-content\/uploads\/2026\/03\/Design-sans-titre-34.png","contentUrl":"https:\/\/eficasablanca.org\/wp-content\/uploads\/2026\/03\/Design-sans-titre-34.png","width":867,"height":555},{"@type":"BreadcrumbList","@id":"https:\/\/eficasablanca.org\/semaine-de-la-presse-et-des-medias-2026\/#breadcrumb","itemListElement":[{"@type":"ListItem","position":1,"name":"Accueil","item":"https:\/\/eficasablanca.org\/"},{"@type":"ListItem","position":2,"name":"Semaine de la Presse et des M\u00e9dias 2026"}]},{"@type":"WebSite","@id":"https:\/\/eficasablanca.org\/#website","url":"https:\/\/eficasablanca.org\/","name":"Casablanca International French School","description":"L&#039;\u00c9cole Fran\u00e7aise Internationale","publisher":{"@id":"https:\/\/eficasablanca.org\/#organization"},"potentialAction":[{"@type":"SearchAction","target":{"@type":"EntryPoint","urlTemplate":"https:\/\/eficasablanca.org\/?s={search_term_string}"},"query-input":{"@type":"PropertyValueSpecification","valueRequired":true,"valueName":"search_term_string"}}],"inLanguage":"en-US"},{"@type":"Organization","@id":"https:\/\/eficasablanca.org\/#organization","name":"Ecole Fran\u00e7aise Internationale Casablanca","url":"https:\/\/eficasablanca.org\/","logo":{"@type":"ImageObject","inLanguage":"en-US","@id":"https:\/\/eficasablanca.org\/#\/schema\/logo\/image\/","url":"https:\/\/eficasablanca.org\/wp-content\/uploads\/2022\/12\/Logo-EFI-DEF-1-1-02-1.webp","contentUrl":"https:\/\/eficasablanca.org\/wp-content\/uploads\/2022\/12\/Logo-EFI-DEF-1-1-02-1.webp","width":644,"height":100,"caption":"Ecole Fran\u00e7aise Internationale Casablanca"},"image":{"@id":"https:\/\/eficasablanca.org\/#\/schema\/logo\/image\/"},"sameAs":["https:\/\/www.facebook.com\/EFICasablanca","https:\/\/www.instagram.com\/efi_casablanca\/?hl=fr","https:\/\/www.linkedin.com\/company\/efi-casablanca\/about\/?viewAsMember=true"]},{"@type":"Person","@id":"https:\/\/eficasablanca.org\/#\/schema\/person\/cd2435603ee779b3c83afe03afe2bf0e","name":"it","url":"https:\/\/eficasablanca.org\/en\/author\/it\/"}]}},"_links":{"self":[{"href":"https:\/\/eficasablanca.org\/en\/wp-json\/wp\/v2\/posts\/13599","targetHints":{"allow":["GET"]}}],"collection":[{"href":"https:\/\/eficasablanca.org\/en\/wp-json\/wp\/v2\/posts"}],"about":[{"href":"https:\/\/eficasablanca.org\/en\/wp-json\/wp\/v2\/types\/post"}],"author":[{"embeddable":true,"href":"https:\/\/eficasablanca.org\/en\/wp-json\/wp\/v2\/users\/3"}],"replies":[{"embeddable":true,"href":"https:\/\/eficasablanca.org\/en\/wp-json\/wp\/v2\/comments?post=13599"}],"version-history":[{"count":2,"href":"https:\/\/eficasablanca.org\/en\/wp-json\/wp\/v2\/posts\/13599\/revisions"}],"predecessor-version":[{"id":13623,"href":"https:\/\/eficasablanca.org\/en\/wp-json\/wp\/v2\/posts\/13599\/revisions\/13623"}],"wp:featuredmedia":[{"embeddable":true,"href":"https:\/\/eficasablanca.org\/en\/wp-json\/wp\/v2\/media\/13621"}],"wp:attachment":[{"href":"https:\/\/eficasablanca.org\/en\/wp-json\/wp\/v2\/media?parent=13599"}],"wp:term":[{"taxonomy":"category","embeddable":true,"href":"https:\/\/eficasablanca.org\/en\/wp-json\/wp\/v2\/categories?post=13599"},{"taxonomy":"post_tag","embeddable":true,"href":"https:\/\/eficasablanca.org\/en\/wp-json\/wp\/v2\/tags?post=13599"}],"curies":[{"name":"wp","href":"https:\/\/api.w.org\/{rel}","templated":true}]}}