{"id":13723,"date":"2026-03-27T17:54:02","date_gmt":"2026-03-27T16:54:02","guid":{"rendered":"https:\/\/eficasablanca.org\/?p=13723"},"modified":"2026-04-03T17:55:44","modified_gmt":"2026-04-03T16:55:44","slug":"rallye-mathematiques","status":"publish","type":"post","link":"https:\/\/eficasablanca.org\/en\/rallye-mathematiques\/","title":{"rendered":"Rallye Math\u00e9matiques"},"content":{"rendered":"<p>Dans la semaine du 23 mars, les \u00e9l\u00e8ves de 6\u00e8me et de CM2 ont relev\u00e9 ensemble le d\u00e9fi du Rallye Math\u00e9matiques sans Fronti\u00e8res. Ce concours international, fond\u00e9 sur la r\u00e9solution collaborative d\u2019\u00e9nigmes logiques et math\u00e9matiques s\u2019inscrit dans le cadre de la liaison CM2-6\u00e8me et permet aux \u00e9l\u00e8ves de croiser leurs comp\u00e9tences, de confronter leurs raisonnements et de construire, ensemble, des strat\u00e9gies efficaces. <\/p>\n\n\n\n<p>L&rsquo;EFI Casablanca les f\u00e9licite et remercie les \u00e9quipes p\u00e9dagogiques pour leur encadrement.<\/p>\n\n\n\n<p>During the week of March 23, students from <strong>6\u00e8me<\/strong> and <strong>CM2 (5th grade)<\/strong> took on the challenge of the <em>Math\u00e9matiques sans Fronti\u00e8res<\/em> Rally together.This international competition, based on the collaborative solving of logical and mathematical problems, is part of the <strong>CM2\u20136\u00e8me<\/strong> transition program. It allows students to combine their skills, compare their reasoning, and develop effective strategies together.<\/p>\n\n\n\n<p>The French International School of Casablanca congratulates them and thanks the teaching teams for their support and guidance.<\/p>\n\n\n\n<figure class=\"wp-block-gallery has-nested-images columns-default is-cropped wp-block-gallery-1 is-layout-flex wp-block-gallery-is-layout-flex\">\n<figure class=\"wp-block-image size-large\"><img fetchpriority=\"high\" decoding=\"async\" width=\"819\" height=\"1024\" data-id=\"13725\" src=\"https:\/\/eficasablanca.org\/wp-content\/uploads\/2026\/04\/1-1-819x1024.png\" alt=\"\" class=\"wp-image-13725\" srcset=\"https:\/\/eficasablanca.org\/wp-content\/uploads\/2026\/04\/1-1-819x1024.png 819w, https:\/\/eficasablanca.org\/wp-content\/uploads\/2026\/04\/1-1-240x300.png 240w, https:\/\/eficasablanca.org\/wp-content\/uploads\/2026\/04\/1-1-768x960.png 768w, https:\/\/eficasablanca.org\/wp-content\/uploads\/2026\/04\/1-1-10x12.png 10w, https:\/\/eficasablanca.org\/wp-content\/uploads\/2026\/04\/1-1.png 1080w\" sizes=\"(max-width: 819px) 100vw, 819px\" \/><\/figure>\n\n\n\n<figure class=\"wp-block-image size-large\"><img decoding=\"async\" width=\"819\" height=\"1024\" data-id=\"13724\" src=\"https:\/\/eficasablanca.org\/wp-content\/uploads\/2026\/04\/2-1-819x1024.png\" alt=\"\" class=\"wp-image-13724\" srcset=\"https:\/\/eficasablanca.org\/wp-content\/uploads\/2026\/04\/2-1-819x1024.png 819w, https:\/\/eficasablanca.org\/wp-content\/uploads\/2026\/04\/2-1-240x300.png 240w, https:\/\/eficasablanca.org\/wp-content\/uploads\/2026\/04\/2-1-768x960.png 768w, https:\/\/eficasablanca.org\/wp-content\/uploads\/2026\/04\/2-1-10x12.png 10w, https:\/\/eficasablanca.org\/wp-content\/uploads\/2026\/04\/2-1.png 1080w\" sizes=\"(max-width: 819px) 100vw, 819px\" \/><\/figure>\n\n\n\n<figure class=\"wp-block-image size-large\"><img decoding=\"async\" width=\"819\" height=\"1024\" data-id=\"13726\" src=\"https:\/\/eficasablanca.org\/wp-content\/uploads\/2026\/04\/3-1-819x1024.png\" alt=\"\" class=\"wp-image-13726\" srcset=\"https:\/\/eficasablanca.org\/wp-content\/uploads\/2026\/04\/3-1-819x1024.png 819w, https:\/\/eficasablanca.org\/wp-content\/uploads\/2026\/04\/3-1-240x300.png 240w, https:\/\/eficasablanca.org\/wp-content\/uploads\/2026\/04\/3-1-768x960.png 768w, https:\/\/eficasablanca.org\/wp-content\/uploads\/2026\/04\/3-1-10x12.png 10w, https:\/\/eficasablanca.org\/wp-content\/uploads\/2026\/04\/3-1.png 1080w\" sizes=\"(max-width: 819px) 100vw, 819px\" \/><\/figure>\n\n\n\n<figure class=\"wp-block-image size-large\"><img loading=\"lazy\" decoding=\"async\" width=\"819\" height=\"1024\" data-id=\"13729\" src=\"https:\/\/eficasablanca.org\/wp-content\/uploads\/2026\/04\/4-1-819x1024.png\" alt=\"\" class=\"wp-image-13729\" srcset=\"https:\/\/eficasablanca.org\/wp-content\/uploads\/2026\/04\/4-1-819x1024.png 819w, https:\/\/eficasablanca.org\/wp-content\/uploads\/2026\/04\/4-1-240x300.png 240w, https:\/\/eficasablanca.org\/wp-content\/uploads\/2026\/04\/4-1-768x960.png 768w, https:\/\/eficasablanca.org\/wp-content\/uploads\/2026\/04\/4-1-10x12.png 10w, https:\/\/eficasablanca.org\/wp-content\/uploads\/2026\/04\/4-1.png 1080w\" sizes=\"(max-width: 819px) 100vw, 819px\" \/><\/figure>\n\n\n\n<figure class=\"wp-block-image size-large\"><img loading=\"lazy\" decoding=\"async\" width=\"819\" height=\"1024\" data-id=\"13728\" src=\"https:\/\/eficasablanca.org\/wp-content\/uploads\/2026\/04\/5-1-819x1024.png\" alt=\"\" class=\"wp-image-13728\" srcset=\"https:\/\/eficasablanca.org\/wp-content\/uploads\/2026\/04\/5-1-819x1024.png 819w, https:\/\/eficasablanca.org\/wp-content\/uploads\/2026\/04\/5-1-240x300.png 240w, https:\/\/eficasablanca.org\/wp-content\/uploads\/2026\/04\/5-1-768x960.png 768w, https:\/\/eficasablanca.org\/wp-content\/uploads\/2026\/04\/5-1-10x12.png 10w, https:\/\/eficasablanca.org\/wp-content\/uploads\/2026\/04\/5-1.png 1080w\" sizes=\"(max-width: 819px) 100vw, 819px\" \/><\/figure>\n\n\n\n<figure class=\"wp-block-image size-large\"><img loading=\"lazy\" decoding=\"async\" width=\"819\" height=\"1024\" data-id=\"13727\" src=\"https:\/\/eficasablanca.org\/wp-content\/uploads\/2026\/04\/6-1-819x1024.png\" alt=\"\" class=\"wp-image-13727\" srcset=\"https:\/\/eficasablanca.org\/wp-content\/uploads\/2026\/04\/6-1-819x1024.png 819w, https:\/\/eficasablanca.org\/wp-content\/uploads\/2026\/04\/6-1-240x300.png 240w, https:\/\/eficasablanca.org\/wp-content\/uploads\/2026\/04\/6-1-768x960.png 768w, https:\/\/eficasablanca.org\/wp-content\/uploads\/2026\/04\/6-1-10x12.png 10w, https:\/\/eficasablanca.org\/wp-content\/uploads\/2026\/04\/6-1.png 1080w\" sizes=\"(max-width: 819px) 100vw, 819px\" \/><\/figure>\n\n\n\n<figure class=\"wp-block-image size-large\"><img loading=\"lazy\" decoding=\"async\" width=\"819\" height=\"1024\" data-id=\"13730\" src=\"https:\/\/eficasablanca.org\/wp-content\/uploads\/2026\/04\/7-1-819x1024.png\" alt=\"\" class=\"wp-image-13730\" srcset=\"https:\/\/eficasablanca.org\/wp-content\/uploads\/2026\/04\/7-1-819x1024.png 819w, https:\/\/eficasablanca.org\/wp-content\/uploads\/2026\/04\/7-1-240x300.png 240w, https:\/\/eficasablanca.org\/wp-content\/uploads\/2026\/04\/7-1-768x960.png 768w, https:\/\/eficasablanca.org\/wp-content\/uploads\/2026\/04\/7-1-10x12.png 10w, https:\/\/eficasablanca.org\/wp-content\/uploads\/2026\/04\/7-1.png 1080w\" sizes=\"(max-width: 819px) 100vw, 819px\" \/><\/figure>\n\n\n\n<figure class=\"wp-block-image size-large\"><img loading=\"lazy\" decoding=\"async\" width=\"819\" height=\"1024\" data-id=\"13731\" src=\"https:\/\/eficasablanca.org\/wp-content\/uploads\/2026\/04\/8-1-819x1024.png\" alt=\"\" class=\"wp-image-13731\" srcset=\"https:\/\/eficasablanca.org\/wp-content\/uploads\/2026\/04\/8-1-819x1024.png 819w, https:\/\/eficasablanca.org\/wp-content\/uploads\/2026\/04\/8-1-240x300.png 240w, https:\/\/eficasablanca.org\/wp-content\/uploads\/2026\/04\/8-1-768x960.png 768w, https:\/\/eficasablanca.org\/wp-content\/uploads\/2026\/04\/8-1-10x12.png 10w, https:\/\/eficasablanca.org\/wp-content\/uploads\/2026\/04\/8-1.png 1080w\" sizes=\"(max-width: 819px) 100vw, 819px\" \/><\/figure>\n<\/figure>\n\n\n\n<figure class=\"wp-block-gallery has-nested-images columns-default is-cropped wp-block-gallery-2 is-layout-flex wp-block-gallery-is-layout-flex\">\n<figure class=\"wp-block-image size-large\"><img loading=\"lazy\" decoding=\"async\" width=\"819\" height=\"1024\" data-id=\"13734\" src=\"https:\/\/eficasablanca.org\/wp-content\/uploads\/2026\/04\/9-2-819x1024.png\" alt=\"\" class=\"wp-image-13734\" srcset=\"https:\/\/eficasablanca.org\/wp-content\/uploads\/2026\/04\/9-2-819x1024.png 819w, https:\/\/eficasablanca.org\/wp-content\/uploads\/2026\/04\/9-2-240x300.png 240w, https:\/\/eficasablanca.org\/wp-content\/uploads\/2026\/04\/9-2-768x960.png 768w, https:\/\/eficasablanca.org\/wp-content\/uploads\/2026\/04\/9-2-10x12.png 10w, https:\/\/eficasablanca.org\/wp-content\/uploads\/2026\/04\/9-2.png 1080w\" sizes=\"(max-width: 819px) 100vw, 819px\" \/><\/figure>\n\n\n\n<figure class=\"wp-block-image size-large\"><img loading=\"lazy\" decoding=\"async\" width=\"819\" height=\"1024\" data-id=\"13735\" src=\"https:\/\/eficasablanca.org\/wp-content\/uploads\/2026\/04\/10-2-819x1024.png\" alt=\"\" class=\"wp-image-13735\" srcset=\"https:\/\/eficasablanca.org\/wp-content\/uploads\/2026\/04\/10-2-819x1024.png 819w, https:\/\/eficasablanca.org\/wp-content\/uploads\/2026\/04\/10-2-240x300.png 240w, https:\/\/eficasablanca.org\/wp-content\/uploads\/2026\/04\/10-2-768x960.png 768w, https:\/\/eficasablanca.org\/wp-content\/uploads\/2026\/04\/10-2-10x12.png 10w, https:\/\/eficasablanca.org\/wp-content\/uploads\/2026\/04\/10-2.png 1080w\" sizes=\"(max-width: 819px) 100vw, 819px\" \/><\/figure>\n<\/figure>","protected":false},"excerpt":{"rendered":"<p>Dans la semaine du 23 mars, les \u00e9l\u00e8ves de 6\u00e8me et de CM2 ont relev\u00e9 ensemble le d\u00e9fi du Rallye Math\u00e9matiques sans Fronti\u00e8res. Ce concours international, fond\u00e9 sur la r\u00e9solution collaborative d\u2019\u00e9nigmes logiques et math\u00e9matiques s\u2019inscrit dans le cadre de la liaison CM2-6\u00e8me et permet aux \u00e9l\u00e8ves de croiser leurs comp\u00e9tences, de confronter leurs raisonnements [&hellip;]<\/p>\n","protected":false},"author":3,"featured_media":13739,"comment_status":"closed","ping_status":"open","sticky":false,"template":"","format":"standard","meta":{"_acf_changed":false,"footnotes":""},"categories":[21],"tags":[],"class_list":["post-13723","post","type-post","status-publish","format-standard","has-post-thumbnail","hentry","category-actualites"],"acf":[],"yoast_head":"<!-- This site is optimized with the Yoast SEO plugin v27.1.1 - https:\/\/yoast.com\/product\/yoast-seo-wordpress\/ -->\n<title>Rallye Math\u00e9matiques - \u00c9cole Fran\u00e7aise Internationale de Casablanca<\/title>\n<meta name=\"description\" content=\"Dans la semaine du 23 mars, les \u00e9l\u00e8ves de 6\u00e8me et de CM2 ont relev\u00e9 ensemble le d\u00e9fi du Rallye Math\u00e9matiques sans Fronti\u00e8res. Ce concours international,\" \/>\n<meta name=\"robots\" content=\"index, follow, max-snippet:-1, max-image-preview:large, max-video-preview:-1\" \/>\n<link rel=\"canonical\" href=\"https:\/\/eficasablanca.org\/en\/rallye-mathematiques\/\" \/>\n<meta property=\"og:locale\" content=\"en_US\" \/>\n<meta property=\"og:type\" content=\"article\" \/>\n<meta property=\"og:title\" content=\"Rallye Math\u00e9matiques - \u00c9cole Fran\u00e7aise Internationale de Casablanca\" \/>\n<meta property=\"og:description\" content=\"Dans la semaine du 23 mars, les \u00e9l\u00e8ves de 6\u00e8me et de CM2 ont relev\u00e9 ensemble le d\u00e9fi du Rallye Math\u00e9matiques sans Fronti\u00e8res. Ce concours international,\" \/>\n<meta property=\"og:url\" content=\"https:\/\/eficasablanca.org\/en\/rallye-mathematiques\/\" \/>\n<meta property=\"og:site_name\" content=\"\u00c9cole Fran\u00e7aise Internationale de Casablanca\" \/>\n<meta property=\"article:publisher\" content=\"https:\/\/www.facebook.com\/EFICasablanca\" \/>\n<meta property=\"article:published_time\" content=\"2026-03-27T16:54:02+00:00\" \/>\n<meta property=\"article:modified_time\" content=\"2026-04-03T16:55:44+00:00\" \/>\n<meta property=\"og:image\" content=\"https:\/\/eficasablanca.org\/wp-content\/uploads\/2026\/04\/Banniere-68.png\" \/>\n\t<meta property=\"og:image:width\" content=\"867\" \/>\n\t<meta property=\"og:image:height\" content=\"555\" \/>\n\t<meta property=\"og:image:type\" content=\"image\/png\" \/>\n<meta name=\"author\" content=\"it\" \/>\n<meta name=\"twitter:card\" content=\"summary_large_image\" \/>\n<meta name=\"twitter:label1\" content=\"Written by\" \/>\n\t<meta name=\"twitter:data1\" content=\"it\" \/>\n\t<meta name=\"twitter:label2\" content=\"Est. reading time\" \/>\n\t<meta name=\"twitter:data2\" content=\"3 minutes\" \/>\n<script type=\"application\/ld+json\" class=\"yoast-schema-graph\">{\"@context\":\"https:\/\/schema.org\",\"@graph\":[{\"@type\":\"Article\",\"@id\":\"https:\/\/eficasablanca.org\/rallye-mathematiques\/#article\",\"isPartOf\":{\"@id\":\"https:\/\/eficasablanca.org\/rallye-mathematiques\/\"},\"author\":{\"name\":\"it\",\"@id\":\"https:\/\/eficasablanca.org\/#\/schema\/person\/cd2435603ee779b3c83afe03afe2bf0e\"},\"headline\":\"Rallye Math\u00e9matiques\",\"datePublished\":\"2026-03-27T16:54:02+00:00\",\"dateModified\":\"2026-04-03T16:55:44+00:00\",\"mainEntityOfPage\":{\"@id\":\"https:\/\/eficasablanca.org\/rallye-mathematiques\/\"},\"wordCount\":169,\"publisher\":{\"@id\":\"https:\/\/eficasablanca.org\/#organization\"},\"image\":{\"@id\":\"https:\/\/eficasablanca.org\/rallye-mathematiques\/#primaryimage\"},\"thumbnailUrl\":\"https:\/\/eficasablanca.org\/wp-content\/uploads\/2026\/04\/Banniere-68.png\",\"articleSection\":[\"Actualit\u00e9s\"],\"inLanguage\":\"en-US\"},{\"@type\":\"WebPage\",\"@id\":\"https:\/\/eficasablanca.org\/rallye-mathematiques\/\",\"url\":\"https:\/\/eficasablanca.org\/rallye-mathematiques\/\",\"name\":\"Rallye Math\u00e9matiques - \u00c9cole Fran\u00e7aise Internationale de Casablanca\",\"isPartOf\":{\"@id\":\"https:\/\/eficasablanca.org\/#website\"},\"primaryImageOfPage\":{\"@id\":\"https:\/\/eficasablanca.org\/rallye-mathematiques\/#primaryimage\"},\"image\":{\"@id\":\"https:\/\/eficasablanca.org\/rallye-mathematiques\/#primaryimage\"},\"thumbnailUrl\":\"https:\/\/eficasablanca.org\/wp-content\/uploads\/2026\/04\/Banniere-68.png\",\"datePublished\":\"2026-03-27T16:54:02+00:00\",\"dateModified\":\"2026-04-03T16:55:44+00:00\",\"description\":\"Dans la semaine du 23 mars, les \u00e9l\u00e8ves de 6\u00e8me et de CM2 ont relev\u00e9 ensemble le d\u00e9fi du Rallye Math\u00e9matiques sans Fronti\u00e8res. Ce concours international,\",\"breadcrumb\":{\"@id\":\"https:\/\/eficasablanca.org\/rallye-mathematiques\/#breadcrumb\"},\"inLanguage\":\"en-US\",\"potentialAction\":[{\"@type\":\"ReadAction\",\"target\":[\"https:\/\/eficasablanca.org\/rallye-mathematiques\/\"]}]},{\"@type\":\"ImageObject\",\"inLanguage\":\"en-US\",\"@id\":\"https:\/\/eficasablanca.org\/rallye-mathematiques\/#primaryimage\",\"url\":\"https:\/\/eficasablanca.org\/wp-content\/uploads\/2026\/04\/Banniere-68.png\",\"contentUrl\":\"https:\/\/eficasablanca.org\/wp-content\/uploads\/2026\/04\/Banniere-68.png\",\"width\":867,\"height\":555},{\"@type\":\"BreadcrumbList\",\"@id\":\"https:\/\/eficasablanca.org\/rallye-mathematiques\/#breadcrumb\",\"itemListElement\":[{\"@type\":\"ListItem\",\"position\":1,\"name\":\"Accueil\",\"item\":\"https:\/\/eficasablanca.org\/\"},{\"@type\":\"ListItem\",\"position\":2,\"name\":\"Rallye Math\u00e9matiques\"}]},{\"@type\":\"WebSite\",\"@id\":\"https:\/\/eficasablanca.org\/#website\",\"url\":\"https:\/\/eficasablanca.org\/\",\"name\":\"\u00c9cole Fran\u00e7aise Internationale de Casablanca\",\"description\":\"L&#039;\u00c9cole Fran\u00e7aise Internationale\",\"publisher\":{\"@id\":\"https:\/\/eficasablanca.org\/#organization\"},\"potentialAction\":[{\"@type\":\"SearchAction\",\"target\":{\"@type\":\"EntryPoint\",\"urlTemplate\":\"https:\/\/eficasablanca.org\/?s={search_term_string}\"},\"query-input\":{\"@type\":\"PropertyValueSpecification\",\"valueRequired\":true,\"valueName\":\"search_term_string\"}}],\"inLanguage\":\"en-US\"},{\"@type\":\"Organization\",\"@id\":\"https:\/\/eficasablanca.org\/#organization\",\"name\":\"Ecole Fran\u00e7aise Internationale Casablanca\",\"url\":\"https:\/\/eficasablanca.org\/\",\"logo\":{\"@type\":\"ImageObject\",\"inLanguage\":\"en-US\",\"@id\":\"https:\/\/eficasablanca.org\/#\/schema\/logo\/image\/\",\"url\":\"https:\/\/eficasablanca.org\/wp-content\/uploads\/2022\/12\/Logo-EFI-DEF-1-1-02-1.webp\",\"contentUrl\":\"https:\/\/eficasablanca.org\/wp-content\/uploads\/2022\/12\/Logo-EFI-DEF-1-1-02-1.webp\",\"width\":644,\"height\":100,\"caption\":\"Ecole Fran\u00e7aise Internationale Casablanca\"},\"image\":{\"@id\":\"https:\/\/eficasablanca.org\/#\/schema\/logo\/image\/\"},\"sameAs\":[\"https:\/\/www.facebook.com\/EFICasablanca\",\"https:\/\/www.instagram.com\/efi_casablanca\/?hl=fr\",\"https:\/\/www.linkedin.com\/company\/efi-casablanca\/about\/?viewAsMember=true\"]},{\"@type\":\"Person\",\"@id\":\"https:\/\/eficasablanca.org\/#\/schema\/person\/cd2435603ee779b3c83afe03afe2bf0e\",\"name\":\"it\",\"url\":\"https:\/\/eficasablanca.org\/en\/author\/it\/\"}]}<\/script>\n<!-- \/ Yoast SEO plugin. -->","yoast_head_json":{"title":"Rallye Math\u00e9matiques - \u00c9cole Fran\u00e7aise Internationale de Casablanca","description":"Dans la semaine du 23 mars, les \u00e9l\u00e8ves de 6\u00e8me et de CM2 ont relev\u00e9 ensemble le d\u00e9fi du Rallye Math\u00e9matiques sans Fronti\u00e8res. Ce concours international,","robots":{"index":"index","follow":"follow","max-snippet":"max-snippet:-1","max-image-preview":"max-image-preview:large","max-video-preview":"max-video-preview:-1"},"canonical":"https:\/\/eficasablanca.org\/en\/rallye-mathematiques\/","og_locale":"en_US","og_type":"article","og_title":"Rallye Math\u00e9matiques - \u00c9cole Fran\u00e7aise Internationale de Casablanca","og_description":"Dans la semaine du 23 mars, les \u00e9l\u00e8ves de 6\u00e8me et de CM2 ont relev\u00e9 ensemble le d\u00e9fi du Rallye Math\u00e9matiques sans Fronti\u00e8res. Ce concours international,","og_url":"https:\/\/eficasablanca.org\/en\/rallye-mathematiques\/","og_site_name":"\u00c9cole Fran\u00e7aise Internationale de Casablanca","article_publisher":"https:\/\/www.facebook.com\/EFICasablanca","article_published_time":"2026-03-27T16:54:02+00:00","article_modified_time":"2026-04-03T16:55:44+00:00","og_image":[{"width":867,"height":555,"url":"https:\/\/eficasablanca.org\/wp-content\/uploads\/2026\/04\/Banniere-68.png","type":"image\/png"}],"author":"it","twitter_card":"summary_large_image","twitter_misc":{"Written by":"it","Est. reading time":"3 minutes"},"schema":{"@context":"https:\/\/schema.org","@graph":[{"@type":"Article","@id":"https:\/\/eficasablanca.org\/rallye-mathematiques\/#article","isPartOf":{"@id":"https:\/\/eficasablanca.org\/rallye-mathematiques\/"},"author":{"name":"it","@id":"https:\/\/eficasablanca.org\/#\/schema\/person\/cd2435603ee779b3c83afe03afe2bf0e"},"headline":"Rallye Math\u00e9matiques","datePublished":"2026-03-27T16:54:02+00:00","dateModified":"2026-04-03T16:55:44+00:00","mainEntityOfPage":{"@id":"https:\/\/eficasablanca.org\/rallye-mathematiques\/"},"wordCount":169,"publisher":{"@id":"https:\/\/eficasablanca.org\/#organization"},"image":{"@id":"https:\/\/eficasablanca.org\/rallye-mathematiques\/#primaryimage"},"thumbnailUrl":"https:\/\/eficasablanca.org\/wp-content\/uploads\/2026\/04\/Banniere-68.png","articleSection":["Actualit\u00e9s"],"inLanguage":"en-US"},{"@type":"WebPage","@id":"https:\/\/eficasablanca.org\/rallye-mathematiques\/","url":"https:\/\/eficasablanca.org\/rallye-mathematiques\/","name":"Rallye Math\u00e9matiques - \u00c9cole Fran\u00e7aise Internationale de Casablanca","isPartOf":{"@id":"https:\/\/eficasablanca.org\/#website"},"primaryImageOfPage":{"@id":"https:\/\/eficasablanca.org\/rallye-mathematiques\/#primaryimage"},"image":{"@id":"https:\/\/eficasablanca.org\/rallye-mathematiques\/#primaryimage"},"thumbnailUrl":"https:\/\/eficasablanca.org\/wp-content\/uploads\/2026\/04\/Banniere-68.png","datePublished":"2026-03-27T16:54:02+00:00","dateModified":"2026-04-03T16:55:44+00:00","description":"Dans la semaine du 23 mars, les \u00e9l\u00e8ves de 6\u00e8me et de CM2 ont relev\u00e9 ensemble le d\u00e9fi du Rallye Math\u00e9matiques sans Fronti\u00e8res. Ce concours international,","breadcrumb":{"@id":"https:\/\/eficasablanca.org\/rallye-mathematiques\/#breadcrumb"},"inLanguage":"en-US","potentialAction":[{"@type":"ReadAction","target":["https:\/\/eficasablanca.org\/rallye-mathematiques\/"]}]},{"@type":"ImageObject","inLanguage":"en-US","@id":"https:\/\/eficasablanca.org\/rallye-mathematiques\/#primaryimage","url":"https:\/\/eficasablanca.org\/wp-content\/uploads\/2026\/04\/Banniere-68.png","contentUrl":"https:\/\/eficasablanca.org\/wp-content\/uploads\/2026\/04\/Banniere-68.png","width":867,"height":555},{"@type":"BreadcrumbList","@id":"https:\/\/eficasablanca.org\/rallye-mathematiques\/#breadcrumb","itemListElement":[{"@type":"ListItem","position":1,"name":"Accueil","item":"https:\/\/eficasablanca.org\/"},{"@type":"ListItem","position":2,"name":"Rallye Math\u00e9matiques"}]},{"@type":"WebSite","@id":"https:\/\/eficasablanca.org\/#website","url":"https:\/\/eficasablanca.org\/","name":"Casablanca International French School","description":"L&#039;\u00c9cole Fran\u00e7aise Internationale","publisher":{"@id":"https:\/\/eficasablanca.org\/#organization"},"potentialAction":[{"@type":"SearchAction","target":{"@type":"EntryPoint","urlTemplate":"https:\/\/eficasablanca.org\/?s={search_term_string}"},"query-input":{"@type":"PropertyValueSpecification","valueRequired":true,"valueName":"search_term_string"}}],"inLanguage":"en-US"},{"@type":"Organization","@id":"https:\/\/eficasablanca.org\/#organization","name":"Ecole Fran\u00e7aise Internationale Casablanca","url":"https:\/\/eficasablanca.org\/","logo":{"@type":"ImageObject","inLanguage":"en-US","@id":"https:\/\/eficasablanca.org\/#\/schema\/logo\/image\/","url":"https:\/\/eficasablanca.org\/wp-content\/uploads\/2022\/12\/Logo-EFI-DEF-1-1-02-1.webp","contentUrl":"https:\/\/eficasablanca.org\/wp-content\/uploads\/2022\/12\/Logo-EFI-DEF-1-1-02-1.webp","width":644,"height":100,"caption":"Ecole Fran\u00e7aise Internationale Casablanca"},"image":{"@id":"https:\/\/eficasablanca.org\/#\/schema\/logo\/image\/"},"sameAs":["https:\/\/www.facebook.com\/EFICasablanca","https:\/\/www.instagram.com\/efi_casablanca\/?hl=fr","https:\/\/www.linkedin.com\/company\/efi-casablanca\/about\/?viewAsMember=true"]},{"@type":"Person","@id":"https:\/\/eficasablanca.org\/#\/schema\/person\/cd2435603ee779b3c83afe03afe2bf0e","name":"it","url":"https:\/\/eficasablanca.org\/en\/author\/it\/"}]}},"_links":{"self":[{"href":"https:\/\/eficasablanca.org\/en\/wp-json\/wp\/v2\/posts\/13723","targetHints":{"allow":["GET"]}}],"collection":[{"href":"https:\/\/eficasablanca.org\/en\/wp-json\/wp\/v2\/posts"}],"about":[{"href":"https:\/\/eficasablanca.org\/en\/wp-json\/wp\/v2\/types\/post"}],"author":[{"embeddable":true,"href":"https:\/\/eficasablanca.org\/en\/wp-json\/wp\/v2\/users\/3"}],"replies":[{"embeddable":true,"href":"https:\/\/eficasablanca.org\/en\/wp-json\/wp\/v2\/comments?post=13723"}],"version-history":[{"count":1,"href":"https:\/\/eficasablanca.org\/en\/wp-json\/wp\/v2\/posts\/13723\/revisions"}],"predecessor-version":[{"id":13737,"href":"https:\/\/eficasablanca.org\/en\/wp-json\/wp\/v2\/posts\/13723\/revisions\/13737"}],"wp:featuredmedia":[{"embeddable":true,"href":"https:\/\/eficasablanca.org\/en\/wp-json\/wp\/v2\/media\/13739"}],"wp:attachment":[{"href":"https:\/\/eficasablanca.org\/en\/wp-json\/wp\/v2\/media?parent=13723"}],"wp:term":[{"taxonomy":"category","embeddable":true,"href":"https:\/\/eficasablanca.org\/en\/wp-json\/wp\/v2\/categories?post=13723"},{"taxonomy":"post_tag","embeddable":true,"href":"https:\/\/eficasablanca.org\/en\/wp-json\/wp\/v2\/tags?post=13723"}],"curies":[{"name":"wp","href":"https:\/\/api.w.org\/{rel}","templated":true}]}}