{"id":13741,"date":"2026-03-30T18:44:53","date_gmt":"2026-03-30T17:44:53","guid":{"rendered":"https:\/\/eficasablanca.org\/?p=13741"},"modified":"2026-04-03T18:45:56","modified_gmt":"2026-04-03T17:45:56","slug":"100eme-jour-decole-2026","status":"publish","type":"post","link":"https:\/\/eficasablanca.org\/en\/100eme-jour-decole-2026\/","title":{"rendered":"100\u00e8me jour d\u2019\u00e9cole &#8211; 2026"},"content":{"rendered":"<p>Retour en images sur le traditionnel 100\u00e8me jour d\u2019\u00e9cole, un moment symbolique pour les \u00e9l\u00e8ves de CP, qui ont c\u00e9l\u00e9br\u00e9 100 jours d\u2019apprentissage \u00e0 travers une activit\u00e9 aussi ludique que p\u00e9dagogique : chacun a imagin\u00e9 et cr\u00e9\u00e9 une collection de 100 objets transform\u00e9e en v\u00e9ritable \u0153uvre, avant de finir la journ\u00e9e avec des ateliers cr\u00e9atifs et des d\u00e9fis sportifs.<\/p>\n\n\n\n<p>L&rsquo;\u00e9tablissement f\u00e9licite ses \u00e9l\u00e8ves et ses \u00e9quipes p\u00e9dagogiques pour leur engagement !<\/p>\n\n\n\n<p>&#8212;<\/p>\n\n\n\n<p>A look back in pictures at the traditional 100th day of school, a symbolic moment for CP students, who celebrated 100 days of learning through an activity that was both fun and educational: each student imagined and created a collection of 100 objects, turning it into a true work of art, before ending the day with creative workshops and sports challenges.<\/p>\n\n\n\n<p>The school congratulates its students and teaching teams for their commitment!<\/p>\n\n\n\n<figure class=\"wp-block-gallery has-nested-images columns-default is-cropped wp-block-gallery-1 is-layout-flex wp-block-gallery-is-layout-flex\">\n<figure class=\"wp-block-image size-large\"><img fetchpriority=\"high\" decoding=\"async\" width=\"819\" height=\"1024\" data-id=\"13747\" src=\"https:\/\/eficasablanca.org\/wp-content\/uploads\/2026\/04\/1-2-819x1024.png\" alt=\"\" class=\"wp-image-13747\" srcset=\"https:\/\/eficasablanca.org\/wp-content\/uploads\/2026\/04\/1-2-819x1024.png 819w, https:\/\/eficasablanca.org\/wp-content\/uploads\/2026\/04\/1-2-240x300.png 240w, https:\/\/eficasablanca.org\/wp-content\/uploads\/2026\/04\/1-2-768x960.png 768w, https:\/\/eficasablanca.org\/wp-content\/uploads\/2026\/04\/1-2-10x12.png 10w, https:\/\/eficasablanca.org\/wp-content\/uploads\/2026\/04\/1-2.png 1080w\" sizes=\"(max-width: 819px) 100vw, 819px\" \/><\/figure>\n\n\n\n<figure class=\"wp-block-image size-large\"><img decoding=\"async\" width=\"819\" height=\"1024\" data-id=\"13742\" src=\"https:\/\/eficasablanca.org\/wp-content\/uploads\/2026\/04\/2-2-819x1024.png\" alt=\"\" class=\"wp-image-13742\" srcset=\"https:\/\/eficasablanca.org\/wp-content\/uploads\/2026\/04\/2-2-819x1024.png 819w, https:\/\/eficasablanca.org\/wp-content\/uploads\/2026\/04\/2-2-240x300.png 240w, https:\/\/eficasablanca.org\/wp-content\/uploads\/2026\/04\/2-2-768x960.png 768w, https:\/\/eficasablanca.org\/wp-content\/uploads\/2026\/04\/2-2-10x12.png 10w, https:\/\/eficasablanca.org\/wp-content\/uploads\/2026\/04\/2-2.png 1080w\" sizes=\"(max-width: 819px) 100vw, 819px\" \/><\/figure>\n\n\n\n<figure class=\"wp-block-image size-large\"><img decoding=\"async\" width=\"819\" height=\"1024\" data-id=\"13743\" src=\"https:\/\/eficasablanca.org\/wp-content\/uploads\/2026\/04\/3-2-819x1024.png\" alt=\"\" class=\"wp-image-13743\" srcset=\"https:\/\/eficasablanca.org\/wp-content\/uploads\/2026\/04\/3-2-819x1024.png 819w, https:\/\/eficasablanca.org\/wp-content\/uploads\/2026\/04\/3-2-240x300.png 240w, https:\/\/eficasablanca.org\/wp-content\/uploads\/2026\/04\/3-2-768x960.png 768w, https:\/\/eficasablanca.org\/wp-content\/uploads\/2026\/04\/3-2-10x12.png 10w, https:\/\/eficasablanca.org\/wp-content\/uploads\/2026\/04\/3-2.png 1080w\" sizes=\"(max-width: 819px) 100vw, 819px\" \/><\/figure>\n\n\n\n<figure class=\"wp-block-image size-large\"><img loading=\"lazy\" decoding=\"async\" width=\"819\" height=\"1024\" data-id=\"13746\" src=\"https:\/\/eficasablanca.org\/wp-content\/uploads\/2026\/04\/4-2-819x1024.png\" alt=\"\" class=\"wp-image-13746\" srcset=\"https:\/\/eficasablanca.org\/wp-content\/uploads\/2026\/04\/4-2-819x1024.png 819w, https:\/\/eficasablanca.org\/wp-content\/uploads\/2026\/04\/4-2-240x300.png 240w, https:\/\/eficasablanca.org\/wp-content\/uploads\/2026\/04\/4-2-768x960.png 768w, https:\/\/eficasablanca.org\/wp-content\/uploads\/2026\/04\/4-2-10x12.png 10w, https:\/\/eficasablanca.org\/wp-content\/uploads\/2026\/04\/4-2.png 1080w\" sizes=\"(max-width: 819px) 100vw, 819px\" \/><\/figure>\n\n\n\n<figure class=\"wp-block-image size-large\"><img loading=\"lazy\" decoding=\"async\" width=\"819\" height=\"1024\" data-id=\"13749\" src=\"https:\/\/eficasablanca.org\/wp-content\/uploads\/2026\/04\/5-2-819x1024.png\" alt=\"\" class=\"wp-image-13749\" srcset=\"https:\/\/eficasablanca.org\/wp-content\/uploads\/2026\/04\/5-2-819x1024.png 819w, https:\/\/eficasablanca.org\/wp-content\/uploads\/2026\/04\/5-2-240x300.png 240w, https:\/\/eficasablanca.org\/wp-content\/uploads\/2026\/04\/5-2-768x960.png 768w, https:\/\/eficasablanca.org\/wp-content\/uploads\/2026\/04\/5-2-10x12.png 10w, https:\/\/eficasablanca.org\/wp-content\/uploads\/2026\/04\/5-2.png 1080w\" sizes=\"(max-width: 819px) 100vw, 819px\" \/><\/figure>\n\n\n\n<figure class=\"wp-block-image size-large\"><img loading=\"lazy\" decoding=\"async\" width=\"819\" height=\"1024\" data-id=\"13748\" src=\"https:\/\/eficasablanca.org\/wp-content\/uploads\/2026\/04\/6-2-819x1024.png\" alt=\"\" class=\"wp-image-13748\" srcset=\"https:\/\/eficasablanca.org\/wp-content\/uploads\/2026\/04\/6-2-819x1024.png 819w, https:\/\/eficasablanca.org\/wp-content\/uploads\/2026\/04\/6-2-240x300.png 240w, https:\/\/eficasablanca.org\/wp-content\/uploads\/2026\/04\/6-2-768x960.png 768w, https:\/\/eficasablanca.org\/wp-content\/uploads\/2026\/04\/6-2-10x12.png 10w, https:\/\/eficasablanca.org\/wp-content\/uploads\/2026\/04\/6-2.png 1080w\" sizes=\"(max-width: 819px) 100vw, 819px\" \/><\/figure>\n\n\n\n<figure class=\"wp-block-image size-large\"><img loading=\"lazy\" decoding=\"async\" width=\"819\" height=\"1024\" data-id=\"13744\" src=\"https:\/\/eficasablanca.org\/wp-content\/uploads\/2026\/04\/7-2-819x1024.png\" alt=\"\" class=\"wp-image-13744\" srcset=\"https:\/\/eficasablanca.org\/wp-content\/uploads\/2026\/04\/7-2-819x1024.png 819w, https:\/\/eficasablanca.org\/wp-content\/uploads\/2026\/04\/7-2-240x300.png 240w, https:\/\/eficasablanca.org\/wp-content\/uploads\/2026\/04\/7-2-768x960.png 768w, https:\/\/eficasablanca.org\/wp-content\/uploads\/2026\/04\/7-2-10x12.png 10w, https:\/\/eficasablanca.org\/wp-content\/uploads\/2026\/04\/7-2.png 1080w\" sizes=\"(max-width: 819px) 100vw, 819px\" \/><\/figure>\n\n\n\n<figure class=\"wp-block-image size-large\"><img loading=\"lazy\" decoding=\"async\" width=\"819\" height=\"1024\" data-id=\"13751\" src=\"https:\/\/eficasablanca.org\/wp-content\/uploads\/2026\/04\/8-2-819x1024.png\" alt=\"\" class=\"wp-image-13751\" srcset=\"https:\/\/eficasablanca.org\/wp-content\/uploads\/2026\/04\/8-2-819x1024.png 819w, https:\/\/eficasablanca.org\/wp-content\/uploads\/2026\/04\/8-2-240x300.png 240w, https:\/\/eficasablanca.org\/wp-content\/uploads\/2026\/04\/8-2-768x960.png 768w, https:\/\/eficasablanca.org\/wp-content\/uploads\/2026\/04\/8-2-10x12.png 10w, https:\/\/eficasablanca.org\/wp-content\/uploads\/2026\/04\/8-2.png 1080w\" sizes=\"(max-width: 819px) 100vw, 819px\" \/><\/figure>\n\n\n\n<figure class=\"wp-block-image size-large\"><img loading=\"lazy\" decoding=\"async\" width=\"819\" height=\"1024\" data-id=\"13750\" src=\"https:\/\/eficasablanca.org\/wp-content\/uploads\/2026\/04\/9-3-819x1024.png\" alt=\"\" class=\"wp-image-13750\" srcset=\"https:\/\/eficasablanca.org\/wp-content\/uploads\/2026\/04\/9-3-819x1024.png 819w, https:\/\/eficasablanca.org\/wp-content\/uploads\/2026\/04\/9-3-240x300.png 240w, https:\/\/eficasablanca.org\/wp-content\/uploads\/2026\/04\/9-3-768x960.png 768w, https:\/\/eficasablanca.org\/wp-content\/uploads\/2026\/04\/9-3-10x12.png 10w, https:\/\/eficasablanca.org\/wp-content\/uploads\/2026\/04\/9-3.png 1080w\" sizes=\"(max-width: 819px) 100vw, 819px\" \/><\/figure>\n\n\n\n<figure class=\"wp-block-image size-large\"><img loading=\"lazy\" decoding=\"async\" width=\"819\" height=\"1024\" data-id=\"13745\" src=\"https:\/\/eficasablanca.org\/wp-content\/uploads\/2026\/04\/10-3-819x1024.png\" alt=\"\" class=\"wp-image-13745\" srcset=\"https:\/\/eficasablanca.org\/wp-content\/uploads\/2026\/04\/10-3-819x1024.png 819w, https:\/\/eficasablanca.org\/wp-content\/uploads\/2026\/04\/10-3-240x300.png 240w, https:\/\/eficasablanca.org\/wp-content\/uploads\/2026\/04\/10-3-768x960.png 768w, https:\/\/eficasablanca.org\/wp-content\/uploads\/2026\/04\/10-3-10x12.png 10w, https:\/\/eficasablanca.org\/wp-content\/uploads\/2026\/04\/10-3.png 1080w\" sizes=\"(max-width: 819px) 100vw, 819px\" \/><\/figure>\n<\/figure>","protected":false},"excerpt":{"rendered":"<p>Retour en images sur le traditionnel 100\u00e8me jour d\u2019\u00e9cole, un moment symbolique pour les \u00e9l\u00e8ves de CP, qui ont c\u00e9l\u00e9br\u00e9 100 jours d\u2019apprentissage \u00e0 travers une activit\u00e9 aussi ludique que p\u00e9dagogique : chacun a imagin\u00e9 et cr\u00e9\u00e9 une collection de 100 objets transform\u00e9e en v\u00e9ritable \u0153uvre, avant de finir la journ\u00e9e avec des ateliers cr\u00e9atifs [&hellip;]<\/p>\n","protected":false},"author":3,"featured_media":13752,"comment_status":"closed","ping_status":"open","sticky":false,"template":"","format":"standard","meta":{"_acf_changed":false,"footnotes":""},"categories":[21],"tags":[],"class_list":["post-13741","post","type-post","status-publish","format-standard","has-post-thumbnail","hentry","category-actualites"],"acf":[],"yoast_head":"<!-- This site is optimized with the Yoast SEO plugin v27.1.1 - https:\/\/yoast.com\/product\/yoast-seo-wordpress\/ -->\n<title>100\u00e8me jour d\u2019\u00e9cole - 2026 - \u00c9cole Fran\u00e7aise Internationale de Casablanca<\/title>\n<meta name=\"description\" content=\"Retour en images sur le traditionnel 100\u00e8me jour d\u2019\u00e9cole, un moment symbolique pour les \u00e9l\u00e8ves de CP, qui ont c\u00e9l\u00e9br\u00e9 100 jours d\u2019apprentissage \u00e0 travers\" \/>\n<meta name=\"robots\" content=\"index, follow, max-snippet:-1, max-image-preview:large, max-video-preview:-1\" \/>\n<link rel=\"canonical\" href=\"https:\/\/eficasablanca.org\/en\/100eme-jour-decole-2026\/\" \/>\n<meta property=\"og:locale\" content=\"en_US\" \/>\n<meta property=\"og:type\" content=\"article\" \/>\n<meta property=\"og:title\" content=\"100\u00e8me jour d\u2019\u00e9cole - 2026 - \u00c9cole Fran\u00e7aise Internationale de Casablanca\" \/>\n<meta property=\"og:description\" content=\"Retour en images sur le traditionnel 100\u00e8me jour d\u2019\u00e9cole, un moment symbolique pour les \u00e9l\u00e8ves de CP, qui ont c\u00e9l\u00e9br\u00e9 100 jours d\u2019apprentissage \u00e0 travers\" \/>\n<meta property=\"og:url\" content=\"https:\/\/eficasablanca.org\/en\/100eme-jour-decole-2026\/\" \/>\n<meta property=\"og:site_name\" content=\"\u00c9cole Fran\u00e7aise Internationale de Casablanca\" \/>\n<meta property=\"article:publisher\" content=\"https:\/\/www.facebook.com\/EFICasablanca\" \/>\n<meta property=\"article:published_time\" content=\"2026-03-30T17:44:53+00:00\" \/>\n<meta property=\"article:modified_time\" content=\"2026-04-03T17:45:56+00:00\" \/>\n<meta property=\"og:image\" content=\"https:\/\/eficasablanca.org\/wp-content\/uploads\/2026\/04\/Banniere-69.png\" \/>\n\t<meta property=\"og:image:width\" content=\"867\" \/>\n\t<meta property=\"og:image:height\" content=\"555\" \/>\n\t<meta property=\"og:image:type\" content=\"image\/png\" \/>\n<meta name=\"author\" content=\"it\" \/>\n<meta name=\"twitter:card\" content=\"summary_large_image\" \/>\n<meta name=\"twitter:label1\" content=\"Written by\" \/>\n\t<meta name=\"twitter:data1\" content=\"it\" \/>\n\t<meta name=\"twitter:label2\" content=\"Est. reading time\" \/>\n\t<meta name=\"twitter:data2\" content=\"3 minutes\" \/>\n<script type=\"application\/ld+json\" class=\"yoast-schema-graph\">{\"@context\":\"https:\/\/schema.org\",\"@graph\":[{\"@type\":\"Article\",\"@id\":\"https:\/\/eficasablanca.org\/100eme-jour-decole-2026\/#article\",\"isPartOf\":{\"@id\":\"https:\/\/eficasablanca.org\/100eme-jour-decole-2026\/\"},\"author\":{\"name\":\"it\",\"@id\":\"https:\/\/eficasablanca.org\/#\/schema\/person\/cd2435603ee779b3c83afe03afe2bf0e\"},\"headline\":\"100\u00e8me jour d\u2019\u00e9cole &#8211; 2026\",\"datePublished\":\"2026-03-30T17:44:53+00:00\",\"dateModified\":\"2026-04-03T17:45:56+00:00\",\"mainEntityOfPage\":{\"@id\":\"https:\/\/eficasablanca.org\/100eme-jour-decole-2026\/\"},\"wordCount\":157,\"publisher\":{\"@id\":\"https:\/\/eficasablanca.org\/#organization\"},\"image\":{\"@id\":\"https:\/\/eficasablanca.org\/100eme-jour-decole-2026\/#primaryimage\"},\"thumbnailUrl\":\"https:\/\/eficasablanca.org\/wp-content\/uploads\/2026\/04\/Banniere-69.png\",\"articleSection\":[\"Actualit\u00e9s\"],\"inLanguage\":\"en-US\"},{\"@type\":\"WebPage\",\"@id\":\"https:\/\/eficasablanca.org\/100eme-jour-decole-2026\/\",\"url\":\"https:\/\/eficasablanca.org\/100eme-jour-decole-2026\/\",\"name\":\"100\u00e8me jour d\u2019\u00e9cole - 2026 - \u00c9cole Fran\u00e7aise Internationale de Casablanca\",\"isPartOf\":{\"@id\":\"https:\/\/eficasablanca.org\/#website\"},\"primaryImageOfPage\":{\"@id\":\"https:\/\/eficasablanca.org\/100eme-jour-decole-2026\/#primaryimage\"},\"image\":{\"@id\":\"https:\/\/eficasablanca.org\/100eme-jour-decole-2026\/#primaryimage\"},\"thumbnailUrl\":\"https:\/\/eficasablanca.org\/wp-content\/uploads\/2026\/04\/Banniere-69.png\",\"datePublished\":\"2026-03-30T17:44:53+00:00\",\"dateModified\":\"2026-04-03T17:45:56+00:00\",\"description\":\"Retour en images sur le traditionnel 100\u00e8me jour d\u2019\u00e9cole, un moment symbolique pour les \u00e9l\u00e8ves de CP, qui ont c\u00e9l\u00e9br\u00e9 100 jours d\u2019apprentissage \u00e0 travers\",\"breadcrumb\":{\"@id\":\"https:\/\/eficasablanca.org\/100eme-jour-decole-2026\/#breadcrumb\"},\"inLanguage\":\"en-US\",\"potentialAction\":[{\"@type\":\"ReadAction\",\"target\":[\"https:\/\/eficasablanca.org\/100eme-jour-decole-2026\/\"]}]},{\"@type\":\"ImageObject\",\"inLanguage\":\"en-US\",\"@id\":\"https:\/\/eficasablanca.org\/100eme-jour-decole-2026\/#primaryimage\",\"url\":\"https:\/\/eficasablanca.org\/wp-content\/uploads\/2026\/04\/Banniere-69.png\",\"contentUrl\":\"https:\/\/eficasablanca.org\/wp-content\/uploads\/2026\/04\/Banniere-69.png\",\"width\":867,\"height\":555},{\"@type\":\"BreadcrumbList\",\"@id\":\"https:\/\/eficasablanca.org\/100eme-jour-decole-2026\/#breadcrumb\",\"itemListElement\":[{\"@type\":\"ListItem\",\"position\":1,\"name\":\"Accueil\",\"item\":\"https:\/\/eficasablanca.org\/\"},{\"@type\":\"ListItem\",\"position\":2,\"name\":\"100\u00e8me jour d\u2019\u00e9cole &#8211; 2026\"}]},{\"@type\":\"WebSite\",\"@id\":\"https:\/\/eficasablanca.org\/#website\",\"url\":\"https:\/\/eficasablanca.org\/\",\"name\":\"\u00c9cole Fran\u00e7aise Internationale de Casablanca\",\"description\":\"L&#039;\u00c9cole Fran\u00e7aise Internationale\",\"publisher\":{\"@id\":\"https:\/\/eficasablanca.org\/#organization\"},\"potentialAction\":[{\"@type\":\"SearchAction\",\"target\":{\"@type\":\"EntryPoint\",\"urlTemplate\":\"https:\/\/eficasablanca.org\/?s={search_term_string}\"},\"query-input\":{\"@type\":\"PropertyValueSpecification\",\"valueRequired\":true,\"valueName\":\"search_term_string\"}}],\"inLanguage\":\"en-US\"},{\"@type\":\"Organization\",\"@id\":\"https:\/\/eficasablanca.org\/#organization\",\"name\":\"Ecole Fran\u00e7aise Internationale Casablanca\",\"url\":\"https:\/\/eficasablanca.org\/\",\"logo\":{\"@type\":\"ImageObject\",\"inLanguage\":\"en-US\",\"@id\":\"https:\/\/eficasablanca.org\/#\/schema\/logo\/image\/\",\"url\":\"https:\/\/eficasablanca.org\/wp-content\/uploads\/2022\/12\/Logo-EFI-DEF-1-1-02-1.webp\",\"contentUrl\":\"https:\/\/eficasablanca.org\/wp-content\/uploads\/2022\/12\/Logo-EFI-DEF-1-1-02-1.webp\",\"width\":644,\"height\":100,\"caption\":\"Ecole Fran\u00e7aise Internationale Casablanca\"},\"image\":{\"@id\":\"https:\/\/eficasablanca.org\/#\/schema\/logo\/image\/\"},\"sameAs\":[\"https:\/\/www.facebook.com\/EFICasablanca\",\"https:\/\/www.instagram.com\/efi_casablanca\/?hl=fr\",\"https:\/\/www.linkedin.com\/company\/efi-casablanca\/about\/?viewAsMember=true\"]},{\"@type\":\"Person\",\"@id\":\"https:\/\/eficasablanca.org\/#\/schema\/person\/cd2435603ee779b3c83afe03afe2bf0e\",\"name\":\"it\",\"url\":\"https:\/\/eficasablanca.org\/en\/author\/it\/\"}]}<\/script>\n<!-- \/ Yoast SEO plugin. -->","yoast_head_json":{"title":"100\u00e8me jour d\u2019\u00e9cole - 2026 - \u00c9cole Fran\u00e7aise Internationale de Casablanca","description":"Retour en images sur le traditionnel 100\u00e8me jour d\u2019\u00e9cole, un moment symbolique pour les \u00e9l\u00e8ves de CP, qui ont c\u00e9l\u00e9br\u00e9 100 jours d\u2019apprentissage \u00e0 travers","robots":{"index":"index","follow":"follow","max-snippet":"max-snippet:-1","max-image-preview":"max-image-preview:large","max-video-preview":"max-video-preview:-1"},"canonical":"https:\/\/eficasablanca.org\/en\/100eme-jour-decole-2026\/","og_locale":"en_US","og_type":"article","og_title":"100\u00e8me jour d\u2019\u00e9cole - 2026 - \u00c9cole Fran\u00e7aise Internationale de Casablanca","og_description":"Retour en images sur le traditionnel 100\u00e8me jour d\u2019\u00e9cole, un moment symbolique pour les \u00e9l\u00e8ves de CP, qui ont c\u00e9l\u00e9br\u00e9 100 jours d\u2019apprentissage \u00e0 travers","og_url":"https:\/\/eficasablanca.org\/en\/100eme-jour-decole-2026\/","og_site_name":"\u00c9cole Fran\u00e7aise Internationale de Casablanca","article_publisher":"https:\/\/www.facebook.com\/EFICasablanca","article_published_time":"2026-03-30T17:44:53+00:00","article_modified_time":"2026-04-03T17:45:56+00:00","og_image":[{"width":867,"height":555,"url":"https:\/\/eficasablanca.org\/wp-content\/uploads\/2026\/04\/Banniere-69.png","type":"image\/png"}],"author":"it","twitter_card":"summary_large_image","twitter_misc":{"Written by":"it","Est. reading time":"3 minutes"},"schema":{"@context":"https:\/\/schema.org","@graph":[{"@type":"Article","@id":"https:\/\/eficasablanca.org\/100eme-jour-decole-2026\/#article","isPartOf":{"@id":"https:\/\/eficasablanca.org\/100eme-jour-decole-2026\/"},"author":{"name":"it","@id":"https:\/\/eficasablanca.org\/#\/schema\/person\/cd2435603ee779b3c83afe03afe2bf0e"},"headline":"100\u00e8me jour d\u2019\u00e9cole &#8211; 2026","datePublished":"2026-03-30T17:44:53+00:00","dateModified":"2026-04-03T17:45:56+00:00","mainEntityOfPage":{"@id":"https:\/\/eficasablanca.org\/100eme-jour-decole-2026\/"},"wordCount":157,"publisher":{"@id":"https:\/\/eficasablanca.org\/#organization"},"image":{"@id":"https:\/\/eficasablanca.org\/100eme-jour-decole-2026\/#primaryimage"},"thumbnailUrl":"https:\/\/eficasablanca.org\/wp-content\/uploads\/2026\/04\/Banniere-69.png","articleSection":["Actualit\u00e9s"],"inLanguage":"en-US"},{"@type":"WebPage","@id":"https:\/\/eficasablanca.org\/100eme-jour-decole-2026\/","url":"https:\/\/eficasablanca.org\/100eme-jour-decole-2026\/","name":"100\u00e8me jour d\u2019\u00e9cole - 2026 - \u00c9cole Fran\u00e7aise Internationale de Casablanca","isPartOf":{"@id":"https:\/\/eficasablanca.org\/#website"},"primaryImageOfPage":{"@id":"https:\/\/eficasablanca.org\/100eme-jour-decole-2026\/#primaryimage"},"image":{"@id":"https:\/\/eficasablanca.org\/100eme-jour-decole-2026\/#primaryimage"},"thumbnailUrl":"https:\/\/eficasablanca.org\/wp-content\/uploads\/2026\/04\/Banniere-69.png","datePublished":"2026-03-30T17:44:53+00:00","dateModified":"2026-04-03T17:45:56+00:00","description":"Retour en images sur le traditionnel 100\u00e8me jour d\u2019\u00e9cole, un moment symbolique pour les \u00e9l\u00e8ves de CP, qui ont c\u00e9l\u00e9br\u00e9 100 jours d\u2019apprentissage \u00e0 travers","breadcrumb":{"@id":"https:\/\/eficasablanca.org\/100eme-jour-decole-2026\/#breadcrumb"},"inLanguage":"en-US","potentialAction":[{"@type":"ReadAction","target":["https:\/\/eficasablanca.org\/100eme-jour-decole-2026\/"]}]},{"@type":"ImageObject","inLanguage":"en-US","@id":"https:\/\/eficasablanca.org\/100eme-jour-decole-2026\/#primaryimage","url":"https:\/\/eficasablanca.org\/wp-content\/uploads\/2026\/04\/Banniere-69.png","contentUrl":"https:\/\/eficasablanca.org\/wp-content\/uploads\/2026\/04\/Banniere-69.png","width":867,"height":555},{"@type":"BreadcrumbList","@id":"https:\/\/eficasablanca.org\/100eme-jour-decole-2026\/#breadcrumb","itemListElement":[{"@type":"ListItem","position":1,"name":"Accueil","item":"https:\/\/eficasablanca.org\/"},{"@type":"ListItem","position":2,"name":"100\u00e8me jour d\u2019\u00e9cole &#8211; 2026"}]},{"@type":"WebSite","@id":"https:\/\/eficasablanca.org\/#website","url":"https:\/\/eficasablanca.org\/","name":"Casablanca International French School","description":"L&#039;\u00c9cole Fran\u00e7aise Internationale","publisher":{"@id":"https:\/\/eficasablanca.org\/#organization"},"potentialAction":[{"@type":"SearchAction","target":{"@type":"EntryPoint","urlTemplate":"https:\/\/eficasablanca.org\/?s={search_term_string}"},"query-input":{"@type":"PropertyValueSpecification","valueRequired":true,"valueName":"search_term_string"}}],"inLanguage":"en-US"},{"@type":"Organization","@id":"https:\/\/eficasablanca.org\/#organization","name":"Ecole Fran\u00e7aise Internationale Casablanca","url":"https:\/\/eficasablanca.org\/","logo":{"@type":"ImageObject","inLanguage":"en-US","@id":"https:\/\/eficasablanca.org\/#\/schema\/logo\/image\/","url":"https:\/\/eficasablanca.org\/wp-content\/uploads\/2022\/12\/Logo-EFI-DEF-1-1-02-1.webp","contentUrl":"https:\/\/eficasablanca.org\/wp-content\/uploads\/2022\/12\/Logo-EFI-DEF-1-1-02-1.webp","width":644,"height":100,"caption":"Ecole Fran\u00e7aise Internationale Casablanca"},"image":{"@id":"https:\/\/eficasablanca.org\/#\/schema\/logo\/image\/"},"sameAs":["https:\/\/www.facebook.com\/EFICasablanca","https:\/\/www.instagram.com\/efi_casablanca\/?hl=fr","https:\/\/www.linkedin.com\/company\/efi-casablanca\/about\/?viewAsMember=true"]},{"@type":"Person","@id":"https:\/\/eficasablanca.org\/#\/schema\/person\/cd2435603ee779b3c83afe03afe2bf0e","name":"it","url":"https:\/\/eficasablanca.org\/en\/author\/it\/"}]}},"_links":{"self":[{"href":"https:\/\/eficasablanca.org\/en\/wp-json\/wp\/v2\/posts\/13741","targetHints":{"allow":["GET"]}}],"collection":[{"href":"https:\/\/eficasablanca.org\/en\/wp-json\/wp\/v2\/posts"}],"about":[{"href":"https:\/\/eficasablanca.org\/en\/wp-json\/wp\/v2\/types\/post"}],"author":[{"embeddable":true,"href":"https:\/\/eficasablanca.org\/en\/wp-json\/wp\/v2\/users\/3"}],"replies":[{"embeddable":true,"href":"https:\/\/eficasablanca.org\/en\/wp-json\/wp\/v2\/comments?post=13741"}],"version-history":[{"count":2,"href":"https:\/\/eficasablanca.org\/en\/wp-json\/wp\/v2\/posts\/13741\/revisions"}],"predecessor-version":[{"id":13754,"href":"https:\/\/eficasablanca.org\/en\/wp-json\/wp\/v2\/posts\/13741\/revisions\/13754"}],"wp:featuredmedia":[{"embeddable":true,"href":"https:\/\/eficasablanca.org\/en\/wp-json\/wp\/v2\/media\/13752"}],"wp:attachment":[{"href":"https:\/\/eficasablanca.org\/en\/wp-json\/wp\/v2\/media?parent=13741"}],"wp:term":[{"taxonomy":"category","embeddable":true,"href":"https:\/\/eficasablanca.org\/en\/wp-json\/wp\/v2\/categories?post=13741"},{"taxonomy":"post_tag","embeddable":true,"href":"https:\/\/eficasablanca.org\/en\/wp-json\/wp\/v2\/tags?post=13741"}],"curies":[{"name":"wp","href":"https:\/\/api.w.org\/{rel}","templated":true}]}}