{"id":14079,"date":"2026-04-21T12:02:48","date_gmt":"2026-04-21T11:02:48","guid":{"rendered":"https:\/\/eficasablanca.org\/?p=14079"},"modified":"2026-04-21T12:02:49","modified_gmt":"2026-04-21T11:02:49","slug":"sejour-pedagogique-des-eleves-de-cm1","status":"publish","type":"post","link":"https:\/\/eficasablanca.org\/en\/sejour-pedagogique-des-eleves-de-cm1\/","title":{"rendered":"S\u00e9jour p\u00e9dagogique des \u00e9l\u00e8ves de CM1"},"content":{"rendered":"<p>Au c\u0153ur du Moyen Atlas, entre Ifrane, F\u00e8s, Mekn\u00e8s et Volubilis, les \u00e9l\u00e8ves de CM1 ont v\u00e9cu un s\u00e9jour riche en d\u00e9couvertes, entre patrimoine, histoire et immersion dans la nature. De la m\u00e9dina de F\u00e8s, class\u00e9e au patrimoine mondial de l\u2019UNESCO, aux vestiges de la cit\u00e9 romaine de Volubilis, en passant par la d\u00e9couverte de Mekn\u00e8s et une exploration de la c\u00e9draie d\u2019Ifrane, ce parcours leur a permis de donner vie aux notions abord\u00e9es en classe.<\/p>\n\n\n\n<p>Ce s\u00e9jour s\u2019inscrit pleinement dans le programme de cycle 3 : compr\u00e9hension des civilisations antiques, d\u00e9couverte du patrimoine historique marocain et de ses dynasties, observation des \u00e9cosyst\u00e8mes et sensibilisation \u00e0 l\u2019environnement, ainsi que d\u00e9veloppement des comp\u00e9tences langagi\u00e8res \u00e0 l\u2019oral et \u00e0 l\u2019\u00e9crit.<\/p>\n\n\n\n<p>L&rsquo;EFI Casablanca remercie les \u00e9quipes p\u00e9dagogiques pour la qualit\u00e9 de leur encadrement tout au long de ce s\u00e9jour, qui restera sans aucun doute inoubliable.<\/p>\n\n\n\n<p>&#8212;<\/p>\n\n\n\n<p>&nbsp;In the heart of the Middle Atlas, between Ifrane, Fez, Meknes and Volubilis, the CM1 students experienced a trip rich in discoveries, combining heritage, history, and immersion in nature. From the Fez medina, a UNESCO World Heritage site, to the ruins of the Roman city of Volubilis, as well as exploring Meknes and the cedar forests of Ifrane, this journey brought classroom learning to life.<\/p>\n\n\n\n<p>This trip fully aligns with the Cycle 3 curriculum: understanding ancient civilizations, discovering Morocco\u2019s historical heritage and its dynasties, observing ecosystems and raising environmental awareness, as well as developing oral and written language skills.<\/p>\n\n\n\n<p>The French International School of Casablanca thanks the teaching teams for the quality of their support throughout this trip, which will undoubtedly remain unforgettable.<\/p>\n\n\n\n<figure class=\"wp-block-gallery has-nested-images columns-default is-cropped wp-block-gallery-1 is-layout-flex wp-block-gallery-is-layout-flex\">\n<figure class=\"wp-block-image size-large\"><img fetchpriority=\"high\" decoding=\"async\" width=\"819\" height=\"1024\" data-id=\"14081\" src=\"https:\/\/eficasablanca.org\/wp-content\/uploads\/2026\/04\/1-10-819x1024.png\" alt=\"\" class=\"wp-image-14081\" srcset=\"https:\/\/eficasablanca.org\/wp-content\/uploads\/2026\/04\/1-10-819x1024.png 819w, https:\/\/eficasablanca.org\/wp-content\/uploads\/2026\/04\/1-10-240x300.png 240w, https:\/\/eficasablanca.org\/wp-content\/uploads\/2026\/04\/1-10-768x960.png 768w, https:\/\/eficasablanca.org\/wp-content\/uploads\/2026\/04\/1-10-10x12.png 10w, https:\/\/eficasablanca.org\/wp-content\/uploads\/2026\/04\/1-10.png 1080w\" sizes=\"(max-width: 819px) 100vw, 819px\" \/><\/figure>\n\n\n\n<figure class=\"wp-block-image size-large\"><img decoding=\"async\" width=\"819\" height=\"1024\" data-id=\"14082\" src=\"https:\/\/eficasablanca.org\/wp-content\/uploads\/2026\/04\/2-10-819x1024.png\" alt=\"\" class=\"wp-image-14082\" srcset=\"https:\/\/eficasablanca.org\/wp-content\/uploads\/2026\/04\/2-10-819x1024.png 819w, https:\/\/eficasablanca.org\/wp-content\/uploads\/2026\/04\/2-10-240x300.png 240w, https:\/\/eficasablanca.org\/wp-content\/uploads\/2026\/04\/2-10-768x960.png 768w, https:\/\/eficasablanca.org\/wp-content\/uploads\/2026\/04\/2-10-10x12.png 10w, https:\/\/eficasablanca.org\/wp-content\/uploads\/2026\/04\/2-10.png 1080w\" sizes=\"(max-width: 819px) 100vw, 819px\" \/><\/figure>\n\n\n\n<figure class=\"wp-block-image size-large\"><img decoding=\"async\" width=\"819\" height=\"1024\" data-id=\"14083\" src=\"https:\/\/eficasablanca.org\/wp-content\/uploads\/2026\/04\/3-10-819x1024.png\" alt=\"\" class=\"wp-image-14083\" srcset=\"https:\/\/eficasablanca.org\/wp-content\/uploads\/2026\/04\/3-10-819x1024.png 819w, https:\/\/eficasablanca.org\/wp-content\/uploads\/2026\/04\/3-10-240x300.png 240w, https:\/\/eficasablanca.org\/wp-content\/uploads\/2026\/04\/3-10-768x960.png 768w, https:\/\/eficasablanca.org\/wp-content\/uploads\/2026\/04\/3-10-10x12.png 10w, https:\/\/eficasablanca.org\/wp-content\/uploads\/2026\/04\/3-10.png 1080w\" sizes=\"(max-width: 819px) 100vw, 819px\" \/><\/figure>\n\n\n\n<figure class=\"wp-block-image size-large\"><img loading=\"lazy\" decoding=\"async\" width=\"819\" height=\"1024\" data-id=\"14080\" src=\"https:\/\/eficasablanca.org\/wp-content\/uploads\/2026\/04\/4-10-819x1024.png\" alt=\"\" class=\"wp-image-14080\" srcset=\"https:\/\/eficasablanca.org\/wp-content\/uploads\/2026\/04\/4-10-819x1024.png 819w, https:\/\/eficasablanca.org\/wp-content\/uploads\/2026\/04\/4-10-240x300.png 240w, https:\/\/eficasablanca.org\/wp-content\/uploads\/2026\/04\/4-10-768x960.png 768w, https:\/\/eficasablanca.org\/wp-content\/uploads\/2026\/04\/4-10-10x12.png 10w, https:\/\/eficasablanca.org\/wp-content\/uploads\/2026\/04\/4-10.png 1080w\" sizes=\"(max-width: 819px) 100vw, 819px\" \/><\/figure>\n\n\n\n<figure class=\"wp-block-image size-large\"><img loading=\"lazy\" decoding=\"async\" width=\"819\" height=\"1024\" data-id=\"14091\" src=\"https:\/\/eficasablanca.org\/wp-content\/uploads\/2026\/04\/5-10-819x1024.png\" alt=\"\" class=\"wp-image-14091\" srcset=\"https:\/\/eficasablanca.org\/wp-content\/uploads\/2026\/04\/5-10-819x1024.png 819w, https:\/\/eficasablanca.org\/wp-content\/uploads\/2026\/04\/5-10-240x300.png 240w, https:\/\/eficasablanca.org\/wp-content\/uploads\/2026\/04\/5-10-768x960.png 768w, https:\/\/eficasablanca.org\/wp-content\/uploads\/2026\/04\/5-10-10x12.png 10w, https:\/\/eficasablanca.org\/wp-content\/uploads\/2026\/04\/5-10.png 1080w\" sizes=\"(max-width: 819px) 100vw, 819px\" \/><\/figure>\n\n\n\n<figure class=\"wp-block-image size-large\"><img loading=\"lazy\" decoding=\"async\" width=\"819\" height=\"1024\" data-id=\"14092\" src=\"https:\/\/eficasablanca.org\/wp-content\/uploads\/2026\/04\/6-10-819x1024.png\" alt=\"\" class=\"wp-image-14092\" srcset=\"https:\/\/eficasablanca.org\/wp-content\/uploads\/2026\/04\/6-10-819x1024.png 819w, https:\/\/eficasablanca.org\/wp-content\/uploads\/2026\/04\/6-10-240x300.png 240w, https:\/\/eficasablanca.org\/wp-content\/uploads\/2026\/04\/6-10-768x960.png 768w, https:\/\/eficasablanca.org\/wp-content\/uploads\/2026\/04\/6-10-10x12.png 10w, https:\/\/eficasablanca.org\/wp-content\/uploads\/2026\/04\/6-10.png 1080w\" sizes=\"(max-width: 819px) 100vw, 819px\" \/><\/figure>\n\n\n\n<figure class=\"wp-block-image size-large\"><img loading=\"lazy\" decoding=\"async\" width=\"819\" height=\"1024\" data-id=\"14087\" src=\"https:\/\/eficasablanca.org\/wp-content\/uploads\/2026\/04\/7-9-819x1024.png\" alt=\"\" class=\"wp-image-14087\" srcset=\"https:\/\/eficasablanca.org\/wp-content\/uploads\/2026\/04\/7-9-819x1024.png 819w, https:\/\/eficasablanca.org\/wp-content\/uploads\/2026\/04\/7-9-240x300.png 240w, https:\/\/eficasablanca.org\/wp-content\/uploads\/2026\/04\/7-9-768x960.png 768w, https:\/\/eficasablanca.org\/wp-content\/uploads\/2026\/04\/7-9-10x12.png 10w, https:\/\/eficasablanca.org\/wp-content\/uploads\/2026\/04\/7-9.png 1080w\" sizes=\"(max-width: 819px) 100vw, 819px\" \/><\/figure>\n\n\n\n<figure class=\"wp-block-image size-large\"><img loading=\"lazy\" decoding=\"async\" width=\"819\" height=\"1024\" data-id=\"14098\" src=\"https:\/\/eficasablanca.org\/wp-content\/uploads\/2026\/04\/8-9-819x1024.png\" alt=\"\" class=\"wp-image-14098\" srcset=\"https:\/\/eficasablanca.org\/wp-content\/uploads\/2026\/04\/8-9-819x1024.png 819w, https:\/\/eficasablanca.org\/wp-content\/uploads\/2026\/04\/8-9-240x300.png 240w, https:\/\/eficasablanca.org\/wp-content\/uploads\/2026\/04\/8-9-768x960.png 768w, https:\/\/eficasablanca.org\/wp-content\/uploads\/2026\/04\/8-9-10x12.png 10w, https:\/\/eficasablanca.org\/wp-content\/uploads\/2026\/04\/8-9.png 1080w\" sizes=\"(max-width: 819px) 100vw, 819px\" \/><\/figure>\n\n\n\n<figure class=\"wp-block-image size-large\"><img loading=\"lazy\" decoding=\"async\" width=\"819\" height=\"1024\" data-id=\"14085\" src=\"https:\/\/eficasablanca.org\/wp-content\/uploads\/2026\/04\/9-11-819x1024.png\" alt=\"\" class=\"wp-image-14085\" srcset=\"https:\/\/eficasablanca.org\/wp-content\/uploads\/2026\/04\/9-11-819x1024.png 819w, https:\/\/eficasablanca.org\/wp-content\/uploads\/2026\/04\/9-11-240x300.png 240w, https:\/\/eficasablanca.org\/wp-content\/uploads\/2026\/04\/9-11-768x960.png 768w, https:\/\/eficasablanca.org\/wp-content\/uploads\/2026\/04\/9-11-10x12.png 10w, https:\/\/eficasablanca.org\/wp-content\/uploads\/2026\/04\/9-11.png 1080w\" sizes=\"(max-width: 819px) 100vw, 819px\" \/><\/figure>\n\n\n\n<figure class=\"wp-block-image size-large\"><img loading=\"lazy\" decoding=\"async\" width=\"819\" height=\"1024\" data-id=\"14099\" src=\"https:\/\/eficasablanca.org\/wp-content\/uploads\/2026\/04\/10-11-819x1024.png\" alt=\"\" class=\"wp-image-14099\" srcset=\"https:\/\/eficasablanca.org\/wp-content\/uploads\/2026\/04\/10-11-819x1024.png 819w, https:\/\/eficasablanca.org\/wp-content\/uploads\/2026\/04\/10-11-240x300.png 240w, https:\/\/eficasablanca.org\/wp-content\/uploads\/2026\/04\/10-11-768x960.png 768w, https:\/\/eficasablanca.org\/wp-content\/uploads\/2026\/04\/10-11-10x12.png 10w, https:\/\/eficasablanca.org\/wp-content\/uploads\/2026\/04\/10-11.png 1080w\" sizes=\"(max-width: 819px) 100vw, 819px\" \/><\/figure>\n\n\n\n<figure class=\"wp-block-image size-large\"><img loading=\"lazy\" decoding=\"async\" width=\"819\" height=\"1024\" data-id=\"14088\" src=\"https:\/\/eficasablanca.org\/wp-content\/uploads\/2026\/04\/11-6-819x1024.png\" alt=\"\" class=\"wp-image-14088\" srcset=\"https:\/\/eficasablanca.org\/wp-content\/uploads\/2026\/04\/11-6-819x1024.png 819w, https:\/\/eficasablanca.org\/wp-content\/uploads\/2026\/04\/11-6-240x300.png 240w, https:\/\/eficasablanca.org\/wp-content\/uploads\/2026\/04\/11-6-768x960.png 768w, https:\/\/eficasablanca.org\/wp-content\/uploads\/2026\/04\/11-6-10x12.png 10w, https:\/\/eficasablanca.org\/wp-content\/uploads\/2026\/04\/11-6.png 1080w\" sizes=\"(max-width: 819px) 100vw, 819px\" \/><\/figure>\n\n\n\n<figure class=\"wp-block-image size-large\"><img loading=\"lazy\" decoding=\"async\" width=\"819\" height=\"1024\" data-id=\"14090\" src=\"https:\/\/eficasablanca.org\/wp-content\/uploads\/2026\/04\/12-5-819x1024.png\" alt=\"\" class=\"wp-image-14090\" srcset=\"https:\/\/eficasablanca.org\/wp-content\/uploads\/2026\/04\/12-5-819x1024.png 819w, https:\/\/eficasablanca.org\/wp-content\/uploads\/2026\/04\/12-5-240x300.png 240w, https:\/\/eficasablanca.org\/wp-content\/uploads\/2026\/04\/12-5-768x960.png 768w, https:\/\/eficasablanca.org\/wp-content\/uploads\/2026\/04\/12-5-10x12.png 10w, https:\/\/eficasablanca.org\/wp-content\/uploads\/2026\/04\/12-5.png 1080w\" sizes=\"(max-width: 819px) 100vw, 819px\" \/><\/figure>\n\n\n\n<figure class=\"wp-block-image size-large\"><img loading=\"lazy\" decoding=\"async\" width=\"819\" height=\"1024\" data-id=\"14084\" src=\"https:\/\/eficasablanca.org\/wp-content\/uploads\/2026\/04\/13-5-819x1024.png\" alt=\"\" class=\"wp-image-14084\" srcset=\"https:\/\/eficasablanca.org\/wp-content\/uploads\/2026\/04\/13-5-819x1024.png 819w, https:\/\/eficasablanca.org\/wp-content\/uploads\/2026\/04\/13-5-240x300.png 240w, https:\/\/eficasablanca.org\/wp-content\/uploads\/2026\/04\/13-5-768x960.png 768w, https:\/\/eficasablanca.org\/wp-content\/uploads\/2026\/04\/13-5-10x12.png 10w, https:\/\/eficasablanca.org\/wp-content\/uploads\/2026\/04\/13-5.png 1080w\" sizes=\"(max-width: 819px) 100vw, 819px\" \/><\/figure>\n\n\n\n<figure class=\"wp-block-image size-large\"><img loading=\"lazy\" decoding=\"async\" width=\"819\" height=\"1024\" data-id=\"14094\" src=\"https:\/\/eficasablanca.org\/wp-content\/uploads\/2026\/04\/14-4-819x1024.png\" alt=\"\" class=\"wp-image-14094\" srcset=\"https:\/\/eficasablanca.org\/wp-content\/uploads\/2026\/04\/14-4-819x1024.png 819w, https:\/\/eficasablanca.org\/wp-content\/uploads\/2026\/04\/14-4-240x300.png 240w, https:\/\/eficasablanca.org\/wp-content\/uploads\/2026\/04\/14-4-768x960.png 768w, https:\/\/eficasablanca.org\/wp-content\/uploads\/2026\/04\/14-4-10x12.png 10w, https:\/\/eficasablanca.org\/wp-content\/uploads\/2026\/04\/14-4.png 1080w\" sizes=\"(max-width: 819px) 100vw, 819px\" \/><\/figure>\n\n\n\n<figure class=\"wp-block-image size-large\"><img loading=\"lazy\" decoding=\"async\" width=\"819\" height=\"1024\" data-id=\"14093\" src=\"https:\/\/eficasablanca.org\/wp-content\/uploads\/2026\/04\/15-3-819x1024.png\" alt=\"\" class=\"wp-image-14093\" srcset=\"https:\/\/eficasablanca.org\/wp-content\/uploads\/2026\/04\/15-3-819x1024.png 819w, https:\/\/eficasablanca.org\/wp-content\/uploads\/2026\/04\/15-3-240x300.png 240w, https:\/\/eficasablanca.org\/wp-content\/uploads\/2026\/04\/15-3-768x960.png 768w, https:\/\/eficasablanca.org\/wp-content\/uploads\/2026\/04\/15-3-10x12.png 10w, https:\/\/eficasablanca.org\/wp-content\/uploads\/2026\/04\/15-3.png 1080w\" sizes=\"(max-width: 819px) 100vw, 819px\" \/><\/figure>\n\n\n\n<figure class=\"wp-block-image size-large\"><img loading=\"lazy\" decoding=\"async\" width=\"819\" height=\"1024\" data-id=\"14095\" src=\"https:\/\/eficasablanca.org\/wp-content\/uploads\/2026\/04\/16-3-819x1024.png\" alt=\"\" class=\"wp-image-14095\" srcset=\"https:\/\/eficasablanca.org\/wp-content\/uploads\/2026\/04\/16-3-819x1024.png 819w, https:\/\/eficasablanca.org\/wp-content\/uploads\/2026\/04\/16-3-240x300.png 240w, https:\/\/eficasablanca.org\/wp-content\/uploads\/2026\/04\/16-3-768x960.png 768w, https:\/\/eficasablanca.org\/wp-content\/uploads\/2026\/04\/16-3-10x12.png 10w, https:\/\/eficasablanca.org\/wp-content\/uploads\/2026\/04\/16-3.png 1080w\" sizes=\"(max-width: 819px) 100vw, 819px\" \/><\/figure>\n\n\n\n<figure class=\"wp-block-image size-large\"><img loading=\"lazy\" decoding=\"async\" width=\"819\" height=\"1024\" data-id=\"14086\" src=\"https:\/\/eficasablanca.org\/wp-content\/uploads\/2026\/04\/17-3-819x1024.png\" alt=\"\" class=\"wp-image-14086\" srcset=\"https:\/\/eficasablanca.org\/wp-content\/uploads\/2026\/04\/17-3-819x1024.png 819w, https:\/\/eficasablanca.org\/wp-content\/uploads\/2026\/04\/17-3-240x300.png 240w, https:\/\/eficasablanca.org\/wp-content\/uploads\/2026\/04\/17-3-768x960.png 768w, https:\/\/eficasablanca.org\/wp-content\/uploads\/2026\/04\/17-3-10x12.png 10w, https:\/\/eficasablanca.org\/wp-content\/uploads\/2026\/04\/17-3.png 1080w\" sizes=\"(max-width: 819px) 100vw, 819px\" \/><\/figure>\n\n\n\n<figure class=\"wp-block-image size-large\"><img loading=\"lazy\" decoding=\"async\" width=\"819\" height=\"1024\" data-id=\"14097\" src=\"https:\/\/eficasablanca.org\/wp-content\/uploads\/2026\/04\/18-3-819x1024.png\" alt=\"\" class=\"wp-image-14097\" srcset=\"https:\/\/eficasablanca.org\/wp-content\/uploads\/2026\/04\/18-3-819x1024.png 819w, https:\/\/eficasablanca.org\/wp-content\/uploads\/2026\/04\/18-3-240x300.png 240w, https:\/\/eficasablanca.org\/wp-content\/uploads\/2026\/04\/18-3-768x960.png 768w, https:\/\/eficasablanca.org\/wp-content\/uploads\/2026\/04\/18-3-10x12.png 10w, https:\/\/eficasablanca.org\/wp-content\/uploads\/2026\/04\/18-3.png 1080w\" sizes=\"(max-width: 819px) 100vw, 819px\" \/><\/figure>\n\n\n\n<figure class=\"wp-block-image size-large\"><img loading=\"lazy\" decoding=\"async\" width=\"819\" height=\"1024\" data-id=\"14096\" src=\"https:\/\/eficasablanca.org\/wp-content\/uploads\/2026\/04\/19-3-819x1024.png\" alt=\"\" class=\"wp-image-14096\" srcset=\"https:\/\/eficasablanca.org\/wp-content\/uploads\/2026\/04\/19-3-819x1024.png 819w, https:\/\/eficasablanca.org\/wp-content\/uploads\/2026\/04\/19-3-240x300.png 240w, https:\/\/eficasablanca.org\/wp-content\/uploads\/2026\/04\/19-3-768x960.png 768w, https:\/\/eficasablanca.org\/wp-content\/uploads\/2026\/04\/19-3-10x12.png 10w, https:\/\/eficasablanca.org\/wp-content\/uploads\/2026\/04\/19-3.png 1080w\" sizes=\"(max-width: 819px) 100vw, 819px\" \/><\/figure>\n\n\n\n<figure class=\"wp-block-image size-large\"><img loading=\"lazy\" decoding=\"async\" width=\"819\" height=\"1024\" data-id=\"14089\" src=\"https:\/\/eficasablanca.org\/wp-content\/uploads\/2026\/04\/20-3-819x1024.png\" alt=\"\" class=\"wp-image-14089\" srcset=\"https:\/\/eficasablanca.org\/wp-content\/uploads\/2026\/04\/20-3-819x1024.png 819w, https:\/\/eficasablanca.org\/wp-content\/uploads\/2026\/04\/20-3-240x300.png 240w, https:\/\/eficasablanca.org\/wp-content\/uploads\/2026\/04\/20-3-768x960.png 768w, https:\/\/eficasablanca.org\/wp-content\/uploads\/2026\/04\/20-3-10x12.png 10w, https:\/\/eficasablanca.org\/wp-content\/uploads\/2026\/04\/20-3.png 1080w\" sizes=\"(max-width: 819px) 100vw, 819px\" \/><\/figure>\n<\/figure>","protected":false},"excerpt":{"rendered":"<p>Au c\u0153ur du Moyen Atlas, entre Ifrane, F\u00e8s, Mekn\u00e8s et Volubilis, les \u00e9l\u00e8ves de CM1 ont v\u00e9cu un s\u00e9jour riche en d\u00e9couvertes, entre patrimoine, histoire et immersion dans la nature. De la m\u00e9dina de F\u00e8s, class\u00e9e au patrimoine mondial de l\u2019UNESCO, aux vestiges de la cit\u00e9 romaine de Volubilis, en passant par la d\u00e9couverte de [&hellip;]<\/p>\n","protected":false},"author":3,"featured_media":14100,"comment_status":"closed","ping_status":"open","sticky":false,"template":"","format":"standard","meta":{"_acf_changed":false,"footnotes":""},"categories":[21],"tags":[],"class_list":["post-14079","post","type-post","status-publish","format-standard","has-post-thumbnail","hentry","category-actualites"],"acf":[],"yoast_head":"<!-- This site is optimized with the Yoast SEO plugin v27.1.1 - https:\/\/yoast.com\/product\/yoast-seo-wordpress\/ -->\n<title>S\u00e9jour p\u00e9dagogique des \u00e9l\u00e8ves de CM1 - \u00c9cole Fran\u00e7aise Internationale de Casablanca<\/title>\n<meta name=\"description\" content=\"Au c\u0153ur du Moyen Atlas, entre Ifrane, F\u00e8s, Mekn\u00e8s et Volubilis, les \u00e9l\u00e8ves de CM1 ont v\u00e9cu un s\u00e9jour riche en d\u00e9couvertes, entre patrimoine, histoire et\" \/>\n<meta name=\"robots\" content=\"index, follow, max-snippet:-1, max-image-preview:large, max-video-preview:-1\" \/>\n<link rel=\"canonical\" href=\"https:\/\/eficasablanca.org\/en\/sejour-pedagogique-des-eleves-de-cm1\/\" \/>\n<meta property=\"og:locale\" content=\"en_US\" \/>\n<meta property=\"og:type\" content=\"article\" \/>\n<meta property=\"og:title\" content=\"S\u00e9jour p\u00e9dagogique des \u00e9l\u00e8ves de CM1 - \u00c9cole Fran\u00e7aise Internationale de Casablanca\" \/>\n<meta property=\"og:description\" content=\"Au c\u0153ur du Moyen Atlas, entre Ifrane, F\u00e8s, Mekn\u00e8s et Volubilis, les \u00e9l\u00e8ves de CM1 ont v\u00e9cu un s\u00e9jour riche en d\u00e9couvertes, entre patrimoine, histoire et\" \/>\n<meta property=\"og:url\" content=\"https:\/\/eficasablanca.org\/en\/sejour-pedagogique-des-eleves-de-cm1\/\" \/>\n<meta property=\"og:site_name\" content=\"\u00c9cole Fran\u00e7aise Internationale de Casablanca\" \/>\n<meta property=\"article:publisher\" content=\"https:\/\/www.facebook.com\/EFICasablanca\" \/>\n<meta property=\"article:published_time\" content=\"2026-04-21T11:02:48+00:00\" \/>\n<meta property=\"article:modified_time\" content=\"2026-04-21T11:02:49+00:00\" \/>\n<meta property=\"og:image\" content=\"https:\/\/eficasablanca.org\/wp-content\/uploads\/2026\/04\/Banniere-77.png\" \/>\n\t<meta property=\"og:image:width\" content=\"867\" \/>\n\t<meta property=\"og:image:height\" content=\"555\" \/>\n\t<meta property=\"og:image:type\" content=\"image\/png\" \/>\n<meta name=\"author\" content=\"it\" \/>\n<meta name=\"twitter:card\" content=\"summary_large_image\" \/>\n<meta name=\"twitter:label1\" content=\"Written by\" \/>\n\t<meta name=\"twitter:data1\" content=\"it\" \/>\n\t<meta name=\"twitter:label2\" content=\"Est. reading time\" \/>\n\t<meta name=\"twitter:data2\" content=\"6 minutes\" \/>\n<script type=\"application\/ld+json\" class=\"yoast-schema-graph\">{\"@context\":\"https:\/\/schema.org\",\"@graph\":[{\"@type\":\"Article\",\"@id\":\"https:\/\/eficasablanca.org\/sejour-pedagogique-des-eleves-de-cm1\/#article\",\"isPartOf\":{\"@id\":\"https:\/\/eficasablanca.org\/sejour-pedagogique-des-eleves-de-cm1\/\"},\"author\":{\"name\":\"it\",\"@id\":\"https:\/\/eficasablanca.org\/#\/schema\/person\/cd2435603ee779b3c83afe03afe2bf0e\"},\"headline\":\"S\u00e9jour p\u00e9dagogique des \u00e9l\u00e8ves de CM1\",\"datePublished\":\"2026-04-21T11:02:48+00:00\",\"dateModified\":\"2026-04-21T11:02:49+00:00\",\"mainEntityOfPage\":{\"@id\":\"https:\/\/eficasablanca.org\/sejour-pedagogique-des-eleves-de-cm1\/\"},\"wordCount\":301,\"publisher\":{\"@id\":\"https:\/\/eficasablanca.org\/#organization\"},\"image\":{\"@id\":\"https:\/\/eficasablanca.org\/sejour-pedagogique-des-eleves-de-cm1\/#primaryimage\"},\"thumbnailUrl\":\"https:\/\/eficasablanca.org\/wp-content\/uploads\/2026\/04\/Banniere-77.png\",\"articleSection\":[\"Actualit\u00e9s\"],\"inLanguage\":\"en-US\"},{\"@type\":\"WebPage\",\"@id\":\"https:\/\/eficasablanca.org\/sejour-pedagogique-des-eleves-de-cm1\/\",\"url\":\"https:\/\/eficasablanca.org\/sejour-pedagogique-des-eleves-de-cm1\/\",\"name\":\"S\u00e9jour p\u00e9dagogique des \u00e9l\u00e8ves de CM1 - \u00c9cole Fran\u00e7aise Internationale de Casablanca\",\"isPartOf\":{\"@id\":\"https:\/\/eficasablanca.org\/#website\"},\"primaryImageOfPage\":{\"@id\":\"https:\/\/eficasablanca.org\/sejour-pedagogique-des-eleves-de-cm1\/#primaryimage\"},\"image\":{\"@id\":\"https:\/\/eficasablanca.org\/sejour-pedagogique-des-eleves-de-cm1\/#primaryimage\"},\"thumbnailUrl\":\"https:\/\/eficasablanca.org\/wp-content\/uploads\/2026\/04\/Banniere-77.png\",\"datePublished\":\"2026-04-21T11:02:48+00:00\",\"dateModified\":\"2026-04-21T11:02:49+00:00\",\"description\":\"Au c\u0153ur du Moyen Atlas, entre Ifrane, F\u00e8s, Mekn\u00e8s et Volubilis, les \u00e9l\u00e8ves de CM1 ont v\u00e9cu un s\u00e9jour riche en d\u00e9couvertes, entre patrimoine, histoire et\",\"breadcrumb\":{\"@id\":\"https:\/\/eficasablanca.org\/sejour-pedagogique-des-eleves-de-cm1\/#breadcrumb\"},\"inLanguage\":\"en-US\",\"potentialAction\":[{\"@type\":\"ReadAction\",\"target\":[\"https:\/\/eficasablanca.org\/sejour-pedagogique-des-eleves-de-cm1\/\"]}]},{\"@type\":\"ImageObject\",\"inLanguage\":\"en-US\",\"@id\":\"https:\/\/eficasablanca.org\/sejour-pedagogique-des-eleves-de-cm1\/#primaryimage\",\"url\":\"https:\/\/eficasablanca.org\/wp-content\/uploads\/2026\/04\/Banniere-77.png\",\"contentUrl\":\"https:\/\/eficasablanca.org\/wp-content\/uploads\/2026\/04\/Banniere-77.png\",\"width\":867,\"height\":555},{\"@type\":\"BreadcrumbList\",\"@id\":\"https:\/\/eficasablanca.org\/sejour-pedagogique-des-eleves-de-cm1\/#breadcrumb\",\"itemListElement\":[{\"@type\":\"ListItem\",\"position\":1,\"name\":\"Accueil\",\"item\":\"https:\/\/eficasablanca.org\/\"},{\"@type\":\"ListItem\",\"position\":2,\"name\":\"S\u00e9jour p\u00e9dagogique des \u00e9l\u00e8ves de CM1\"}]},{\"@type\":\"WebSite\",\"@id\":\"https:\/\/eficasablanca.org\/#website\",\"url\":\"https:\/\/eficasablanca.org\/\",\"name\":\"\u00c9cole Fran\u00e7aise Internationale de Casablanca\",\"description\":\"L&#039;\u00c9cole Fran\u00e7aise Internationale\",\"publisher\":{\"@id\":\"https:\/\/eficasablanca.org\/#organization\"},\"potentialAction\":[{\"@type\":\"SearchAction\",\"target\":{\"@type\":\"EntryPoint\",\"urlTemplate\":\"https:\/\/eficasablanca.org\/?s={search_term_string}\"},\"query-input\":{\"@type\":\"PropertyValueSpecification\",\"valueRequired\":true,\"valueName\":\"search_term_string\"}}],\"inLanguage\":\"en-US\"},{\"@type\":\"Organization\",\"@id\":\"https:\/\/eficasablanca.org\/#organization\",\"name\":\"Ecole Fran\u00e7aise Internationale Casablanca\",\"url\":\"https:\/\/eficasablanca.org\/\",\"logo\":{\"@type\":\"ImageObject\",\"inLanguage\":\"en-US\",\"@id\":\"https:\/\/eficasablanca.org\/#\/schema\/logo\/image\/\",\"url\":\"https:\/\/eficasablanca.org\/wp-content\/uploads\/2022\/12\/Logo-EFI-DEF-1-1-02-1.webp\",\"contentUrl\":\"https:\/\/eficasablanca.org\/wp-content\/uploads\/2022\/12\/Logo-EFI-DEF-1-1-02-1.webp\",\"width\":644,\"height\":100,\"caption\":\"Ecole Fran\u00e7aise Internationale Casablanca\"},\"image\":{\"@id\":\"https:\/\/eficasablanca.org\/#\/schema\/logo\/image\/\"},\"sameAs\":[\"https:\/\/www.facebook.com\/EFICasablanca\",\"https:\/\/www.instagram.com\/efi_casablanca\/?hl=fr\",\"https:\/\/www.linkedin.com\/company\/efi-casablanca\/about\/?viewAsMember=true\"]},{\"@type\":\"Person\",\"@id\":\"https:\/\/eficasablanca.org\/#\/schema\/person\/cd2435603ee779b3c83afe03afe2bf0e\",\"name\":\"it\",\"url\":\"https:\/\/eficasablanca.org\/en\/author\/it\/\"}]}<\/script>\n<!-- \/ Yoast SEO plugin. -->","yoast_head_json":{"title":"S\u00e9jour p\u00e9dagogique des \u00e9l\u00e8ves de CM1 - \u00c9cole Fran\u00e7aise Internationale de Casablanca","description":"Au c\u0153ur du Moyen Atlas, entre Ifrane, F\u00e8s, Mekn\u00e8s et Volubilis, les \u00e9l\u00e8ves de CM1 ont v\u00e9cu un s\u00e9jour riche en d\u00e9couvertes, entre patrimoine, histoire et","robots":{"index":"index","follow":"follow","max-snippet":"max-snippet:-1","max-image-preview":"max-image-preview:large","max-video-preview":"max-video-preview:-1"},"canonical":"https:\/\/eficasablanca.org\/en\/sejour-pedagogique-des-eleves-de-cm1\/","og_locale":"en_US","og_type":"article","og_title":"S\u00e9jour p\u00e9dagogique des \u00e9l\u00e8ves de CM1 - \u00c9cole Fran\u00e7aise Internationale de Casablanca","og_description":"Au c\u0153ur du Moyen Atlas, entre Ifrane, F\u00e8s, Mekn\u00e8s et Volubilis, les \u00e9l\u00e8ves de CM1 ont v\u00e9cu un s\u00e9jour riche en d\u00e9couvertes, entre patrimoine, histoire et","og_url":"https:\/\/eficasablanca.org\/en\/sejour-pedagogique-des-eleves-de-cm1\/","og_site_name":"\u00c9cole Fran\u00e7aise Internationale de Casablanca","article_publisher":"https:\/\/www.facebook.com\/EFICasablanca","article_published_time":"2026-04-21T11:02:48+00:00","article_modified_time":"2026-04-21T11:02:49+00:00","og_image":[{"width":867,"height":555,"url":"https:\/\/eficasablanca.org\/wp-content\/uploads\/2026\/04\/Banniere-77.png","type":"image\/png"}],"author":"it","twitter_card":"summary_large_image","twitter_misc":{"Written by":"it","Est. reading time":"6 minutes"},"schema":{"@context":"https:\/\/schema.org","@graph":[{"@type":"Article","@id":"https:\/\/eficasablanca.org\/sejour-pedagogique-des-eleves-de-cm1\/#article","isPartOf":{"@id":"https:\/\/eficasablanca.org\/sejour-pedagogique-des-eleves-de-cm1\/"},"author":{"name":"it","@id":"https:\/\/eficasablanca.org\/#\/schema\/person\/cd2435603ee779b3c83afe03afe2bf0e"},"headline":"S\u00e9jour p\u00e9dagogique des \u00e9l\u00e8ves de CM1","datePublished":"2026-04-21T11:02:48+00:00","dateModified":"2026-04-21T11:02:49+00:00","mainEntityOfPage":{"@id":"https:\/\/eficasablanca.org\/sejour-pedagogique-des-eleves-de-cm1\/"},"wordCount":301,"publisher":{"@id":"https:\/\/eficasablanca.org\/#organization"},"image":{"@id":"https:\/\/eficasablanca.org\/sejour-pedagogique-des-eleves-de-cm1\/#primaryimage"},"thumbnailUrl":"https:\/\/eficasablanca.org\/wp-content\/uploads\/2026\/04\/Banniere-77.png","articleSection":["Actualit\u00e9s"],"inLanguage":"en-US"},{"@type":"WebPage","@id":"https:\/\/eficasablanca.org\/sejour-pedagogique-des-eleves-de-cm1\/","url":"https:\/\/eficasablanca.org\/sejour-pedagogique-des-eleves-de-cm1\/","name":"S\u00e9jour p\u00e9dagogique des \u00e9l\u00e8ves de CM1 - \u00c9cole Fran\u00e7aise Internationale de Casablanca","isPartOf":{"@id":"https:\/\/eficasablanca.org\/#website"},"primaryImageOfPage":{"@id":"https:\/\/eficasablanca.org\/sejour-pedagogique-des-eleves-de-cm1\/#primaryimage"},"image":{"@id":"https:\/\/eficasablanca.org\/sejour-pedagogique-des-eleves-de-cm1\/#primaryimage"},"thumbnailUrl":"https:\/\/eficasablanca.org\/wp-content\/uploads\/2026\/04\/Banniere-77.png","datePublished":"2026-04-21T11:02:48+00:00","dateModified":"2026-04-21T11:02:49+00:00","description":"Au c\u0153ur du Moyen Atlas, entre Ifrane, F\u00e8s, Mekn\u00e8s et Volubilis, les \u00e9l\u00e8ves de CM1 ont v\u00e9cu un s\u00e9jour riche en d\u00e9couvertes, entre patrimoine, histoire et","breadcrumb":{"@id":"https:\/\/eficasablanca.org\/sejour-pedagogique-des-eleves-de-cm1\/#breadcrumb"},"inLanguage":"en-US","potentialAction":[{"@type":"ReadAction","target":["https:\/\/eficasablanca.org\/sejour-pedagogique-des-eleves-de-cm1\/"]}]},{"@type":"ImageObject","inLanguage":"en-US","@id":"https:\/\/eficasablanca.org\/sejour-pedagogique-des-eleves-de-cm1\/#primaryimage","url":"https:\/\/eficasablanca.org\/wp-content\/uploads\/2026\/04\/Banniere-77.png","contentUrl":"https:\/\/eficasablanca.org\/wp-content\/uploads\/2026\/04\/Banniere-77.png","width":867,"height":555},{"@type":"BreadcrumbList","@id":"https:\/\/eficasablanca.org\/sejour-pedagogique-des-eleves-de-cm1\/#breadcrumb","itemListElement":[{"@type":"ListItem","position":1,"name":"Accueil","item":"https:\/\/eficasablanca.org\/"},{"@type":"ListItem","position":2,"name":"S\u00e9jour p\u00e9dagogique des \u00e9l\u00e8ves de CM1"}]},{"@type":"WebSite","@id":"https:\/\/eficasablanca.org\/#website","url":"https:\/\/eficasablanca.org\/","name":"Casablanca International French School","description":"L&#039;\u00c9cole Fran\u00e7aise Internationale","publisher":{"@id":"https:\/\/eficasablanca.org\/#organization"},"potentialAction":[{"@type":"SearchAction","target":{"@type":"EntryPoint","urlTemplate":"https:\/\/eficasablanca.org\/?s={search_term_string}"},"query-input":{"@type":"PropertyValueSpecification","valueRequired":true,"valueName":"search_term_string"}}],"inLanguage":"en-US"},{"@type":"Organization","@id":"https:\/\/eficasablanca.org\/#organization","name":"Ecole Fran\u00e7aise Internationale Casablanca","url":"https:\/\/eficasablanca.org\/","logo":{"@type":"ImageObject","inLanguage":"en-US","@id":"https:\/\/eficasablanca.org\/#\/schema\/logo\/image\/","url":"https:\/\/eficasablanca.org\/wp-content\/uploads\/2022\/12\/Logo-EFI-DEF-1-1-02-1.webp","contentUrl":"https:\/\/eficasablanca.org\/wp-content\/uploads\/2022\/12\/Logo-EFI-DEF-1-1-02-1.webp","width":644,"height":100,"caption":"Ecole Fran\u00e7aise Internationale Casablanca"},"image":{"@id":"https:\/\/eficasablanca.org\/#\/schema\/logo\/image\/"},"sameAs":["https:\/\/www.facebook.com\/EFICasablanca","https:\/\/www.instagram.com\/efi_casablanca\/?hl=fr","https:\/\/www.linkedin.com\/company\/efi-casablanca\/about\/?viewAsMember=true"]},{"@type":"Person","@id":"https:\/\/eficasablanca.org\/#\/schema\/person\/cd2435603ee779b3c83afe03afe2bf0e","name":"it","url":"https:\/\/eficasablanca.org\/en\/author\/it\/"}]}},"_links":{"self":[{"href":"https:\/\/eficasablanca.org\/en\/wp-json\/wp\/v2\/posts\/14079","targetHints":{"allow":["GET"]}}],"collection":[{"href":"https:\/\/eficasablanca.org\/en\/wp-json\/wp\/v2\/posts"}],"about":[{"href":"https:\/\/eficasablanca.org\/en\/wp-json\/wp\/v2\/types\/post"}],"author":[{"embeddable":true,"href":"https:\/\/eficasablanca.org\/en\/wp-json\/wp\/v2\/users\/3"}],"replies":[{"embeddable":true,"href":"https:\/\/eficasablanca.org\/en\/wp-json\/wp\/v2\/comments?post=14079"}],"version-history":[{"count":1,"href":"https:\/\/eficasablanca.org\/en\/wp-json\/wp\/v2\/posts\/14079\/revisions"}],"predecessor-version":[{"id":14101,"href":"https:\/\/eficasablanca.org\/en\/wp-json\/wp\/v2\/posts\/14079\/revisions\/14101"}],"wp:featuredmedia":[{"embeddable":true,"href":"https:\/\/eficasablanca.org\/en\/wp-json\/wp\/v2\/media\/14100"}],"wp:attachment":[{"href":"https:\/\/eficasablanca.org\/en\/wp-json\/wp\/v2\/media?parent=14079"}],"wp:term":[{"taxonomy":"category","embeddable":true,"href":"https:\/\/eficasablanca.org\/en\/wp-json\/wp\/v2\/categories?post=14079"},{"taxonomy":"post_tag","embeddable":true,"href":"https:\/\/eficasablanca.org\/en\/wp-json\/wp\/v2\/tags?post=14079"}],"curies":[{"name":"wp","href":"https:\/\/api.w.org\/{rel}","templated":true}]}}