{"id":14104,"date":"2026-04-21T17:30:46","date_gmt":"2026-04-21T16:30:46","guid":{"rendered":"https:\/\/eficasablanca.org\/?p=14104"},"modified":"2026-04-21T17:54:20","modified_gmt":"2026-04-21T16:54:20","slug":"14eme-edition-du-concours-ambassadeurs-ambassadrices-en-herbe","status":"publish","type":"post","link":"https:\/\/eficasablanca.org\/en\/14eme-edition-du-concours-ambassadeurs-ambassadrices-en-herbe\/","title":{"rendered":"14\u00e8me\u00a0\u00e9dition du Concours Ambassadeurs, ambassadrices en herbe"},"content":{"rendered":"<p>L&rsquo;EFI Casablanca f\u00e9licite \u00e0 Malak Laraqui, \u00e9l\u00e8ve de 4\u00e8me, qui rejoint l\u2019\u00e9quipe repr\u00e9sentant le Maroc \u00e0 la finale Monde du concours d\u2019\u00e9loquence international Ambassadeurs en herbe, cette ann\u00e9e autour du th\u00e8me&nbsp;<strong>\u00ab<\/strong>&nbsp;<strong>L\u2019intelligence artificielle : une r\u00e9volution au b\u00e9n\u00e9fice de l\u2019humain ? \u00bb <\/strong><\/p>\n\n\n\n<p>\u00c0 l\u2019occasion de la finale nationale organis\u00e9e mardi 16 avril, 108 \u00e9l\u00e8ves venus de 18 \u00e9tablissements du r\u00e9seau des \u00e9tablissements fran\u00e7ais du Maroc se sont r\u00e9unis pour prendre la parole autour de cette th\u00e9matique exigeante, \u00e0 travers fables, expos\u00e9s argument\u00e9s et d\u00e9bats.<\/p>\n\n\n\n<p>L&rsquo;\u00e9tablissement remercie le Lyc\u00e9e Paul Val\u00e9ry de Mekn\u00e8s pour son l\u2019accueil, ainsi que Corinne Rot et Astrid Mercier pour l\u2019encadrement et la coordination de ce projet.<\/p>\n\n\n\n<p>&#8212;<\/p>\n\n\n\n<p>The French International School of Casablanca congratulates Malak Laraqui, a 4\u00e8me student, who joins the team representing Morocco at the World Final of the international public speaking competition <em>Ambassadeurs en herbe<\/em>, held this year on the theme:<strong> \u201cArtificial Intelligence: a revolution for the benefit of humanity?\u201d<\/strong><\/p>\n\n\n\n<p>On the occasion of the national final held on Tuesday, April 16, 108 students from 18 schools within the French schools network in Morocco came together to speak on this demanding theme through fables, argumentative presentations, and debates.<\/p>\n\n\n\n<p>The school thanks the Lyc\u00e9e Paul Val\u00e9ry in Mekn\u00e8s for their warm welcome, as well as Corinne Rot and Astrid Mercier for overseeing and coordinating this project.<\/p>\n\n\n\n<figure class=\"wp-block-gallery has-nested-images columns-default is-cropped wp-block-gallery-1 is-layout-flex wp-block-gallery-is-layout-flex\">\n<figure class=\"wp-block-image size-large\"><img fetchpriority=\"high\" decoding=\"async\" width=\"819\" height=\"1024\" data-id=\"14112\" src=\"https:\/\/eficasablanca.org\/wp-content\/uploads\/2026\/04\/1-11-819x1024.png\" alt=\"\" class=\"wp-image-14112\" srcset=\"https:\/\/eficasablanca.org\/wp-content\/uploads\/2026\/04\/1-11-819x1024.png 819w, https:\/\/eficasablanca.org\/wp-content\/uploads\/2026\/04\/1-11-240x300.png 240w, https:\/\/eficasablanca.org\/wp-content\/uploads\/2026\/04\/1-11-768x960.png 768w, https:\/\/eficasablanca.org\/wp-content\/uploads\/2026\/04\/1-11-10x12.png 10w, https:\/\/eficasablanca.org\/wp-content\/uploads\/2026\/04\/1-11.png 1080w\" sizes=\"(max-width: 819px) 100vw, 819px\" \/><\/figure>\n\n\n\n<figure class=\"wp-block-image size-large\"><img decoding=\"async\" width=\"819\" height=\"1024\" data-id=\"14108\" src=\"https:\/\/eficasablanca.org\/wp-content\/uploads\/2026\/04\/2-11-819x1024.png\" alt=\"\" class=\"wp-image-14108\" srcset=\"https:\/\/eficasablanca.org\/wp-content\/uploads\/2026\/04\/2-11-819x1024.png 819w, https:\/\/eficasablanca.org\/wp-content\/uploads\/2026\/04\/2-11-240x300.png 240w, https:\/\/eficasablanca.org\/wp-content\/uploads\/2026\/04\/2-11-768x960.png 768w, https:\/\/eficasablanca.org\/wp-content\/uploads\/2026\/04\/2-11-10x12.png 10w, https:\/\/eficasablanca.org\/wp-content\/uploads\/2026\/04\/2-11.png 1080w\" sizes=\"(max-width: 819px) 100vw, 819px\" \/><\/figure>\n\n\n\n<figure class=\"wp-block-image size-large\"><img decoding=\"async\" width=\"819\" height=\"1024\" data-id=\"14106\" src=\"https:\/\/eficasablanca.org\/wp-content\/uploads\/2026\/04\/3-11-819x1024.png\" alt=\"\" class=\"wp-image-14106\" srcset=\"https:\/\/eficasablanca.org\/wp-content\/uploads\/2026\/04\/3-11-819x1024.png 819w, https:\/\/eficasablanca.org\/wp-content\/uploads\/2026\/04\/3-11-240x300.png 240w, https:\/\/eficasablanca.org\/wp-content\/uploads\/2026\/04\/3-11-768x960.png 768w, https:\/\/eficasablanca.org\/wp-content\/uploads\/2026\/04\/3-11-10x12.png 10w, https:\/\/eficasablanca.org\/wp-content\/uploads\/2026\/04\/3-11.png 1080w\" sizes=\"(max-width: 819px) 100vw, 819px\" \/><\/figure>\n\n\n\n<figure class=\"wp-block-image size-large\"><img loading=\"lazy\" decoding=\"async\" width=\"819\" height=\"1024\" data-id=\"14111\" src=\"https:\/\/eficasablanca.org\/wp-content\/uploads\/2026\/04\/4-11-819x1024.png\" alt=\"\" class=\"wp-image-14111\" srcset=\"https:\/\/eficasablanca.org\/wp-content\/uploads\/2026\/04\/4-11-819x1024.png 819w, https:\/\/eficasablanca.org\/wp-content\/uploads\/2026\/04\/4-11-240x300.png 240w, https:\/\/eficasablanca.org\/wp-content\/uploads\/2026\/04\/4-11-768x960.png 768w, https:\/\/eficasablanca.org\/wp-content\/uploads\/2026\/04\/4-11-10x12.png 10w, https:\/\/eficasablanca.org\/wp-content\/uploads\/2026\/04\/4-11.png 1080w\" sizes=\"(max-width: 819px) 100vw, 819px\" \/><\/figure>\n\n\n\n<figure class=\"wp-block-image size-large\"><img loading=\"lazy\" decoding=\"async\" width=\"819\" height=\"1024\" data-id=\"14109\" src=\"https:\/\/eficasablanca.org\/wp-content\/uploads\/2026\/04\/5-11-819x1024.png\" alt=\"\" class=\"wp-image-14109\" srcset=\"https:\/\/eficasablanca.org\/wp-content\/uploads\/2026\/04\/5-11-819x1024.png 819w, https:\/\/eficasablanca.org\/wp-content\/uploads\/2026\/04\/5-11-240x300.png 240w, https:\/\/eficasablanca.org\/wp-content\/uploads\/2026\/04\/5-11-768x960.png 768w, https:\/\/eficasablanca.org\/wp-content\/uploads\/2026\/04\/5-11-10x12.png 10w, https:\/\/eficasablanca.org\/wp-content\/uploads\/2026\/04\/5-11.png 1080w\" sizes=\"(max-width: 819px) 100vw, 819px\" \/><\/figure>\n\n\n\n<figure class=\"wp-block-image size-large\"><img loading=\"lazy\" decoding=\"async\" width=\"819\" height=\"1024\" data-id=\"14110\" src=\"https:\/\/eficasablanca.org\/wp-content\/uploads\/2026\/04\/6-11-819x1024.png\" alt=\"\" class=\"wp-image-14110\" srcset=\"https:\/\/eficasablanca.org\/wp-content\/uploads\/2026\/04\/6-11-819x1024.png 819w, https:\/\/eficasablanca.org\/wp-content\/uploads\/2026\/04\/6-11-240x300.png 240w, https:\/\/eficasablanca.org\/wp-content\/uploads\/2026\/04\/6-11-768x960.png 768w, https:\/\/eficasablanca.org\/wp-content\/uploads\/2026\/04\/6-11-10x12.png 10w, https:\/\/eficasablanca.org\/wp-content\/uploads\/2026\/04\/6-11.png 1080w\" sizes=\"(max-width: 819px) 100vw, 819px\" \/><\/figure>\n\n\n\n<figure class=\"wp-block-image size-large\"><img loading=\"lazy\" decoding=\"async\" width=\"819\" height=\"1024\" data-id=\"14107\" src=\"https:\/\/eficasablanca.org\/wp-content\/uploads\/2026\/04\/7-10-819x1024.png\" alt=\"\" class=\"wp-image-14107\" srcset=\"https:\/\/eficasablanca.org\/wp-content\/uploads\/2026\/04\/7-10-819x1024.png 819w, https:\/\/eficasablanca.org\/wp-content\/uploads\/2026\/04\/7-10-240x300.png 240w, https:\/\/eficasablanca.org\/wp-content\/uploads\/2026\/04\/7-10-768x960.png 768w, https:\/\/eficasablanca.org\/wp-content\/uploads\/2026\/04\/7-10-10x12.png 10w, https:\/\/eficasablanca.org\/wp-content\/uploads\/2026\/04\/7-10.png 1080w\" sizes=\"(max-width: 819px) 100vw, 819px\" \/><\/figure>\n<\/figure>","protected":false},"excerpt":{"rendered":"<p>L&rsquo;EFI Casablanca f\u00e9licite \u00e0 Malak Laraqui, \u00e9l\u00e8ve de 4\u00e8me, qui rejoint l\u2019\u00e9quipe repr\u00e9sentant le Maroc \u00e0 la finale Monde du concours d\u2019\u00e9loquence international Ambassadeurs en herbe, cette ann\u00e9e autour du th\u00e8me&nbsp;\u00ab&nbsp;L\u2019intelligence artificielle : une r\u00e9volution au b\u00e9n\u00e9fice de l\u2019humain ? \u00bb \u00c0 l\u2019occasion de la finale nationale organis\u00e9e mardi 16 avril, 108 \u00e9l\u00e8ves venus de [&hellip;]<\/p>\n","protected":false},"author":3,"featured_media":14115,"comment_status":"closed","ping_status":"open","sticky":false,"template":"","format":"standard","meta":{"_acf_changed":false,"footnotes":""},"categories":[21],"tags":[],"class_list":["post-14104","post","type-post","status-publish","format-standard","has-post-thumbnail","hentry","category-actualites"],"acf":[],"yoast_head":"<!-- This site is optimized with the Yoast SEO plugin v27.1.1 - https:\/\/yoast.com\/product\/yoast-seo-wordpress\/ -->\n<title>14\u00e8me\u00a0\u00e9dition du Concours Ambassadeurs, ambassadrices en herbe - \u00c9cole Fran\u00e7aise Internationale de Casablanca<\/title>\n<meta name=\"description\" content=\"L&#039;EFI Casablanca f\u00e9licite \u00e0 Malak Laraqui, \u00e9l\u00e8ve de 4\u00e8me, qui rejoint l\u2019\u00e9quipe repr\u00e9sentant le Maroc \u00e0 la finale Monde du concours d\u2019\u00e9loquence\" \/>\n<meta name=\"robots\" content=\"index, follow, max-snippet:-1, max-image-preview:large, max-video-preview:-1\" \/>\n<link rel=\"canonical\" href=\"https:\/\/eficasablanca.org\/en\/14eme-edition-du-concours-ambassadeurs-ambassadrices-en-herbe\/\" \/>\n<meta property=\"og:locale\" content=\"en_US\" \/>\n<meta property=\"og:type\" content=\"article\" \/>\n<meta property=\"og:title\" content=\"14\u00e8me\u00a0\u00e9dition du Concours Ambassadeurs, ambassadrices en herbe - \u00c9cole Fran\u00e7aise Internationale de Casablanca\" \/>\n<meta property=\"og:description\" content=\"L&#039;EFI Casablanca f\u00e9licite \u00e0 Malak Laraqui, \u00e9l\u00e8ve de 4\u00e8me, qui rejoint l\u2019\u00e9quipe repr\u00e9sentant le Maroc \u00e0 la finale Monde du concours d\u2019\u00e9loquence\" \/>\n<meta property=\"og:url\" content=\"https:\/\/eficasablanca.org\/en\/14eme-edition-du-concours-ambassadeurs-ambassadrices-en-herbe\/\" \/>\n<meta property=\"og:site_name\" content=\"\u00c9cole Fran\u00e7aise Internationale de Casablanca\" \/>\n<meta property=\"article:publisher\" content=\"https:\/\/www.facebook.com\/EFICasablanca\" \/>\n<meta property=\"article:published_time\" content=\"2026-04-21T16:30:46+00:00\" \/>\n<meta property=\"article:modified_time\" content=\"2026-04-21T16:54:20+00:00\" \/>\n<meta property=\"og:image\" content=\"https:\/\/eficasablanca.org\/wp-content\/uploads\/2026\/04\/Banniere-79.png\" \/>\n\t<meta property=\"og:image:width\" content=\"867\" \/>\n\t<meta property=\"og:image:height\" content=\"555\" \/>\n\t<meta property=\"og:image:type\" content=\"image\/png\" \/>\n<meta name=\"author\" content=\"it\" \/>\n<meta name=\"twitter:card\" content=\"summary_large_image\" \/>\n<meta name=\"twitter:label1\" content=\"Written by\" \/>\n\t<meta name=\"twitter:data1\" content=\"it\" \/>\n\t<meta name=\"twitter:label2\" content=\"Est. reading time\" \/>\n\t<meta name=\"twitter:data2\" content=\"3 minutes\" \/>\n<script type=\"application\/ld+json\" class=\"yoast-schema-graph\">{\"@context\":\"https:\/\/schema.org\",\"@graph\":[{\"@type\":\"Article\",\"@id\":\"https:\/\/eficasablanca.org\/14eme-edition-du-concours-ambassadeurs-ambassadrices-en-herbe\/#article\",\"isPartOf\":{\"@id\":\"https:\/\/eficasablanca.org\/14eme-edition-du-concours-ambassadeurs-ambassadrices-en-herbe\/\"},\"author\":{\"name\":\"it\",\"@id\":\"https:\/\/eficasablanca.org\/#\/schema\/person\/cd2435603ee779b3c83afe03afe2bf0e\"},\"headline\":\"14\u00e8me\u00a0\u00e9dition du Concours Ambassadeurs, ambassadrices en herbe\",\"datePublished\":\"2026-04-21T16:30:46+00:00\",\"dateModified\":\"2026-04-21T16:54:20+00:00\",\"mainEntityOfPage\":{\"@id\":\"https:\/\/eficasablanca.org\/14eme-edition-du-concours-ambassadeurs-ambassadrices-en-herbe\/\"},\"wordCount\":251,\"publisher\":{\"@id\":\"https:\/\/eficasablanca.org\/#organization\"},\"image\":{\"@id\":\"https:\/\/eficasablanca.org\/14eme-edition-du-concours-ambassadeurs-ambassadrices-en-herbe\/#primaryimage\"},\"thumbnailUrl\":\"https:\/\/eficasablanca.org\/wp-content\/uploads\/2026\/04\/Banniere-79.png\",\"articleSection\":[\"Actualit\u00e9s\"],\"inLanguage\":\"en-US\"},{\"@type\":\"WebPage\",\"@id\":\"https:\/\/eficasablanca.org\/14eme-edition-du-concours-ambassadeurs-ambassadrices-en-herbe\/\",\"url\":\"https:\/\/eficasablanca.org\/14eme-edition-du-concours-ambassadeurs-ambassadrices-en-herbe\/\",\"name\":\"14\u00e8me\u00a0\u00e9dition du Concours Ambassadeurs, ambassadrices en herbe - \u00c9cole Fran\u00e7aise Internationale de Casablanca\",\"isPartOf\":{\"@id\":\"https:\/\/eficasablanca.org\/#website\"},\"primaryImageOfPage\":{\"@id\":\"https:\/\/eficasablanca.org\/14eme-edition-du-concours-ambassadeurs-ambassadrices-en-herbe\/#primaryimage\"},\"image\":{\"@id\":\"https:\/\/eficasablanca.org\/14eme-edition-du-concours-ambassadeurs-ambassadrices-en-herbe\/#primaryimage\"},\"thumbnailUrl\":\"https:\/\/eficasablanca.org\/wp-content\/uploads\/2026\/04\/Banniere-79.png\",\"datePublished\":\"2026-04-21T16:30:46+00:00\",\"dateModified\":\"2026-04-21T16:54:20+00:00\",\"description\":\"L'EFI Casablanca f\u00e9licite \u00e0 Malak Laraqui, \u00e9l\u00e8ve de 4\u00e8me, qui rejoint l\u2019\u00e9quipe repr\u00e9sentant le Maroc \u00e0 la finale Monde du concours d\u2019\u00e9loquence\",\"breadcrumb\":{\"@id\":\"https:\/\/eficasablanca.org\/14eme-edition-du-concours-ambassadeurs-ambassadrices-en-herbe\/#breadcrumb\"},\"inLanguage\":\"en-US\",\"potentialAction\":[{\"@type\":\"ReadAction\",\"target\":[\"https:\/\/eficasablanca.org\/14eme-edition-du-concours-ambassadeurs-ambassadrices-en-herbe\/\"]}]},{\"@type\":\"ImageObject\",\"inLanguage\":\"en-US\",\"@id\":\"https:\/\/eficasablanca.org\/14eme-edition-du-concours-ambassadeurs-ambassadrices-en-herbe\/#primaryimage\",\"url\":\"https:\/\/eficasablanca.org\/wp-content\/uploads\/2026\/04\/Banniere-79.png\",\"contentUrl\":\"https:\/\/eficasablanca.org\/wp-content\/uploads\/2026\/04\/Banniere-79.png\",\"width\":867,\"height\":555},{\"@type\":\"BreadcrumbList\",\"@id\":\"https:\/\/eficasablanca.org\/14eme-edition-du-concours-ambassadeurs-ambassadrices-en-herbe\/#breadcrumb\",\"itemListElement\":[{\"@type\":\"ListItem\",\"position\":1,\"name\":\"Accueil\",\"item\":\"https:\/\/eficasablanca.org\/\"},{\"@type\":\"ListItem\",\"position\":2,\"name\":\"14\u00e8me\u00a0\u00e9dition du Concours Ambassadeurs, ambassadrices en herbe\"}]},{\"@type\":\"WebSite\",\"@id\":\"https:\/\/eficasablanca.org\/#website\",\"url\":\"https:\/\/eficasablanca.org\/\",\"name\":\"\u00c9cole Fran\u00e7aise Internationale de Casablanca\",\"description\":\"L&#039;\u00c9cole Fran\u00e7aise Internationale\",\"publisher\":{\"@id\":\"https:\/\/eficasablanca.org\/#organization\"},\"potentialAction\":[{\"@type\":\"SearchAction\",\"target\":{\"@type\":\"EntryPoint\",\"urlTemplate\":\"https:\/\/eficasablanca.org\/?s={search_term_string}\"},\"query-input\":{\"@type\":\"PropertyValueSpecification\",\"valueRequired\":true,\"valueName\":\"search_term_string\"}}],\"inLanguage\":\"en-US\"},{\"@type\":\"Organization\",\"@id\":\"https:\/\/eficasablanca.org\/#organization\",\"name\":\"Ecole Fran\u00e7aise Internationale Casablanca\",\"url\":\"https:\/\/eficasablanca.org\/\",\"logo\":{\"@type\":\"ImageObject\",\"inLanguage\":\"en-US\",\"@id\":\"https:\/\/eficasablanca.org\/#\/schema\/logo\/image\/\",\"url\":\"https:\/\/eficasablanca.org\/wp-content\/uploads\/2022\/12\/Logo-EFI-DEF-1-1-02-1.webp\",\"contentUrl\":\"https:\/\/eficasablanca.org\/wp-content\/uploads\/2022\/12\/Logo-EFI-DEF-1-1-02-1.webp\",\"width\":644,\"height\":100,\"caption\":\"Ecole Fran\u00e7aise Internationale Casablanca\"},\"image\":{\"@id\":\"https:\/\/eficasablanca.org\/#\/schema\/logo\/image\/\"},\"sameAs\":[\"https:\/\/www.facebook.com\/EFICasablanca\",\"https:\/\/www.instagram.com\/efi_casablanca\/?hl=fr\",\"https:\/\/www.linkedin.com\/company\/efi-casablanca\/about\/?viewAsMember=true\"]},{\"@type\":\"Person\",\"@id\":\"https:\/\/eficasablanca.org\/#\/schema\/person\/cd2435603ee779b3c83afe03afe2bf0e\",\"name\":\"it\",\"url\":\"https:\/\/eficasablanca.org\/en\/author\/it\/\"}]}<\/script>\n<!-- \/ Yoast SEO plugin. -->","yoast_head_json":{"title":"14\u00e8me\u00a0\u00e9dition du Concours Ambassadeurs, ambassadrices en herbe - \u00c9cole Fran\u00e7aise Internationale de Casablanca","description":"L'EFI Casablanca f\u00e9licite \u00e0 Malak Laraqui, \u00e9l\u00e8ve de 4\u00e8me, qui rejoint l\u2019\u00e9quipe repr\u00e9sentant le Maroc \u00e0 la finale Monde du concours d\u2019\u00e9loquence","robots":{"index":"index","follow":"follow","max-snippet":"max-snippet:-1","max-image-preview":"max-image-preview:large","max-video-preview":"max-video-preview:-1"},"canonical":"https:\/\/eficasablanca.org\/en\/14eme-edition-du-concours-ambassadeurs-ambassadrices-en-herbe\/","og_locale":"en_US","og_type":"article","og_title":"14\u00e8me\u00a0\u00e9dition du Concours Ambassadeurs, ambassadrices en herbe - \u00c9cole Fran\u00e7aise Internationale de Casablanca","og_description":"L'EFI Casablanca f\u00e9licite \u00e0 Malak Laraqui, \u00e9l\u00e8ve de 4\u00e8me, qui rejoint l\u2019\u00e9quipe repr\u00e9sentant le Maroc \u00e0 la finale Monde du concours d\u2019\u00e9loquence","og_url":"https:\/\/eficasablanca.org\/en\/14eme-edition-du-concours-ambassadeurs-ambassadrices-en-herbe\/","og_site_name":"\u00c9cole Fran\u00e7aise Internationale de Casablanca","article_publisher":"https:\/\/www.facebook.com\/EFICasablanca","article_published_time":"2026-04-21T16:30:46+00:00","article_modified_time":"2026-04-21T16:54:20+00:00","og_image":[{"width":867,"height":555,"url":"https:\/\/eficasablanca.org\/wp-content\/uploads\/2026\/04\/Banniere-79.png","type":"image\/png"}],"author":"it","twitter_card":"summary_large_image","twitter_misc":{"Written by":"it","Est. reading time":"3 minutes"},"schema":{"@context":"https:\/\/schema.org","@graph":[{"@type":"Article","@id":"https:\/\/eficasablanca.org\/14eme-edition-du-concours-ambassadeurs-ambassadrices-en-herbe\/#article","isPartOf":{"@id":"https:\/\/eficasablanca.org\/14eme-edition-du-concours-ambassadeurs-ambassadrices-en-herbe\/"},"author":{"name":"it","@id":"https:\/\/eficasablanca.org\/#\/schema\/person\/cd2435603ee779b3c83afe03afe2bf0e"},"headline":"14\u00e8me\u00a0\u00e9dition du Concours Ambassadeurs, ambassadrices en herbe","datePublished":"2026-04-21T16:30:46+00:00","dateModified":"2026-04-21T16:54:20+00:00","mainEntityOfPage":{"@id":"https:\/\/eficasablanca.org\/14eme-edition-du-concours-ambassadeurs-ambassadrices-en-herbe\/"},"wordCount":251,"publisher":{"@id":"https:\/\/eficasablanca.org\/#organization"},"image":{"@id":"https:\/\/eficasablanca.org\/14eme-edition-du-concours-ambassadeurs-ambassadrices-en-herbe\/#primaryimage"},"thumbnailUrl":"https:\/\/eficasablanca.org\/wp-content\/uploads\/2026\/04\/Banniere-79.png","articleSection":["Actualit\u00e9s"],"inLanguage":"en-US"},{"@type":"WebPage","@id":"https:\/\/eficasablanca.org\/14eme-edition-du-concours-ambassadeurs-ambassadrices-en-herbe\/","url":"https:\/\/eficasablanca.org\/14eme-edition-du-concours-ambassadeurs-ambassadrices-en-herbe\/","name":"14\u00e8me\u00a0\u00e9dition du Concours Ambassadeurs, ambassadrices en herbe - \u00c9cole Fran\u00e7aise Internationale de Casablanca","isPartOf":{"@id":"https:\/\/eficasablanca.org\/#website"},"primaryImageOfPage":{"@id":"https:\/\/eficasablanca.org\/14eme-edition-du-concours-ambassadeurs-ambassadrices-en-herbe\/#primaryimage"},"image":{"@id":"https:\/\/eficasablanca.org\/14eme-edition-du-concours-ambassadeurs-ambassadrices-en-herbe\/#primaryimage"},"thumbnailUrl":"https:\/\/eficasablanca.org\/wp-content\/uploads\/2026\/04\/Banniere-79.png","datePublished":"2026-04-21T16:30:46+00:00","dateModified":"2026-04-21T16:54:20+00:00","description":"L'EFI Casablanca f\u00e9licite \u00e0 Malak Laraqui, \u00e9l\u00e8ve de 4\u00e8me, qui rejoint l\u2019\u00e9quipe repr\u00e9sentant le Maroc \u00e0 la finale Monde du concours d\u2019\u00e9loquence","breadcrumb":{"@id":"https:\/\/eficasablanca.org\/14eme-edition-du-concours-ambassadeurs-ambassadrices-en-herbe\/#breadcrumb"},"inLanguage":"en-US","potentialAction":[{"@type":"ReadAction","target":["https:\/\/eficasablanca.org\/14eme-edition-du-concours-ambassadeurs-ambassadrices-en-herbe\/"]}]},{"@type":"ImageObject","inLanguage":"en-US","@id":"https:\/\/eficasablanca.org\/14eme-edition-du-concours-ambassadeurs-ambassadrices-en-herbe\/#primaryimage","url":"https:\/\/eficasablanca.org\/wp-content\/uploads\/2026\/04\/Banniere-79.png","contentUrl":"https:\/\/eficasablanca.org\/wp-content\/uploads\/2026\/04\/Banniere-79.png","width":867,"height":555},{"@type":"BreadcrumbList","@id":"https:\/\/eficasablanca.org\/14eme-edition-du-concours-ambassadeurs-ambassadrices-en-herbe\/#breadcrumb","itemListElement":[{"@type":"ListItem","position":1,"name":"Accueil","item":"https:\/\/eficasablanca.org\/"},{"@type":"ListItem","position":2,"name":"14\u00e8me\u00a0\u00e9dition du Concours Ambassadeurs, ambassadrices en herbe"}]},{"@type":"WebSite","@id":"https:\/\/eficasablanca.org\/#website","url":"https:\/\/eficasablanca.org\/","name":"Casablanca International French School","description":"L&#039;\u00c9cole Fran\u00e7aise Internationale","publisher":{"@id":"https:\/\/eficasablanca.org\/#organization"},"potentialAction":[{"@type":"SearchAction","target":{"@type":"EntryPoint","urlTemplate":"https:\/\/eficasablanca.org\/?s={search_term_string}"},"query-input":{"@type":"PropertyValueSpecification","valueRequired":true,"valueName":"search_term_string"}}],"inLanguage":"en-US"},{"@type":"Organization","@id":"https:\/\/eficasablanca.org\/#organization","name":"Ecole Fran\u00e7aise Internationale Casablanca","url":"https:\/\/eficasablanca.org\/","logo":{"@type":"ImageObject","inLanguage":"en-US","@id":"https:\/\/eficasablanca.org\/#\/schema\/logo\/image\/","url":"https:\/\/eficasablanca.org\/wp-content\/uploads\/2022\/12\/Logo-EFI-DEF-1-1-02-1.webp","contentUrl":"https:\/\/eficasablanca.org\/wp-content\/uploads\/2022\/12\/Logo-EFI-DEF-1-1-02-1.webp","width":644,"height":100,"caption":"Ecole Fran\u00e7aise Internationale Casablanca"},"image":{"@id":"https:\/\/eficasablanca.org\/#\/schema\/logo\/image\/"},"sameAs":["https:\/\/www.facebook.com\/EFICasablanca","https:\/\/www.instagram.com\/efi_casablanca\/?hl=fr","https:\/\/www.linkedin.com\/company\/efi-casablanca\/about\/?viewAsMember=true"]},{"@type":"Person","@id":"https:\/\/eficasablanca.org\/#\/schema\/person\/cd2435603ee779b3c83afe03afe2bf0e","name":"it","url":"https:\/\/eficasablanca.org\/en\/author\/it\/"}]}},"_links":{"self":[{"href":"https:\/\/eficasablanca.org\/en\/wp-json\/wp\/v2\/posts\/14104","targetHints":{"allow":["GET"]}}],"collection":[{"href":"https:\/\/eficasablanca.org\/en\/wp-json\/wp\/v2\/posts"}],"about":[{"href":"https:\/\/eficasablanca.org\/en\/wp-json\/wp\/v2\/types\/post"}],"author":[{"embeddable":true,"href":"https:\/\/eficasablanca.org\/en\/wp-json\/wp\/v2\/users\/3"}],"replies":[{"embeddable":true,"href":"https:\/\/eficasablanca.org\/en\/wp-json\/wp\/v2\/comments?post=14104"}],"version-history":[{"count":2,"href":"https:\/\/eficasablanca.org\/en\/wp-json\/wp\/v2\/posts\/14104\/revisions"}],"predecessor-version":[{"id":14116,"href":"https:\/\/eficasablanca.org\/en\/wp-json\/wp\/v2\/posts\/14104\/revisions\/14116"}],"wp:featuredmedia":[{"embeddable":true,"href":"https:\/\/eficasablanca.org\/en\/wp-json\/wp\/v2\/media\/14115"}],"wp:attachment":[{"href":"https:\/\/eficasablanca.org\/en\/wp-json\/wp\/v2\/media?parent=14104"}],"wp:term":[{"taxonomy":"category","embeddable":true,"href":"https:\/\/eficasablanca.org\/en\/wp-json\/wp\/v2\/categories?post=14104"},{"taxonomy":"post_tag","embeddable":true,"href":"https:\/\/eficasablanca.org\/en\/wp-json\/wp\/v2\/tags?post=14104"}],"curies":[{"name":"wp","href":"https:\/\/api.w.org\/{rel}","templated":true}]}}