{"id":14121,"date":"2026-04-22T11:46:35","date_gmt":"2026-04-22T10:46:35","guid":{"rendered":"https:\/\/eficasablanca.org\/?p=14121"},"modified":"2026-04-22T11:49:47","modified_gmt":"2026-04-22T10:49:47","slug":"programme-dechange-international-efi-casablanca-et-lycee-francais-de-san-francisco","status":"publish","type":"post","link":"https:\/\/eficasablanca.org\/en\/programme-dechange-international-efi-casablanca-et-lycee-francais-de-san-francisco\/","title":{"rendered":"Programme d\u2019\u00e9change international : EFI Casablanca et \u00c9cole Internationale de San Francisco"},"content":{"rendered":"<p>Du 1er au 8 avril, l\u2019EFI Casablanca a accueilli les \u00e9l\u00e8ves de l&rsquo;\u00c9cole Internationale de San Francisco\u00a0dans le cadre de son programme d\u2019\u00e9change. Les \u00e9l\u00e8ves de l&rsquo;\u00c9cole Internationale de San Francisco\u00a0ont ainsi partag\u00e9 le quotidien des \u00e9l\u00e8ves de 4\u00e8me de l\u2019EFI et d\u00e9couvert Casablanca, Rabat et Marrakech, notamment \u00e0 travers des lieux embl\u00e9matiques tels que la Tour Hassan, le Mausol\u00e9e Mohammed V, le Palais de la Bahia, ainsi que le site de Terres d\u2019Amanar.<\/p>\n\n\n\n<p>L&rsquo;\u00e9tablissement remercie M. Aziz El Mahdi pour l\u2019organisation de cet \u00e9change, qui s\u2019inscrit pleinement dans l\u2019engagement de l\u2019EFI en faveur de l\u2019ouverture internationale et du dialogue interculturel.<\/p>\n\n\n\n<p>Prochaine \u00e9tape : cap sur&nbsp;San&nbsp;Francisco, o\u00f9 un groupe d\u2019\u00e9l\u00e8ves de 4\u00e8me de l\u2019EFI Casablanca poursuivront \u00e0 leur tour cette aventure d\u2019\u00e9change.<\/p>\n\n\n\n<p>&#8212;<\/p>\n\n\n\n<p>From April 1 to 8, the French International School of Casablanca welcomed students from the International School of San Francisco as part of its exchange program. Students from the International School of San Francisco shared the daily life of 4\u00e8me students at the school and explored Casablanca, Rabat, and Marrakech, discovering iconic landmarks such as the Hassan Tower, the Mohammed V Mausoleum, the Bahia Palace, as well as the Terres d\u2019Amanar site.<\/p>\n\n\n\n<p>The school would like to thank Mr. Aziz El Mahdi for organizing this exchange, which fully reflects the school\u2019s commitment to international openness and intercultural dialogue.<\/p>\n\n\n\n<p>Next step: heading to San Francisco, where a group of 4\u00e8me students from the French International School of Casablanca will, in turn, continue this exchange adventure.<\/p>\n\n\n\n<figure class=\"wp-block-gallery has-nested-images columns-default is-cropped wp-block-gallery-1 is-layout-flex wp-block-gallery-is-layout-flex\">\n<figure class=\"wp-block-image size-large\"><img fetchpriority=\"high\" decoding=\"async\" width=\"819\" height=\"1024\" data-id=\"14122\" src=\"https:\/\/eficasablanca.org\/wp-content\/uploads\/2026\/04\/1-12-819x1024.png\" alt=\"\" class=\"wp-image-14122\" srcset=\"https:\/\/eficasablanca.org\/wp-content\/uploads\/2026\/04\/1-12-819x1024.png 819w, https:\/\/eficasablanca.org\/wp-content\/uploads\/2026\/04\/1-12-240x300.png 240w, https:\/\/eficasablanca.org\/wp-content\/uploads\/2026\/04\/1-12-768x960.png 768w, https:\/\/eficasablanca.org\/wp-content\/uploads\/2026\/04\/1-12-10x12.png 10w, https:\/\/eficasablanca.org\/wp-content\/uploads\/2026\/04\/1-12.png 1080w\" sizes=\"(max-width: 819px) 100vw, 819px\" \/><\/figure>\n\n\n\n<figure class=\"wp-block-image size-large\"><img decoding=\"async\" width=\"819\" height=\"1024\" data-id=\"14126\" src=\"https:\/\/eficasablanca.org\/wp-content\/uploads\/2026\/04\/2-12-819x1024.png\" alt=\"\" class=\"wp-image-14126\" srcset=\"https:\/\/eficasablanca.org\/wp-content\/uploads\/2026\/04\/2-12-819x1024.png 819w, https:\/\/eficasablanca.org\/wp-content\/uploads\/2026\/04\/2-12-240x300.png 240w, https:\/\/eficasablanca.org\/wp-content\/uploads\/2026\/04\/2-12-768x960.png 768w, https:\/\/eficasablanca.org\/wp-content\/uploads\/2026\/04\/2-12-10x12.png 10w, https:\/\/eficasablanca.org\/wp-content\/uploads\/2026\/04\/2-12.png 1080w\" sizes=\"(max-width: 819px) 100vw, 819px\" \/><\/figure>\n\n\n\n<figure class=\"wp-block-image size-large\"><img decoding=\"async\" width=\"819\" height=\"1024\" data-id=\"14125\" src=\"https:\/\/eficasablanca.org\/wp-content\/uploads\/2026\/04\/3-12-819x1024.png\" alt=\"\" class=\"wp-image-14125\" srcset=\"https:\/\/eficasablanca.org\/wp-content\/uploads\/2026\/04\/3-12-819x1024.png 819w, https:\/\/eficasablanca.org\/wp-content\/uploads\/2026\/04\/3-12-240x300.png 240w, https:\/\/eficasablanca.org\/wp-content\/uploads\/2026\/04\/3-12-768x960.png 768w, https:\/\/eficasablanca.org\/wp-content\/uploads\/2026\/04\/3-12-10x12.png 10w, https:\/\/eficasablanca.org\/wp-content\/uploads\/2026\/04\/3-12.png 1080w\" sizes=\"(max-width: 819px) 100vw, 819px\" \/><\/figure>\n\n\n\n<figure class=\"wp-block-image size-large\"><img loading=\"lazy\" decoding=\"async\" width=\"819\" height=\"1024\" data-id=\"14123\" src=\"https:\/\/eficasablanca.org\/wp-content\/uploads\/2026\/04\/4-12-819x1024.png\" alt=\"\" class=\"wp-image-14123\" srcset=\"https:\/\/eficasablanca.org\/wp-content\/uploads\/2026\/04\/4-12-819x1024.png 819w, https:\/\/eficasablanca.org\/wp-content\/uploads\/2026\/04\/4-12-240x300.png 240w, https:\/\/eficasablanca.org\/wp-content\/uploads\/2026\/04\/4-12-768x960.png 768w, https:\/\/eficasablanca.org\/wp-content\/uploads\/2026\/04\/4-12-10x12.png 10w, https:\/\/eficasablanca.org\/wp-content\/uploads\/2026\/04\/4-12.png 1080w\" sizes=\"(max-width: 819px) 100vw, 819px\" \/><\/figure>\n\n\n\n<figure class=\"wp-block-image size-large\"><img loading=\"lazy\" decoding=\"async\" width=\"819\" height=\"1024\" data-id=\"14130\" src=\"https:\/\/eficasablanca.org\/wp-content\/uploads\/2026\/04\/5-12-819x1024.png\" alt=\"\" class=\"wp-image-14130\" srcset=\"https:\/\/eficasablanca.org\/wp-content\/uploads\/2026\/04\/5-12-819x1024.png 819w, https:\/\/eficasablanca.org\/wp-content\/uploads\/2026\/04\/5-12-240x300.png 240w, https:\/\/eficasablanca.org\/wp-content\/uploads\/2026\/04\/5-12-768x960.png 768w, https:\/\/eficasablanca.org\/wp-content\/uploads\/2026\/04\/5-12-10x12.png 10w, https:\/\/eficasablanca.org\/wp-content\/uploads\/2026\/04\/5-12.png 1080w\" sizes=\"(max-width: 819px) 100vw, 819px\" \/><\/figure>\n\n\n\n<figure class=\"wp-block-image size-large\"><img loading=\"lazy\" decoding=\"async\" width=\"819\" height=\"1024\" data-id=\"14124\" src=\"https:\/\/eficasablanca.org\/wp-content\/uploads\/2026\/04\/6-12-819x1024.png\" alt=\"\" class=\"wp-image-14124\" srcset=\"https:\/\/eficasablanca.org\/wp-content\/uploads\/2026\/04\/6-12-819x1024.png 819w, https:\/\/eficasablanca.org\/wp-content\/uploads\/2026\/04\/6-12-240x300.png 240w, https:\/\/eficasablanca.org\/wp-content\/uploads\/2026\/04\/6-12-768x960.png 768w, https:\/\/eficasablanca.org\/wp-content\/uploads\/2026\/04\/6-12-10x12.png 10w, https:\/\/eficasablanca.org\/wp-content\/uploads\/2026\/04\/6-12.png 1080w\" sizes=\"(max-width: 819px) 100vw, 819px\" \/><\/figure>\n\n\n\n<figure class=\"wp-block-image size-large\"><img loading=\"lazy\" decoding=\"async\" width=\"819\" height=\"1024\" data-id=\"14129\" src=\"https:\/\/eficasablanca.org\/wp-content\/uploads\/2026\/04\/7-11-819x1024.png\" alt=\"\" class=\"wp-image-14129\" srcset=\"https:\/\/eficasablanca.org\/wp-content\/uploads\/2026\/04\/7-11-819x1024.png 819w, https:\/\/eficasablanca.org\/wp-content\/uploads\/2026\/04\/7-11-240x300.png 240w, https:\/\/eficasablanca.org\/wp-content\/uploads\/2026\/04\/7-11-768x960.png 768w, https:\/\/eficasablanca.org\/wp-content\/uploads\/2026\/04\/7-11-10x12.png 10w, https:\/\/eficasablanca.org\/wp-content\/uploads\/2026\/04\/7-11.png 1080w\" sizes=\"(max-width: 819px) 100vw, 819px\" \/><\/figure>\n\n\n\n<figure class=\"wp-block-image size-large\"><img loading=\"lazy\" decoding=\"async\" width=\"819\" height=\"1024\" data-id=\"14138\" src=\"https:\/\/eficasablanca.org\/wp-content\/uploads\/2026\/04\/8-10-819x1024.png\" alt=\"\" class=\"wp-image-14138\" srcset=\"https:\/\/eficasablanca.org\/wp-content\/uploads\/2026\/04\/8-10-819x1024.png 819w, https:\/\/eficasablanca.org\/wp-content\/uploads\/2026\/04\/8-10-240x300.png 240w, https:\/\/eficasablanca.org\/wp-content\/uploads\/2026\/04\/8-10-768x960.png 768w, https:\/\/eficasablanca.org\/wp-content\/uploads\/2026\/04\/8-10-10x12.png 10w, https:\/\/eficasablanca.org\/wp-content\/uploads\/2026\/04\/8-10.png 1080w\" sizes=\"(max-width: 819px) 100vw, 819px\" \/><\/figure>\n\n\n\n<figure class=\"wp-block-image size-large\"><img loading=\"lazy\" decoding=\"async\" width=\"819\" height=\"1024\" data-id=\"14134\" src=\"https:\/\/eficasablanca.org\/wp-content\/uploads\/2026\/04\/9-12-819x1024.png\" alt=\"\" class=\"wp-image-14134\" srcset=\"https:\/\/eficasablanca.org\/wp-content\/uploads\/2026\/04\/9-12-819x1024.png 819w, https:\/\/eficasablanca.org\/wp-content\/uploads\/2026\/04\/9-12-240x300.png 240w, https:\/\/eficasablanca.org\/wp-content\/uploads\/2026\/04\/9-12-768x960.png 768w, https:\/\/eficasablanca.org\/wp-content\/uploads\/2026\/04\/9-12-10x12.png 10w, https:\/\/eficasablanca.org\/wp-content\/uploads\/2026\/04\/9-12.png 1080w\" sizes=\"(max-width: 819px) 100vw, 819px\" \/><\/figure>\n\n\n\n<figure class=\"wp-block-image size-large\"><img loading=\"lazy\" decoding=\"async\" width=\"819\" height=\"1024\" data-id=\"14127\" src=\"https:\/\/eficasablanca.org\/wp-content\/uploads\/2026\/04\/10-12-819x1024.png\" alt=\"\" class=\"wp-image-14127\" srcset=\"https:\/\/eficasablanca.org\/wp-content\/uploads\/2026\/04\/10-12-819x1024.png 819w, https:\/\/eficasablanca.org\/wp-content\/uploads\/2026\/04\/10-12-240x300.png 240w, https:\/\/eficasablanca.org\/wp-content\/uploads\/2026\/04\/10-12-768x960.png 768w, https:\/\/eficasablanca.org\/wp-content\/uploads\/2026\/04\/10-12-10x12.png 10w, https:\/\/eficasablanca.org\/wp-content\/uploads\/2026\/04\/10-12.png 1080w\" sizes=\"(max-width: 819px) 100vw, 819px\" \/><\/figure>\n\n\n\n<figure class=\"wp-block-image size-large\"><img loading=\"lazy\" decoding=\"async\" width=\"819\" height=\"1024\" data-id=\"14137\" src=\"https:\/\/eficasablanca.org\/wp-content\/uploads\/2026\/04\/11-7-819x1024.png\" alt=\"\" class=\"wp-image-14137\" srcset=\"https:\/\/eficasablanca.org\/wp-content\/uploads\/2026\/04\/11-7-819x1024.png 819w, https:\/\/eficasablanca.org\/wp-content\/uploads\/2026\/04\/11-7-240x300.png 240w, https:\/\/eficasablanca.org\/wp-content\/uploads\/2026\/04\/11-7-768x960.png 768w, https:\/\/eficasablanca.org\/wp-content\/uploads\/2026\/04\/11-7-10x12.png 10w, https:\/\/eficasablanca.org\/wp-content\/uploads\/2026\/04\/11-7.png 1080w\" sizes=\"(max-width: 819px) 100vw, 819px\" \/><\/figure>\n\n\n\n<figure class=\"wp-block-image size-large\"><img loading=\"lazy\" decoding=\"async\" width=\"819\" height=\"1024\" data-id=\"14133\" src=\"https:\/\/eficasablanca.org\/wp-content\/uploads\/2026\/04\/12-6-819x1024.png\" alt=\"\" class=\"wp-image-14133\" srcset=\"https:\/\/eficasablanca.org\/wp-content\/uploads\/2026\/04\/12-6-819x1024.png 819w, https:\/\/eficasablanca.org\/wp-content\/uploads\/2026\/04\/12-6-240x300.png 240w, https:\/\/eficasablanca.org\/wp-content\/uploads\/2026\/04\/12-6-768x960.png 768w, https:\/\/eficasablanca.org\/wp-content\/uploads\/2026\/04\/12-6-10x12.png 10w, https:\/\/eficasablanca.org\/wp-content\/uploads\/2026\/04\/12-6.png 1080w\" sizes=\"(max-width: 819px) 100vw, 819px\" \/><\/figure>\n\n\n\n<figure class=\"wp-block-image size-large\"><img loading=\"lazy\" decoding=\"async\" width=\"819\" height=\"1024\" data-id=\"14135\" src=\"https:\/\/eficasablanca.org\/wp-content\/uploads\/2026\/04\/13-6-819x1024.png\" alt=\"\" class=\"wp-image-14135\" srcset=\"https:\/\/eficasablanca.org\/wp-content\/uploads\/2026\/04\/13-6-819x1024.png 819w, https:\/\/eficasablanca.org\/wp-content\/uploads\/2026\/04\/13-6-240x300.png 240w, https:\/\/eficasablanca.org\/wp-content\/uploads\/2026\/04\/13-6-768x960.png 768w, https:\/\/eficasablanca.org\/wp-content\/uploads\/2026\/04\/13-6-10x12.png 10w, https:\/\/eficasablanca.org\/wp-content\/uploads\/2026\/04\/13-6.png 1080w\" sizes=\"(max-width: 819px) 100vw, 819px\" \/><\/figure>\n\n\n\n<figure class=\"wp-block-image size-large\"><img loading=\"lazy\" decoding=\"async\" width=\"819\" height=\"1024\" data-id=\"14136\" src=\"https:\/\/eficasablanca.org\/wp-content\/uploads\/2026\/04\/14-5-819x1024.png\" alt=\"\" class=\"wp-image-14136\" srcset=\"https:\/\/eficasablanca.org\/wp-content\/uploads\/2026\/04\/14-5-819x1024.png 819w, https:\/\/eficasablanca.org\/wp-content\/uploads\/2026\/04\/14-5-240x300.png 240w, https:\/\/eficasablanca.org\/wp-content\/uploads\/2026\/04\/14-5-768x960.png 768w, https:\/\/eficasablanca.org\/wp-content\/uploads\/2026\/04\/14-5-10x12.png 10w, https:\/\/eficasablanca.org\/wp-content\/uploads\/2026\/04\/14-5.png 1080w\" sizes=\"(max-width: 819px) 100vw, 819px\" \/><\/figure>\n\n\n\n<figure class=\"wp-block-image size-large\"><img loading=\"lazy\" decoding=\"async\" width=\"819\" height=\"1024\" data-id=\"14131\" src=\"https:\/\/eficasablanca.org\/wp-content\/uploads\/2026\/04\/15-4-819x1024.png\" alt=\"\" class=\"wp-image-14131\" srcset=\"https:\/\/eficasablanca.org\/wp-content\/uploads\/2026\/04\/15-4-819x1024.png 819w, https:\/\/eficasablanca.org\/wp-content\/uploads\/2026\/04\/15-4-240x300.png 240w, https:\/\/eficasablanca.org\/wp-content\/uploads\/2026\/04\/15-4-768x960.png 768w, https:\/\/eficasablanca.org\/wp-content\/uploads\/2026\/04\/15-4-10x12.png 10w, https:\/\/eficasablanca.org\/wp-content\/uploads\/2026\/04\/15-4.png 1080w\" sizes=\"(max-width: 819px) 100vw, 819px\" \/><\/figure>\n\n\n\n<figure class=\"wp-block-image size-large\"><img loading=\"lazy\" decoding=\"async\" width=\"819\" height=\"1024\" data-id=\"14128\" src=\"https:\/\/eficasablanca.org\/wp-content\/uploads\/2026\/04\/16-4-819x1024.png\" alt=\"\" class=\"wp-image-14128\" srcset=\"https:\/\/eficasablanca.org\/wp-content\/uploads\/2026\/04\/16-4-819x1024.png 819w, https:\/\/eficasablanca.org\/wp-content\/uploads\/2026\/04\/16-4-240x300.png 240w, https:\/\/eficasablanca.org\/wp-content\/uploads\/2026\/04\/16-4-768x960.png 768w, https:\/\/eficasablanca.org\/wp-content\/uploads\/2026\/04\/16-4-10x12.png 10w, https:\/\/eficasablanca.org\/wp-content\/uploads\/2026\/04\/16-4.png 1080w\" sizes=\"(max-width: 819px) 100vw, 819px\" \/><\/figure>\n\n\n\n<figure class=\"wp-block-image size-large\"><img loading=\"lazy\" decoding=\"async\" width=\"819\" height=\"1024\" data-id=\"14132\" src=\"https:\/\/eficasablanca.org\/wp-content\/uploads\/2026\/04\/17-4-819x1024.png\" alt=\"\" class=\"wp-image-14132\" srcset=\"https:\/\/eficasablanca.org\/wp-content\/uploads\/2026\/04\/17-4-819x1024.png 819w, https:\/\/eficasablanca.org\/wp-content\/uploads\/2026\/04\/17-4-240x300.png 240w, https:\/\/eficasablanca.org\/wp-content\/uploads\/2026\/04\/17-4-768x960.png 768w, https:\/\/eficasablanca.org\/wp-content\/uploads\/2026\/04\/17-4-10x12.png 10w, https:\/\/eficasablanca.org\/wp-content\/uploads\/2026\/04\/17-4.png 1080w\" sizes=\"(max-width: 819px) 100vw, 819px\" \/><\/figure>\n<\/figure>","protected":false},"excerpt":{"rendered":"<p>Du 1er au 8 avril, l\u2019EFI Casablanca a accueilli les \u00e9l\u00e8ves de l&rsquo;\u00c9cole Internationale de San Francisco\u00a0dans le cadre de son programme d\u2019\u00e9change. Les \u00e9l\u00e8ves de l&rsquo;\u00c9cole Internationale de San Francisco\u00a0ont ainsi partag\u00e9 le quotidien des \u00e9l\u00e8ves de 4\u00e8me de l\u2019EFI et d\u00e9couvert Casablanca, Rabat et Marrakech, notamment \u00e0 travers des lieux embl\u00e9matiques tels que [&hellip;]<\/p>\n","protected":false},"author":3,"featured_media":14143,"comment_status":"closed","ping_status":"open","sticky":false,"template":"","format":"standard","meta":{"_acf_changed":false,"footnotes":""},"categories":[21],"tags":[],"class_list":["post-14121","post","type-post","status-publish","format-standard","has-post-thumbnail","hentry","category-actualites"],"acf":[],"yoast_head":"<!-- This site is optimized with the Yoast SEO plugin v27.1.1 - https:\/\/yoast.com\/product\/yoast-seo-wordpress\/ -->\n<title>Programme d\u2019\u00e9change international : EFI Casablanca et \u00c9cole Internationale de San Francisco - \u00c9cole Fran\u00e7aise Internationale de Casablanca<\/title>\n<meta name=\"description\" content=\"Du 1er au 8 avril, l\u2019EFI Casablanca a accueilli les \u00e9l\u00e8ves de l&#039;\u00c9cole Internationale de San Francisco\u00a0dans le cadre de son programme d\u2019\u00e9change. Les \u00e9l\u00e8ves\" \/>\n<meta name=\"robots\" content=\"index, follow, max-snippet:-1, max-image-preview:large, max-video-preview:-1\" \/>\n<link rel=\"canonical\" href=\"https:\/\/eficasablanca.org\/en\/programme-dechange-international-efi-casablanca-et-lycee-francais-de-san-francisco\/\" \/>\n<meta property=\"og:locale\" content=\"en_US\" \/>\n<meta property=\"og:type\" content=\"article\" \/>\n<meta property=\"og:title\" content=\"Programme d\u2019\u00e9change international : EFI Casablanca et \u00c9cole Internationale de San Francisco - \u00c9cole Fran\u00e7aise Internationale de Casablanca\" \/>\n<meta property=\"og:description\" content=\"Du 1er au 8 avril, l\u2019EFI Casablanca a accueilli les \u00e9l\u00e8ves de l&#039;\u00c9cole Internationale de San Francisco\u00a0dans le cadre de son programme d\u2019\u00e9change. Les \u00e9l\u00e8ves\" \/>\n<meta property=\"og:url\" content=\"https:\/\/eficasablanca.org\/en\/programme-dechange-international-efi-casablanca-et-lycee-francais-de-san-francisco\/\" \/>\n<meta property=\"og:site_name\" content=\"\u00c9cole Fran\u00e7aise Internationale de Casablanca\" \/>\n<meta property=\"article:publisher\" content=\"https:\/\/www.facebook.com\/EFICasablanca\" \/>\n<meta property=\"article:published_time\" content=\"2026-04-22T10:46:35+00:00\" \/>\n<meta property=\"article:modified_time\" content=\"2026-04-22T10:49:47+00:00\" \/>\n<meta property=\"og:image\" content=\"https:\/\/eficasablanca.org\/wp-content\/uploads\/2026\/04\/Banniere-82-1.png\" \/>\n\t<meta property=\"og:image:width\" content=\"867\" \/>\n\t<meta property=\"og:image:height\" content=\"555\" \/>\n\t<meta property=\"og:image:type\" content=\"image\/png\" \/>\n<meta name=\"author\" content=\"it\" \/>\n<meta name=\"twitter:card\" content=\"summary_large_image\" \/>\n<meta name=\"twitter:label1\" content=\"Written by\" \/>\n\t<meta name=\"twitter:data1\" content=\"it\" \/>\n\t<meta name=\"twitter:label2\" content=\"Est. reading time\" \/>\n\t<meta name=\"twitter:data2\" content=\"5 minutes\" \/>\n<script type=\"application\/ld+json\" class=\"yoast-schema-graph\">{\"@context\":\"https:\/\/schema.org\",\"@graph\":[{\"@type\":\"Article\",\"@id\":\"https:\/\/eficasablanca.org\/programme-dechange-international-efi-casablanca-et-lycee-francais-de-san-francisco\/#article\",\"isPartOf\":{\"@id\":\"https:\/\/eficasablanca.org\/programme-dechange-international-efi-casablanca-et-lycee-francais-de-san-francisco\/\"},\"author\":{\"name\":\"it\",\"@id\":\"https:\/\/eficasablanca.org\/#\/schema\/person\/cd2435603ee779b3c83afe03afe2bf0e\"},\"headline\":\"Programme d\u2019\u00e9change international : EFI Casablanca et \u00c9cole Internationale de San Francisco\",\"datePublished\":\"2026-04-22T10:46:35+00:00\",\"dateModified\":\"2026-04-22T10:49:47+00:00\",\"mainEntityOfPage\":{\"@id\":\"https:\/\/eficasablanca.org\/programme-dechange-international-efi-casablanca-et-lycee-francais-de-san-francisco\/\"},\"wordCount\":283,\"publisher\":{\"@id\":\"https:\/\/eficasablanca.org\/#organization\"},\"image\":{\"@id\":\"https:\/\/eficasablanca.org\/programme-dechange-international-efi-casablanca-et-lycee-francais-de-san-francisco\/#primaryimage\"},\"thumbnailUrl\":\"https:\/\/eficasablanca.org\/wp-content\/uploads\/2026\/04\/Banniere-82-1.png\",\"articleSection\":[\"Actualit\u00e9s\"],\"inLanguage\":\"en-US\"},{\"@type\":\"WebPage\",\"@id\":\"https:\/\/eficasablanca.org\/programme-dechange-international-efi-casablanca-et-lycee-francais-de-san-francisco\/\",\"url\":\"https:\/\/eficasablanca.org\/programme-dechange-international-efi-casablanca-et-lycee-francais-de-san-francisco\/\",\"name\":\"Programme d\u2019\u00e9change international : EFI Casablanca et \u00c9cole Internationale de San Francisco - \u00c9cole Fran\u00e7aise Internationale de Casablanca\",\"isPartOf\":{\"@id\":\"https:\/\/eficasablanca.org\/#website\"},\"primaryImageOfPage\":{\"@id\":\"https:\/\/eficasablanca.org\/programme-dechange-international-efi-casablanca-et-lycee-francais-de-san-francisco\/#primaryimage\"},\"image\":{\"@id\":\"https:\/\/eficasablanca.org\/programme-dechange-international-efi-casablanca-et-lycee-francais-de-san-francisco\/#primaryimage\"},\"thumbnailUrl\":\"https:\/\/eficasablanca.org\/wp-content\/uploads\/2026\/04\/Banniere-82-1.png\",\"datePublished\":\"2026-04-22T10:46:35+00:00\",\"dateModified\":\"2026-04-22T10:49:47+00:00\",\"description\":\"Du 1er au 8 avril, l\u2019EFI Casablanca a accueilli les \u00e9l\u00e8ves de l'\u00c9cole Internationale de San Francisco\u00a0dans le cadre de son programme d\u2019\u00e9change. Les \u00e9l\u00e8ves\",\"breadcrumb\":{\"@id\":\"https:\/\/eficasablanca.org\/programme-dechange-international-efi-casablanca-et-lycee-francais-de-san-francisco\/#breadcrumb\"},\"inLanguage\":\"en-US\",\"potentialAction\":[{\"@type\":\"ReadAction\",\"target\":[\"https:\/\/eficasablanca.org\/programme-dechange-international-efi-casablanca-et-lycee-francais-de-san-francisco\/\"]}]},{\"@type\":\"ImageObject\",\"inLanguage\":\"en-US\",\"@id\":\"https:\/\/eficasablanca.org\/programme-dechange-international-efi-casablanca-et-lycee-francais-de-san-francisco\/#primaryimage\",\"url\":\"https:\/\/eficasablanca.org\/wp-content\/uploads\/2026\/04\/Banniere-82-1.png\",\"contentUrl\":\"https:\/\/eficasablanca.org\/wp-content\/uploads\/2026\/04\/Banniere-82-1.png\",\"width\":867,\"height\":555},{\"@type\":\"BreadcrumbList\",\"@id\":\"https:\/\/eficasablanca.org\/programme-dechange-international-efi-casablanca-et-lycee-francais-de-san-francisco\/#breadcrumb\",\"itemListElement\":[{\"@type\":\"ListItem\",\"position\":1,\"name\":\"Accueil\",\"item\":\"https:\/\/eficasablanca.org\/\"},{\"@type\":\"ListItem\",\"position\":2,\"name\":\"Programme d\u2019\u00e9change international : EFI Casablanca et \u00c9cole Internationale de San Francisco\"}]},{\"@type\":\"WebSite\",\"@id\":\"https:\/\/eficasablanca.org\/#website\",\"url\":\"https:\/\/eficasablanca.org\/\",\"name\":\"\u00c9cole Fran\u00e7aise Internationale de Casablanca\",\"description\":\"L&#039;\u00c9cole Fran\u00e7aise Internationale\",\"publisher\":{\"@id\":\"https:\/\/eficasablanca.org\/#organization\"},\"potentialAction\":[{\"@type\":\"SearchAction\",\"target\":{\"@type\":\"EntryPoint\",\"urlTemplate\":\"https:\/\/eficasablanca.org\/?s={search_term_string}\"},\"query-input\":{\"@type\":\"PropertyValueSpecification\",\"valueRequired\":true,\"valueName\":\"search_term_string\"}}],\"inLanguage\":\"en-US\"},{\"@type\":\"Organization\",\"@id\":\"https:\/\/eficasablanca.org\/#organization\",\"name\":\"Ecole Fran\u00e7aise Internationale Casablanca\",\"url\":\"https:\/\/eficasablanca.org\/\",\"logo\":{\"@type\":\"ImageObject\",\"inLanguage\":\"en-US\",\"@id\":\"https:\/\/eficasablanca.org\/#\/schema\/logo\/image\/\",\"url\":\"https:\/\/eficasablanca.org\/wp-content\/uploads\/2022\/12\/Logo-EFI-DEF-1-1-02-1.webp\",\"contentUrl\":\"https:\/\/eficasablanca.org\/wp-content\/uploads\/2022\/12\/Logo-EFI-DEF-1-1-02-1.webp\",\"width\":644,\"height\":100,\"caption\":\"Ecole Fran\u00e7aise Internationale Casablanca\"},\"image\":{\"@id\":\"https:\/\/eficasablanca.org\/#\/schema\/logo\/image\/\"},\"sameAs\":[\"https:\/\/www.facebook.com\/EFICasablanca\",\"https:\/\/www.instagram.com\/efi_casablanca\/?hl=fr\",\"https:\/\/www.linkedin.com\/company\/efi-casablanca\/about\/?viewAsMember=true\"]},{\"@type\":\"Person\",\"@id\":\"https:\/\/eficasablanca.org\/#\/schema\/person\/cd2435603ee779b3c83afe03afe2bf0e\",\"name\":\"it\",\"url\":\"https:\/\/eficasablanca.org\/en\/author\/it\/\"}]}<\/script>\n<!-- \/ Yoast SEO plugin. -->","yoast_head_json":{"title":"Programme d\u2019\u00e9change international : EFI Casablanca et \u00c9cole Internationale de San Francisco - \u00c9cole Fran\u00e7aise Internationale de Casablanca","description":"Du 1er au 8 avril, l\u2019EFI Casablanca a accueilli les \u00e9l\u00e8ves de l'\u00c9cole Internationale de San Francisco\u00a0dans le cadre de son programme d\u2019\u00e9change. Les \u00e9l\u00e8ves","robots":{"index":"index","follow":"follow","max-snippet":"max-snippet:-1","max-image-preview":"max-image-preview:large","max-video-preview":"max-video-preview:-1"},"canonical":"https:\/\/eficasablanca.org\/en\/programme-dechange-international-efi-casablanca-et-lycee-francais-de-san-francisco\/","og_locale":"en_US","og_type":"article","og_title":"Programme d\u2019\u00e9change international : EFI Casablanca et \u00c9cole Internationale de San Francisco - \u00c9cole Fran\u00e7aise Internationale de Casablanca","og_description":"Du 1er au 8 avril, l\u2019EFI Casablanca a accueilli les \u00e9l\u00e8ves de l'\u00c9cole Internationale de San Francisco\u00a0dans le cadre de son programme d\u2019\u00e9change. Les \u00e9l\u00e8ves","og_url":"https:\/\/eficasablanca.org\/en\/programme-dechange-international-efi-casablanca-et-lycee-francais-de-san-francisco\/","og_site_name":"\u00c9cole Fran\u00e7aise Internationale de Casablanca","article_publisher":"https:\/\/www.facebook.com\/EFICasablanca","article_published_time":"2026-04-22T10:46:35+00:00","article_modified_time":"2026-04-22T10:49:47+00:00","og_image":[{"width":867,"height":555,"url":"https:\/\/eficasablanca.org\/wp-content\/uploads\/2026\/04\/Banniere-82-1.png","type":"image\/png"}],"author":"it","twitter_card":"summary_large_image","twitter_misc":{"Written by":"it","Est. reading time":"5 minutes"},"schema":{"@context":"https:\/\/schema.org","@graph":[{"@type":"Article","@id":"https:\/\/eficasablanca.org\/programme-dechange-international-efi-casablanca-et-lycee-francais-de-san-francisco\/#article","isPartOf":{"@id":"https:\/\/eficasablanca.org\/programme-dechange-international-efi-casablanca-et-lycee-francais-de-san-francisco\/"},"author":{"name":"it","@id":"https:\/\/eficasablanca.org\/#\/schema\/person\/cd2435603ee779b3c83afe03afe2bf0e"},"headline":"Programme d\u2019\u00e9change international : EFI Casablanca et \u00c9cole Internationale de San Francisco","datePublished":"2026-04-22T10:46:35+00:00","dateModified":"2026-04-22T10:49:47+00:00","mainEntityOfPage":{"@id":"https:\/\/eficasablanca.org\/programme-dechange-international-efi-casablanca-et-lycee-francais-de-san-francisco\/"},"wordCount":283,"publisher":{"@id":"https:\/\/eficasablanca.org\/#organization"},"image":{"@id":"https:\/\/eficasablanca.org\/programme-dechange-international-efi-casablanca-et-lycee-francais-de-san-francisco\/#primaryimage"},"thumbnailUrl":"https:\/\/eficasablanca.org\/wp-content\/uploads\/2026\/04\/Banniere-82-1.png","articleSection":["Actualit\u00e9s"],"inLanguage":"en-US"},{"@type":"WebPage","@id":"https:\/\/eficasablanca.org\/programme-dechange-international-efi-casablanca-et-lycee-francais-de-san-francisco\/","url":"https:\/\/eficasablanca.org\/programme-dechange-international-efi-casablanca-et-lycee-francais-de-san-francisco\/","name":"Programme d\u2019\u00e9change international : EFI Casablanca et \u00c9cole Internationale de San Francisco - \u00c9cole Fran\u00e7aise Internationale de Casablanca","isPartOf":{"@id":"https:\/\/eficasablanca.org\/#website"},"primaryImageOfPage":{"@id":"https:\/\/eficasablanca.org\/programme-dechange-international-efi-casablanca-et-lycee-francais-de-san-francisco\/#primaryimage"},"image":{"@id":"https:\/\/eficasablanca.org\/programme-dechange-international-efi-casablanca-et-lycee-francais-de-san-francisco\/#primaryimage"},"thumbnailUrl":"https:\/\/eficasablanca.org\/wp-content\/uploads\/2026\/04\/Banniere-82-1.png","datePublished":"2026-04-22T10:46:35+00:00","dateModified":"2026-04-22T10:49:47+00:00","description":"Du 1er au 8 avril, l\u2019EFI Casablanca a accueilli les \u00e9l\u00e8ves de l'\u00c9cole Internationale de San Francisco\u00a0dans le cadre de son programme d\u2019\u00e9change. Les \u00e9l\u00e8ves","breadcrumb":{"@id":"https:\/\/eficasablanca.org\/programme-dechange-international-efi-casablanca-et-lycee-francais-de-san-francisco\/#breadcrumb"},"inLanguage":"en-US","potentialAction":[{"@type":"ReadAction","target":["https:\/\/eficasablanca.org\/programme-dechange-international-efi-casablanca-et-lycee-francais-de-san-francisco\/"]}]},{"@type":"ImageObject","inLanguage":"en-US","@id":"https:\/\/eficasablanca.org\/programme-dechange-international-efi-casablanca-et-lycee-francais-de-san-francisco\/#primaryimage","url":"https:\/\/eficasablanca.org\/wp-content\/uploads\/2026\/04\/Banniere-82-1.png","contentUrl":"https:\/\/eficasablanca.org\/wp-content\/uploads\/2026\/04\/Banniere-82-1.png","width":867,"height":555},{"@type":"BreadcrumbList","@id":"https:\/\/eficasablanca.org\/programme-dechange-international-efi-casablanca-et-lycee-francais-de-san-francisco\/#breadcrumb","itemListElement":[{"@type":"ListItem","position":1,"name":"Accueil","item":"https:\/\/eficasablanca.org\/"},{"@type":"ListItem","position":2,"name":"Programme d\u2019\u00e9change international : EFI Casablanca et \u00c9cole Internationale de San Francisco"}]},{"@type":"WebSite","@id":"https:\/\/eficasablanca.org\/#website","url":"https:\/\/eficasablanca.org\/","name":"Casablanca International French School","description":"L&#039;\u00c9cole Fran\u00e7aise Internationale","publisher":{"@id":"https:\/\/eficasablanca.org\/#organization"},"potentialAction":[{"@type":"SearchAction","target":{"@type":"EntryPoint","urlTemplate":"https:\/\/eficasablanca.org\/?s={search_term_string}"},"query-input":{"@type":"PropertyValueSpecification","valueRequired":true,"valueName":"search_term_string"}}],"inLanguage":"en-US"},{"@type":"Organization","@id":"https:\/\/eficasablanca.org\/#organization","name":"Ecole Fran\u00e7aise Internationale Casablanca","url":"https:\/\/eficasablanca.org\/","logo":{"@type":"ImageObject","inLanguage":"en-US","@id":"https:\/\/eficasablanca.org\/#\/schema\/logo\/image\/","url":"https:\/\/eficasablanca.org\/wp-content\/uploads\/2022\/12\/Logo-EFI-DEF-1-1-02-1.webp","contentUrl":"https:\/\/eficasablanca.org\/wp-content\/uploads\/2022\/12\/Logo-EFI-DEF-1-1-02-1.webp","width":644,"height":100,"caption":"Ecole Fran\u00e7aise Internationale Casablanca"},"image":{"@id":"https:\/\/eficasablanca.org\/#\/schema\/logo\/image\/"},"sameAs":["https:\/\/www.facebook.com\/EFICasablanca","https:\/\/www.instagram.com\/efi_casablanca\/?hl=fr","https:\/\/www.linkedin.com\/company\/efi-casablanca\/about\/?viewAsMember=true"]},{"@type":"Person","@id":"https:\/\/eficasablanca.org\/#\/schema\/person\/cd2435603ee779b3c83afe03afe2bf0e","name":"it","url":"https:\/\/eficasablanca.org\/en\/author\/it\/"}]}},"_links":{"self":[{"href":"https:\/\/eficasablanca.org\/en\/wp-json\/wp\/v2\/posts\/14121","targetHints":{"allow":["GET"]}}],"collection":[{"href":"https:\/\/eficasablanca.org\/en\/wp-json\/wp\/v2\/posts"}],"about":[{"href":"https:\/\/eficasablanca.org\/en\/wp-json\/wp\/v2\/types\/post"}],"author":[{"embeddable":true,"href":"https:\/\/eficasablanca.org\/en\/wp-json\/wp\/v2\/users\/3"}],"replies":[{"embeddable":true,"href":"https:\/\/eficasablanca.org\/en\/wp-json\/wp\/v2\/comments?post=14121"}],"version-history":[{"count":2,"href":"https:\/\/eficasablanca.org\/en\/wp-json\/wp\/v2\/posts\/14121\/revisions"}],"predecessor-version":[{"id":14145,"href":"https:\/\/eficasablanca.org\/en\/wp-json\/wp\/v2\/posts\/14121\/revisions\/14145"}],"wp:featuredmedia":[{"embeddable":true,"href":"https:\/\/eficasablanca.org\/en\/wp-json\/wp\/v2\/media\/14143"}],"wp:attachment":[{"href":"https:\/\/eficasablanca.org\/en\/wp-json\/wp\/v2\/media?parent=14121"}],"wp:term":[{"taxonomy":"category","embeddable":true,"href":"https:\/\/eficasablanca.org\/en\/wp-json\/wp\/v2\/categories?post=14121"},{"taxonomy":"post_tag","embeddable":true,"href":"https:\/\/eficasablanca.org\/en\/wp-json\/wp\/v2\/tags?post=14121"}],"curies":[{"name":"wp","href":"https:\/\/api.w.org\/{rel}","templated":true}]}}