{"id":14150,"date":"2026-04-23T15:11:49","date_gmt":"2026-04-23T14:11:49","guid":{"rendered":"https:\/\/eficasablanca.org\/?p=14150"},"modified":"2026-04-23T15:15:23","modified_gmt":"2026-04-23T14:15:23","slug":"forum-des-metiers-2026","status":"publish","type":"post","link":"https:\/\/eficasablanca.org\/en\/forum-des-metiers-2026\/","title":{"rendered":"Forum des m\u00e9tiers 2026"},"content":{"rendered":"<p>L\u2019EFI Casablanca a organis\u00e9 un forum des m\u00e9tiers \u00e0 destination des \u00e9l\u00e8ves de 3\u00e8me, 2nde et 1\u00e8re, leur permettant de rencontrer des professionnels issus de secteurs vari\u00e9s, notamment la m\u00e9decine, le droit, le marketing, l\u2019industrie pharmaceutique, l\u2019h\u00f4tellerie ou encore le journalisme.<\/p>\n\n\n\n<p>Ces professionnels sont venus pr\u00e9senter leurs parcours, partager leur exp\u00e9rience et \u00e9changer avec les \u00e9l\u00e8ves lors de temps de questions-r\u00e9ponses, dans le cadre du parcours d\u2019orientation et de la r\u00e9flexion sur leurs choix futurs.<\/p>\n\n\n\n<p>L\u2019EFI Casablanca remercie les participants pour leur engagement, ainsi que les \u00e9quipes mobilis\u00e9es pour l\u2019organisation de ce forum, en particulier \u00e0 la PRIO (Personnel Ressource en Information et Orientation), Rachel Petel. <\/p>\n\n\n\n<p>&#8212;<\/p>\n\n\n\n<p>The French International School of Casablanca organized a forum des m\u00e9tiers for students in 3\u00e8me, 2nde and 1\u00e8re, giving them the opportunity to meet professionals from a wide range of sectors, including medicine, law, marketing, the pharmaceutical industry, hospitality, and journalism.<\/p>\n\n\n\n<p>These professionals came to present their career paths, share their experiences, and engage with students through Q&amp;A sessions, as part of their guidance pathway and reflection on their future academic and career choices. <\/p>\n\n\n\n<p>The French International School of Casablanca would like to thank all participants for their commitment, as well as the teams involved in organizing this forum, in particular PRIO (Information and Guidance Resource Staff), Rachel Petel.<\/p>\n\n\n\n<figure class=\"wp-block-gallery has-nested-images columns-default is-cropped wp-block-gallery-1 is-layout-flex wp-block-gallery-is-layout-flex\">\n<figure class=\"wp-block-image size-large\"><img fetchpriority=\"high\" decoding=\"async\" width=\"819\" height=\"1024\" data-id=\"14151\" src=\"https:\/\/eficasablanca.org\/wp-content\/uploads\/2026\/04\/1-13-819x1024.png\" alt=\"\" class=\"wp-image-14151\" srcset=\"https:\/\/eficasablanca.org\/wp-content\/uploads\/2026\/04\/1-13-819x1024.png 819w, https:\/\/eficasablanca.org\/wp-content\/uploads\/2026\/04\/1-13-240x300.png 240w, https:\/\/eficasablanca.org\/wp-content\/uploads\/2026\/04\/1-13-768x960.png 768w, https:\/\/eficasablanca.org\/wp-content\/uploads\/2026\/04\/1-13-10x12.png 10w, https:\/\/eficasablanca.org\/wp-content\/uploads\/2026\/04\/1-13.png 1080w\" sizes=\"(max-width: 819px) 100vw, 819px\" \/><\/figure>\n\n\n\n<figure class=\"wp-block-image size-large\"><img decoding=\"async\" width=\"819\" height=\"1024\" data-id=\"14152\" src=\"https:\/\/eficasablanca.org\/wp-content\/uploads\/2026\/04\/2-13-819x1024.png\" alt=\"\" class=\"wp-image-14152\" srcset=\"https:\/\/eficasablanca.org\/wp-content\/uploads\/2026\/04\/2-13-819x1024.png 819w, https:\/\/eficasablanca.org\/wp-content\/uploads\/2026\/04\/2-13-240x300.png 240w, https:\/\/eficasablanca.org\/wp-content\/uploads\/2026\/04\/2-13-768x960.png 768w, https:\/\/eficasablanca.org\/wp-content\/uploads\/2026\/04\/2-13-10x12.png 10w, https:\/\/eficasablanca.org\/wp-content\/uploads\/2026\/04\/2-13.png 1080w\" sizes=\"(max-width: 819px) 100vw, 819px\" \/><\/figure>\n\n\n\n<figure class=\"wp-block-image size-large\"><img decoding=\"async\" width=\"819\" height=\"1024\" data-id=\"14153\" src=\"https:\/\/eficasablanca.org\/wp-content\/uploads\/2026\/04\/3-13-819x1024.png\" alt=\"\" class=\"wp-image-14153\" srcset=\"https:\/\/eficasablanca.org\/wp-content\/uploads\/2026\/04\/3-13-819x1024.png 819w, https:\/\/eficasablanca.org\/wp-content\/uploads\/2026\/04\/3-13-240x300.png 240w, https:\/\/eficasablanca.org\/wp-content\/uploads\/2026\/04\/3-13-768x960.png 768w, https:\/\/eficasablanca.org\/wp-content\/uploads\/2026\/04\/3-13-10x12.png 10w, https:\/\/eficasablanca.org\/wp-content\/uploads\/2026\/04\/3-13.png 1080w\" sizes=\"(max-width: 819px) 100vw, 819px\" \/><\/figure>\n\n\n\n<figure class=\"wp-block-image size-large\"><img loading=\"lazy\" decoding=\"async\" width=\"819\" height=\"1024\" data-id=\"14156\" src=\"https:\/\/eficasablanca.org\/wp-content\/uploads\/2026\/04\/4-13-819x1024.png\" alt=\"\" class=\"wp-image-14156\" srcset=\"https:\/\/eficasablanca.org\/wp-content\/uploads\/2026\/04\/4-13-819x1024.png 819w, https:\/\/eficasablanca.org\/wp-content\/uploads\/2026\/04\/4-13-240x300.png 240w, https:\/\/eficasablanca.org\/wp-content\/uploads\/2026\/04\/4-13-768x960.png 768w, https:\/\/eficasablanca.org\/wp-content\/uploads\/2026\/04\/4-13-10x12.png 10w, https:\/\/eficasablanca.org\/wp-content\/uploads\/2026\/04\/4-13.png 1080w\" sizes=\"(max-width: 819px) 100vw, 819px\" \/><\/figure>\n\n\n\n<figure class=\"wp-block-image size-large\"><img loading=\"lazy\" decoding=\"async\" width=\"819\" height=\"1024\" data-id=\"14154\" src=\"https:\/\/eficasablanca.org\/wp-content\/uploads\/2026\/04\/5-13-819x1024.png\" alt=\"\" class=\"wp-image-14154\" srcset=\"https:\/\/eficasablanca.org\/wp-content\/uploads\/2026\/04\/5-13-819x1024.png 819w, https:\/\/eficasablanca.org\/wp-content\/uploads\/2026\/04\/5-13-240x300.png 240w, https:\/\/eficasablanca.org\/wp-content\/uploads\/2026\/04\/5-13-768x960.png 768w, https:\/\/eficasablanca.org\/wp-content\/uploads\/2026\/04\/5-13-10x12.png 10w, https:\/\/eficasablanca.org\/wp-content\/uploads\/2026\/04\/5-13.png 1080w\" sizes=\"(max-width: 819px) 100vw, 819px\" \/><\/figure>\n\n\n\n<figure class=\"wp-block-image size-large\"><img loading=\"lazy\" decoding=\"async\" width=\"819\" height=\"1024\" data-id=\"14155\" src=\"https:\/\/eficasablanca.org\/wp-content\/uploads\/2026\/04\/6-13-819x1024.png\" alt=\"\" class=\"wp-image-14155\" srcset=\"https:\/\/eficasablanca.org\/wp-content\/uploads\/2026\/04\/6-13-819x1024.png 819w, https:\/\/eficasablanca.org\/wp-content\/uploads\/2026\/04\/6-13-240x300.png 240w, https:\/\/eficasablanca.org\/wp-content\/uploads\/2026\/04\/6-13-768x960.png 768w, https:\/\/eficasablanca.org\/wp-content\/uploads\/2026\/04\/6-13-10x12.png 10w, https:\/\/eficasablanca.org\/wp-content\/uploads\/2026\/04\/6-13.png 1080w\" sizes=\"(max-width: 819px) 100vw, 819px\" \/><\/figure>\n\n\n\n<figure class=\"wp-block-image size-large\"><img loading=\"lazy\" decoding=\"async\" width=\"819\" height=\"1024\" data-id=\"14159\" src=\"https:\/\/eficasablanca.org\/wp-content\/uploads\/2026\/04\/7-12-819x1024.png\" alt=\"\" class=\"wp-image-14159\" srcset=\"https:\/\/eficasablanca.org\/wp-content\/uploads\/2026\/04\/7-12-819x1024.png 819w, https:\/\/eficasablanca.org\/wp-content\/uploads\/2026\/04\/7-12-240x300.png 240w, https:\/\/eficasablanca.org\/wp-content\/uploads\/2026\/04\/7-12-768x960.png 768w, https:\/\/eficasablanca.org\/wp-content\/uploads\/2026\/04\/7-12-10x12.png 10w, https:\/\/eficasablanca.org\/wp-content\/uploads\/2026\/04\/7-12.png 1080w\" sizes=\"(max-width: 819px) 100vw, 819px\" \/><\/figure>\n\n\n\n<figure class=\"wp-block-image size-large\"><img loading=\"lazy\" decoding=\"async\" width=\"819\" height=\"1024\" data-id=\"14158\" src=\"https:\/\/eficasablanca.org\/wp-content\/uploads\/2026\/04\/8-11-819x1024.png\" alt=\"\" class=\"wp-image-14158\" srcset=\"https:\/\/eficasablanca.org\/wp-content\/uploads\/2026\/04\/8-11-819x1024.png 819w, https:\/\/eficasablanca.org\/wp-content\/uploads\/2026\/04\/8-11-240x300.png 240w, https:\/\/eficasablanca.org\/wp-content\/uploads\/2026\/04\/8-11-768x960.png 768w, https:\/\/eficasablanca.org\/wp-content\/uploads\/2026\/04\/8-11-10x12.png 10w, https:\/\/eficasablanca.org\/wp-content\/uploads\/2026\/04\/8-11.png 1080w\" sizes=\"(max-width: 819px) 100vw, 819px\" \/><\/figure>\n<\/figure>\n\n\n\n<figure class=\"wp-block-gallery has-nested-images columns-default is-cropped wp-block-gallery-2 is-layout-flex wp-block-gallery-is-layout-flex\">\n<figure class=\"wp-block-image size-large\"><img loading=\"lazy\" decoding=\"async\" width=\"819\" height=\"1024\" data-id=\"14161\" src=\"https:\/\/eficasablanca.org\/wp-content\/uploads\/2026\/04\/9-14-819x1024.png\" alt=\"\" class=\"wp-image-14161\" srcset=\"https:\/\/eficasablanca.org\/wp-content\/uploads\/2026\/04\/9-14-819x1024.png 819w, https:\/\/eficasablanca.org\/wp-content\/uploads\/2026\/04\/9-14-240x300.png 240w, https:\/\/eficasablanca.org\/wp-content\/uploads\/2026\/04\/9-14-768x960.png 768w, https:\/\/eficasablanca.org\/wp-content\/uploads\/2026\/04\/9-14-10x12.png 10w, https:\/\/eficasablanca.org\/wp-content\/uploads\/2026\/04\/9-14.png 1080w\" sizes=\"(max-width: 819px) 100vw, 819px\" \/><\/figure>\n\n\n\n<figure class=\"wp-block-image size-large\"><img loading=\"lazy\" decoding=\"async\" width=\"819\" height=\"1024\" data-id=\"14162\" src=\"https:\/\/eficasablanca.org\/wp-content\/uploads\/2026\/04\/10-14-819x1024.png\" alt=\"\" class=\"wp-image-14162\" srcset=\"https:\/\/eficasablanca.org\/wp-content\/uploads\/2026\/04\/10-14-819x1024.png 819w, https:\/\/eficasablanca.org\/wp-content\/uploads\/2026\/04\/10-14-240x300.png 240w, https:\/\/eficasablanca.org\/wp-content\/uploads\/2026\/04\/10-14-768x960.png 768w, https:\/\/eficasablanca.org\/wp-content\/uploads\/2026\/04\/10-14-10x12.png 10w, https:\/\/eficasablanca.org\/wp-content\/uploads\/2026\/04\/10-14.png 1080w\" sizes=\"(max-width: 819px) 100vw, 819px\" \/><\/figure>\n<\/figure>","protected":false},"excerpt":{"rendered":"<p>L\u2019EFI Casablanca a organis\u00e9 un forum des m\u00e9tiers \u00e0 destination des \u00e9l\u00e8ves de 3\u00e8me, 2nde et 1\u00e8re, leur permettant de rencontrer des professionnels issus de secteurs vari\u00e9s, notamment la m\u00e9decine, le droit, le marketing, l\u2019industrie pharmaceutique, l\u2019h\u00f4tellerie ou encore le journalisme. Ces professionnels sont venus pr\u00e9senter leurs parcours, partager leur exp\u00e9rience et \u00e9changer avec les [&hellip;]<\/p>\n","protected":false},"author":3,"featured_media":14170,"comment_status":"closed","ping_status":"open","sticky":false,"template":"","format":"standard","meta":{"_acf_changed":false,"footnotes":""},"categories":[21],"tags":[],"class_list":["post-14150","post","type-post","status-publish","format-standard","has-post-thumbnail","hentry","category-actualites"],"acf":[],"yoast_head":"<!-- This site is optimized with the Yoast SEO plugin v27.1.1 - https:\/\/yoast.com\/product\/yoast-seo-wordpress\/ -->\n<title>Forum des m\u00e9tiers 2026 - \u00c9cole Fran\u00e7aise Internationale de Casablanca<\/title>\n<meta name=\"description\" content=\"L\u2019EFI Casablanca a organis\u00e9 un forum des m\u00e9tiers \u00e0 destination des \u00e9l\u00e8ves de 3\u00e8me, 2nde et 1\u00e8re, leur permettant de rencontrer des professionnels issus de\" \/>\n<meta name=\"robots\" content=\"index, follow, max-snippet:-1, max-image-preview:large, max-video-preview:-1\" \/>\n<link rel=\"canonical\" href=\"https:\/\/eficasablanca.org\/en\/forum-des-metiers-2026\/\" \/>\n<meta property=\"og:locale\" content=\"en_US\" \/>\n<meta property=\"og:type\" content=\"article\" \/>\n<meta property=\"og:title\" content=\"Forum des m\u00e9tiers 2026 - \u00c9cole Fran\u00e7aise Internationale de Casablanca\" \/>\n<meta property=\"og:description\" content=\"L\u2019EFI Casablanca a organis\u00e9 un forum des m\u00e9tiers \u00e0 destination des \u00e9l\u00e8ves de 3\u00e8me, 2nde et 1\u00e8re, leur permettant de rencontrer des professionnels issus de\" \/>\n<meta property=\"og:url\" content=\"https:\/\/eficasablanca.org\/en\/forum-des-metiers-2026\/\" \/>\n<meta property=\"og:site_name\" content=\"\u00c9cole Fran\u00e7aise Internationale de Casablanca\" \/>\n<meta property=\"article:publisher\" content=\"https:\/\/www.facebook.com\/EFICasablanca\" \/>\n<meta property=\"article:published_time\" content=\"2026-04-23T14:11:49+00:00\" \/>\n<meta property=\"article:modified_time\" content=\"2026-04-23T14:15:23+00:00\" \/>\n<meta property=\"og:image\" content=\"https:\/\/eficasablanca.org\/wp-content\/uploads\/2026\/04\/Banniere-85-1.png\" \/>\n\t<meta property=\"og:image:width\" content=\"867\" \/>\n\t<meta property=\"og:image:height\" content=\"555\" \/>\n\t<meta property=\"og:image:type\" content=\"image\/png\" \/>\n<meta name=\"author\" content=\"it\" \/>\n<meta name=\"twitter:card\" content=\"summary_large_image\" \/>\n<meta name=\"twitter:label1\" content=\"Written by\" \/>\n\t<meta name=\"twitter:data1\" content=\"it\" \/>\n\t<meta name=\"twitter:label2\" content=\"Est. reading time\" \/>\n\t<meta name=\"twitter:data2\" content=\"4 minutes\" \/>\n<script type=\"application\/ld+json\" class=\"yoast-schema-graph\">{\"@context\":\"https:\/\/schema.org\",\"@graph\":[{\"@type\":\"Article\",\"@id\":\"https:\/\/eficasablanca.org\/forum-des-metiers-2026\/#article\",\"isPartOf\":{\"@id\":\"https:\/\/eficasablanca.org\/forum-des-metiers-2026\/\"},\"author\":{\"name\":\"it\",\"@id\":\"https:\/\/eficasablanca.org\/#\/schema\/person\/cd2435603ee779b3c83afe03afe2bf0e\"},\"headline\":\"Forum des m\u00e9tiers 2026\",\"datePublished\":\"2026-04-23T14:11:49+00:00\",\"dateModified\":\"2026-04-23T14:15:23+00:00\",\"mainEntityOfPage\":{\"@id\":\"https:\/\/eficasablanca.org\/forum-des-metiers-2026\/\"},\"wordCount\":238,\"publisher\":{\"@id\":\"https:\/\/eficasablanca.org\/#organization\"},\"image\":{\"@id\":\"https:\/\/eficasablanca.org\/forum-des-metiers-2026\/#primaryimage\"},\"thumbnailUrl\":\"https:\/\/eficasablanca.org\/wp-content\/uploads\/2026\/04\/Banniere-85-1.png\",\"articleSection\":[\"Actualit\u00e9s\"],\"inLanguage\":\"en-US\"},{\"@type\":\"WebPage\",\"@id\":\"https:\/\/eficasablanca.org\/forum-des-metiers-2026\/\",\"url\":\"https:\/\/eficasablanca.org\/forum-des-metiers-2026\/\",\"name\":\"Forum des m\u00e9tiers 2026 - \u00c9cole Fran\u00e7aise Internationale de Casablanca\",\"isPartOf\":{\"@id\":\"https:\/\/eficasablanca.org\/#website\"},\"primaryImageOfPage\":{\"@id\":\"https:\/\/eficasablanca.org\/forum-des-metiers-2026\/#primaryimage\"},\"image\":{\"@id\":\"https:\/\/eficasablanca.org\/forum-des-metiers-2026\/#primaryimage\"},\"thumbnailUrl\":\"https:\/\/eficasablanca.org\/wp-content\/uploads\/2026\/04\/Banniere-85-1.png\",\"datePublished\":\"2026-04-23T14:11:49+00:00\",\"dateModified\":\"2026-04-23T14:15:23+00:00\",\"description\":\"L\u2019EFI Casablanca a organis\u00e9 un forum des m\u00e9tiers \u00e0 destination des \u00e9l\u00e8ves de 3\u00e8me, 2nde et 1\u00e8re, leur permettant de rencontrer des professionnels issus de\",\"breadcrumb\":{\"@id\":\"https:\/\/eficasablanca.org\/forum-des-metiers-2026\/#breadcrumb\"},\"inLanguage\":\"en-US\",\"potentialAction\":[{\"@type\":\"ReadAction\",\"target\":[\"https:\/\/eficasablanca.org\/forum-des-metiers-2026\/\"]}]},{\"@type\":\"ImageObject\",\"inLanguage\":\"en-US\",\"@id\":\"https:\/\/eficasablanca.org\/forum-des-metiers-2026\/#primaryimage\",\"url\":\"https:\/\/eficasablanca.org\/wp-content\/uploads\/2026\/04\/Banniere-85-1.png\",\"contentUrl\":\"https:\/\/eficasablanca.org\/wp-content\/uploads\/2026\/04\/Banniere-85-1.png\",\"width\":867,\"height\":555},{\"@type\":\"BreadcrumbList\",\"@id\":\"https:\/\/eficasablanca.org\/forum-des-metiers-2026\/#breadcrumb\",\"itemListElement\":[{\"@type\":\"ListItem\",\"position\":1,\"name\":\"Accueil\",\"item\":\"https:\/\/eficasablanca.org\/\"},{\"@type\":\"ListItem\",\"position\":2,\"name\":\"Forum des m\u00e9tiers 2026\"}]},{\"@type\":\"WebSite\",\"@id\":\"https:\/\/eficasablanca.org\/#website\",\"url\":\"https:\/\/eficasablanca.org\/\",\"name\":\"\u00c9cole Fran\u00e7aise Internationale de Casablanca\",\"description\":\"L&#039;\u00c9cole Fran\u00e7aise Internationale\",\"publisher\":{\"@id\":\"https:\/\/eficasablanca.org\/#organization\"},\"potentialAction\":[{\"@type\":\"SearchAction\",\"target\":{\"@type\":\"EntryPoint\",\"urlTemplate\":\"https:\/\/eficasablanca.org\/?s={search_term_string}\"},\"query-input\":{\"@type\":\"PropertyValueSpecification\",\"valueRequired\":true,\"valueName\":\"search_term_string\"}}],\"inLanguage\":\"en-US\"},{\"@type\":\"Organization\",\"@id\":\"https:\/\/eficasablanca.org\/#organization\",\"name\":\"Ecole Fran\u00e7aise Internationale Casablanca\",\"url\":\"https:\/\/eficasablanca.org\/\",\"logo\":{\"@type\":\"ImageObject\",\"inLanguage\":\"en-US\",\"@id\":\"https:\/\/eficasablanca.org\/#\/schema\/logo\/image\/\",\"url\":\"https:\/\/eficasablanca.org\/wp-content\/uploads\/2022\/12\/Logo-EFI-DEF-1-1-02-1.webp\",\"contentUrl\":\"https:\/\/eficasablanca.org\/wp-content\/uploads\/2022\/12\/Logo-EFI-DEF-1-1-02-1.webp\",\"width\":644,\"height\":100,\"caption\":\"Ecole Fran\u00e7aise Internationale Casablanca\"},\"image\":{\"@id\":\"https:\/\/eficasablanca.org\/#\/schema\/logo\/image\/\"},\"sameAs\":[\"https:\/\/www.facebook.com\/EFICasablanca\",\"https:\/\/www.instagram.com\/efi_casablanca\/?hl=fr\",\"https:\/\/www.linkedin.com\/company\/efi-casablanca\/about\/?viewAsMember=true\"]},{\"@type\":\"Person\",\"@id\":\"https:\/\/eficasablanca.org\/#\/schema\/person\/cd2435603ee779b3c83afe03afe2bf0e\",\"name\":\"it\",\"url\":\"https:\/\/eficasablanca.org\/en\/author\/it\/\"}]}<\/script>\n<!-- \/ Yoast SEO plugin. -->","yoast_head_json":{"title":"Forum des m\u00e9tiers 2026 - \u00c9cole Fran\u00e7aise Internationale de Casablanca","description":"L\u2019EFI Casablanca a organis\u00e9 un forum des m\u00e9tiers \u00e0 destination des \u00e9l\u00e8ves de 3\u00e8me, 2nde et 1\u00e8re, leur permettant de rencontrer des professionnels issus de","robots":{"index":"index","follow":"follow","max-snippet":"max-snippet:-1","max-image-preview":"max-image-preview:large","max-video-preview":"max-video-preview:-1"},"canonical":"https:\/\/eficasablanca.org\/en\/forum-des-metiers-2026\/","og_locale":"en_US","og_type":"article","og_title":"Forum des m\u00e9tiers 2026 - \u00c9cole Fran\u00e7aise Internationale de Casablanca","og_description":"L\u2019EFI Casablanca a organis\u00e9 un forum des m\u00e9tiers \u00e0 destination des \u00e9l\u00e8ves de 3\u00e8me, 2nde et 1\u00e8re, leur permettant de rencontrer des professionnels issus de","og_url":"https:\/\/eficasablanca.org\/en\/forum-des-metiers-2026\/","og_site_name":"\u00c9cole Fran\u00e7aise Internationale de Casablanca","article_publisher":"https:\/\/www.facebook.com\/EFICasablanca","article_published_time":"2026-04-23T14:11:49+00:00","article_modified_time":"2026-04-23T14:15:23+00:00","og_image":[{"width":867,"height":555,"url":"https:\/\/eficasablanca.org\/wp-content\/uploads\/2026\/04\/Banniere-85-1.png","type":"image\/png"}],"author":"it","twitter_card":"summary_large_image","twitter_misc":{"Written by":"it","Est. reading time":"4 minutes"},"schema":{"@context":"https:\/\/schema.org","@graph":[{"@type":"Article","@id":"https:\/\/eficasablanca.org\/forum-des-metiers-2026\/#article","isPartOf":{"@id":"https:\/\/eficasablanca.org\/forum-des-metiers-2026\/"},"author":{"name":"it","@id":"https:\/\/eficasablanca.org\/#\/schema\/person\/cd2435603ee779b3c83afe03afe2bf0e"},"headline":"Forum des m\u00e9tiers 2026","datePublished":"2026-04-23T14:11:49+00:00","dateModified":"2026-04-23T14:15:23+00:00","mainEntityOfPage":{"@id":"https:\/\/eficasablanca.org\/forum-des-metiers-2026\/"},"wordCount":238,"publisher":{"@id":"https:\/\/eficasablanca.org\/#organization"},"image":{"@id":"https:\/\/eficasablanca.org\/forum-des-metiers-2026\/#primaryimage"},"thumbnailUrl":"https:\/\/eficasablanca.org\/wp-content\/uploads\/2026\/04\/Banniere-85-1.png","articleSection":["Actualit\u00e9s"],"inLanguage":"en-US"},{"@type":"WebPage","@id":"https:\/\/eficasablanca.org\/forum-des-metiers-2026\/","url":"https:\/\/eficasablanca.org\/forum-des-metiers-2026\/","name":"Forum des m\u00e9tiers 2026 - \u00c9cole Fran\u00e7aise Internationale de Casablanca","isPartOf":{"@id":"https:\/\/eficasablanca.org\/#website"},"primaryImageOfPage":{"@id":"https:\/\/eficasablanca.org\/forum-des-metiers-2026\/#primaryimage"},"image":{"@id":"https:\/\/eficasablanca.org\/forum-des-metiers-2026\/#primaryimage"},"thumbnailUrl":"https:\/\/eficasablanca.org\/wp-content\/uploads\/2026\/04\/Banniere-85-1.png","datePublished":"2026-04-23T14:11:49+00:00","dateModified":"2026-04-23T14:15:23+00:00","description":"L\u2019EFI Casablanca a organis\u00e9 un forum des m\u00e9tiers \u00e0 destination des \u00e9l\u00e8ves de 3\u00e8me, 2nde et 1\u00e8re, leur permettant de rencontrer des professionnels issus de","breadcrumb":{"@id":"https:\/\/eficasablanca.org\/forum-des-metiers-2026\/#breadcrumb"},"inLanguage":"en-US","potentialAction":[{"@type":"ReadAction","target":["https:\/\/eficasablanca.org\/forum-des-metiers-2026\/"]}]},{"@type":"ImageObject","inLanguage":"en-US","@id":"https:\/\/eficasablanca.org\/forum-des-metiers-2026\/#primaryimage","url":"https:\/\/eficasablanca.org\/wp-content\/uploads\/2026\/04\/Banniere-85-1.png","contentUrl":"https:\/\/eficasablanca.org\/wp-content\/uploads\/2026\/04\/Banniere-85-1.png","width":867,"height":555},{"@type":"BreadcrumbList","@id":"https:\/\/eficasablanca.org\/forum-des-metiers-2026\/#breadcrumb","itemListElement":[{"@type":"ListItem","position":1,"name":"Accueil","item":"https:\/\/eficasablanca.org\/"},{"@type":"ListItem","position":2,"name":"Forum des m\u00e9tiers 2026"}]},{"@type":"WebSite","@id":"https:\/\/eficasablanca.org\/#website","url":"https:\/\/eficasablanca.org\/","name":"Casablanca International French School","description":"L&#039;\u00c9cole Fran\u00e7aise Internationale","publisher":{"@id":"https:\/\/eficasablanca.org\/#organization"},"potentialAction":[{"@type":"SearchAction","target":{"@type":"EntryPoint","urlTemplate":"https:\/\/eficasablanca.org\/?s={search_term_string}"},"query-input":{"@type":"PropertyValueSpecification","valueRequired":true,"valueName":"search_term_string"}}],"inLanguage":"en-US"},{"@type":"Organization","@id":"https:\/\/eficasablanca.org\/#organization","name":"Ecole Fran\u00e7aise Internationale Casablanca","url":"https:\/\/eficasablanca.org\/","logo":{"@type":"ImageObject","inLanguage":"en-US","@id":"https:\/\/eficasablanca.org\/#\/schema\/logo\/image\/","url":"https:\/\/eficasablanca.org\/wp-content\/uploads\/2022\/12\/Logo-EFI-DEF-1-1-02-1.webp","contentUrl":"https:\/\/eficasablanca.org\/wp-content\/uploads\/2022\/12\/Logo-EFI-DEF-1-1-02-1.webp","width":644,"height":100,"caption":"Ecole Fran\u00e7aise Internationale Casablanca"},"image":{"@id":"https:\/\/eficasablanca.org\/#\/schema\/logo\/image\/"},"sameAs":["https:\/\/www.facebook.com\/EFICasablanca","https:\/\/www.instagram.com\/efi_casablanca\/?hl=fr","https:\/\/www.linkedin.com\/company\/efi-casablanca\/about\/?viewAsMember=true"]},{"@type":"Person","@id":"https:\/\/eficasablanca.org\/#\/schema\/person\/cd2435603ee779b3c83afe03afe2bf0e","name":"it","url":"https:\/\/eficasablanca.org\/en\/author\/it\/"}]}},"_links":{"self":[{"href":"https:\/\/eficasablanca.org\/en\/wp-json\/wp\/v2\/posts\/14150","targetHints":{"allow":["GET"]}}],"collection":[{"href":"https:\/\/eficasablanca.org\/en\/wp-json\/wp\/v2\/posts"}],"about":[{"href":"https:\/\/eficasablanca.org\/en\/wp-json\/wp\/v2\/types\/post"}],"author":[{"embeddable":true,"href":"https:\/\/eficasablanca.org\/en\/wp-json\/wp\/v2\/users\/3"}],"replies":[{"embeddable":true,"href":"https:\/\/eficasablanca.org\/en\/wp-json\/wp\/v2\/comments?post=14150"}],"version-history":[{"count":1,"href":"https:\/\/eficasablanca.org\/en\/wp-json\/wp\/v2\/posts\/14150\/revisions"}],"predecessor-version":[{"id":14164,"href":"https:\/\/eficasablanca.org\/en\/wp-json\/wp\/v2\/posts\/14150\/revisions\/14164"}],"wp:featuredmedia":[{"embeddable":true,"href":"https:\/\/eficasablanca.org\/en\/wp-json\/wp\/v2\/media\/14170"}],"wp:attachment":[{"href":"https:\/\/eficasablanca.org\/en\/wp-json\/wp\/v2\/media?parent=14150"}],"wp:term":[{"taxonomy":"category","embeddable":true,"href":"https:\/\/eficasablanca.org\/en\/wp-json\/wp\/v2\/categories?post=14150"},{"taxonomy":"post_tag","embeddable":true,"href":"https:\/\/eficasablanca.org\/en\/wp-json\/wp\/v2\/tags?post=14150"}],"curies":[{"name":"wp","href":"https:\/\/api.w.org\/{rel}","templated":true}]}}