{"id":14171,"date":"2026-04-23T16:38:15","date_gmt":"2026-04-23T15:38:15","guid":{"rendered":"https:\/\/eficasablanca.org\/?p=14171"},"modified":"2026-04-28T15:50:15","modified_gmt":"2026-04-28T14:50:15","slug":"sejour-pedagogique-a-terre-damanar","status":"publish","type":"post","link":"https:\/\/eficasablanca.org\/en\/sejour-pedagogique-a-terre-damanar\/","title":{"rendered":"S\u00e9jour p\u00e9dagogique \u00e0 Terre d\u2019Amanar"},"content":{"rendered":"<p>Au c\u0153ur du Haut-Atlas, les \u00e9l\u00e8ves de CM2 ont particip\u00e9 la semaine derni\u00e8re \u00e0 un s\u00e9jour p\u00e9dagogique au programme riche en activit\u00e9s : accrobranche, randonn\u00e9e, observation de la faune et de la flore, ateliers d\u2019artisanat, fabrication du pain traditionnel et veill\u00e9es autour du feu de camp.<br>Ce s\u00e9jour s\u2019inscrit pleinement dans les programmes, avec notamment la mobilisation de comp\u00e9tences en g\u00e9ographie et en sciences : lecture de carte, rep\u00e9rage dans l\u2019espace, compr\u00e9hension du milieu montagnard et observation des \u00e9cosyst\u00e8mes. Il a \u00e9galement permis de travailler des notions math\u00e9matiques (distances, dur\u00e9es, d\u00e9nivel\u00e9), tout en d\u00e9veloppant des comp\u00e9tences transversales telles que l\u2019autonomie, la coop\u00e9ration et le vivre-ensemble.<br>L&rsquo;EFI Casablanca remercie les \u00e9quipes p\u00e9dagogiques pour la qualit\u00e9 de leur encadrement. Une exp\u00e9rience marquante pour les \u00e9l\u00e8ves, qui restera sans aucun doute un tr\u00e8s beau souvenir.<\/p>\n\n\n\n<p>&#8212;<\/p>\n\n\n\n<p>In the heart of the High Atlas Mountains, CM2 students took part last week in an educational trip featuring a wide range of activities: treetop adventure courses, hiking, observation of fauna and flora, craft workshops, traditional bread making, and evenings around the campfire.<br>This trip is fully aligned with the curriculum, particularly through the development of skills in geography and science: map reading, spatial awareness, understanding mountain environments, and observing ecosystems. It also provided an opportunity to work on mathematical concepts (distances, durations, elevation gain), while fostering transversal skills such as autonomy, cooperation, and living together.<br>The French International School of Casablanca thanks the teaching teams for the quality of their supervision. A memorable experience for the students, which will undoubtedly remain a wonderful memory.<\/p>\n\n\n\n<figure class=\"wp-block-gallery has-nested-images columns-default is-cropped wp-block-gallery-1 is-layout-flex wp-block-gallery-is-layout-flex\">\n<figure class=\"wp-block-image size-large\"><img fetchpriority=\"high\" decoding=\"async\" width=\"819\" height=\"1024\" data-id=\"14174\" src=\"https:\/\/eficasablanca.org\/wp-content\/uploads\/2026\/04\/1-14-819x1024.png\" alt=\"\" class=\"wp-image-14174\" srcset=\"https:\/\/eficasablanca.org\/wp-content\/uploads\/2026\/04\/1-14-819x1024.png 819w, https:\/\/eficasablanca.org\/wp-content\/uploads\/2026\/04\/1-14-240x300.png 240w, https:\/\/eficasablanca.org\/wp-content\/uploads\/2026\/04\/1-14-768x960.png 768w, https:\/\/eficasablanca.org\/wp-content\/uploads\/2026\/04\/1-14-10x12.png 10w, https:\/\/eficasablanca.org\/wp-content\/uploads\/2026\/04\/1-14.png 1080w\" sizes=\"(max-width: 819px) 100vw, 819px\" \/><\/figure>\n\n\n\n<figure class=\"wp-block-image size-large\"><img decoding=\"async\" width=\"819\" height=\"1024\" data-id=\"14173\" src=\"https:\/\/eficasablanca.org\/wp-content\/uploads\/2026\/04\/2-14-819x1024.png\" alt=\"\" class=\"wp-image-14173\" srcset=\"https:\/\/eficasablanca.org\/wp-content\/uploads\/2026\/04\/2-14-819x1024.png 819w, https:\/\/eficasablanca.org\/wp-content\/uploads\/2026\/04\/2-14-240x300.png 240w, https:\/\/eficasablanca.org\/wp-content\/uploads\/2026\/04\/2-14-768x960.png 768w, https:\/\/eficasablanca.org\/wp-content\/uploads\/2026\/04\/2-14-10x12.png 10w, https:\/\/eficasablanca.org\/wp-content\/uploads\/2026\/04\/2-14.png 1080w\" sizes=\"(max-width: 819px) 100vw, 819px\" \/><\/figure>\n\n\n\n<figure class=\"wp-block-image size-large\"><img decoding=\"async\" width=\"819\" height=\"1024\" data-id=\"14172\" src=\"https:\/\/eficasablanca.org\/wp-content\/uploads\/2026\/04\/3-14-819x1024.png\" alt=\"\" class=\"wp-image-14172\" srcset=\"https:\/\/eficasablanca.org\/wp-content\/uploads\/2026\/04\/3-14-819x1024.png 819w, https:\/\/eficasablanca.org\/wp-content\/uploads\/2026\/04\/3-14-240x300.png 240w, https:\/\/eficasablanca.org\/wp-content\/uploads\/2026\/04\/3-14-768x960.png 768w, https:\/\/eficasablanca.org\/wp-content\/uploads\/2026\/04\/3-14-10x12.png 10w, https:\/\/eficasablanca.org\/wp-content\/uploads\/2026\/04\/3-14.png 1080w\" sizes=\"(max-width: 819px) 100vw, 819px\" \/><\/figure>\n\n\n\n<figure class=\"wp-block-image size-large\"><img loading=\"lazy\" decoding=\"async\" width=\"819\" height=\"1024\" data-id=\"14177\" src=\"https:\/\/eficasablanca.org\/wp-content\/uploads\/2026\/04\/4-14-819x1024.png\" alt=\"\" class=\"wp-image-14177\" srcset=\"https:\/\/eficasablanca.org\/wp-content\/uploads\/2026\/04\/4-14-819x1024.png 819w, https:\/\/eficasablanca.org\/wp-content\/uploads\/2026\/04\/4-14-240x300.png 240w, https:\/\/eficasablanca.org\/wp-content\/uploads\/2026\/04\/4-14-768x960.png 768w, https:\/\/eficasablanca.org\/wp-content\/uploads\/2026\/04\/4-14-10x12.png 10w, https:\/\/eficasablanca.org\/wp-content\/uploads\/2026\/04\/4-14.png 1080w\" sizes=\"(max-width: 819px) 100vw, 819px\" \/><\/figure>\n\n\n\n<figure class=\"wp-block-image size-large\"><img loading=\"lazy\" decoding=\"async\" width=\"819\" height=\"1024\" data-id=\"14179\" src=\"https:\/\/eficasablanca.org\/wp-content\/uploads\/2026\/04\/5-14-819x1024.png\" alt=\"\" class=\"wp-image-14179\" srcset=\"https:\/\/eficasablanca.org\/wp-content\/uploads\/2026\/04\/5-14-819x1024.png 819w, https:\/\/eficasablanca.org\/wp-content\/uploads\/2026\/04\/5-14-240x300.png 240w, https:\/\/eficasablanca.org\/wp-content\/uploads\/2026\/04\/5-14-768x960.png 768w, https:\/\/eficasablanca.org\/wp-content\/uploads\/2026\/04\/5-14-10x12.png 10w, https:\/\/eficasablanca.org\/wp-content\/uploads\/2026\/04\/5-14.png 1080w\" sizes=\"(max-width: 819px) 100vw, 819px\" \/><\/figure>\n\n\n\n<figure class=\"wp-block-image size-large\"><img loading=\"lazy\" decoding=\"async\" width=\"819\" height=\"1024\" data-id=\"14178\" src=\"https:\/\/eficasablanca.org\/wp-content\/uploads\/2026\/04\/6-14-819x1024.png\" alt=\"\" class=\"wp-image-14178\" srcset=\"https:\/\/eficasablanca.org\/wp-content\/uploads\/2026\/04\/6-14-819x1024.png 819w, https:\/\/eficasablanca.org\/wp-content\/uploads\/2026\/04\/6-14-240x300.png 240w, https:\/\/eficasablanca.org\/wp-content\/uploads\/2026\/04\/6-14-768x960.png 768w, https:\/\/eficasablanca.org\/wp-content\/uploads\/2026\/04\/6-14-10x12.png 10w, https:\/\/eficasablanca.org\/wp-content\/uploads\/2026\/04\/6-14.png 1080w\" sizes=\"(max-width: 819px) 100vw, 819px\" \/><\/figure>\n\n\n\n<figure class=\"wp-block-image size-large\"><img loading=\"lazy\" decoding=\"async\" width=\"819\" height=\"1024\" data-id=\"14182\" src=\"https:\/\/eficasablanca.org\/wp-content\/uploads\/2026\/04\/7-13-819x1024.png\" alt=\"\" class=\"wp-image-14182\" srcset=\"https:\/\/eficasablanca.org\/wp-content\/uploads\/2026\/04\/7-13-819x1024.png 819w, https:\/\/eficasablanca.org\/wp-content\/uploads\/2026\/04\/7-13-240x300.png 240w, https:\/\/eficasablanca.org\/wp-content\/uploads\/2026\/04\/7-13-768x960.png 768w, https:\/\/eficasablanca.org\/wp-content\/uploads\/2026\/04\/7-13-10x12.png 10w, https:\/\/eficasablanca.org\/wp-content\/uploads\/2026\/04\/7-13.png 1080w\" sizes=\"(max-width: 819px) 100vw, 819px\" \/><\/figure>\n\n\n\n<figure class=\"wp-block-image size-large\"><img loading=\"lazy\" decoding=\"async\" width=\"819\" height=\"1024\" data-id=\"14176\" src=\"https:\/\/eficasablanca.org\/wp-content\/uploads\/2026\/04\/8-12-819x1024.png\" alt=\"\" class=\"wp-image-14176\" srcset=\"https:\/\/eficasablanca.org\/wp-content\/uploads\/2026\/04\/8-12-819x1024.png 819w, https:\/\/eficasablanca.org\/wp-content\/uploads\/2026\/04\/8-12-240x300.png 240w, https:\/\/eficasablanca.org\/wp-content\/uploads\/2026\/04\/8-12-768x960.png 768w, https:\/\/eficasablanca.org\/wp-content\/uploads\/2026\/04\/8-12-10x12.png 10w, https:\/\/eficasablanca.org\/wp-content\/uploads\/2026\/04\/8-12.png 1080w\" sizes=\"(max-width: 819px) 100vw, 819px\" \/><\/figure>\n\n\n\n<figure class=\"wp-block-image size-large\"><img loading=\"lazy\" decoding=\"async\" width=\"819\" height=\"1024\" data-id=\"14175\" src=\"https:\/\/eficasablanca.org\/wp-content\/uploads\/2026\/04\/9-15-819x1024.png\" alt=\"\" class=\"wp-image-14175\" srcset=\"https:\/\/eficasablanca.org\/wp-content\/uploads\/2026\/04\/9-15-819x1024.png 819w, https:\/\/eficasablanca.org\/wp-content\/uploads\/2026\/04\/9-15-240x300.png 240w, https:\/\/eficasablanca.org\/wp-content\/uploads\/2026\/04\/9-15-768x960.png 768w, https:\/\/eficasablanca.org\/wp-content\/uploads\/2026\/04\/9-15-10x12.png 10w, https:\/\/eficasablanca.org\/wp-content\/uploads\/2026\/04\/9-15.png 1080w\" sizes=\"(max-width: 819px) 100vw, 819px\" \/><\/figure>\n\n\n\n<figure class=\"wp-block-image size-large\"><img loading=\"lazy\" decoding=\"async\" width=\"819\" height=\"1024\" data-id=\"14180\" src=\"https:\/\/eficasablanca.org\/wp-content\/uploads\/2026\/04\/10-15-819x1024.png\" alt=\"\" class=\"wp-image-14180\" srcset=\"https:\/\/eficasablanca.org\/wp-content\/uploads\/2026\/04\/10-15-819x1024.png 819w, https:\/\/eficasablanca.org\/wp-content\/uploads\/2026\/04\/10-15-240x300.png 240w, https:\/\/eficasablanca.org\/wp-content\/uploads\/2026\/04\/10-15-768x960.png 768w, https:\/\/eficasablanca.org\/wp-content\/uploads\/2026\/04\/10-15-10x12.png 10w, https:\/\/eficasablanca.org\/wp-content\/uploads\/2026\/04\/10-15.png 1080w\" sizes=\"(max-width: 819px) 100vw, 819px\" \/><\/figure>\n\n\n\n<figure class=\"wp-block-image size-large\"><img loading=\"lazy\" decoding=\"async\" width=\"819\" height=\"1024\" data-id=\"14185\" src=\"https:\/\/eficasablanca.org\/wp-content\/uploads\/2026\/04\/11-8-819x1024.png\" alt=\"\" class=\"wp-image-14185\" srcset=\"https:\/\/eficasablanca.org\/wp-content\/uploads\/2026\/04\/11-8-819x1024.png 819w, https:\/\/eficasablanca.org\/wp-content\/uploads\/2026\/04\/11-8-240x300.png 240w, https:\/\/eficasablanca.org\/wp-content\/uploads\/2026\/04\/11-8-768x960.png 768w, https:\/\/eficasablanca.org\/wp-content\/uploads\/2026\/04\/11-8-10x12.png 10w, https:\/\/eficasablanca.org\/wp-content\/uploads\/2026\/04\/11-8.png 1080w\" sizes=\"(max-width: 819px) 100vw, 819px\" \/><\/figure>\n\n\n\n<figure class=\"wp-block-image size-large\"><img loading=\"lazy\" decoding=\"async\" width=\"819\" height=\"1024\" data-id=\"14181\" src=\"https:\/\/eficasablanca.org\/wp-content\/uploads\/2026\/04\/12-7-819x1024.png\" alt=\"\" class=\"wp-image-14181\" srcset=\"https:\/\/eficasablanca.org\/wp-content\/uploads\/2026\/04\/12-7-819x1024.png 819w, https:\/\/eficasablanca.org\/wp-content\/uploads\/2026\/04\/12-7-240x300.png 240w, https:\/\/eficasablanca.org\/wp-content\/uploads\/2026\/04\/12-7-768x960.png 768w, https:\/\/eficasablanca.org\/wp-content\/uploads\/2026\/04\/12-7-10x12.png 10w, https:\/\/eficasablanca.org\/wp-content\/uploads\/2026\/04\/12-7.png 1080w\" sizes=\"(max-width: 819px) 100vw, 819px\" \/><\/figure>\n\n\n\n<figure class=\"wp-block-image size-large\"><img loading=\"lazy\" decoding=\"async\" width=\"819\" height=\"1024\" data-id=\"14184\" src=\"https:\/\/eficasablanca.org\/wp-content\/uploads\/2026\/04\/13-7-819x1024.png\" alt=\"\" class=\"wp-image-14184\" srcset=\"https:\/\/eficasablanca.org\/wp-content\/uploads\/2026\/04\/13-7-819x1024.png 819w, https:\/\/eficasablanca.org\/wp-content\/uploads\/2026\/04\/13-7-240x300.png 240w, https:\/\/eficasablanca.org\/wp-content\/uploads\/2026\/04\/13-7-768x960.png 768w, https:\/\/eficasablanca.org\/wp-content\/uploads\/2026\/04\/13-7-10x12.png 10w, https:\/\/eficasablanca.org\/wp-content\/uploads\/2026\/04\/13-7.png 1080w\" sizes=\"(max-width: 819px) 100vw, 819px\" \/><\/figure>\n\n\n\n<figure class=\"wp-block-image size-large\"><img loading=\"lazy\" decoding=\"async\" width=\"819\" height=\"1024\" data-id=\"14183\" src=\"https:\/\/eficasablanca.org\/wp-content\/uploads\/2026\/04\/14-6-819x1024.png\" alt=\"\" class=\"wp-image-14183\" srcset=\"https:\/\/eficasablanca.org\/wp-content\/uploads\/2026\/04\/14-6-819x1024.png 819w, https:\/\/eficasablanca.org\/wp-content\/uploads\/2026\/04\/14-6-240x300.png 240w, https:\/\/eficasablanca.org\/wp-content\/uploads\/2026\/04\/14-6-768x960.png 768w, https:\/\/eficasablanca.org\/wp-content\/uploads\/2026\/04\/14-6-10x12.png 10w, https:\/\/eficasablanca.org\/wp-content\/uploads\/2026\/04\/14-6.png 1080w\" sizes=\"(max-width: 819px) 100vw, 819px\" \/><\/figure>\n<\/figure>","protected":false},"excerpt":{"rendered":"<p>Au c\u0153ur du Haut-Atlas, les \u00e9l\u00e8ves de CM2 ont particip\u00e9 la semaine derni\u00e8re \u00e0 un s\u00e9jour p\u00e9dagogique au programme riche en activit\u00e9s : accrobranche, randonn\u00e9e, observation de la faune et de la flore, ateliers d\u2019artisanat, fabrication du pain traditionnel et veill\u00e9es autour du feu de camp.Ce s\u00e9jour s\u2019inscrit pleinement dans les programmes, avec notamment la [&hellip;]<\/p>\n","protected":false},"author":3,"featured_media":14186,"comment_status":"closed","ping_status":"open","sticky":false,"template":"","format":"standard","meta":{"_acf_changed":false,"footnotes":""},"categories":[21],"tags":[],"class_list":["post-14171","post","type-post","status-publish","format-standard","has-post-thumbnail","hentry","category-actualites"],"acf":[],"yoast_head":"<!-- This site is optimized with the Yoast SEO plugin v27.1.1 - https:\/\/yoast.com\/product\/yoast-seo-wordpress\/ -->\n<title>S\u00e9jour p\u00e9dagogique \u00e0 Terre d\u2019Amanar - \u00c9cole Fran\u00e7aise Internationale de Casablanca<\/title>\n<meta name=\"description\" content=\"Au c\u0153ur du Haut-Atlas, les \u00e9l\u00e8ves de CM2 ont particip\u00e9 la semaine derni\u00e8re \u00e0 un s\u00e9jour p\u00e9dagogique au programme riche en activit\u00e9s : accrobranche,\" \/>\n<meta name=\"robots\" content=\"index, follow, max-snippet:-1, max-image-preview:large, max-video-preview:-1\" \/>\n<link rel=\"canonical\" href=\"https:\/\/eficasablanca.org\/en\/sejour-pedagogique-a-terre-damanar\/\" \/>\n<meta property=\"og:locale\" content=\"en_US\" \/>\n<meta property=\"og:type\" content=\"article\" \/>\n<meta property=\"og:title\" content=\"S\u00e9jour p\u00e9dagogique \u00e0 Terre d\u2019Amanar - \u00c9cole Fran\u00e7aise Internationale de Casablanca\" \/>\n<meta property=\"og:description\" content=\"Au c\u0153ur du Haut-Atlas, les \u00e9l\u00e8ves de CM2 ont particip\u00e9 la semaine derni\u00e8re \u00e0 un s\u00e9jour p\u00e9dagogique au programme riche en activit\u00e9s : accrobranche,\" \/>\n<meta property=\"og:url\" content=\"https:\/\/eficasablanca.org\/en\/sejour-pedagogique-a-terre-damanar\/\" \/>\n<meta property=\"og:site_name\" content=\"\u00c9cole Fran\u00e7aise Internationale de Casablanca\" \/>\n<meta property=\"article:publisher\" content=\"https:\/\/www.facebook.com\/EFICasablanca\" \/>\n<meta property=\"article:published_time\" content=\"2026-04-23T15:38:15+00:00\" \/>\n<meta property=\"article:modified_time\" content=\"2026-04-28T14:50:15+00:00\" \/>\n<meta property=\"og:image\" content=\"https:\/\/eficasablanca.org\/wp-content\/uploads\/2026\/04\/Banniere-86.png\" \/>\n\t<meta property=\"og:image:width\" content=\"867\" \/>\n\t<meta property=\"og:image:height\" content=\"555\" \/>\n\t<meta property=\"og:image:type\" content=\"image\/png\" \/>\n<meta name=\"author\" content=\"it\" \/>\n<meta name=\"twitter:card\" content=\"summary_large_image\" \/>\n<meta name=\"twitter:label1\" content=\"Written by\" \/>\n\t<meta name=\"twitter:data1\" content=\"it\" \/>\n\t<meta name=\"twitter:label2\" content=\"Est. reading time\" \/>\n\t<meta name=\"twitter:data2\" content=\"5 minutes\" \/>\n<script type=\"application\/ld+json\" class=\"yoast-schema-graph\">{\"@context\":\"https:\/\/schema.org\",\"@graph\":[{\"@type\":\"Article\",\"@id\":\"https:\/\/eficasablanca.org\/sejour-pedagogique-a-terre-damanar\/#article\",\"isPartOf\":{\"@id\":\"https:\/\/eficasablanca.org\/sejour-pedagogique-a-terre-damanar\/\"},\"author\":{\"name\":\"it\",\"@id\":\"https:\/\/eficasablanca.org\/#\/schema\/person\/cd2435603ee779b3c83afe03afe2bf0e\"},\"headline\":\"S\u00e9jour p\u00e9dagogique \u00e0 Terre d\u2019Amanar\",\"datePublished\":\"2026-04-23T15:38:15+00:00\",\"dateModified\":\"2026-04-28T14:50:15+00:00\",\"mainEntityOfPage\":{\"@id\":\"https:\/\/eficasablanca.org\/sejour-pedagogique-a-terre-damanar\/\"},\"wordCount\":291,\"publisher\":{\"@id\":\"https:\/\/eficasablanca.org\/#organization\"},\"image\":{\"@id\":\"https:\/\/eficasablanca.org\/sejour-pedagogique-a-terre-damanar\/#primaryimage\"},\"thumbnailUrl\":\"https:\/\/eficasablanca.org\/wp-content\/uploads\/2026\/04\/Banniere-86.png\",\"articleSection\":[\"Actualit\u00e9s\"],\"inLanguage\":\"en-US\"},{\"@type\":\"WebPage\",\"@id\":\"https:\/\/eficasablanca.org\/sejour-pedagogique-a-terre-damanar\/\",\"url\":\"https:\/\/eficasablanca.org\/sejour-pedagogique-a-terre-damanar\/\",\"name\":\"S\u00e9jour p\u00e9dagogique \u00e0 Terre d\u2019Amanar - \u00c9cole Fran\u00e7aise Internationale de Casablanca\",\"isPartOf\":{\"@id\":\"https:\/\/eficasablanca.org\/#website\"},\"primaryImageOfPage\":{\"@id\":\"https:\/\/eficasablanca.org\/sejour-pedagogique-a-terre-damanar\/#primaryimage\"},\"image\":{\"@id\":\"https:\/\/eficasablanca.org\/sejour-pedagogique-a-terre-damanar\/#primaryimage\"},\"thumbnailUrl\":\"https:\/\/eficasablanca.org\/wp-content\/uploads\/2026\/04\/Banniere-86.png\",\"datePublished\":\"2026-04-23T15:38:15+00:00\",\"dateModified\":\"2026-04-28T14:50:15+00:00\",\"description\":\"Au c\u0153ur du Haut-Atlas, les \u00e9l\u00e8ves de CM2 ont particip\u00e9 la semaine derni\u00e8re \u00e0 un s\u00e9jour p\u00e9dagogique au programme riche en activit\u00e9s : accrobranche,\",\"breadcrumb\":{\"@id\":\"https:\/\/eficasablanca.org\/sejour-pedagogique-a-terre-damanar\/#breadcrumb\"},\"inLanguage\":\"en-US\",\"potentialAction\":[{\"@type\":\"ReadAction\",\"target\":[\"https:\/\/eficasablanca.org\/sejour-pedagogique-a-terre-damanar\/\"]}]},{\"@type\":\"ImageObject\",\"inLanguage\":\"en-US\",\"@id\":\"https:\/\/eficasablanca.org\/sejour-pedagogique-a-terre-damanar\/#primaryimage\",\"url\":\"https:\/\/eficasablanca.org\/wp-content\/uploads\/2026\/04\/Banniere-86.png\",\"contentUrl\":\"https:\/\/eficasablanca.org\/wp-content\/uploads\/2026\/04\/Banniere-86.png\",\"width\":867,\"height\":555},{\"@type\":\"BreadcrumbList\",\"@id\":\"https:\/\/eficasablanca.org\/sejour-pedagogique-a-terre-damanar\/#breadcrumb\",\"itemListElement\":[{\"@type\":\"ListItem\",\"position\":1,\"name\":\"Accueil\",\"item\":\"https:\/\/eficasablanca.org\/\"},{\"@type\":\"ListItem\",\"position\":2,\"name\":\"S\u00e9jour p\u00e9dagogique \u00e0 Terre d\u2019Amanar\"}]},{\"@type\":\"WebSite\",\"@id\":\"https:\/\/eficasablanca.org\/#website\",\"url\":\"https:\/\/eficasablanca.org\/\",\"name\":\"\u00c9cole Fran\u00e7aise Internationale de Casablanca\",\"description\":\"L&#039;\u00c9cole Fran\u00e7aise Internationale\",\"publisher\":{\"@id\":\"https:\/\/eficasablanca.org\/#organization\"},\"potentialAction\":[{\"@type\":\"SearchAction\",\"target\":{\"@type\":\"EntryPoint\",\"urlTemplate\":\"https:\/\/eficasablanca.org\/?s={search_term_string}\"},\"query-input\":{\"@type\":\"PropertyValueSpecification\",\"valueRequired\":true,\"valueName\":\"search_term_string\"}}],\"inLanguage\":\"en-US\"},{\"@type\":\"Organization\",\"@id\":\"https:\/\/eficasablanca.org\/#organization\",\"name\":\"Ecole Fran\u00e7aise Internationale Casablanca\",\"url\":\"https:\/\/eficasablanca.org\/\",\"logo\":{\"@type\":\"ImageObject\",\"inLanguage\":\"en-US\",\"@id\":\"https:\/\/eficasablanca.org\/#\/schema\/logo\/image\/\",\"url\":\"https:\/\/eficasablanca.org\/wp-content\/uploads\/2022\/12\/Logo-EFI-DEF-1-1-02-1.webp\",\"contentUrl\":\"https:\/\/eficasablanca.org\/wp-content\/uploads\/2022\/12\/Logo-EFI-DEF-1-1-02-1.webp\",\"width\":644,\"height\":100,\"caption\":\"Ecole Fran\u00e7aise Internationale Casablanca\"},\"image\":{\"@id\":\"https:\/\/eficasablanca.org\/#\/schema\/logo\/image\/\"},\"sameAs\":[\"https:\/\/www.facebook.com\/EFICasablanca\",\"https:\/\/www.instagram.com\/efi_casablanca\/?hl=fr\",\"https:\/\/www.linkedin.com\/company\/efi-casablanca\/about\/?viewAsMember=true\"]},{\"@type\":\"Person\",\"@id\":\"https:\/\/eficasablanca.org\/#\/schema\/person\/cd2435603ee779b3c83afe03afe2bf0e\",\"name\":\"it\",\"url\":\"https:\/\/eficasablanca.org\/en\/author\/it\/\"}]}<\/script>\n<!-- \/ Yoast SEO plugin. -->","yoast_head_json":{"title":"S\u00e9jour p\u00e9dagogique \u00e0 Terre d\u2019Amanar - \u00c9cole Fran\u00e7aise Internationale de Casablanca","description":"Au c\u0153ur du Haut-Atlas, les \u00e9l\u00e8ves de CM2 ont particip\u00e9 la semaine derni\u00e8re \u00e0 un s\u00e9jour p\u00e9dagogique au programme riche en activit\u00e9s : accrobranche,","robots":{"index":"index","follow":"follow","max-snippet":"max-snippet:-1","max-image-preview":"max-image-preview:large","max-video-preview":"max-video-preview:-1"},"canonical":"https:\/\/eficasablanca.org\/en\/sejour-pedagogique-a-terre-damanar\/","og_locale":"en_US","og_type":"article","og_title":"S\u00e9jour p\u00e9dagogique \u00e0 Terre d\u2019Amanar - \u00c9cole Fran\u00e7aise Internationale de Casablanca","og_description":"Au c\u0153ur du Haut-Atlas, les \u00e9l\u00e8ves de CM2 ont particip\u00e9 la semaine derni\u00e8re \u00e0 un s\u00e9jour p\u00e9dagogique au programme riche en activit\u00e9s : accrobranche,","og_url":"https:\/\/eficasablanca.org\/en\/sejour-pedagogique-a-terre-damanar\/","og_site_name":"\u00c9cole Fran\u00e7aise Internationale de Casablanca","article_publisher":"https:\/\/www.facebook.com\/EFICasablanca","article_published_time":"2026-04-23T15:38:15+00:00","article_modified_time":"2026-04-28T14:50:15+00:00","og_image":[{"width":867,"height":555,"url":"https:\/\/eficasablanca.org\/wp-content\/uploads\/2026\/04\/Banniere-86.png","type":"image\/png"}],"author":"it","twitter_card":"summary_large_image","twitter_misc":{"Written by":"it","Est. reading time":"5 minutes"},"schema":{"@context":"https:\/\/schema.org","@graph":[{"@type":"Article","@id":"https:\/\/eficasablanca.org\/sejour-pedagogique-a-terre-damanar\/#article","isPartOf":{"@id":"https:\/\/eficasablanca.org\/sejour-pedagogique-a-terre-damanar\/"},"author":{"name":"it","@id":"https:\/\/eficasablanca.org\/#\/schema\/person\/cd2435603ee779b3c83afe03afe2bf0e"},"headline":"S\u00e9jour p\u00e9dagogique \u00e0 Terre d\u2019Amanar","datePublished":"2026-04-23T15:38:15+00:00","dateModified":"2026-04-28T14:50:15+00:00","mainEntityOfPage":{"@id":"https:\/\/eficasablanca.org\/sejour-pedagogique-a-terre-damanar\/"},"wordCount":291,"publisher":{"@id":"https:\/\/eficasablanca.org\/#organization"},"image":{"@id":"https:\/\/eficasablanca.org\/sejour-pedagogique-a-terre-damanar\/#primaryimage"},"thumbnailUrl":"https:\/\/eficasablanca.org\/wp-content\/uploads\/2026\/04\/Banniere-86.png","articleSection":["Actualit\u00e9s"],"inLanguage":"en-US"},{"@type":"WebPage","@id":"https:\/\/eficasablanca.org\/sejour-pedagogique-a-terre-damanar\/","url":"https:\/\/eficasablanca.org\/sejour-pedagogique-a-terre-damanar\/","name":"S\u00e9jour p\u00e9dagogique \u00e0 Terre d\u2019Amanar - \u00c9cole Fran\u00e7aise Internationale de Casablanca","isPartOf":{"@id":"https:\/\/eficasablanca.org\/#website"},"primaryImageOfPage":{"@id":"https:\/\/eficasablanca.org\/sejour-pedagogique-a-terre-damanar\/#primaryimage"},"image":{"@id":"https:\/\/eficasablanca.org\/sejour-pedagogique-a-terre-damanar\/#primaryimage"},"thumbnailUrl":"https:\/\/eficasablanca.org\/wp-content\/uploads\/2026\/04\/Banniere-86.png","datePublished":"2026-04-23T15:38:15+00:00","dateModified":"2026-04-28T14:50:15+00:00","description":"Au c\u0153ur du Haut-Atlas, les \u00e9l\u00e8ves de CM2 ont particip\u00e9 la semaine derni\u00e8re \u00e0 un s\u00e9jour p\u00e9dagogique au programme riche en activit\u00e9s : accrobranche,","breadcrumb":{"@id":"https:\/\/eficasablanca.org\/sejour-pedagogique-a-terre-damanar\/#breadcrumb"},"inLanguage":"en-US","potentialAction":[{"@type":"ReadAction","target":["https:\/\/eficasablanca.org\/sejour-pedagogique-a-terre-damanar\/"]}]},{"@type":"ImageObject","inLanguage":"en-US","@id":"https:\/\/eficasablanca.org\/sejour-pedagogique-a-terre-damanar\/#primaryimage","url":"https:\/\/eficasablanca.org\/wp-content\/uploads\/2026\/04\/Banniere-86.png","contentUrl":"https:\/\/eficasablanca.org\/wp-content\/uploads\/2026\/04\/Banniere-86.png","width":867,"height":555},{"@type":"BreadcrumbList","@id":"https:\/\/eficasablanca.org\/sejour-pedagogique-a-terre-damanar\/#breadcrumb","itemListElement":[{"@type":"ListItem","position":1,"name":"Accueil","item":"https:\/\/eficasablanca.org\/"},{"@type":"ListItem","position":2,"name":"S\u00e9jour p\u00e9dagogique \u00e0 Terre d\u2019Amanar"}]},{"@type":"WebSite","@id":"https:\/\/eficasablanca.org\/#website","url":"https:\/\/eficasablanca.org\/","name":"Casablanca International French School","description":"L&#039;\u00c9cole Fran\u00e7aise Internationale","publisher":{"@id":"https:\/\/eficasablanca.org\/#organization"},"potentialAction":[{"@type":"SearchAction","target":{"@type":"EntryPoint","urlTemplate":"https:\/\/eficasablanca.org\/?s={search_term_string}"},"query-input":{"@type":"PropertyValueSpecification","valueRequired":true,"valueName":"search_term_string"}}],"inLanguage":"en-US"},{"@type":"Organization","@id":"https:\/\/eficasablanca.org\/#organization","name":"Ecole Fran\u00e7aise Internationale Casablanca","url":"https:\/\/eficasablanca.org\/","logo":{"@type":"ImageObject","inLanguage":"en-US","@id":"https:\/\/eficasablanca.org\/#\/schema\/logo\/image\/","url":"https:\/\/eficasablanca.org\/wp-content\/uploads\/2022\/12\/Logo-EFI-DEF-1-1-02-1.webp","contentUrl":"https:\/\/eficasablanca.org\/wp-content\/uploads\/2022\/12\/Logo-EFI-DEF-1-1-02-1.webp","width":644,"height":100,"caption":"Ecole Fran\u00e7aise Internationale Casablanca"},"image":{"@id":"https:\/\/eficasablanca.org\/#\/schema\/logo\/image\/"},"sameAs":["https:\/\/www.facebook.com\/EFICasablanca","https:\/\/www.instagram.com\/efi_casablanca\/?hl=fr","https:\/\/www.linkedin.com\/company\/efi-casablanca\/about\/?viewAsMember=true"]},{"@type":"Person","@id":"https:\/\/eficasablanca.org\/#\/schema\/person\/cd2435603ee779b3c83afe03afe2bf0e","name":"it","url":"https:\/\/eficasablanca.org\/en\/author\/it\/"}]}},"_links":{"self":[{"href":"https:\/\/eficasablanca.org\/en\/wp-json\/wp\/v2\/posts\/14171","targetHints":{"allow":["GET"]}}],"collection":[{"href":"https:\/\/eficasablanca.org\/en\/wp-json\/wp\/v2\/posts"}],"about":[{"href":"https:\/\/eficasablanca.org\/en\/wp-json\/wp\/v2\/types\/post"}],"author":[{"embeddable":true,"href":"https:\/\/eficasablanca.org\/en\/wp-json\/wp\/v2\/users\/3"}],"replies":[{"embeddable":true,"href":"https:\/\/eficasablanca.org\/en\/wp-json\/wp\/v2\/comments?post=14171"}],"version-history":[{"count":2,"href":"https:\/\/eficasablanca.org\/en\/wp-json\/wp\/v2\/posts\/14171\/revisions"}],"predecessor-version":[{"id":14267,"href":"https:\/\/eficasablanca.org\/en\/wp-json\/wp\/v2\/posts\/14171\/revisions\/14267"}],"wp:featuredmedia":[{"embeddable":true,"href":"https:\/\/eficasablanca.org\/en\/wp-json\/wp\/v2\/media\/14186"}],"wp:attachment":[{"href":"https:\/\/eficasablanca.org\/en\/wp-json\/wp\/v2\/media?parent=14171"}],"wp:term":[{"taxonomy":"category","embeddable":true,"href":"https:\/\/eficasablanca.org\/en\/wp-json\/wp\/v2\/categories?post=14171"},{"taxonomy":"post_tag","embeddable":true,"href":"https:\/\/eficasablanca.org\/en\/wp-json\/wp\/v2\/tags?post=14171"}],"curies":[{"name":"wp","href":"https:\/\/api.w.org\/{rel}","templated":true}]}}