{"id":14246,"date":"2026-04-28T15:46:24","date_gmt":"2026-04-28T14:46:24","guid":{"rendered":"https:\/\/eficasablanca.org\/?p=14246"},"modified":"2026-04-28T15:46:26","modified_gmt":"2026-04-28T14:46:26","slug":"sejour-pedagogique-a-madrid","status":"publish","type":"post","link":"https:\/\/eficasablanca.org\/en\/sejour-pedagogique-a-madrid\/","title":{"rendered":"S\u00e9jour p\u00e9dagogique \u00e0 Madrid"},"content":{"rendered":"<p>Du 20 au 25 avril, les \u00e9l\u00e8ves de 2nde ont particip\u00e9 \u00e0 un s\u00e9jour p\u00e9dagogique \u00e0 Madrid.<br>Au programme : visites du mus\u00e9e du Prado et du mus\u00e9e Reina Sof\u00eda, d\u00e9couverte du stade Santiago Bernab\u00e9u, excursion \u00e0 Aranjuez (site class\u00e9 UNESCO), com\u00e9die musicale Le Roi Lion et temps au Parc Warner Madrid. Une exp\u00e9rience en lien avec les enseignements, qui participe \u00e0 l\u2019ouverture internationale des \u00e9l\u00e8ves.<br>L&rsquo;EFI Casablanca remercie l\u2019\u00e9quipe encadrante, en particulier \u00e0 Lucia Vasquez, pour son engagement tout au long de la semaine.<\/p>\n\n\n\n<p>&#8212;<\/p>\n\n\n\n<p>From April 20 to 25, students in 2nde took part in an educational trip to Madrid.<br>On the programme: visits to the Prado Museum and the Reina Sof\u00eda Museum, discovery of the Santiago Bernab\u00e9u Stadium, an excursion to Aranjuez (a UNESCO World Heritage Site), the musical The Lion King, and time at Parque Warner Madrid. An experience linked to their studies, contributing to the students\u2019 international outlook. <br>The French International School of Casablanca thanks the supervising team, especially Lucia Vasquez, for her commitment throughout the week.<\/p>\n\n\n\n<figure class=\"wp-block-gallery has-nested-images columns-default is-cropped wp-block-gallery-1 is-layout-flex wp-block-gallery-is-layout-flex\">\n<figure class=\"wp-block-image size-large\"><img fetchpriority=\"high\" decoding=\"async\" width=\"819\" height=\"1024\" data-id=\"14247\" src=\"https:\/\/eficasablanca.org\/wp-content\/uploads\/2026\/04\/1-16-819x1024.png\" alt=\"\" class=\"wp-image-14247\" srcset=\"https:\/\/eficasablanca.org\/wp-content\/uploads\/2026\/04\/1-16-819x1024.png 819w, https:\/\/eficasablanca.org\/wp-content\/uploads\/2026\/04\/1-16-240x300.png 240w, https:\/\/eficasablanca.org\/wp-content\/uploads\/2026\/04\/1-16-768x960.png 768w, https:\/\/eficasablanca.org\/wp-content\/uploads\/2026\/04\/1-16-10x12.png 10w, https:\/\/eficasablanca.org\/wp-content\/uploads\/2026\/04\/1-16.png 1080w\" sizes=\"(max-width: 819px) 100vw, 819px\" \/><\/figure>\n\n\n\n<figure class=\"wp-block-image size-large\"><img decoding=\"async\" width=\"819\" height=\"1024\" data-id=\"14248\" src=\"https:\/\/eficasablanca.org\/wp-content\/uploads\/2026\/04\/2-16-819x1024.png\" alt=\"\" class=\"wp-image-14248\" srcset=\"https:\/\/eficasablanca.org\/wp-content\/uploads\/2026\/04\/2-16-819x1024.png 819w, https:\/\/eficasablanca.org\/wp-content\/uploads\/2026\/04\/2-16-240x300.png 240w, https:\/\/eficasablanca.org\/wp-content\/uploads\/2026\/04\/2-16-768x960.png 768w, https:\/\/eficasablanca.org\/wp-content\/uploads\/2026\/04\/2-16-10x12.png 10w, https:\/\/eficasablanca.org\/wp-content\/uploads\/2026\/04\/2-16.png 1080w\" sizes=\"(max-width: 819px) 100vw, 819px\" \/><\/figure>\n\n\n\n<figure class=\"wp-block-image size-large\"><img decoding=\"async\" width=\"819\" height=\"1024\" data-id=\"14249\" src=\"https:\/\/eficasablanca.org\/wp-content\/uploads\/2026\/04\/3-16-819x1024.png\" alt=\"\" class=\"wp-image-14249\" srcset=\"https:\/\/eficasablanca.org\/wp-content\/uploads\/2026\/04\/3-16-819x1024.png 819w, https:\/\/eficasablanca.org\/wp-content\/uploads\/2026\/04\/3-16-240x300.png 240w, https:\/\/eficasablanca.org\/wp-content\/uploads\/2026\/04\/3-16-768x960.png 768w, https:\/\/eficasablanca.org\/wp-content\/uploads\/2026\/04\/3-16-10x12.png 10w, https:\/\/eficasablanca.org\/wp-content\/uploads\/2026\/04\/3-16.png 1080w\" sizes=\"(max-width: 819px) 100vw, 819px\" \/><\/figure>\n\n\n\n<figure class=\"wp-block-image size-large\"><img loading=\"lazy\" decoding=\"async\" width=\"819\" height=\"1024\" data-id=\"14261\" src=\"https:\/\/eficasablanca.org\/wp-content\/uploads\/2026\/04\/4-16-819x1024.png\" alt=\"\" class=\"wp-image-14261\" srcset=\"https:\/\/eficasablanca.org\/wp-content\/uploads\/2026\/04\/4-16-819x1024.png 819w, https:\/\/eficasablanca.org\/wp-content\/uploads\/2026\/04\/4-16-240x300.png 240w, https:\/\/eficasablanca.org\/wp-content\/uploads\/2026\/04\/4-16-768x960.png 768w, https:\/\/eficasablanca.org\/wp-content\/uploads\/2026\/04\/4-16-10x12.png 10w, https:\/\/eficasablanca.org\/wp-content\/uploads\/2026\/04\/4-16.png 1080w\" sizes=\"(max-width: 819px) 100vw, 819px\" \/><\/figure>\n\n\n\n<figure class=\"wp-block-image size-large\"><img loading=\"lazy\" decoding=\"async\" width=\"819\" height=\"1024\" data-id=\"14250\" src=\"https:\/\/eficasablanca.org\/wp-content\/uploads\/2026\/04\/5-16-819x1024.png\" alt=\"\" class=\"wp-image-14250\" srcset=\"https:\/\/eficasablanca.org\/wp-content\/uploads\/2026\/04\/5-16-819x1024.png 819w, https:\/\/eficasablanca.org\/wp-content\/uploads\/2026\/04\/5-16-240x300.png 240w, https:\/\/eficasablanca.org\/wp-content\/uploads\/2026\/04\/5-16-768x960.png 768w, https:\/\/eficasablanca.org\/wp-content\/uploads\/2026\/04\/5-16-10x12.png 10w, https:\/\/eficasablanca.org\/wp-content\/uploads\/2026\/04\/5-16.png 1080w\" sizes=\"(max-width: 819px) 100vw, 819px\" \/><\/figure>\n\n\n\n<figure class=\"wp-block-image size-large\"><img loading=\"lazy\" decoding=\"async\" width=\"819\" height=\"1024\" data-id=\"14251\" src=\"https:\/\/eficasablanca.org\/wp-content\/uploads\/2026\/04\/6-16-819x1024.png\" alt=\"\" class=\"wp-image-14251\" srcset=\"https:\/\/eficasablanca.org\/wp-content\/uploads\/2026\/04\/6-16-819x1024.png 819w, https:\/\/eficasablanca.org\/wp-content\/uploads\/2026\/04\/6-16-240x300.png 240w, https:\/\/eficasablanca.org\/wp-content\/uploads\/2026\/04\/6-16-768x960.png 768w, https:\/\/eficasablanca.org\/wp-content\/uploads\/2026\/04\/6-16-10x12.png 10w, https:\/\/eficasablanca.org\/wp-content\/uploads\/2026\/04\/6-16.png 1080w\" sizes=\"(max-width: 819px) 100vw, 819px\" \/><\/figure>\n\n\n\n<figure class=\"wp-block-image size-large\"><img loading=\"lazy\" decoding=\"async\" width=\"819\" height=\"1024\" data-id=\"14252\" src=\"https:\/\/eficasablanca.org\/wp-content\/uploads\/2026\/04\/7-15-819x1024.png\" alt=\"\" class=\"wp-image-14252\" srcset=\"https:\/\/eficasablanca.org\/wp-content\/uploads\/2026\/04\/7-15-819x1024.png 819w, https:\/\/eficasablanca.org\/wp-content\/uploads\/2026\/04\/7-15-240x300.png 240w, https:\/\/eficasablanca.org\/wp-content\/uploads\/2026\/04\/7-15-768x960.png 768w, https:\/\/eficasablanca.org\/wp-content\/uploads\/2026\/04\/7-15-10x12.png 10w, https:\/\/eficasablanca.org\/wp-content\/uploads\/2026\/04\/7-15.png 1080w\" sizes=\"(max-width: 819px) 100vw, 819px\" \/><\/figure>\n\n\n\n<figure class=\"wp-block-image size-large\"><img loading=\"lazy\" decoding=\"async\" width=\"819\" height=\"1024\" data-id=\"14257\" src=\"https:\/\/eficasablanca.org\/wp-content\/uploads\/2026\/04\/8-14-819x1024.png\" alt=\"\" class=\"wp-image-14257\" srcset=\"https:\/\/eficasablanca.org\/wp-content\/uploads\/2026\/04\/8-14-819x1024.png 819w, https:\/\/eficasablanca.org\/wp-content\/uploads\/2026\/04\/8-14-240x300.png 240w, https:\/\/eficasablanca.org\/wp-content\/uploads\/2026\/04\/8-14-768x960.png 768w, https:\/\/eficasablanca.org\/wp-content\/uploads\/2026\/04\/8-14-10x12.png 10w, https:\/\/eficasablanca.org\/wp-content\/uploads\/2026\/04\/8-14.png 1080w\" sizes=\"(max-width: 819px) 100vw, 819px\" \/><\/figure>\n\n\n\n<figure class=\"wp-block-image size-large\"><img loading=\"lazy\" decoding=\"async\" width=\"819\" height=\"1024\" data-id=\"14256\" src=\"https:\/\/eficasablanca.org\/wp-content\/uploads\/2026\/04\/9-17-819x1024.png\" alt=\"\" class=\"wp-image-14256\" srcset=\"https:\/\/eficasablanca.org\/wp-content\/uploads\/2026\/04\/9-17-819x1024.png 819w, https:\/\/eficasablanca.org\/wp-content\/uploads\/2026\/04\/9-17-240x300.png 240w, https:\/\/eficasablanca.org\/wp-content\/uploads\/2026\/04\/9-17-768x960.png 768w, https:\/\/eficasablanca.org\/wp-content\/uploads\/2026\/04\/9-17-10x12.png 10w, https:\/\/eficasablanca.org\/wp-content\/uploads\/2026\/04\/9-17.png 1080w\" sizes=\"(max-width: 819px) 100vw, 819px\" \/><\/figure>\n\n\n\n<figure class=\"wp-block-image size-large\"><img loading=\"lazy\" decoding=\"async\" width=\"819\" height=\"1024\" data-id=\"14253\" src=\"https:\/\/eficasablanca.org\/wp-content\/uploads\/2026\/04\/10-17-819x1024.png\" alt=\"\" class=\"wp-image-14253\" srcset=\"https:\/\/eficasablanca.org\/wp-content\/uploads\/2026\/04\/10-17-819x1024.png 819w, https:\/\/eficasablanca.org\/wp-content\/uploads\/2026\/04\/10-17-240x300.png 240w, https:\/\/eficasablanca.org\/wp-content\/uploads\/2026\/04\/10-17-768x960.png 768w, https:\/\/eficasablanca.org\/wp-content\/uploads\/2026\/04\/10-17-10x12.png 10w, https:\/\/eficasablanca.org\/wp-content\/uploads\/2026\/04\/10-17.png 1080w\" sizes=\"(max-width: 819px) 100vw, 819px\" \/><\/figure>\n\n\n\n<figure class=\"wp-block-image size-large\"><img loading=\"lazy\" decoding=\"async\" width=\"819\" height=\"1024\" data-id=\"14254\" src=\"https:\/\/eficasablanca.org\/wp-content\/uploads\/2026\/04\/11-10-819x1024.png\" alt=\"\" class=\"wp-image-14254\" srcset=\"https:\/\/eficasablanca.org\/wp-content\/uploads\/2026\/04\/11-10-819x1024.png 819w, https:\/\/eficasablanca.org\/wp-content\/uploads\/2026\/04\/11-10-240x300.png 240w, https:\/\/eficasablanca.org\/wp-content\/uploads\/2026\/04\/11-10-768x960.png 768w, https:\/\/eficasablanca.org\/wp-content\/uploads\/2026\/04\/11-10-10x12.png 10w, https:\/\/eficasablanca.org\/wp-content\/uploads\/2026\/04\/11-10.png 1080w\" sizes=\"(max-width: 819px) 100vw, 819px\" \/><\/figure>\n\n\n\n<figure class=\"wp-block-image size-large\"><img loading=\"lazy\" decoding=\"async\" width=\"819\" height=\"1024\" data-id=\"14258\" src=\"https:\/\/eficasablanca.org\/wp-content\/uploads\/2026\/04\/12-9-819x1024.png\" alt=\"\" class=\"wp-image-14258\" srcset=\"https:\/\/eficasablanca.org\/wp-content\/uploads\/2026\/04\/12-9-819x1024.png 819w, https:\/\/eficasablanca.org\/wp-content\/uploads\/2026\/04\/12-9-240x300.png 240w, https:\/\/eficasablanca.org\/wp-content\/uploads\/2026\/04\/12-9-768x960.png 768w, https:\/\/eficasablanca.org\/wp-content\/uploads\/2026\/04\/12-9-10x12.png 10w, https:\/\/eficasablanca.org\/wp-content\/uploads\/2026\/04\/12-9.png 1080w\" sizes=\"(max-width: 819px) 100vw, 819px\" \/><\/figure>\n\n\n\n<figure class=\"wp-block-image size-large\"><img loading=\"lazy\" decoding=\"async\" width=\"819\" height=\"1024\" data-id=\"14255\" src=\"https:\/\/eficasablanca.org\/wp-content\/uploads\/2026\/04\/13-9-819x1024.png\" alt=\"\" class=\"wp-image-14255\" srcset=\"https:\/\/eficasablanca.org\/wp-content\/uploads\/2026\/04\/13-9-819x1024.png 819w, https:\/\/eficasablanca.org\/wp-content\/uploads\/2026\/04\/13-9-240x300.png 240w, https:\/\/eficasablanca.org\/wp-content\/uploads\/2026\/04\/13-9-768x960.png 768w, https:\/\/eficasablanca.org\/wp-content\/uploads\/2026\/04\/13-9-10x12.png 10w, https:\/\/eficasablanca.org\/wp-content\/uploads\/2026\/04\/13-9.png 1080w\" sizes=\"(max-width: 819px) 100vw, 819px\" \/><\/figure>\n\n\n\n<figure class=\"wp-block-image size-large\"><img loading=\"lazy\" decoding=\"async\" width=\"819\" height=\"1024\" data-id=\"14260\" src=\"https:\/\/eficasablanca.org\/wp-content\/uploads\/2026\/04\/14-8-819x1024.png\" alt=\"\" class=\"wp-image-14260\" srcset=\"https:\/\/eficasablanca.org\/wp-content\/uploads\/2026\/04\/14-8-819x1024.png 819w, https:\/\/eficasablanca.org\/wp-content\/uploads\/2026\/04\/14-8-240x300.png 240w, https:\/\/eficasablanca.org\/wp-content\/uploads\/2026\/04\/14-8-768x960.png 768w, https:\/\/eficasablanca.org\/wp-content\/uploads\/2026\/04\/14-8-10x12.png 10w, https:\/\/eficasablanca.org\/wp-content\/uploads\/2026\/04\/14-8.png 1080w\" sizes=\"(max-width: 819px) 100vw, 819px\" \/><\/figure>\n\n\n\n<figure class=\"wp-block-image size-large\"><img loading=\"lazy\" decoding=\"async\" width=\"819\" height=\"1024\" data-id=\"14259\" src=\"https:\/\/eficasablanca.org\/wp-content\/uploads\/2026\/04\/15-6-819x1024.png\" alt=\"\" class=\"wp-image-14259\" srcset=\"https:\/\/eficasablanca.org\/wp-content\/uploads\/2026\/04\/15-6-819x1024.png 819w, https:\/\/eficasablanca.org\/wp-content\/uploads\/2026\/04\/15-6-240x300.png 240w, https:\/\/eficasablanca.org\/wp-content\/uploads\/2026\/04\/15-6-768x960.png 768w, https:\/\/eficasablanca.org\/wp-content\/uploads\/2026\/04\/15-6-10x12.png 10w, https:\/\/eficasablanca.org\/wp-content\/uploads\/2026\/04\/15-6.png 1080w\" sizes=\"(max-width: 819px) 100vw, 819px\" \/><\/figure>\n<\/figure>","protected":false},"excerpt":{"rendered":"<p>Du 20 au 25 avril, les \u00e9l\u00e8ves de 2nde ont particip\u00e9 \u00e0 un s\u00e9jour p\u00e9dagogique \u00e0 Madrid.Au programme : visites du mus\u00e9e du Prado et du mus\u00e9e Reina Sof\u00eda, d\u00e9couverte du stade Santiago Bernab\u00e9u, excursion \u00e0 Aranjuez (site class\u00e9 UNESCO), com\u00e9die musicale Le Roi Lion et temps au Parc Warner Madrid. Une exp\u00e9rience en lien [&hellip;]<\/p>\n","protected":false},"author":3,"featured_media":14262,"comment_status":"closed","ping_status":"open","sticky":false,"template":"","format":"standard","meta":{"_acf_changed":false,"footnotes":""},"categories":[21],"tags":[],"class_list":["post-14246","post","type-post","status-publish","format-standard","has-post-thumbnail","hentry","category-actualites"],"acf":[],"yoast_head":"<!-- This site is optimized with the Yoast SEO plugin v27.1.1 - https:\/\/yoast.com\/product\/yoast-seo-wordpress\/ -->\n<title>S\u00e9jour p\u00e9dagogique \u00e0 Madrid - \u00c9cole Fran\u00e7aise Internationale de Casablanca<\/title>\n<meta name=\"description\" content=\"Du 20 au 25 avril, les \u00e9l\u00e8ves de 2nde ont particip\u00e9 \u00e0 un s\u00e9jour p\u00e9dagogique \u00e0 Madrid.Au programme : visites du mus\u00e9e du Prado et du mus\u00e9e Reina Sof\u00eda,\" \/>\n<meta name=\"robots\" content=\"index, follow, max-snippet:-1, max-image-preview:large, max-video-preview:-1\" \/>\n<link rel=\"canonical\" href=\"https:\/\/eficasablanca.org\/en\/sejour-pedagogique-a-madrid\/\" \/>\n<meta property=\"og:locale\" content=\"en_US\" \/>\n<meta property=\"og:type\" content=\"article\" \/>\n<meta property=\"og:title\" content=\"S\u00e9jour p\u00e9dagogique \u00e0 Madrid - \u00c9cole Fran\u00e7aise Internationale de Casablanca\" \/>\n<meta property=\"og:description\" content=\"Du 20 au 25 avril, les \u00e9l\u00e8ves de 2nde ont particip\u00e9 \u00e0 un s\u00e9jour p\u00e9dagogique \u00e0 Madrid.Au programme : visites du mus\u00e9e du Prado et du mus\u00e9e Reina Sof\u00eda,\" \/>\n<meta property=\"og:url\" content=\"https:\/\/eficasablanca.org\/en\/sejour-pedagogique-a-madrid\/\" \/>\n<meta property=\"og:site_name\" content=\"\u00c9cole Fran\u00e7aise Internationale de Casablanca\" \/>\n<meta property=\"article:publisher\" content=\"https:\/\/www.facebook.com\/EFICasablanca\" \/>\n<meta property=\"article:published_time\" content=\"2026-04-28T14:46:24+00:00\" \/>\n<meta property=\"article:modified_time\" content=\"2026-04-28T14:46:26+00:00\" \/>\n<meta property=\"og:image\" content=\"https:\/\/eficasablanca.org\/wp-content\/uploads\/2026\/04\/Banniere-88.png\" \/>\n\t<meta property=\"og:image:width\" content=\"867\" \/>\n\t<meta property=\"og:image:height\" content=\"555\" \/>\n\t<meta property=\"og:image:type\" content=\"image\/png\" \/>\n<meta name=\"author\" content=\"it\" \/>\n<meta name=\"twitter:card\" content=\"summary_large_image\" \/>\n<meta name=\"twitter:label1\" content=\"Written by\" \/>\n\t<meta name=\"twitter:data1\" content=\"it\" \/>\n\t<meta name=\"twitter:label2\" content=\"Est. reading time\" \/>\n\t<meta name=\"twitter:data2\" content=\"5 minutes\" \/>\n<script type=\"application\/ld+json\" class=\"yoast-schema-graph\">{\"@context\":\"https:\/\/schema.org\",\"@graph\":[{\"@type\":\"Article\",\"@id\":\"https:\/\/eficasablanca.org\/sejour-pedagogique-a-madrid\/#article\",\"isPartOf\":{\"@id\":\"https:\/\/eficasablanca.org\/sejour-pedagogique-a-madrid\/\"},\"author\":{\"name\":\"it\",\"@id\":\"https:\/\/eficasablanca.org\/#\/schema\/person\/cd2435603ee779b3c83afe03afe2bf0e\"},\"headline\":\"S\u00e9jour p\u00e9dagogique \u00e0 Madrid\",\"datePublished\":\"2026-04-28T14:46:24+00:00\",\"dateModified\":\"2026-04-28T14:46:26+00:00\",\"mainEntityOfPage\":{\"@id\":\"https:\/\/eficasablanca.org\/sejour-pedagogique-a-madrid\/\"},\"wordCount\":183,\"publisher\":{\"@id\":\"https:\/\/eficasablanca.org\/#organization\"},\"image\":{\"@id\":\"https:\/\/eficasablanca.org\/sejour-pedagogique-a-madrid\/#primaryimage\"},\"thumbnailUrl\":\"https:\/\/eficasablanca.org\/wp-content\/uploads\/2026\/04\/Banniere-88.png\",\"articleSection\":[\"Actualit\u00e9s\"],\"inLanguage\":\"en-US\"},{\"@type\":\"WebPage\",\"@id\":\"https:\/\/eficasablanca.org\/sejour-pedagogique-a-madrid\/\",\"url\":\"https:\/\/eficasablanca.org\/sejour-pedagogique-a-madrid\/\",\"name\":\"S\u00e9jour p\u00e9dagogique \u00e0 Madrid - \u00c9cole Fran\u00e7aise Internationale de Casablanca\",\"isPartOf\":{\"@id\":\"https:\/\/eficasablanca.org\/#website\"},\"primaryImageOfPage\":{\"@id\":\"https:\/\/eficasablanca.org\/sejour-pedagogique-a-madrid\/#primaryimage\"},\"image\":{\"@id\":\"https:\/\/eficasablanca.org\/sejour-pedagogique-a-madrid\/#primaryimage\"},\"thumbnailUrl\":\"https:\/\/eficasablanca.org\/wp-content\/uploads\/2026\/04\/Banniere-88.png\",\"datePublished\":\"2026-04-28T14:46:24+00:00\",\"dateModified\":\"2026-04-28T14:46:26+00:00\",\"description\":\"Du 20 au 25 avril, les \u00e9l\u00e8ves de 2nde ont particip\u00e9 \u00e0 un s\u00e9jour p\u00e9dagogique \u00e0 Madrid.Au programme : visites du mus\u00e9e du Prado et du mus\u00e9e Reina Sof\u00eda,\",\"breadcrumb\":{\"@id\":\"https:\/\/eficasablanca.org\/sejour-pedagogique-a-madrid\/#breadcrumb\"},\"inLanguage\":\"en-US\",\"potentialAction\":[{\"@type\":\"ReadAction\",\"target\":[\"https:\/\/eficasablanca.org\/sejour-pedagogique-a-madrid\/\"]}]},{\"@type\":\"ImageObject\",\"inLanguage\":\"en-US\",\"@id\":\"https:\/\/eficasablanca.org\/sejour-pedagogique-a-madrid\/#primaryimage\",\"url\":\"https:\/\/eficasablanca.org\/wp-content\/uploads\/2026\/04\/Banniere-88.png\",\"contentUrl\":\"https:\/\/eficasablanca.org\/wp-content\/uploads\/2026\/04\/Banniere-88.png\",\"width\":867,\"height\":555},{\"@type\":\"BreadcrumbList\",\"@id\":\"https:\/\/eficasablanca.org\/sejour-pedagogique-a-madrid\/#breadcrumb\",\"itemListElement\":[{\"@type\":\"ListItem\",\"position\":1,\"name\":\"Accueil\",\"item\":\"https:\/\/eficasablanca.org\/\"},{\"@type\":\"ListItem\",\"position\":2,\"name\":\"S\u00e9jour p\u00e9dagogique \u00e0 Madrid\"}]},{\"@type\":\"WebSite\",\"@id\":\"https:\/\/eficasablanca.org\/#website\",\"url\":\"https:\/\/eficasablanca.org\/\",\"name\":\"\u00c9cole Fran\u00e7aise Internationale de Casablanca\",\"description\":\"L&#039;\u00c9cole Fran\u00e7aise Internationale\",\"publisher\":{\"@id\":\"https:\/\/eficasablanca.org\/#organization\"},\"potentialAction\":[{\"@type\":\"SearchAction\",\"target\":{\"@type\":\"EntryPoint\",\"urlTemplate\":\"https:\/\/eficasablanca.org\/?s={search_term_string}\"},\"query-input\":{\"@type\":\"PropertyValueSpecification\",\"valueRequired\":true,\"valueName\":\"search_term_string\"}}],\"inLanguage\":\"en-US\"},{\"@type\":\"Organization\",\"@id\":\"https:\/\/eficasablanca.org\/#organization\",\"name\":\"Ecole Fran\u00e7aise Internationale Casablanca\",\"url\":\"https:\/\/eficasablanca.org\/\",\"logo\":{\"@type\":\"ImageObject\",\"inLanguage\":\"en-US\",\"@id\":\"https:\/\/eficasablanca.org\/#\/schema\/logo\/image\/\",\"url\":\"https:\/\/eficasablanca.org\/wp-content\/uploads\/2022\/12\/Logo-EFI-DEF-1-1-02-1.webp\",\"contentUrl\":\"https:\/\/eficasablanca.org\/wp-content\/uploads\/2022\/12\/Logo-EFI-DEF-1-1-02-1.webp\",\"width\":644,\"height\":100,\"caption\":\"Ecole Fran\u00e7aise Internationale Casablanca\"},\"image\":{\"@id\":\"https:\/\/eficasablanca.org\/#\/schema\/logo\/image\/\"},\"sameAs\":[\"https:\/\/www.facebook.com\/EFICasablanca\",\"https:\/\/www.instagram.com\/efi_casablanca\/?hl=fr\",\"https:\/\/www.linkedin.com\/company\/efi-casablanca\/about\/?viewAsMember=true\"]},{\"@type\":\"Person\",\"@id\":\"https:\/\/eficasablanca.org\/#\/schema\/person\/cd2435603ee779b3c83afe03afe2bf0e\",\"name\":\"it\",\"url\":\"https:\/\/eficasablanca.org\/en\/author\/it\/\"}]}<\/script>\n<!-- \/ Yoast SEO plugin. -->","yoast_head_json":{"title":"S\u00e9jour p\u00e9dagogique \u00e0 Madrid - \u00c9cole Fran\u00e7aise Internationale de Casablanca","description":"Du 20 au 25 avril, les \u00e9l\u00e8ves de 2nde ont particip\u00e9 \u00e0 un s\u00e9jour p\u00e9dagogique \u00e0 Madrid.Au programme : visites du mus\u00e9e du Prado et du mus\u00e9e Reina Sof\u00eda,","robots":{"index":"index","follow":"follow","max-snippet":"max-snippet:-1","max-image-preview":"max-image-preview:large","max-video-preview":"max-video-preview:-1"},"canonical":"https:\/\/eficasablanca.org\/en\/sejour-pedagogique-a-madrid\/","og_locale":"en_US","og_type":"article","og_title":"S\u00e9jour p\u00e9dagogique \u00e0 Madrid - \u00c9cole Fran\u00e7aise Internationale de Casablanca","og_description":"Du 20 au 25 avril, les \u00e9l\u00e8ves de 2nde ont particip\u00e9 \u00e0 un s\u00e9jour p\u00e9dagogique \u00e0 Madrid.Au programme : visites du mus\u00e9e du Prado et du mus\u00e9e Reina Sof\u00eda,","og_url":"https:\/\/eficasablanca.org\/en\/sejour-pedagogique-a-madrid\/","og_site_name":"\u00c9cole Fran\u00e7aise Internationale de Casablanca","article_publisher":"https:\/\/www.facebook.com\/EFICasablanca","article_published_time":"2026-04-28T14:46:24+00:00","article_modified_time":"2026-04-28T14:46:26+00:00","og_image":[{"width":867,"height":555,"url":"https:\/\/eficasablanca.org\/wp-content\/uploads\/2026\/04\/Banniere-88.png","type":"image\/png"}],"author":"it","twitter_card":"summary_large_image","twitter_misc":{"Written by":"it","Est. reading time":"5 minutes"},"schema":{"@context":"https:\/\/schema.org","@graph":[{"@type":"Article","@id":"https:\/\/eficasablanca.org\/sejour-pedagogique-a-madrid\/#article","isPartOf":{"@id":"https:\/\/eficasablanca.org\/sejour-pedagogique-a-madrid\/"},"author":{"name":"it","@id":"https:\/\/eficasablanca.org\/#\/schema\/person\/cd2435603ee779b3c83afe03afe2bf0e"},"headline":"S\u00e9jour p\u00e9dagogique \u00e0 Madrid","datePublished":"2026-04-28T14:46:24+00:00","dateModified":"2026-04-28T14:46:26+00:00","mainEntityOfPage":{"@id":"https:\/\/eficasablanca.org\/sejour-pedagogique-a-madrid\/"},"wordCount":183,"publisher":{"@id":"https:\/\/eficasablanca.org\/#organization"},"image":{"@id":"https:\/\/eficasablanca.org\/sejour-pedagogique-a-madrid\/#primaryimage"},"thumbnailUrl":"https:\/\/eficasablanca.org\/wp-content\/uploads\/2026\/04\/Banniere-88.png","articleSection":["Actualit\u00e9s"],"inLanguage":"en-US"},{"@type":"WebPage","@id":"https:\/\/eficasablanca.org\/sejour-pedagogique-a-madrid\/","url":"https:\/\/eficasablanca.org\/sejour-pedagogique-a-madrid\/","name":"S\u00e9jour p\u00e9dagogique \u00e0 Madrid - \u00c9cole Fran\u00e7aise Internationale de Casablanca","isPartOf":{"@id":"https:\/\/eficasablanca.org\/#website"},"primaryImageOfPage":{"@id":"https:\/\/eficasablanca.org\/sejour-pedagogique-a-madrid\/#primaryimage"},"image":{"@id":"https:\/\/eficasablanca.org\/sejour-pedagogique-a-madrid\/#primaryimage"},"thumbnailUrl":"https:\/\/eficasablanca.org\/wp-content\/uploads\/2026\/04\/Banniere-88.png","datePublished":"2026-04-28T14:46:24+00:00","dateModified":"2026-04-28T14:46:26+00:00","description":"Du 20 au 25 avril, les \u00e9l\u00e8ves de 2nde ont particip\u00e9 \u00e0 un s\u00e9jour p\u00e9dagogique \u00e0 Madrid.Au programme : visites du mus\u00e9e du Prado et du mus\u00e9e Reina Sof\u00eda,","breadcrumb":{"@id":"https:\/\/eficasablanca.org\/sejour-pedagogique-a-madrid\/#breadcrumb"},"inLanguage":"en-US","potentialAction":[{"@type":"ReadAction","target":["https:\/\/eficasablanca.org\/sejour-pedagogique-a-madrid\/"]}]},{"@type":"ImageObject","inLanguage":"en-US","@id":"https:\/\/eficasablanca.org\/sejour-pedagogique-a-madrid\/#primaryimage","url":"https:\/\/eficasablanca.org\/wp-content\/uploads\/2026\/04\/Banniere-88.png","contentUrl":"https:\/\/eficasablanca.org\/wp-content\/uploads\/2026\/04\/Banniere-88.png","width":867,"height":555},{"@type":"BreadcrumbList","@id":"https:\/\/eficasablanca.org\/sejour-pedagogique-a-madrid\/#breadcrumb","itemListElement":[{"@type":"ListItem","position":1,"name":"Accueil","item":"https:\/\/eficasablanca.org\/"},{"@type":"ListItem","position":2,"name":"S\u00e9jour p\u00e9dagogique \u00e0 Madrid"}]},{"@type":"WebSite","@id":"https:\/\/eficasablanca.org\/#website","url":"https:\/\/eficasablanca.org\/","name":"Casablanca International French School","description":"L&#039;\u00c9cole Fran\u00e7aise Internationale","publisher":{"@id":"https:\/\/eficasablanca.org\/#organization"},"potentialAction":[{"@type":"SearchAction","target":{"@type":"EntryPoint","urlTemplate":"https:\/\/eficasablanca.org\/?s={search_term_string}"},"query-input":{"@type":"PropertyValueSpecification","valueRequired":true,"valueName":"search_term_string"}}],"inLanguage":"en-US"},{"@type":"Organization","@id":"https:\/\/eficasablanca.org\/#organization","name":"Ecole Fran\u00e7aise Internationale Casablanca","url":"https:\/\/eficasablanca.org\/","logo":{"@type":"ImageObject","inLanguage":"en-US","@id":"https:\/\/eficasablanca.org\/#\/schema\/logo\/image\/","url":"https:\/\/eficasablanca.org\/wp-content\/uploads\/2022\/12\/Logo-EFI-DEF-1-1-02-1.webp","contentUrl":"https:\/\/eficasablanca.org\/wp-content\/uploads\/2022\/12\/Logo-EFI-DEF-1-1-02-1.webp","width":644,"height":100,"caption":"Ecole Fran\u00e7aise Internationale Casablanca"},"image":{"@id":"https:\/\/eficasablanca.org\/#\/schema\/logo\/image\/"},"sameAs":["https:\/\/www.facebook.com\/EFICasablanca","https:\/\/www.instagram.com\/efi_casablanca\/?hl=fr","https:\/\/www.linkedin.com\/company\/efi-casablanca\/about\/?viewAsMember=true"]},{"@type":"Person","@id":"https:\/\/eficasablanca.org\/#\/schema\/person\/cd2435603ee779b3c83afe03afe2bf0e","name":"it","url":"https:\/\/eficasablanca.org\/en\/author\/it\/"}]}},"_links":{"self":[{"href":"https:\/\/eficasablanca.org\/en\/wp-json\/wp\/v2\/posts\/14246","targetHints":{"allow":["GET"]}}],"collection":[{"href":"https:\/\/eficasablanca.org\/en\/wp-json\/wp\/v2\/posts"}],"about":[{"href":"https:\/\/eficasablanca.org\/en\/wp-json\/wp\/v2\/types\/post"}],"author":[{"embeddable":true,"href":"https:\/\/eficasablanca.org\/en\/wp-json\/wp\/v2\/users\/3"}],"replies":[{"embeddable":true,"href":"https:\/\/eficasablanca.org\/en\/wp-json\/wp\/v2\/comments?post=14246"}],"version-history":[{"count":2,"href":"https:\/\/eficasablanca.org\/en\/wp-json\/wp\/v2\/posts\/14246\/revisions"}],"predecessor-version":[{"id":14264,"href":"https:\/\/eficasablanca.org\/en\/wp-json\/wp\/v2\/posts\/14246\/revisions\/14264"}],"wp:featuredmedia":[{"embeddable":true,"href":"https:\/\/eficasablanca.org\/en\/wp-json\/wp\/v2\/media\/14262"}],"wp:attachment":[{"href":"https:\/\/eficasablanca.org\/en\/wp-json\/wp\/v2\/media?parent=14246"}],"wp:term":[{"taxonomy":"category","embeddable":true,"href":"https:\/\/eficasablanca.org\/en\/wp-json\/wp\/v2\/categories?post=14246"},{"taxonomy":"post_tag","embeddable":true,"href":"https:\/\/eficasablanca.org\/en\/wp-json\/wp\/v2\/tags?post=14246"}],"curies":[{"name":"wp","href":"https:\/\/api.w.org\/{rel}","templated":true}]}}