{"id":14277,"date":"2026-04-30T19:19:25","date_gmt":"2026-04-30T18:19:25","guid":{"rendered":"https:\/\/eficasablanca.org\/?p=14277"},"modified":"2026-04-30T19:20:01","modified_gmt":"2026-04-30T18:20:01","slug":"journees-de-formation-pedagogiques-pour-mieux-organiser-la-derniere-periode-de-lannee-scolaire-2025-2026","status":"publish","type":"post","link":"https:\/\/eficasablanca.org\/en\/journees-de-formation-pedagogiques-pour-mieux-organiser-la-derniere-periode-de-lannee-scolaire-2025-2026\/","title":{"rendered":"Journ\u00e9es de formation p\u00e9dagogique pour mieux pr\u00e9parer la derni\u00e8re p\u00e9riode de l&rsquo;ann\u00e9e scolaire 2025-2026"},"content":{"rendered":"<p>\u00c0 l\u2019EFI Casablanca, le d\u00e9veloppement professionnel continu constitue un levier central de notre projet p\u00e9dagogique.<\/p>\n\n\n\n<p>Du 25 au 28 avril, les \u00e9quipes p\u00e9dagogiques se sont r\u00e9unies pour un temps structurant de formation et de travail collectif, articul\u00e9 autour de plusieurs priorit\u00e9s :<\/p>\n\n\n\n<ul class=\"wp-block-list\">\n<li>\u00c9laboration du projet d\u2019\u00e9tablissement 2026\u20132029<\/li>\n\n\n\n<li>Organisation p\u00e9dagogique de l\u2019ann\u00e9e scolaire 2026\u20132027<\/li>\n\n\n\n<li>Pr\u00e9paration des temps forts de la derni\u00e8re p\u00e9riode<\/li>\n\n\n\n<li>D\u00e9ploiement du programme Cambridge International<\/li>\n\n\n\n<li>Appropriation des nouveaux outils num\u00e9riques<\/li>\n\n\n\n<li>Formation des professeurs des \u00e9coles \u00e0 de nouvelles activit\u00e9s sportives<\/li>\n<\/ul>\n\n\n\n<p>Accompagn\u00e9es par Rodrigue Barbosa, Responsable des projets acad\u00e9miques du Groupe Odyssey, ces sessions s\u2019inscrivent dans une dynamique d\u2019am\u00e9lioration continue, au service de l\u2019exigence p\u00e9dagogique et de la r\u00e9ussite de chaque \u00e9l\u00e8ve.<\/p>\n\n\n\n<p>&#8212;<\/p>\n\n\n\n<p>At the French International School of Casablanca, continuous professional development is a key driver of our educational project.<\/p>\n\n\n\n<p>From April 25 to 28, teaching teams came together for a structured period of training and collaborative work, focused on several priorities:<\/p>\n\n\n\n<ul class=\"wp-block-list\">\n<li>Development of the 2026\u20132029 school project<\/li>\n\n\n\n<li>Pedagogical organization for the 2026\u20132027 academic year<\/li>\n\n\n\n<li>Preparation for key events of the final term<\/li>\n\n\n\n<li>Implementation of the Cambridge International program<\/li>\n\n\n\n<li>Adoption of new digital tools<\/li>\n\n\n\n<li>Training primary school teachers in new sports activities<\/li>\n<\/ul>\n\n\n\n<p>Supported by Rodrigue Barbosa, Head of Academic Projects at the Odyssey Group, these sessions are part of a continuous improvement approach, aimed at maintaining high educational standards and ensuring the success of every student.<\/p>\n\n\n\n<figure class=\"wp-block-gallery has-nested-images columns-default is-cropped wp-block-gallery-1 is-layout-flex wp-block-gallery-is-layout-flex\">\n<figure class=\"wp-block-image size-large\"><img fetchpriority=\"high\" decoding=\"async\" width=\"819\" height=\"1024\" data-id=\"14280\" src=\"https:\/\/eficasablanca.org\/wp-content\/uploads\/2026\/04\/1-17-819x1024.png\" alt=\"\" class=\"wp-image-14280\" srcset=\"https:\/\/eficasablanca.org\/wp-content\/uploads\/2026\/04\/1-17-819x1024.png 819w, https:\/\/eficasablanca.org\/wp-content\/uploads\/2026\/04\/1-17-240x300.png 240w, https:\/\/eficasablanca.org\/wp-content\/uploads\/2026\/04\/1-17-768x960.png 768w, https:\/\/eficasablanca.org\/wp-content\/uploads\/2026\/04\/1-17-10x12.png 10w, https:\/\/eficasablanca.org\/wp-content\/uploads\/2026\/04\/1-17.png 1080w\" sizes=\"(max-width: 819px) 100vw, 819px\" \/><\/figure>\n\n\n\n<figure class=\"wp-block-image size-large\"><img decoding=\"async\" width=\"819\" height=\"1024\" data-id=\"14281\" src=\"https:\/\/eficasablanca.org\/wp-content\/uploads\/2026\/04\/2-17-819x1024.png\" alt=\"\" class=\"wp-image-14281\" srcset=\"https:\/\/eficasablanca.org\/wp-content\/uploads\/2026\/04\/2-17-819x1024.png 819w, https:\/\/eficasablanca.org\/wp-content\/uploads\/2026\/04\/2-17-240x300.png 240w, https:\/\/eficasablanca.org\/wp-content\/uploads\/2026\/04\/2-17-768x960.png 768w, https:\/\/eficasablanca.org\/wp-content\/uploads\/2026\/04\/2-17-10x12.png 10w, https:\/\/eficasablanca.org\/wp-content\/uploads\/2026\/04\/2-17.png 1080w\" sizes=\"(max-width: 819px) 100vw, 819px\" \/><\/figure>\n\n\n\n<figure class=\"wp-block-image size-large\"><img decoding=\"async\" width=\"819\" height=\"1024\" data-id=\"14278\" src=\"https:\/\/eficasablanca.org\/wp-content\/uploads\/2026\/04\/3-17-819x1024.png\" alt=\"\" class=\"wp-image-14278\" srcset=\"https:\/\/eficasablanca.org\/wp-content\/uploads\/2026\/04\/3-17-819x1024.png 819w, https:\/\/eficasablanca.org\/wp-content\/uploads\/2026\/04\/3-17-240x300.png 240w, https:\/\/eficasablanca.org\/wp-content\/uploads\/2026\/04\/3-17-768x960.png 768w, https:\/\/eficasablanca.org\/wp-content\/uploads\/2026\/04\/3-17-10x12.png 10w, https:\/\/eficasablanca.org\/wp-content\/uploads\/2026\/04\/3-17.png 1080w\" sizes=\"(max-width: 819px) 100vw, 819px\" \/><\/figure>\n\n\n\n<figure class=\"wp-block-image size-large\"><img loading=\"lazy\" decoding=\"async\" width=\"819\" height=\"1024\" data-id=\"14284\" src=\"https:\/\/eficasablanca.org\/wp-content\/uploads\/2026\/04\/4-17-819x1024.png\" alt=\"\" class=\"wp-image-14284\" srcset=\"https:\/\/eficasablanca.org\/wp-content\/uploads\/2026\/04\/4-17-819x1024.png 819w, https:\/\/eficasablanca.org\/wp-content\/uploads\/2026\/04\/4-17-240x300.png 240w, https:\/\/eficasablanca.org\/wp-content\/uploads\/2026\/04\/4-17-768x960.png 768w, https:\/\/eficasablanca.org\/wp-content\/uploads\/2026\/04\/4-17-10x12.png 10w, https:\/\/eficasablanca.org\/wp-content\/uploads\/2026\/04\/4-17.png 1080w\" sizes=\"(max-width: 819px) 100vw, 819px\" \/><\/figure>\n\n\n\n<figure class=\"wp-block-image size-large\"><img loading=\"lazy\" decoding=\"async\" width=\"819\" height=\"1024\" data-id=\"14279\" src=\"https:\/\/eficasablanca.org\/wp-content\/uploads\/2026\/04\/5-17-819x1024.png\" alt=\"\" class=\"wp-image-14279\" srcset=\"https:\/\/eficasablanca.org\/wp-content\/uploads\/2026\/04\/5-17-819x1024.png 819w, https:\/\/eficasablanca.org\/wp-content\/uploads\/2026\/04\/5-17-240x300.png 240w, https:\/\/eficasablanca.org\/wp-content\/uploads\/2026\/04\/5-17-768x960.png 768w, https:\/\/eficasablanca.org\/wp-content\/uploads\/2026\/04\/5-17-10x12.png 10w, https:\/\/eficasablanca.org\/wp-content\/uploads\/2026\/04\/5-17.png 1080w\" sizes=\"(max-width: 819px) 100vw, 819px\" \/><\/figure>\n\n\n\n<figure class=\"wp-block-image size-large\"><img loading=\"lazy\" decoding=\"async\" width=\"819\" height=\"1024\" data-id=\"14285\" src=\"https:\/\/eficasablanca.org\/wp-content\/uploads\/2026\/04\/6-17-819x1024.png\" alt=\"\" class=\"wp-image-14285\" srcset=\"https:\/\/eficasablanca.org\/wp-content\/uploads\/2026\/04\/6-17-819x1024.png 819w, https:\/\/eficasablanca.org\/wp-content\/uploads\/2026\/04\/6-17-240x300.png 240w, https:\/\/eficasablanca.org\/wp-content\/uploads\/2026\/04\/6-17-768x960.png 768w, https:\/\/eficasablanca.org\/wp-content\/uploads\/2026\/04\/6-17-10x12.png 10w, https:\/\/eficasablanca.org\/wp-content\/uploads\/2026\/04\/6-17.png 1080w\" sizes=\"(max-width: 819px) 100vw, 819px\" \/><\/figure>\n\n\n\n<figure class=\"wp-block-image size-large\"><img loading=\"lazy\" decoding=\"async\" width=\"819\" height=\"1024\" data-id=\"14282\" src=\"https:\/\/eficasablanca.org\/wp-content\/uploads\/2026\/04\/7-16-819x1024.png\" alt=\"\" class=\"wp-image-14282\" srcset=\"https:\/\/eficasablanca.org\/wp-content\/uploads\/2026\/04\/7-16-819x1024.png 819w, https:\/\/eficasablanca.org\/wp-content\/uploads\/2026\/04\/7-16-240x300.png 240w, https:\/\/eficasablanca.org\/wp-content\/uploads\/2026\/04\/7-16-768x960.png 768w, https:\/\/eficasablanca.org\/wp-content\/uploads\/2026\/04\/7-16-10x12.png 10w, https:\/\/eficasablanca.org\/wp-content\/uploads\/2026\/04\/7-16.png 1080w\" sizes=\"(max-width: 819px) 100vw, 819px\" \/><\/figure>\n\n\n\n<figure class=\"wp-block-image size-large\"><img loading=\"lazy\" decoding=\"async\" width=\"819\" height=\"1024\" data-id=\"14289\" src=\"https:\/\/eficasablanca.org\/wp-content\/uploads\/2026\/04\/8-15-819x1024.png\" alt=\"\" class=\"wp-image-14289\" srcset=\"https:\/\/eficasablanca.org\/wp-content\/uploads\/2026\/04\/8-15-819x1024.png 819w, https:\/\/eficasablanca.org\/wp-content\/uploads\/2026\/04\/8-15-240x300.png 240w, https:\/\/eficasablanca.org\/wp-content\/uploads\/2026\/04\/8-15-768x960.png 768w, https:\/\/eficasablanca.org\/wp-content\/uploads\/2026\/04\/8-15-10x12.png 10w, https:\/\/eficasablanca.org\/wp-content\/uploads\/2026\/04\/8-15.png 1080w\" sizes=\"(max-width: 819px) 100vw, 819px\" \/><\/figure>\n\n\n\n<figure class=\"wp-block-image size-large\"><img loading=\"lazy\" decoding=\"async\" width=\"819\" height=\"1024\" data-id=\"14294\" src=\"https:\/\/eficasablanca.org\/wp-content\/uploads\/2026\/04\/9-18-819x1024.png\" alt=\"\" class=\"wp-image-14294\" srcset=\"https:\/\/eficasablanca.org\/wp-content\/uploads\/2026\/04\/9-18-819x1024.png 819w, https:\/\/eficasablanca.org\/wp-content\/uploads\/2026\/04\/9-18-240x300.png 240w, https:\/\/eficasablanca.org\/wp-content\/uploads\/2026\/04\/9-18-768x960.png 768w, https:\/\/eficasablanca.org\/wp-content\/uploads\/2026\/04\/9-18-10x12.png 10w, https:\/\/eficasablanca.org\/wp-content\/uploads\/2026\/04\/9-18.png 1080w\" sizes=\"(max-width: 819px) 100vw, 819px\" \/><\/figure>\n\n\n\n<figure class=\"wp-block-image size-large\"><img loading=\"lazy\" decoding=\"async\" width=\"819\" height=\"1024\" data-id=\"14287\" src=\"https:\/\/eficasablanca.org\/wp-content\/uploads\/2026\/04\/10-18-819x1024.png\" alt=\"\" class=\"wp-image-14287\" srcset=\"https:\/\/eficasablanca.org\/wp-content\/uploads\/2026\/04\/10-18-819x1024.png 819w, https:\/\/eficasablanca.org\/wp-content\/uploads\/2026\/04\/10-18-240x300.png 240w, https:\/\/eficasablanca.org\/wp-content\/uploads\/2026\/04\/10-18-768x960.png 768w, https:\/\/eficasablanca.org\/wp-content\/uploads\/2026\/04\/10-18-10x12.png 10w, https:\/\/eficasablanca.org\/wp-content\/uploads\/2026\/04\/10-18.png 1080w\" sizes=\"(max-width: 819px) 100vw, 819px\" \/><\/figure>\n\n\n\n<figure class=\"wp-block-image size-large\"><img loading=\"lazy\" decoding=\"async\" width=\"819\" height=\"1024\" data-id=\"14288\" src=\"https:\/\/eficasablanca.org\/wp-content\/uploads\/2026\/04\/11-11-819x1024.png\" alt=\"\" class=\"wp-image-14288\" srcset=\"https:\/\/eficasablanca.org\/wp-content\/uploads\/2026\/04\/11-11-819x1024.png 819w, https:\/\/eficasablanca.org\/wp-content\/uploads\/2026\/04\/11-11-240x300.png 240w, https:\/\/eficasablanca.org\/wp-content\/uploads\/2026\/04\/11-11-768x960.png 768w, https:\/\/eficasablanca.org\/wp-content\/uploads\/2026\/04\/11-11-10x12.png 10w, https:\/\/eficasablanca.org\/wp-content\/uploads\/2026\/04\/11-11.png 1080w\" sizes=\"(max-width: 819px) 100vw, 819px\" \/><\/figure>\n\n\n\n<figure class=\"wp-block-image size-large\"><img loading=\"lazy\" decoding=\"async\" width=\"819\" height=\"1024\" data-id=\"14283\" src=\"https:\/\/eficasablanca.org\/wp-content\/uploads\/2026\/04\/12-10-819x1024.png\" alt=\"\" class=\"wp-image-14283\" srcset=\"https:\/\/eficasablanca.org\/wp-content\/uploads\/2026\/04\/12-10-819x1024.png 819w, https:\/\/eficasablanca.org\/wp-content\/uploads\/2026\/04\/12-10-240x300.png 240w, https:\/\/eficasablanca.org\/wp-content\/uploads\/2026\/04\/12-10-768x960.png 768w, https:\/\/eficasablanca.org\/wp-content\/uploads\/2026\/04\/12-10-10x12.png 10w, https:\/\/eficasablanca.org\/wp-content\/uploads\/2026\/04\/12-10.png 1080w\" sizes=\"(max-width: 819px) 100vw, 819px\" \/><\/figure>\n\n\n\n<figure class=\"wp-block-image size-large\"><img loading=\"lazy\" decoding=\"async\" width=\"819\" height=\"1024\" data-id=\"14290\" src=\"https:\/\/eficasablanca.org\/wp-content\/uploads\/2026\/04\/13-10-819x1024.png\" alt=\"\" class=\"wp-image-14290\" srcset=\"https:\/\/eficasablanca.org\/wp-content\/uploads\/2026\/04\/13-10-819x1024.png 819w, https:\/\/eficasablanca.org\/wp-content\/uploads\/2026\/04\/13-10-240x300.png 240w, https:\/\/eficasablanca.org\/wp-content\/uploads\/2026\/04\/13-10-768x960.png 768w, https:\/\/eficasablanca.org\/wp-content\/uploads\/2026\/04\/13-10-10x12.png 10w, https:\/\/eficasablanca.org\/wp-content\/uploads\/2026\/04\/13-10.png 1080w\" sizes=\"(max-width: 819px) 100vw, 819px\" \/><\/figure>\n\n\n\n<figure class=\"wp-block-image size-large\"><img loading=\"lazy\" decoding=\"async\" width=\"819\" height=\"1024\" data-id=\"14292\" src=\"https:\/\/eficasablanca.org\/wp-content\/uploads\/2026\/04\/14-9-819x1024.png\" alt=\"\" class=\"wp-image-14292\" srcset=\"https:\/\/eficasablanca.org\/wp-content\/uploads\/2026\/04\/14-9-819x1024.png 819w, https:\/\/eficasablanca.org\/wp-content\/uploads\/2026\/04\/14-9-240x300.png 240w, https:\/\/eficasablanca.org\/wp-content\/uploads\/2026\/04\/14-9-768x960.png 768w, https:\/\/eficasablanca.org\/wp-content\/uploads\/2026\/04\/14-9-10x12.png 10w, https:\/\/eficasablanca.org\/wp-content\/uploads\/2026\/04\/14-9.png 1080w\" sizes=\"(max-width: 819px) 100vw, 819px\" \/><\/figure>\n\n\n\n<figure class=\"wp-block-image size-large\"><img loading=\"lazy\" decoding=\"async\" width=\"819\" height=\"1024\" data-id=\"14291\" src=\"https:\/\/eficasablanca.org\/wp-content\/uploads\/2026\/04\/15-7-819x1024.png\" alt=\"\" class=\"wp-image-14291\" srcset=\"https:\/\/eficasablanca.org\/wp-content\/uploads\/2026\/04\/15-7-819x1024.png 819w, https:\/\/eficasablanca.org\/wp-content\/uploads\/2026\/04\/15-7-240x300.png 240w, https:\/\/eficasablanca.org\/wp-content\/uploads\/2026\/04\/15-7-768x960.png 768w, https:\/\/eficasablanca.org\/wp-content\/uploads\/2026\/04\/15-7-10x12.png 10w, https:\/\/eficasablanca.org\/wp-content\/uploads\/2026\/04\/15-7.png 1080w\" sizes=\"(max-width: 819px) 100vw, 819px\" \/><\/figure>\n\n\n\n<figure class=\"wp-block-image size-large\"><img loading=\"lazy\" decoding=\"async\" width=\"819\" height=\"1024\" data-id=\"14286\" src=\"https:\/\/eficasablanca.org\/wp-content\/uploads\/2026\/04\/16-6-819x1024.png\" alt=\"\" class=\"wp-image-14286\" srcset=\"https:\/\/eficasablanca.org\/wp-content\/uploads\/2026\/04\/16-6-819x1024.png 819w, https:\/\/eficasablanca.org\/wp-content\/uploads\/2026\/04\/16-6-240x300.png 240w, https:\/\/eficasablanca.org\/wp-content\/uploads\/2026\/04\/16-6-768x960.png 768w, https:\/\/eficasablanca.org\/wp-content\/uploads\/2026\/04\/16-6-10x12.png 10w, https:\/\/eficasablanca.org\/wp-content\/uploads\/2026\/04\/16-6.png 1080w\" sizes=\"(max-width: 819px) 100vw, 819px\" \/><\/figure>\n\n\n\n<figure class=\"wp-block-image size-large\"><img loading=\"lazy\" decoding=\"async\" width=\"819\" height=\"1024\" data-id=\"14295\" src=\"https:\/\/eficasablanca.org\/wp-content\/uploads\/2026\/04\/17-6-819x1024.png\" alt=\"\" class=\"wp-image-14295\" srcset=\"https:\/\/eficasablanca.org\/wp-content\/uploads\/2026\/04\/17-6-819x1024.png 819w, https:\/\/eficasablanca.org\/wp-content\/uploads\/2026\/04\/17-6-240x300.png 240w, https:\/\/eficasablanca.org\/wp-content\/uploads\/2026\/04\/17-6-768x960.png 768w, https:\/\/eficasablanca.org\/wp-content\/uploads\/2026\/04\/17-6-10x12.png 10w, https:\/\/eficasablanca.org\/wp-content\/uploads\/2026\/04\/17-6.png 1080w\" sizes=\"(max-width: 819px) 100vw, 819px\" \/><\/figure>\n\n\n\n<figure class=\"wp-block-image size-large\"><img loading=\"lazy\" decoding=\"async\" width=\"819\" height=\"1024\" data-id=\"14293\" src=\"https:\/\/eficasablanca.org\/wp-content\/uploads\/2026\/04\/18-7-819x1024.png\" alt=\"\" class=\"wp-image-14293\" srcset=\"https:\/\/eficasablanca.org\/wp-content\/uploads\/2026\/04\/18-7-819x1024.png 819w, https:\/\/eficasablanca.org\/wp-content\/uploads\/2026\/04\/18-7-240x300.png 240w, https:\/\/eficasablanca.org\/wp-content\/uploads\/2026\/04\/18-7-768x960.png 768w, https:\/\/eficasablanca.org\/wp-content\/uploads\/2026\/04\/18-7-10x12.png 10w, https:\/\/eficasablanca.org\/wp-content\/uploads\/2026\/04\/18-7.png 1080w\" sizes=\"(max-width: 819px) 100vw, 819px\" \/><\/figure>\n<\/figure>","protected":false},"excerpt":{"rendered":"<p>\u00c0 l\u2019EFI Casablanca, le d\u00e9veloppement professionnel continu constitue un levier central de notre projet p\u00e9dagogique. Du 25 au 28 avril, les \u00e9quipes p\u00e9dagogiques se sont r\u00e9unies pour un temps structurant de formation et de travail collectif, articul\u00e9 autour de plusieurs priorit\u00e9s : Accompagn\u00e9es par Rodrigue Barbosa, Responsable des projets acad\u00e9miques du Groupe Odyssey, ces sessions [&hellip;]<\/p>\n","protected":false},"author":3,"featured_media":14298,"comment_status":"closed","ping_status":"open","sticky":false,"template":"","format":"standard","meta":{"_acf_changed":false,"footnotes":""},"categories":[21],"tags":[],"class_list":["post-14277","post","type-post","status-publish","format-standard","has-post-thumbnail","hentry","category-actualites"],"acf":[],"yoast_head":"<!-- This site is optimized with the Yoast SEO plugin v27.1.1 - https:\/\/yoast.com\/product\/yoast-seo-wordpress\/ -->\n<title>Journ\u00e9es de formation p\u00e9dagogique pour mieux pr\u00e9parer la derni\u00e8re p\u00e9riode de l&#039;ann\u00e9e scolaire 2025-2026 - \u00c9cole Fran\u00e7aise Internationale de Casablanca<\/title>\n<meta name=\"description\" content=\"\u00c0 l\u2019EFI Casablanca, le d\u00e9veloppement professionnel continu constitue un levier central de notre projet p\u00e9dagogique. Du 25 au 28 avril, les \u00e9quipes\" \/>\n<meta name=\"robots\" content=\"index, follow, max-snippet:-1, max-image-preview:large, max-video-preview:-1\" \/>\n<link rel=\"canonical\" href=\"https:\/\/eficasablanca.org\/en\/journees-de-formation-pedagogiques-pour-mieux-organiser-la-derniere-periode-de-lannee-scolaire-2025-2026\/\" \/>\n<meta property=\"og:locale\" content=\"en_US\" \/>\n<meta property=\"og:type\" content=\"article\" \/>\n<meta property=\"og:title\" content=\"Journ\u00e9es de formation p\u00e9dagogique pour mieux pr\u00e9parer la derni\u00e8re p\u00e9riode de l&#039;ann\u00e9e scolaire 2025-2026 - \u00c9cole Fran\u00e7aise Internationale de Casablanca\" \/>\n<meta property=\"og:description\" content=\"\u00c0 l\u2019EFI Casablanca, le d\u00e9veloppement professionnel continu constitue un levier central de notre projet p\u00e9dagogique. Du 25 au 28 avril, les \u00e9quipes\" \/>\n<meta property=\"og:url\" content=\"https:\/\/eficasablanca.org\/en\/journees-de-formation-pedagogiques-pour-mieux-organiser-la-derniere-periode-de-lannee-scolaire-2025-2026\/\" \/>\n<meta property=\"og:site_name\" content=\"\u00c9cole Fran\u00e7aise Internationale de Casablanca\" \/>\n<meta property=\"article:publisher\" content=\"https:\/\/www.facebook.com\/EFICasablanca\" \/>\n<meta property=\"article:published_time\" content=\"2026-04-30T18:19:25+00:00\" \/>\n<meta property=\"article:modified_time\" content=\"2026-04-30T18:20:01+00:00\" \/>\n<meta property=\"og:image\" content=\"https:\/\/eficasablanca.org\/wp-content\/uploads\/2026\/04\/Banniere-90.png\" \/>\n\t<meta property=\"og:image:width\" content=\"867\" \/>\n\t<meta property=\"og:image:height\" content=\"555\" \/>\n\t<meta property=\"og:image:type\" content=\"image\/png\" \/>\n<meta name=\"author\" content=\"it\" \/>\n<meta name=\"twitter:card\" content=\"summary_large_image\" \/>\n<meta name=\"twitter:label1\" content=\"Written by\" \/>\n\t<meta name=\"twitter:data1\" content=\"it\" \/>\n\t<meta name=\"twitter:label2\" content=\"Est. reading time\" \/>\n\t<meta name=\"twitter:data2\" content=\"5 minutes\" \/>\n<script type=\"application\/ld+json\" class=\"yoast-schema-graph\">{\"@context\":\"https:\/\/schema.org\",\"@graph\":[{\"@type\":\"Article\",\"@id\":\"https:\/\/eficasablanca.org\/journees-de-formation-pedagogiques-pour-mieux-organiser-la-derniere-periode-de-lannee-scolaire-2025-2026\/#article\",\"isPartOf\":{\"@id\":\"https:\/\/eficasablanca.org\/journees-de-formation-pedagogiques-pour-mieux-organiser-la-derniere-periode-de-lannee-scolaire-2025-2026\/\"},\"author\":{\"name\":\"it\",\"@id\":\"https:\/\/eficasablanca.org\/#\/schema\/person\/cd2435603ee779b3c83afe03afe2bf0e\"},\"headline\":\"Journ\u00e9es de formation p\u00e9dagogique pour mieux pr\u00e9parer la derni\u00e8re p\u00e9riode de l&rsquo;ann\u00e9e scolaire 2025-2026\",\"datePublished\":\"2026-04-30T18:19:25+00:00\",\"dateModified\":\"2026-04-30T18:20:01+00:00\",\"mainEntityOfPage\":{\"@id\":\"https:\/\/eficasablanca.org\/journees-de-formation-pedagogiques-pour-mieux-organiser-la-derniere-periode-de-lannee-scolaire-2025-2026\/\"},\"wordCount\":262,\"publisher\":{\"@id\":\"https:\/\/eficasablanca.org\/#organization\"},\"image\":{\"@id\":\"https:\/\/eficasablanca.org\/journees-de-formation-pedagogiques-pour-mieux-organiser-la-derniere-periode-de-lannee-scolaire-2025-2026\/#primaryimage\"},\"thumbnailUrl\":\"https:\/\/eficasablanca.org\/wp-content\/uploads\/2026\/04\/Banniere-90.png\",\"articleSection\":[\"Actualit\u00e9s\"],\"inLanguage\":\"en-US\"},{\"@type\":\"WebPage\",\"@id\":\"https:\/\/eficasablanca.org\/journees-de-formation-pedagogiques-pour-mieux-organiser-la-derniere-periode-de-lannee-scolaire-2025-2026\/\",\"url\":\"https:\/\/eficasablanca.org\/journees-de-formation-pedagogiques-pour-mieux-organiser-la-derniere-periode-de-lannee-scolaire-2025-2026\/\",\"name\":\"Journ\u00e9es de formation p\u00e9dagogique pour mieux pr\u00e9parer la derni\u00e8re p\u00e9riode de l'ann\u00e9e scolaire 2025-2026 - \u00c9cole Fran\u00e7aise Internationale de Casablanca\",\"isPartOf\":{\"@id\":\"https:\/\/eficasablanca.org\/#website\"},\"primaryImageOfPage\":{\"@id\":\"https:\/\/eficasablanca.org\/journees-de-formation-pedagogiques-pour-mieux-organiser-la-derniere-periode-de-lannee-scolaire-2025-2026\/#primaryimage\"},\"image\":{\"@id\":\"https:\/\/eficasablanca.org\/journees-de-formation-pedagogiques-pour-mieux-organiser-la-derniere-periode-de-lannee-scolaire-2025-2026\/#primaryimage\"},\"thumbnailUrl\":\"https:\/\/eficasablanca.org\/wp-content\/uploads\/2026\/04\/Banniere-90.png\",\"datePublished\":\"2026-04-30T18:19:25+00:00\",\"dateModified\":\"2026-04-30T18:20:01+00:00\",\"description\":\"\u00c0 l\u2019EFI Casablanca, le d\u00e9veloppement professionnel continu constitue un levier central de notre projet p\u00e9dagogique. Du 25 au 28 avril, les \u00e9quipes\",\"breadcrumb\":{\"@id\":\"https:\/\/eficasablanca.org\/journees-de-formation-pedagogiques-pour-mieux-organiser-la-derniere-periode-de-lannee-scolaire-2025-2026\/#breadcrumb\"},\"inLanguage\":\"en-US\",\"potentialAction\":[{\"@type\":\"ReadAction\",\"target\":[\"https:\/\/eficasablanca.org\/journees-de-formation-pedagogiques-pour-mieux-organiser-la-derniere-periode-de-lannee-scolaire-2025-2026\/\"]}]},{\"@type\":\"ImageObject\",\"inLanguage\":\"en-US\",\"@id\":\"https:\/\/eficasablanca.org\/journees-de-formation-pedagogiques-pour-mieux-organiser-la-derniere-periode-de-lannee-scolaire-2025-2026\/#primaryimage\",\"url\":\"https:\/\/eficasablanca.org\/wp-content\/uploads\/2026\/04\/Banniere-90.png\",\"contentUrl\":\"https:\/\/eficasablanca.org\/wp-content\/uploads\/2026\/04\/Banniere-90.png\",\"width\":867,\"height\":555},{\"@type\":\"BreadcrumbList\",\"@id\":\"https:\/\/eficasablanca.org\/journees-de-formation-pedagogiques-pour-mieux-organiser-la-derniere-periode-de-lannee-scolaire-2025-2026\/#breadcrumb\",\"itemListElement\":[{\"@type\":\"ListItem\",\"position\":1,\"name\":\"Accueil\",\"item\":\"https:\/\/eficasablanca.org\/\"},{\"@type\":\"ListItem\",\"position\":2,\"name\":\"Journ\u00e9es de formation p\u00e9dagogique pour mieux pr\u00e9parer la derni\u00e8re p\u00e9riode de l&rsquo;ann\u00e9e scolaire 2025-2026\"}]},{\"@type\":\"WebSite\",\"@id\":\"https:\/\/eficasablanca.org\/#website\",\"url\":\"https:\/\/eficasablanca.org\/\",\"name\":\"\u00c9cole Fran\u00e7aise Internationale de Casablanca\",\"description\":\"L&#039;\u00c9cole Fran\u00e7aise Internationale\",\"publisher\":{\"@id\":\"https:\/\/eficasablanca.org\/#organization\"},\"potentialAction\":[{\"@type\":\"SearchAction\",\"target\":{\"@type\":\"EntryPoint\",\"urlTemplate\":\"https:\/\/eficasablanca.org\/?s={search_term_string}\"},\"query-input\":{\"@type\":\"PropertyValueSpecification\",\"valueRequired\":true,\"valueName\":\"search_term_string\"}}],\"inLanguage\":\"en-US\"},{\"@type\":\"Organization\",\"@id\":\"https:\/\/eficasablanca.org\/#organization\",\"name\":\"Ecole Fran\u00e7aise Internationale Casablanca\",\"url\":\"https:\/\/eficasablanca.org\/\",\"logo\":{\"@type\":\"ImageObject\",\"inLanguage\":\"en-US\",\"@id\":\"https:\/\/eficasablanca.org\/#\/schema\/logo\/image\/\",\"url\":\"https:\/\/eficasablanca.org\/wp-content\/uploads\/2022\/12\/Logo-EFI-DEF-1-1-02-1.webp\",\"contentUrl\":\"https:\/\/eficasablanca.org\/wp-content\/uploads\/2022\/12\/Logo-EFI-DEF-1-1-02-1.webp\",\"width\":644,\"height\":100,\"caption\":\"Ecole Fran\u00e7aise Internationale Casablanca\"},\"image\":{\"@id\":\"https:\/\/eficasablanca.org\/#\/schema\/logo\/image\/\"},\"sameAs\":[\"https:\/\/www.facebook.com\/EFICasablanca\",\"https:\/\/www.instagram.com\/efi_casablanca\/?hl=fr\",\"https:\/\/www.linkedin.com\/company\/efi-casablanca\/about\/?viewAsMember=true\"]},{\"@type\":\"Person\",\"@id\":\"https:\/\/eficasablanca.org\/#\/schema\/person\/cd2435603ee779b3c83afe03afe2bf0e\",\"name\":\"it\",\"url\":\"https:\/\/eficasablanca.org\/en\/author\/it\/\"}]}<\/script>\n<!-- \/ Yoast SEO plugin. -->","yoast_head_json":{"title":"Journ\u00e9es de formation p\u00e9dagogique pour mieux pr\u00e9parer la derni\u00e8re p\u00e9riode de l'ann\u00e9e scolaire 2025-2026 - \u00c9cole Fran\u00e7aise Internationale de Casablanca","description":"\u00c0 l\u2019EFI Casablanca, le d\u00e9veloppement professionnel continu constitue un levier central de notre projet p\u00e9dagogique. Du 25 au 28 avril, les \u00e9quipes","robots":{"index":"index","follow":"follow","max-snippet":"max-snippet:-1","max-image-preview":"max-image-preview:large","max-video-preview":"max-video-preview:-1"},"canonical":"https:\/\/eficasablanca.org\/en\/journees-de-formation-pedagogiques-pour-mieux-organiser-la-derniere-periode-de-lannee-scolaire-2025-2026\/","og_locale":"en_US","og_type":"article","og_title":"Journ\u00e9es de formation p\u00e9dagogique pour mieux pr\u00e9parer la derni\u00e8re p\u00e9riode de l'ann\u00e9e scolaire 2025-2026 - \u00c9cole Fran\u00e7aise Internationale de Casablanca","og_description":"\u00c0 l\u2019EFI Casablanca, le d\u00e9veloppement professionnel continu constitue un levier central de notre projet p\u00e9dagogique. Du 25 au 28 avril, les \u00e9quipes","og_url":"https:\/\/eficasablanca.org\/en\/journees-de-formation-pedagogiques-pour-mieux-organiser-la-derniere-periode-de-lannee-scolaire-2025-2026\/","og_site_name":"\u00c9cole Fran\u00e7aise Internationale de Casablanca","article_publisher":"https:\/\/www.facebook.com\/EFICasablanca","article_published_time":"2026-04-30T18:19:25+00:00","article_modified_time":"2026-04-30T18:20:01+00:00","og_image":[{"width":867,"height":555,"url":"https:\/\/eficasablanca.org\/wp-content\/uploads\/2026\/04\/Banniere-90.png","type":"image\/png"}],"author":"it","twitter_card":"summary_large_image","twitter_misc":{"Written by":"it","Est. reading time":"5 minutes"},"schema":{"@context":"https:\/\/schema.org","@graph":[{"@type":"Article","@id":"https:\/\/eficasablanca.org\/journees-de-formation-pedagogiques-pour-mieux-organiser-la-derniere-periode-de-lannee-scolaire-2025-2026\/#article","isPartOf":{"@id":"https:\/\/eficasablanca.org\/journees-de-formation-pedagogiques-pour-mieux-organiser-la-derniere-periode-de-lannee-scolaire-2025-2026\/"},"author":{"name":"it","@id":"https:\/\/eficasablanca.org\/#\/schema\/person\/cd2435603ee779b3c83afe03afe2bf0e"},"headline":"Journ\u00e9es de formation p\u00e9dagogique pour mieux pr\u00e9parer la derni\u00e8re p\u00e9riode de l&rsquo;ann\u00e9e scolaire 2025-2026","datePublished":"2026-04-30T18:19:25+00:00","dateModified":"2026-04-30T18:20:01+00:00","mainEntityOfPage":{"@id":"https:\/\/eficasablanca.org\/journees-de-formation-pedagogiques-pour-mieux-organiser-la-derniere-periode-de-lannee-scolaire-2025-2026\/"},"wordCount":262,"publisher":{"@id":"https:\/\/eficasablanca.org\/#organization"},"image":{"@id":"https:\/\/eficasablanca.org\/journees-de-formation-pedagogiques-pour-mieux-organiser-la-derniere-periode-de-lannee-scolaire-2025-2026\/#primaryimage"},"thumbnailUrl":"https:\/\/eficasablanca.org\/wp-content\/uploads\/2026\/04\/Banniere-90.png","articleSection":["Actualit\u00e9s"],"inLanguage":"en-US"},{"@type":"WebPage","@id":"https:\/\/eficasablanca.org\/journees-de-formation-pedagogiques-pour-mieux-organiser-la-derniere-periode-de-lannee-scolaire-2025-2026\/","url":"https:\/\/eficasablanca.org\/journees-de-formation-pedagogiques-pour-mieux-organiser-la-derniere-periode-de-lannee-scolaire-2025-2026\/","name":"Journ\u00e9es de formation p\u00e9dagogique pour mieux pr\u00e9parer la derni\u00e8re p\u00e9riode de l'ann\u00e9e scolaire 2025-2026 - \u00c9cole Fran\u00e7aise Internationale de Casablanca","isPartOf":{"@id":"https:\/\/eficasablanca.org\/#website"},"primaryImageOfPage":{"@id":"https:\/\/eficasablanca.org\/journees-de-formation-pedagogiques-pour-mieux-organiser-la-derniere-periode-de-lannee-scolaire-2025-2026\/#primaryimage"},"image":{"@id":"https:\/\/eficasablanca.org\/journees-de-formation-pedagogiques-pour-mieux-organiser-la-derniere-periode-de-lannee-scolaire-2025-2026\/#primaryimage"},"thumbnailUrl":"https:\/\/eficasablanca.org\/wp-content\/uploads\/2026\/04\/Banniere-90.png","datePublished":"2026-04-30T18:19:25+00:00","dateModified":"2026-04-30T18:20:01+00:00","description":"\u00c0 l\u2019EFI Casablanca, le d\u00e9veloppement professionnel continu constitue un levier central de notre projet p\u00e9dagogique. Du 25 au 28 avril, les \u00e9quipes","breadcrumb":{"@id":"https:\/\/eficasablanca.org\/journees-de-formation-pedagogiques-pour-mieux-organiser-la-derniere-periode-de-lannee-scolaire-2025-2026\/#breadcrumb"},"inLanguage":"en-US","potentialAction":[{"@type":"ReadAction","target":["https:\/\/eficasablanca.org\/journees-de-formation-pedagogiques-pour-mieux-organiser-la-derniere-periode-de-lannee-scolaire-2025-2026\/"]}]},{"@type":"ImageObject","inLanguage":"en-US","@id":"https:\/\/eficasablanca.org\/journees-de-formation-pedagogiques-pour-mieux-organiser-la-derniere-periode-de-lannee-scolaire-2025-2026\/#primaryimage","url":"https:\/\/eficasablanca.org\/wp-content\/uploads\/2026\/04\/Banniere-90.png","contentUrl":"https:\/\/eficasablanca.org\/wp-content\/uploads\/2026\/04\/Banniere-90.png","width":867,"height":555},{"@type":"BreadcrumbList","@id":"https:\/\/eficasablanca.org\/journees-de-formation-pedagogiques-pour-mieux-organiser-la-derniere-periode-de-lannee-scolaire-2025-2026\/#breadcrumb","itemListElement":[{"@type":"ListItem","position":1,"name":"Accueil","item":"https:\/\/eficasablanca.org\/"},{"@type":"ListItem","position":2,"name":"Journ\u00e9es de formation p\u00e9dagogique pour mieux pr\u00e9parer la derni\u00e8re p\u00e9riode de l&rsquo;ann\u00e9e scolaire 2025-2026"}]},{"@type":"WebSite","@id":"https:\/\/eficasablanca.org\/#website","url":"https:\/\/eficasablanca.org\/","name":"Casablanca International French School","description":"L&#039;\u00c9cole Fran\u00e7aise Internationale","publisher":{"@id":"https:\/\/eficasablanca.org\/#organization"},"potentialAction":[{"@type":"SearchAction","target":{"@type":"EntryPoint","urlTemplate":"https:\/\/eficasablanca.org\/?s={search_term_string}"},"query-input":{"@type":"PropertyValueSpecification","valueRequired":true,"valueName":"search_term_string"}}],"inLanguage":"en-US"},{"@type":"Organization","@id":"https:\/\/eficasablanca.org\/#organization","name":"Ecole Fran\u00e7aise Internationale Casablanca","url":"https:\/\/eficasablanca.org\/","logo":{"@type":"ImageObject","inLanguage":"en-US","@id":"https:\/\/eficasablanca.org\/#\/schema\/logo\/image\/","url":"https:\/\/eficasablanca.org\/wp-content\/uploads\/2022\/12\/Logo-EFI-DEF-1-1-02-1.webp","contentUrl":"https:\/\/eficasablanca.org\/wp-content\/uploads\/2022\/12\/Logo-EFI-DEF-1-1-02-1.webp","width":644,"height":100,"caption":"Ecole Fran\u00e7aise Internationale Casablanca"},"image":{"@id":"https:\/\/eficasablanca.org\/#\/schema\/logo\/image\/"},"sameAs":["https:\/\/www.facebook.com\/EFICasablanca","https:\/\/www.instagram.com\/efi_casablanca\/?hl=fr","https:\/\/www.linkedin.com\/company\/efi-casablanca\/about\/?viewAsMember=true"]},{"@type":"Person","@id":"https:\/\/eficasablanca.org\/#\/schema\/person\/cd2435603ee779b3c83afe03afe2bf0e","name":"it","url":"https:\/\/eficasablanca.org\/en\/author\/it\/"}]}},"_links":{"self":[{"href":"https:\/\/eficasablanca.org\/en\/wp-json\/wp\/v2\/posts\/14277","targetHints":{"allow":["GET"]}}],"collection":[{"href":"https:\/\/eficasablanca.org\/en\/wp-json\/wp\/v2\/posts"}],"about":[{"href":"https:\/\/eficasablanca.org\/en\/wp-json\/wp\/v2\/types\/post"}],"author":[{"embeddable":true,"href":"https:\/\/eficasablanca.org\/en\/wp-json\/wp\/v2\/users\/3"}],"replies":[{"embeddable":true,"href":"https:\/\/eficasablanca.org\/en\/wp-json\/wp\/v2\/comments?post=14277"}],"version-history":[{"count":2,"href":"https:\/\/eficasablanca.org\/en\/wp-json\/wp\/v2\/posts\/14277\/revisions"}],"predecessor-version":[{"id":14300,"href":"https:\/\/eficasablanca.org\/en\/wp-json\/wp\/v2\/posts\/14277\/revisions\/14300"}],"wp:featuredmedia":[{"embeddable":true,"href":"https:\/\/eficasablanca.org\/en\/wp-json\/wp\/v2\/media\/14298"}],"wp:attachment":[{"href":"https:\/\/eficasablanca.org\/en\/wp-json\/wp\/v2\/media?parent=14277"}],"wp:term":[{"taxonomy":"category","embeddable":true,"href":"https:\/\/eficasablanca.org\/en\/wp-json\/wp\/v2\/categories?post=14277"},{"taxonomy":"post_tag","embeddable":true,"href":"https:\/\/eficasablanca.org\/en\/wp-json\/wp\/v2\/tags?post=14277"}],"curies":[{"name":"wp","href":"https:\/\/api.w.org\/{rel}","templated":true}]}}