{"id":2428,"date":"2022-09-02T10:09:00","date_gmt":"2022-09-02T08:09:00","guid":{"rendered":"https:\/\/eficasablanca.org\/?p=2428"},"modified":"2023-01-22T10:16:16","modified_gmt":"2023-01-22T09:16:16","slug":"02-09-22","status":"publish","type":"post","link":"https:\/\/eficasablanca.org\/en\/02-09-22\/","title":{"rendered":"Back-to-School 2022\u20132023"},"content":{"rendered":"<p>The students of EFI Casablanca returned to school for a new school year. A very emotional and exciting moment for the whole community!<br>Happy new school year to all!<\/p>\n\n\n\n<figure class=\"wp-block-gallery has-nested-images columns-default is-cropped wp-block-gallery-1 is-layout-flex wp-block-gallery-is-layout-flex\">\n<figure class=\"wp-block-image size-large\"><img fetchpriority=\"high\" decoding=\"async\" width=\"1018\" height=\"638\" data-id=\"2429\" src=\"https:\/\/eficasablanca.org\/wp-content\/uploads\/2023\/01\/Rentree-scolaire-2022-019.jpg\" alt=\"\" class=\"wp-image-2429\" srcset=\"https:\/\/eficasablanca.org\/wp-content\/uploads\/2023\/01\/Rentree-scolaire-2022-019.jpg 1018w, https:\/\/eficasablanca.org\/wp-content\/uploads\/2023\/01\/Rentree-scolaire-2022-019-300x188.jpg 300w, https:\/\/eficasablanca.org\/wp-content\/uploads\/2023\/01\/Rentree-scolaire-2022-019-768x481.jpg 768w, https:\/\/eficasablanca.org\/wp-content\/uploads\/2023\/01\/Rentree-scolaire-2022-019-18x12.jpg 18w, https:\/\/eficasablanca.org\/wp-content\/uploads\/2023\/01\/Rentree-scolaire-2022-019-600x376.jpg 600w\" sizes=\"(max-width: 1018px) 100vw, 1018px\" \/><\/figure>\n\n\n\n<figure class=\"wp-block-image size-large\"><img decoding=\"async\" width=\"1018\" height=\"638\" data-id=\"2431\" src=\"https:\/\/eficasablanca.org\/wp-content\/uploads\/2023\/01\/Rentree-scolaire-2022-020.jpg\" alt=\"\" class=\"wp-image-2431\" srcset=\"https:\/\/eficasablanca.org\/wp-content\/uploads\/2023\/01\/Rentree-scolaire-2022-020.jpg 1018w, https:\/\/eficasablanca.org\/wp-content\/uploads\/2023\/01\/Rentree-scolaire-2022-020-300x188.jpg 300w, https:\/\/eficasablanca.org\/wp-content\/uploads\/2023\/01\/Rentree-scolaire-2022-020-768x481.jpg 768w, https:\/\/eficasablanca.org\/wp-content\/uploads\/2023\/01\/Rentree-scolaire-2022-020-18x12.jpg 18w, https:\/\/eficasablanca.org\/wp-content\/uploads\/2023\/01\/Rentree-scolaire-2022-020-600x376.jpg 600w\" sizes=\"(max-width: 1018px) 100vw, 1018px\" \/><\/figure>\n\n\n\n<figure class=\"wp-block-image size-large\"><img decoding=\"async\" width=\"1018\" height=\"638\" data-id=\"2432\" src=\"https:\/\/eficasablanca.org\/wp-content\/uploads\/2023\/01\/Rentree-scolaire-2022-022.jpg\" alt=\"\" class=\"wp-image-2432\" srcset=\"https:\/\/eficasablanca.org\/wp-content\/uploads\/2023\/01\/Rentree-scolaire-2022-022.jpg 1018w, https:\/\/eficasablanca.org\/wp-content\/uploads\/2023\/01\/Rentree-scolaire-2022-022-300x188.jpg 300w, https:\/\/eficasablanca.org\/wp-content\/uploads\/2023\/01\/Rentree-scolaire-2022-022-768x481.jpg 768w, https:\/\/eficasablanca.org\/wp-content\/uploads\/2023\/01\/Rentree-scolaire-2022-022-18x12.jpg 18w, https:\/\/eficasablanca.org\/wp-content\/uploads\/2023\/01\/Rentree-scolaire-2022-022-600x376.jpg 600w\" sizes=\"(max-width: 1018px) 100vw, 1018px\" \/><\/figure>\n\n\n\n<figure class=\"wp-block-image size-large\"><img loading=\"lazy\" decoding=\"async\" width=\"1018\" height=\"638\" data-id=\"2434\" src=\"https:\/\/eficasablanca.org\/wp-content\/uploads\/2023\/01\/Rentree-scolaire-2022-024.jpg\" alt=\"\" class=\"wp-image-2434\" srcset=\"https:\/\/eficasablanca.org\/wp-content\/uploads\/2023\/01\/Rentree-scolaire-2022-024.jpg 1018w, https:\/\/eficasablanca.org\/wp-content\/uploads\/2023\/01\/Rentree-scolaire-2022-024-300x188.jpg 300w, https:\/\/eficasablanca.org\/wp-content\/uploads\/2023\/01\/Rentree-scolaire-2022-024-768x481.jpg 768w, https:\/\/eficasablanca.org\/wp-content\/uploads\/2023\/01\/Rentree-scolaire-2022-024-18x12.jpg 18w, https:\/\/eficasablanca.org\/wp-content\/uploads\/2023\/01\/Rentree-scolaire-2022-024-600x376.jpg 600w\" sizes=\"(max-width: 1018px) 100vw, 1018px\" \/><\/figure>\n\n\n\n<figure class=\"wp-block-image size-large\"><img loading=\"lazy\" decoding=\"async\" width=\"1018\" height=\"638\" data-id=\"2433\" src=\"https:\/\/eficasablanca.org\/wp-content\/uploads\/2023\/01\/Rentree-scolaire-2022-025.jpg\" alt=\"\" class=\"wp-image-2433\" srcset=\"https:\/\/eficasablanca.org\/wp-content\/uploads\/2023\/01\/Rentree-scolaire-2022-025.jpg 1018w, https:\/\/eficasablanca.org\/wp-content\/uploads\/2023\/01\/Rentree-scolaire-2022-025-300x188.jpg 300w, https:\/\/eficasablanca.org\/wp-content\/uploads\/2023\/01\/Rentree-scolaire-2022-025-768x481.jpg 768w, https:\/\/eficasablanca.org\/wp-content\/uploads\/2023\/01\/Rentree-scolaire-2022-025-18x12.jpg 18w, https:\/\/eficasablanca.org\/wp-content\/uploads\/2023\/01\/Rentree-scolaire-2022-025-600x376.jpg 600w\" sizes=\"(max-width: 1018px) 100vw, 1018px\" \/><\/figure>\n\n\n\n<figure class=\"wp-block-image size-large\"><img loading=\"lazy\" decoding=\"async\" width=\"1018\" height=\"638\" data-id=\"2430\" src=\"https:\/\/eficasablanca.org\/wp-content\/uploads\/2023\/01\/Rentree-scolaire-2022-026.jpg\" alt=\"\" class=\"wp-image-2430\" srcset=\"https:\/\/eficasablanca.org\/wp-content\/uploads\/2023\/01\/Rentree-scolaire-2022-026.jpg 1018w, https:\/\/eficasablanca.org\/wp-content\/uploads\/2023\/01\/Rentree-scolaire-2022-026-300x188.jpg 300w, https:\/\/eficasablanca.org\/wp-content\/uploads\/2023\/01\/Rentree-scolaire-2022-026-768x481.jpg 768w, https:\/\/eficasablanca.org\/wp-content\/uploads\/2023\/01\/Rentree-scolaire-2022-026-18x12.jpg 18w, https:\/\/eficasablanca.org\/wp-content\/uploads\/2023\/01\/Rentree-scolaire-2022-026-600x376.jpg 600w\" sizes=\"(max-width: 1018px) 100vw, 1018px\" \/><\/figure>\n\n\n\n<figure class=\"wp-block-image size-large\"><img loading=\"lazy\" decoding=\"async\" width=\"1018\" height=\"638\" data-id=\"2435\" src=\"https:\/\/eficasablanca.org\/wp-content\/uploads\/2023\/01\/Rentree-scolaire-2022-029.jpg\" alt=\"\" class=\"wp-image-2435\" srcset=\"https:\/\/eficasablanca.org\/wp-content\/uploads\/2023\/01\/Rentree-scolaire-2022-029.jpg 1018w, https:\/\/eficasablanca.org\/wp-content\/uploads\/2023\/01\/Rentree-scolaire-2022-029-300x188.jpg 300w, https:\/\/eficasablanca.org\/wp-content\/uploads\/2023\/01\/Rentree-scolaire-2022-029-768x481.jpg 768w, https:\/\/eficasablanca.org\/wp-content\/uploads\/2023\/01\/Rentree-scolaire-2022-029-18x12.jpg 18w, https:\/\/eficasablanca.org\/wp-content\/uploads\/2023\/01\/Rentree-scolaire-2022-029-600x376.jpg 600w\" sizes=\"(max-width: 1018px) 100vw, 1018px\" \/><\/figure>\n\n\n\n<figure class=\"wp-block-image size-large\"><img loading=\"lazy\" decoding=\"async\" width=\"1018\" height=\"638\" data-id=\"2436\" src=\"https:\/\/eficasablanca.org\/wp-content\/uploads\/2023\/01\/Rentree-scolaire-2022-030.jpg\" alt=\"\" class=\"wp-image-2436\" srcset=\"https:\/\/eficasablanca.org\/wp-content\/uploads\/2023\/01\/Rentree-scolaire-2022-030.jpg 1018w, https:\/\/eficasablanca.org\/wp-content\/uploads\/2023\/01\/Rentree-scolaire-2022-030-300x188.jpg 300w, https:\/\/eficasablanca.org\/wp-content\/uploads\/2023\/01\/Rentree-scolaire-2022-030-768x481.jpg 768w, https:\/\/eficasablanca.org\/wp-content\/uploads\/2023\/01\/Rentree-scolaire-2022-030-18x12.jpg 18w, https:\/\/eficasablanca.org\/wp-content\/uploads\/2023\/01\/Rentree-scolaire-2022-030-600x376.jpg 600w\" sizes=\"(max-width: 1018px) 100vw, 1018px\" \/><\/figure>\n\n\n\n<figure class=\"wp-block-image size-large\"><img loading=\"lazy\" decoding=\"async\" width=\"1018\" height=\"638\" data-id=\"2441\" src=\"https:\/\/eficasablanca.org\/wp-content\/uploads\/2023\/01\/Rentree-scolaire-2022-018.jpg\" alt=\"\" class=\"wp-image-2441\" srcset=\"https:\/\/eficasablanca.org\/wp-content\/uploads\/2023\/01\/Rentree-scolaire-2022-018.jpg 1018w, https:\/\/eficasablanca.org\/wp-content\/uploads\/2023\/01\/Rentree-scolaire-2022-018-300x188.jpg 300w, https:\/\/eficasablanca.org\/wp-content\/uploads\/2023\/01\/Rentree-scolaire-2022-018-768x481.jpg 768w, https:\/\/eficasablanca.org\/wp-content\/uploads\/2023\/01\/Rentree-scolaire-2022-018-18x12.jpg 18w, https:\/\/eficasablanca.org\/wp-content\/uploads\/2023\/01\/Rentree-scolaire-2022-018-600x376.jpg 600w\" sizes=\"(max-width: 1018px) 100vw, 1018px\" \/><\/figure>\n\n\n\n<figure class=\"wp-block-image size-large\"><img loading=\"lazy\" decoding=\"async\" width=\"1018\" height=\"638\" data-id=\"2440\" src=\"https:\/\/eficasablanca.org\/wp-content\/uploads\/2023\/01\/Rentree-scolaire-2022-021.jpg\" alt=\"\" class=\"wp-image-2440\" srcset=\"https:\/\/eficasablanca.org\/wp-content\/uploads\/2023\/01\/Rentree-scolaire-2022-021.jpg 1018w, https:\/\/eficasablanca.org\/wp-content\/uploads\/2023\/01\/Rentree-scolaire-2022-021-300x188.jpg 300w, https:\/\/eficasablanca.org\/wp-content\/uploads\/2023\/01\/Rentree-scolaire-2022-021-768x481.jpg 768w, https:\/\/eficasablanca.org\/wp-content\/uploads\/2023\/01\/Rentree-scolaire-2022-021-18x12.jpg 18w, https:\/\/eficasablanca.org\/wp-content\/uploads\/2023\/01\/Rentree-scolaire-2022-021-600x376.jpg 600w\" sizes=\"(max-width: 1018px) 100vw, 1018px\" \/><\/figure>\n\n\n\n<figure class=\"wp-block-image size-large\"><img loading=\"lazy\" decoding=\"async\" width=\"1018\" height=\"638\" data-id=\"2437\" src=\"https:\/\/eficasablanca.org\/wp-content\/uploads\/2023\/01\/Rentree-scolaire-2022-023.jpg\" alt=\"\" class=\"wp-image-2437\" srcset=\"https:\/\/eficasablanca.org\/wp-content\/uploads\/2023\/01\/Rentree-scolaire-2022-023.jpg 1018w, https:\/\/eficasablanca.org\/wp-content\/uploads\/2023\/01\/Rentree-scolaire-2022-023-300x188.jpg 300w, https:\/\/eficasablanca.org\/wp-content\/uploads\/2023\/01\/Rentree-scolaire-2022-023-768x481.jpg 768w, https:\/\/eficasablanca.org\/wp-content\/uploads\/2023\/01\/Rentree-scolaire-2022-023-18x12.jpg 18w, https:\/\/eficasablanca.org\/wp-content\/uploads\/2023\/01\/Rentree-scolaire-2022-023-600x376.jpg 600w\" sizes=\"(max-width: 1018px) 100vw, 1018px\" \/><\/figure>\n\n\n\n<figure class=\"wp-block-image size-large\"><img loading=\"lazy\" decoding=\"async\" width=\"1018\" height=\"638\" data-id=\"2439\" src=\"https:\/\/eficasablanca.org\/wp-content\/uploads\/2023\/01\/Rentree-scolaire-2022-027.jpg\" alt=\"\" class=\"wp-image-2439\" srcset=\"https:\/\/eficasablanca.org\/wp-content\/uploads\/2023\/01\/Rentree-scolaire-2022-027.jpg 1018w, https:\/\/eficasablanca.org\/wp-content\/uploads\/2023\/01\/Rentree-scolaire-2022-027-300x188.jpg 300w, https:\/\/eficasablanca.org\/wp-content\/uploads\/2023\/01\/Rentree-scolaire-2022-027-768x481.jpg 768w, https:\/\/eficasablanca.org\/wp-content\/uploads\/2023\/01\/Rentree-scolaire-2022-027-18x12.jpg 18w, https:\/\/eficasablanca.org\/wp-content\/uploads\/2023\/01\/Rentree-scolaire-2022-027-600x376.jpg 600w\" sizes=\"(max-width: 1018px) 100vw, 1018px\" \/><\/figure>\n\n\n\n<figure class=\"wp-block-image size-large\"><img loading=\"lazy\" decoding=\"async\" width=\"1018\" height=\"638\" data-id=\"2438\" src=\"https:\/\/eficasablanca.org\/wp-content\/uploads\/2023\/01\/Rentree-scolaire-2022-028.jpg\" alt=\"\" class=\"wp-image-2438\" srcset=\"https:\/\/eficasablanca.org\/wp-content\/uploads\/2023\/01\/Rentree-scolaire-2022-028.jpg 1018w, https:\/\/eficasablanca.org\/wp-content\/uploads\/2023\/01\/Rentree-scolaire-2022-028-300x188.jpg 300w, https:\/\/eficasablanca.org\/wp-content\/uploads\/2023\/01\/Rentree-scolaire-2022-028-768x481.jpg 768w, https:\/\/eficasablanca.org\/wp-content\/uploads\/2023\/01\/Rentree-scolaire-2022-028-18x12.jpg 18w, https:\/\/eficasablanca.org\/wp-content\/uploads\/2023\/01\/Rentree-scolaire-2022-028-600x376.jpg 600w\" sizes=\"(max-width: 1018px) 100vw, 1018px\" \/><\/figure>\n\n\n\n<figure class=\"wp-block-image size-large\"><img loading=\"lazy\" decoding=\"async\" width=\"1018\" height=\"638\" data-id=\"2442\" src=\"https:\/\/eficasablanca.org\/wp-content\/uploads\/2023\/01\/Rentree-scolaire-2022-011.jpg\" alt=\"\" class=\"wp-image-2442\" srcset=\"https:\/\/eficasablanca.org\/wp-content\/uploads\/2023\/01\/Rentree-scolaire-2022-011.jpg 1018w, https:\/\/eficasablanca.org\/wp-content\/uploads\/2023\/01\/Rentree-scolaire-2022-011-300x188.jpg 300w, https:\/\/eficasablanca.org\/wp-content\/uploads\/2023\/01\/Rentree-scolaire-2022-011-768x481.jpg 768w, https:\/\/eficasablanca.org\/wp-content\/uploads\/2023\/01\/Rentree-scolaire-2022-011-18x12.jpg 18w, https:\/\/eficasablanca.org\/wp-content\/uploads\/2023\/01\/Rentree-scolaire-2022-011-600x376.jpg 600w\" sizes=\"(max-width: 1018px) 100vw, 1018px\" \/><\/figure>\n\n\n\n<figure class=\"wp-block-image size-large\"><img loading=\"lazy\" decoding=\"async\" width=\"1018\" height=\"638\" data-id=\"2443\" src=\"https:\/\/eficasablanca.org\/wp-content\/uploads\/2023\/01\/Rentree-scolaire-2022-012.jpg\" alt=\"\" class=\"wp-image-2443\" srcset=\"https:\/\/eficasablanca.org\/wp-content\/uploads\/2023\/01\/Rentree-scolaire-2022-012.jpg 1018w, https:\/\/eficasablanca.org\/wp-content\/uploads\/2023\/01\/Rentree-scolaire-2022-012-300x188.jpg 300w, https:\/\/eficasablanca.org\/wp-content\/uploads\/2023\/01\/Rentree-scolaire-2022-012-768x481.jpg 768w, https:\/\/eficasablanca.org\/wp-content\/uploads\/2023\/01\/Rentree-scolaire-2022-012-18x12.jpg 18w, https:\/\/eficasablanca.org\/wp-content\/uploads\/2023\/01\/Rentree-scolaire-2022-012-600x376.jpg 600w\" sizes=\"(max-width: 1018px) 100vw, 1018px\" \/><\/figure>\n\n\n\n<figure class=\"wp-block-image size-large\"><img loading=\"lazy\" decoding=\"async\" width=\"1018\" height=\"638\" data-id=\"2444\" src=\"https:\/\/eficasablanca.org\/wp-content\/uploads\/2023\/01\/Rentree-scolaire-2022-013.jpg\" alt=\"\" class=\"wp-image-2444\" srcset=\"https:\/\/eficasablanca.org\/wp-content\/uploads\/2023\/01\/Rentree-scolaire-2022-013.jpg 1018w, https:\/\/eficasablanca.org\/wp-content\/uploads\/2023\/01\/Rentree-scolaire-2022-013-300x188.jpg 300w, https:\/\/eficasablanca.org\/wp-content\/uploads\/2023\/01\/Rentree-scolaire-2022-013-768x481.jpg 768w, https:\/\/eficasablanca.org\/wp-content\/uploads\/2023\/01\/Rentree-scolaire-2022-013-18x12.jpg 18w, https:\/\/eficasablanca.org\/wp-content\/uploads\/2023\/01\/Rentree-scolaire-2022-013-600x376.jpg 600w\" sizes=\"(max-width: 1018px) 100vw, 1018px\" \/><\/figure>\n\n\n\n<figure class=\"wp-block-image size-large\"><img loading=\"lazy\" decoding=\"async\" width=\"1018\" height=\"638\" data-id=\"2446\" src=\"https:\/\/eficasablanca.org\/wp-content\/uploads\/2023\/01\/Rentree-scolaire-2022-014.jpg\" alt=\"\" class=\"wp-image-2446\" srcset=\"https:\/\/eficasablanca.org\/wp-content\/uploads\/2023\/01\/Rentree-scolaire-2022-014.jpg 1018w, https:\/\/eficasablanca.org\/wp-content\/uploads\/2023\/01\/Rentree-scolaire-2022-014-300x188.jpg 300w, https:\/\/eficasablanca.org\/wp-content\/uploads\/2023\/01\/Rentree-scolaire-2022-014-768x481.jpg 768w, https:\/\/eficasablanca.org\/wp-content\/uploads\/2023\/01\/Rentree-scolaire-2022-014-18x12.jpg 18w, https:\/\/eficasablanca.org\/wp-content\/uploads\/2023\/01\/Rentree-scolaire-2022-014-600x376.jpg 600w\" sizes=\"(max-width: 1018px) 100vw, 1018px\" \/><\/figure>\n\n\n\n<figure class=\"wp-block-image size-large\"><img loading=\"lazy\" decoding=\"async\" width=\"1018\" height=\"638\" data-id=\"2445\" src=\"https:\/\/eficasablanca.org\/wp-content\/uploads\/2023\/01\/Rentree-scolaire-2022-015.jpg\" alt=\"\" class=\"wp-image-2445\" srcset=\"https:\/\/eficasablanca.org\/wp-content\/uploads\/2023\/01\/Rentree-scolaire-2022-015.jpg 1018w, https:\/\/eficasablanca.org\/wp-content\/uploads\/2023\/01\/Rentree-scolaire-2022-015-300x188.jpg 300w, https:\/\/eficasablanca.org\/wp-content\/uploads\/2023\/01\/Rentree-scolaire-2022-015-768x481.jpg 768w, https:\/\/eficasablanca.org\/wp-content\/uploads\/2023\/01\/Rentree-scolaire-2022-015-18x12.jpg 18w, https:\/\/eficasablanca.org\/wp-content\/uploads\/2023\/01\/Rentree-scolaire-2022-015-600x376.jpg 600w\" sizes=\"(max-width: 1018px) 100vw, 1018px\" \/><\/figure>\n\n\n\n<figure class=\"wp-block-image size-large\"><img loading=\"lazy\" decoding=\"async\" width=\"1018\" height=\"638\" data-id=\"2447\" src=\"https:\/\/eficasablanca.org\/wp-content\/uploads\/2023\/01\/Rentree-scolaire-2022-016.jpg\" alt=\"\" class=\"wp-image-2447\" srcset=\"https:\/\/eficasablanca.org\/wp-content\/uploads\/2023\/01\/Rentree-scolaire-2022-016.jpg 1018w, https:\/\/eficasablanca.org\/wp-content\/uploads\/2023\/01\/Rentree-scolaire-2022-016-300x188.jpg 300w, https:\/\/eficasablanca.org\/wp-content\/uploads\/2023\/01\/Rentree-scolaire-2022-016-768x481.jpg 768w, https:\/\/eficasablanca.org\/wp-content\/uploads\/2023\/01\/Rentree-scolaire-2022-016-18x12.jpg 18w, https:\/\/eficasablanca.org\/wp-content\/uploads\/2023\/01\/Rentree-scolaire-2022-016-600x376.jpg 600w\" sizes=\"(max-width: 1018px) 100vw, 1018px\" \/><\/figure>\n\n\n\n<figure class=\"wp-block-image size-large\"><img loading=\"lazy\" decoding=\"async\" width=\"1018\" height=\"638\" data-id=\"2449\" src=\"https:\/\/eficasablanca.org\/wp-content\/uploads\/2023\/01\/Rentree-scolaire-2022-017.jpg\" alt=\"\" class=\"wp-image-2449\" srcset=\"https:\/\/eficasablanca.org\/wp-content\/uploads\/2023\/01\/Rentree-scolaire-2022-017.jpg 1018w, https:\/\/eficasablanca.org\/wp-content\/uploads\/2023\/01\/Rentree-scolaire-2022-017-300x188.jpg 300w, https:\/\/eficasablanca.org\/wp-content\/uploads\/2023\/01\/Rentree-scolaire-2022-017-768x481.jpg 768w, https:\/\/eficasablanca.org\/wp-content\/uploads\/2023\/01\/Rentree-scolaire-2022-017-18x12.jpg 18w, https:\/\/eficasablanca.org\/wp-content\/uploads\/2023\/01\/Rentree-scolaire-2022-017-600x376.jpg 600w\" sizes=\"(max-width: 1018px) 100vw, 1018px\" \/><\/figure>\n\n\n\n<figure class=\"wp-block-image size-large\"><img loading=\"lazy\" decoding=\"async\" width=\"1018\" height=\"638\" data-id=\"2448\" src=\"https:\/\/eficasablanca.org\/wp-content\/uploads\/2023\/01\/Rentree-scolaire-2022-009.jpg\" alt=\"\" class=\"wp-image-2448\" srcset=\"https:\/\/eficasablanca.org\/wp-content\/uploads\/2023\/01\/Rentree-scolaire-2022-009.jpg 1018w, https:\/\/eficasablanca.org\/wp-content\/uploads\/2023\/01\/Rentree-scolaire-2022-009-300x188.jpg 300w, https:\/\/eficasablanca.org\/wp-content\/uploads\/2023\/01\/Rentree-scolaire-2022-009-768x481.jpg 768w, https:\/\/eficasablanca.org\/wp-content\/uploads\/2023\/01\/Rentree-scolaire-2022-009-18x12.jpg 18w, https:\/\/eficasablanca.org\/wp-content\/uploads\/2023\/01\/Rentree-scolaire-2022-009-600x376.jpg 600w\" sizes=\"(max-width: 1018px) 100vw, 1018px\" \/><\/figure>\n\n\n\n<figure class=\"wp-block-image size-large\"><img loading=\"lazy\" decoding=\"async\" width=\"1018\" height=\"638\" data-id=\"2450\" src=\"https:\/\/eficasablanca.org\/wp-content\/uploads\/2023\/01\/Rentree-scolaire-2022-010.jpg\" alt=\"\" class=\"wp-image-2450\" srcset=\"https:\/\/eficasablanca.org\/wp-content\/uploads\/2023\/01\/Rentree-scolaire-2022-010.jpg 1018w, https:\/\/eficasablanca.org\/wp-content\/uploads\/2023\/01\/Rentree-scolaire-2022-010-300x188.jpg 300w, https:\/\/eficasablanca.org\/wp-content\/uploads\/2023\/01\/Rentree-scolaire-2022-010-768x481.jpg 768w, https:\/\/eficasablanca.org\/wp-content\/uploads\/2023\/01\/Rentree-scolaire-2022-010-18x12.jpg 18w, https:\/\/eficasablanca.org\/wp-content\/uploads\/2023\/01\/Rentree-scolaire-2022-010-600x376.jpg 600w\" sizes=\"(max-width: 1018px) 100vw, 1018px\" \/><\/figure>\n\n\n\n<figure class=\"wp-block-image size-large\"><img loading=\"lazy\" decoding=\"async\" width=\"1018\" height=\"638\" data-id=\"2451\" src=\"https:\/\/eficasablanca.org\/wp-content\/uploads\/2023\/01\/Rentree-scolaire-2022-001.jpg\" alt=\"\" class=\"wp-image-2451\" srcset=\"https:\/\/eficasablanca.org\/wp-content\/uploads\/2023\/01\/Rentree-scolaire-2022-001.jpg 1018w, https:\/\/eficasablanca.org\/wp-content\/uploads\/2023\/01\/Rentree-scolaire-2022-001-300x188.jpg 300w, https:\/\/eficasablanca.org\/wp-content\/uploads\/2023\/01\/Rentree-scolaire-2022-001-768x481.jpg 768w, https:\/\/eficasablanca.org\/wp-content\/uploads\/2023\/01\/Rentree-scolaire-2022-001-18x12.jpg 18w, https:\/\/eficasablanca.org\/wp-content\/uploads\/2023\/01\/Rentree-scolaire-2022-001-600x376.jpg 600w\" sizes=\"(max-width: 1018px) 100vw, 1018px\" \/><\/figure>\n\n\n\n<figure class=\"wp-block-image size-large\"><img loading=\"lazy\" decoding=\"async\" width=\"1018\" height=\"638\" data-id=\"2452\" src=\"https:\/\/eficasablanca.org\/wp-content\/uploads\/2023\/01\/Rentree-scolaire-2022-002.jpg\" alt=\"\" class=\"wp-image-2452\" srcset=\"https:\/\/eficasablanca.org\/wp-content\/uploads\/2023\/01\/Rentree-scolaire-2022-002.jpg 1018w, https:\/\/eficasablanca.org\/wp-content\/uploads\/2023\/01\/Rentree-scolaire-2022-002-300x188.jpg 300w, https:\/\/eficasablanca.org\/wp-content\/uploads\/2023\/01\/Rentree-scolaire-2022-002-768x481.jpg 768w, https:\/\/eficasablanca.org\/wp-content\/uploads\/2023\/01\/Rentree-scolaire-2022-002-18x12.jpg 18w, https:\/\/eficasablanca.org\/wp-content\/uploads\/2023\/01\/Rentree-scolaire-2022-002-600x376.jpg 600w\" sizes=\"(max-width: 1018px) 100vw, 1018px\" \/><\/figure>\n\n\n\n<figure class=\"wp-block-image size-large\"><img loading=\"lazy\" decoding=\"async\" width=\"1018\" height=\"638\" data-id=\"2453\" src=\"https:\/\/eficasablanca.org\/wp-content\/uploads\/2023\/01\/Rentree-scolaire-2022-003.jpg\" alt=\"\" class=\"wp-image-2453\" srcset=\"https:\/\/eficasablanca.org\/wp-content\/uploads\/2023\/01\/Rentree-scolaire-2022-003.jpg 1018w, https:\/\/eficasablanca.org\/wp-content\/uploads\/2023\/01\/Rentree-scolaire-2022-003-300x188.jpg 300w, https:\/\/eficasablanca.org\/wp-content\/uploads\/2023\/01\/Rentree-scolaire-2022-003-768x481.jpg 768w, https:\/\/eficasablanca.org\/wp-content\/uploads\/2023\/01\/Rentree-scolaire-2022-003-18x12.jpg 18w, https:\/\/eficasablanca.org\/wp-content\/uploads\/2023\/01\/Rentree-scolaire-2022-003-600x376.jpg 600w\" sizes=\"(max-width: 1018px) 100vw, 1018px\" \/><\/figure>\n\n\n\n<figure class=\"wp-block-image size-large\"><img loading=\"lazy\" decoding=\"async\" width=\"1018\" height=\"638\" data-id=\"2455\" src=\"https:\/\/eficasablanca.org\/wp-content\/uploads\/2023\/01\/Rentree-scolaire-2022-004.jpg\" alt=\"\" class=\"wp-image-2455\" srcset=\"https:\/\/eficasablanca.org\/wp-content\/uploads\/2023\/01\/Rentree-scolaire-2022-004.jpg 1018w, https:\/\/eficasablanca.org\/wp-content\/uploads\/2023\/01\/Rentree-scolaire-2022-004-300x188.jpg 300w, https:\/\/eficasablanca.org\/wp-content\/uploads\/2023\/01\/Rentree-scolaire-2022-004-768x481.jpg 768w, https:\/\/eficasablanca.org\/wp-content\/uploads\/2023\/01\/Rentree-scolaire-2022-004-18x12.jpg 18w, https:\/\/eficasablanca.org\/wp-content\/uploads\/2023\/01\/Rentree-scolaire-2022-004-600x376.jpg 600w\" sizes=\"(max-width: 1018px) 100vw, 1018px\" \/><\/figure>\n\n\n\n<figure class=\"wp-block-image size-large\"><img loading=\"lazy\" decoding=\"async\" width=\"1018\" height=\"638\" data-id=\"2457\" src=\"https:\/\/eficasablanca.org\/wp-content\/uploads\/2023\/01\/Rentree-scolaire-2022-005.jpg\" alt=\"\" class=\"wp-image-2457\" srcset=\"https:\/\/eficasablanca.org\/wp-content\/uploads\/2023\/01\/Rentree-scolaire-2022-005.jpg 1018w, https:\/\/eficasablanca.org\/wp-content\/uploads\/2023\/01\/Rentree-scolaire-2022-005-300x188.jpg 300w, https:\/\/eficasablanca.org\/wp-content\/uploads\/2023\/01\/Rentree-scolaire-2022-005-768x481.jpg 768w, https:\/\/eficasablanca.org\/wp-content\/uploads\/2023\/01\/Rentree-scolaire-2022-005-18x12.jpg 18w, https:\/\/eficasablanca.org\/wp-content\/uploads\/2023\/01\/Rentree-scolaire-2022-005-600x376.jpg 600w\" sizes=\"(max-width: 1018px) 100vw, 1018px\" \/><\/figure>\n\n\n\n<figure class=\"wp-block-image size-large\"><img loading=\"lazy\" decoding=\"async\" width=\"1018\" height=\"638\" data-id=\"2454\" src=\"https:\/\/eficasablanca.org\/wp-content\/uploads\/2023\/01\/Rentree-scolaire-2022-006.jpg\" alt=\"\" class=\"wp-image-2454\" srcset=\"https:\/\/eficasablanca.org\/wp-content\/uploads\/2023\/01\/Rentree-scolaire-2022-006.jpg 1018w, https:\/\/eficasablanca.org\/wp-content\/uploads\/2023\/01\/Rentree-scolaire-2022-006-300x188.jpg 300w, https:\/\/eficasablanca.org\/wp-content\/uploads\/2023\/01\/Rentree-scolaire-2022-006-768x481.jpg 768w, https:\/\/eficasablanca.org\/wp-content\/uploads\/2023\/01\/Rentree-scolaire-2022-006-18x12.jpg 18w, https:\/\/eficasablanca.org\/wp-content\/uploads\/2023\/01\/Rentree-scolaire-2022-006-600x376.jpg 600w\" sizes=\"(max-width: 1018px) 100vw, 1018px\" \/><\/figure>\n\n\n\n<figure class=\"wp-block-image size-large\"><img loading=\"lazy\" decoding=\"async\" width=\"1018\" height=\"638\" data-id=\"2456\" src=\"https:\/\/eficasablanca.org\/wp-content\/uploads\/2023\/01\/Rentree-scolaire-2022-007.jpg\" alt=\"\" class=\"wp-image-2456\" srcset=\"https:\/\/eficasablanca.org\/wp-content\/uploads\/2023\/01\/Rentree-scolaire-2022-007.jpg 1018w, https:\/\/eficasablanca.org\/wp-content\/uploads\/2023\/01\/Rentree-scolaire-2022-007-300x188.jpg 300w, https:\/\/eficasablanca.org\/wp-content\/uploads\/2023\/01\/Rentree-scolaire-2022-007-768x481.jpg 768w, https:\/\/eficasablanca.org\/wp-content\/uploads\/2023\/01\/Rentree-scolaire-2022-007-18x12.jpg 18w, https:\/\/eficasablanca.org\/wp-content\/uploads\/2023\/01\/Rentree-scolaire-2022-007-600x376.jpg 600w\" sizes=\"(max-width: 1018px) 100vw, 1018px\" \/><\/figure>\n\n\n\n<figure class=\"wp-block-image size-large\"><img loading=\"lazy\" decoding=\"async\" width=\"1018\" height=\"638\" data-id=\"2458\" src=\"https:\/\/eficasablanca.org\/wp-content\/uploads\/2023\/01\/Rentree-scolaire-2022-008.jpg\" alt=\"\" class=\"wp-image-2458\" srcset=\"https:\/\/eficasablanca.org\/wp-content\/uploads\/2023\/01\/Rentree-scolaire-2022-008.jpg 1018w, https:\/\/eficasablanca.org\/wp-content\/uploads\/2023\/01\/Rentree-scolaire-2022-008-300x188.jpg 300w, https:\/\/eficasablanca.org\/wp-content\/uploads\/2023\/01\/Rentree-scolaire-2022-008-768x481.jpg 768w, https:\/\/eficasablanca.org\/wp-content\/uploads\/2023\/01\/Rentree-scolaire-2022-008-18x12.jpg 18w, https:\/\/eficasablanca.org\/wp-content\/uploads\/2023\/01\/Rentree-scolaire-2022-008-600x376.jpg 600w\" sizes=\"(max-width: 1018px) 100vw, 1018px\" \/><\/figure>\n<\/figure>","protected":false},"excerpt":{"rendered":"<p>Les \u00e9l\u00e8ves de l\u2019EFI Casablanca ont regagn\u00e9 les bancs de l\u2019\u00e9cole le 02 septembre pour une nouvelle ann\u00e9e scolaire. Un moment toujours aussi \u00e9mouvant pour l\u2019ensemble de la communaut\u00e9 !Excellente ann\u00e9e scolaire \u00e0 toutes et \u00e0 tous !<\/p>","protected":false},"author":1,"featured_media":2452,"comment_status":"closed","ping_status":"open","sticky":false,"template":"","format":"standard","meta":{"_acf_changed":false,"footnotes":""},"categories":[21],"tags":[],"class_list":["post-2428","post","type-post","status-publish","format-standard","has-post-thumbnail","hentry","category-actualites"],"acf":[],"yoast_head":"<!-- This site is optimized with the Yoast SEO plugin v27.1.1 - https:\/\/yoast.com\/product\/yoast-seo-wordpress\/ -->\n<title>Rentr\u00e9e scolaire 2022-2023 - \u00c9cole Fran\u00e7aise Internationale de Casablanca<\/title>\n<meta name=\"description\" content=\"Les \u00e9l\u00e8ves de l\u2019EFI Casablanca ont regagn\u00e9 les bancs de l\u2019\u00e9cole le 02 septembre pour une nouvelle ann\u00e9e scolaire. Un moment toujours aussi \u00e9mouvant pour\" \/>\n<meta name=\"robots\" content=\"index, follow, max-snippet:-1, max-image-preview:large, max-video-preview:-1\" \/>\n<link rel=\"canonical\" href=\"https:\/\/eficasablanca.org\/en\/02-09-22\/\" \/>\n<meta property=\"og:locale\" content=\"en_US\" \/>\n<meta property=\"og:type\" content=\"article\" \/>\n<meta property=\"og:title\" content=\"Rentr\u00e9e scolaire 2022-2023 - \u00c9cole Fran\u00e7aise Internationale de Casablanca\" \/>\n<meta property=\"og:description\" content=\"Les \u00e9l\u00e8ves de l\u2019EFI Casablanca ont regagn\u00e9 les bancs de l\u2019\u00e9cole le 02 septembre pour une nouvelle ann\u00e9e scolaire. Un moment toujours aussi \u00e9mouvant pour\" \/>\n<meta property=\"og:url\" content=\"https:\/\/eficasablanca.org\/en\/02-09-22\/\" \/>\n<meta property=\"og:site_name\" content=\"\u00c9cole Fran\u00e7aise Internationale de Casablanca\" \/>\n<meta property=\"article:publisher\" content=\"https:\/\/www.facebook.com\/EFICasablanca\" \/>\n<meta property=\"article:published_time\" content=\"2022-09-02T08:09:00+00:00\" \/>\n<meta property=\"article:modified_time\" content=\"2023-01-22T09:16:16+00:00\" \/>\n<meta property=\"og:image\" content=\"https:\/\/eficasablanca.org\/wp-content\/uploads\/2023\/01\/Rentree-scolaire-2022-002.jpg\" \/>\n\t<meta property=\"og:image:width\" content=\"1018\" \/>\n\t<meta property=\"og:image:height\" content=\"638\" \/>\n\t<meta property=\"og:image:type\" content=\"image\/jpeg\" \/>\n<meta name=\"author\" content=\"medkod\" \/>\n<meta name=\"twitter:card\" content=\"summary_large_image\" \/>\n<meta name=\"twitter:label1\" content=\"Written by\" \/>\n\t<meta name=\"twitter:data1\" content=\"medkod\" \/>\n<script type=\"application\/ld+json\" class=\"yoast-schema-graph\">{\"@context\":\"https:\/\/schema.org\",\"@graph\":[{\"@type\":\"Article\",\"@id\":\"https:\/\/eficasablanca.org\/02-09-22\/#article\",\"isPartOf\":{\"@id\":\"https:\/\/eficasablanca.org\/02-09-22\/\"},\"author\":{\"name\":\"medkod\",\"@id\":\"https:\/\/eficasablanca.org\/#\/schema\/person\/c4a9a2258a6058698bb161bb395be51e\"},\"headline\":\"Rentr\u00e9e scolaire 2022-2023\",\"datePublished\":\"2022-09-02T08:09:00+00:00\",\"dateModified\":\"2023-01-22T09:16:16+00:00\",\"mainEntityOfPage\":{\"@id\":\"https:\/\/eficasablanca.org\/02-09-22\/\"},\"wordCount\":44,\"publisher\":{\"@id\":\"https:\/\/eficasablanca.org\/#organization\"},\"image\":{\"@id\":\"https:\/\/eficasablanca.org\/02-09-22\/#primaryimage\"},\"thumbnailUrl\":\"https:\/\/eficasablanca.org\/wp-content\/uploads\/2023\/01\/Rentree-scolaire-2022-002.jpg\",\"articleSection\":[\"Actualit\u00e9s\"],\"inLanguage\":\"en-US\"},{\"@type\":\"WebPage\",\"@id\":\"https:\/\/eficasablanca.org\/02-09-22\/\",\"url\":\"https:\/\/eficasablanca.org\/02-09-22\/\",\"name\":\"Rentr\u00e9e scolaire 2022-2023 - \u00c9cole Fran\u00e7aise Internationale de Casablanca\",\"isPartOf\":{\"@id\":\"https:\/\/eficasablanca.org\/#website\"},\"primaryImageOfPage\":{\"@id\":\"https:\/\/eficasablanca.org\/02-09-22\/#primaryimage\"},\"image\":{\"@id\":\"https:\/\/eficasablanca.org\/02-09-22\/#primaryimage\"},\"thumbnailUrl\":\"https:\/\/eficasablanca.org\/wp-content\/uploads\/2023\/01\/Rentree-scolaire-2022-002.jpg\",\"datePublished\":\"2022-09-02T08:09:00+00:00\",\"dateModified\":\"2023-01-22T09:16:16+00:00\",\"description\":\"Les \u00e9l\u00e8ves de l\u2019EFI Casablanca ont regagn\u00e9 les bancs de l\u2019\u00e9cole le 02 septembre pour une nouvelle ann\u00e9e scolaire. Un moment toujours aussi \u00e9mouvant pour\",\"breadcrumb\":{\"@id\":\"https:\/\/eficasablanca.org\/02-09-22\/#breadcrumb\"},\"inLanguage\":\"en-US\",\"potentialAction\":[{\"@type\":\"ReadAction\",\"target\":[\"https:\/\/eficasablanca.org\/02-09-22\/\"]}]},{\"@type\":\"ImageObject\",\"inLanguage\":\"en-US\",\"@id\":\"https:\/\/eficasablanca.org\/02-09-22\/#primaryimage\",\"url\":\"https:\/\/eficasablanca.org\/wp-content\/uploads\/2023\/01\/Rentree-scolaire-2022-002.jpg\",\"contentUrl\":\"https:\/\/eficasablanca.org\/wp-content\/uploads\/2023\/01\/Rentree-scolaire-2022-002.jpg\",\"width\":1018,\"height\":638},{\"@type\":\"BreadcrumbList\",\"@id\":\"https:\/\/eficasablanca.org\/02-09-22\/#breadcrumb\",\"itemListElement\":[{\"@type\":\"ListItem\",\"position\":1,\"name\":\"Accueil\",\"item\":\"https:\/\/eficasablanca.org\/\"},{\"@type\":\"ListItem\",\"position\":2,\"name\":\"Rentr\u00e9e scolaire 2022-2023\"}]},{\"@type\":\"WebSite\",\"@id\":\"https:\/\/eficasablanca.org\/#website\",\"url\":\"https:\/\/eficasablanca.org\/\",\"name\":\"\u00c9cole Fran\u00e7aise Internationale de Casablanca\",\"description\":\"L&#039;\u00c9cole Fran\u00e7aise Internationale\",\"publisher\":{\"@id\":\"https:\/\/eficasablanca.org\/#organization\"},\"potentialAction\":[{\"@type\":\"SearchAction\",\"target\":{\"@type\":\"EntryPoint\",\"urlTemplate\":\"https:\/\/eficasablanca.org\/?s={search_term_string}\"},\"query-input\":{\"@type\":\"PropertyValueSpecification\",\"valueRequired\":true,\"valueName\":\"search_term_string\"}}],\"inLanguage\":\"en-US\"},{\"@type\":\"Organization\",\"@id\":\"https:\/\/eficasablanca.org\/#organization\",\"name\":\"Ecole Fran\u00e7aise Internationale Casablanca\",\"url\":\"https:\/\/eficasablanca.org\/\",\"logo\":{\"@type\":\"ImageObject\",\"inLanguage\":\"en-US\",\"@id\":\"https:\/\/eficasablanca.org\/#\/schema\/logo\/image\/\",\"url\":\"https:\/\/eficasablanca.org\/wp-content\/uploads\/2022\/12\/Logo-EFI-DEF-1-1-02-1.webp\",\"contentUrl\":\"https:\/\/eficasablanca.org\/wp-content\/uploads\/2022\/12\/Logo-EFI-DEF-1-1-02-1.webp\",\"width\":644,\"height\":100,\"caption\":\"Ecole Fran\u00e7aise Internationale Casablanca\"},\"image\":{\"@id\":\"https:\/\/eficasablanca.org\/#\/schema\/logo\/image\/\"},\"sameAs\":[\"https:\/\/www.facebook.com\/EFICasablanca\",\"https:\/\/www.instagram.com\/efi_casablanca\/?hl=fr\",\"https:\/\/www.linkedin.com\/company\/efi-casablanca\/about\/?viewAsMember=true\"]},{\"@type\":\"Person\",\"@id\":\"https:\/\/eficasablanca.org\/#\/schema\/person\/c4a9a2258a6058698bb161bb395be51e\",\"name\":\"medkod\",\"sameAs\":[\"https:\/\/eficasablanca.org\"],\"url\":\"https:\/\/eficasablanca.org\/en\/author\/medkod\/\"}]}<\/script>\n<!-- \/ Yoast SEO plugin. -->","yoast_head_json":{"title":"Rentr\u00e9e scolaire 2022-2023 - \u00c9cole Fran\u00e7aise Internationale de Casablanca","description":"Les \u00e9l\u00e8ves de l\u2019EFI Casablanca ont regagn\u00e9 les bancs de l\u2019\u00e9cole le 02 septembre pour une nouvelle ann\u00e9e scolaire. Un moment toujours aussi \u00e9mouvant pour","robots":{"index":"index","follow":"follow","max-snippet":"max-snippet:-1","max-image-preview":"max-image-preview:large","max-video-preview":"max-video-preview:-1"},"canonical":"https:\/\/eficasablanca.org\/en\/02-09-22\/","og_locale":"en_US","og_type":"article","og_title":"Rentr\u00e9e scolaire 2022-2023 - \u00c9cole Fran\u00e7aise Internationale de Casablanca","og_description":"Les \u00e9l\u00e8ves de l\u2019EFI Casablanca ont regagn\u00e9 les bancs de l\u2019\u00e9cole le 02 septembre pour une nouvelle ann\u00e9e scolaire. Un moment toujours aussi \u00e9mouvant pour","og_url":"https:\/\/eficasablanca.org\/en\/02-09-22\/","og_site_name":"\u00c9cole Fran\u00e7aise Internationale de Casablanca","article_publisher":"https:\/\/www.facebook.com\/EFICasablanca","article_published_time":"2022-09-02T08:09:00+00:00","article_modified_time":"2023-01-22T09:16:16+00:00","og_image":[{"width":1018,"height":638,"url":"https:\/\/eficasablanca.org\/wp-content\/uploads\/2023\/01\/Rentree-scolaire-2022-002.jpg","type":"image\/jpeg"}],"author":"medkod","twitter_card":"summary_large_image","twitter_misc":{"Written by":"medkod"},"schema":{"@context":"https:\/\/schema.org","@graph":[{"@type":"Article","@id":"https:\/\/eficasablanca.org\/02-09-22\/#article","isPartOf":{"@id":"https:\/\/eficasablanca.org\/02-09-22\/"},"author":{"name":"medkod","@id":"https:\/\/eficasablanca.org\/#\/schema\/person\/c4a9a2258a6058698bb161bb395be51e"},"headline":"Rentr\u00e9e scolaire 2022-2023","datePublished":"2022-09-02T08:09:00+00:00","dateModified":"2023-01-22T09:16:16+00:00","mainEntityOfPage":{"@id":"https:\/\/eficasablanca.org\/02-09-22\/"},"wordCount":44,"publisher":{"@id":"https:\/\/eficasablanca.org\/#organization"},"image":{"@id":"https:\/\/eficasablanca.org\/02-09-22\/#primaryimage"},"thumbnailUrl":"https:\/\/eficasablanca.org\/wp-content\/uploads\/2023\/01\/Rentree-scolaire-2022-002.jpg","articleSection":["Actualit\u00e9s"],"inLanguage":"en-US"},{"@type":"WebPage","@id":"https:\/\/eficasablanca.org\/02-09-22\/","url":"https:\/\/eficasablanca.org\/02-09-22\/","name":"Rentr\u00e9e scolaire 2022-2023 - \u00c9cole Fran\u00e7aise Internationale de Casablanca","isPartOf":{"@id":"https:\/\/eficasablanca.org\/#website"},"primaryImageOfPage":{"@id":"https:\/\/eficasablanca.org\/02-09-22\/#primaryimage"},"image":{"@id":"https:\/\/eficasablanca.org\/02-09-22\/#primaryimage"},"thumbnailUrl":"https:\/\/eficasablanca.org\/wp-content\/uploads\/2023\/01\/Rentree-scolaire-2022-002.jpg","datePublished":"2022-09-02T08:09:00+00:00","dateModified":"2023-01-22T09:16:16+00:00","description":"Les \u00e9l\u00e8ves de l\u2019EFI Casablanca ont regagn\u00e9 les bancs de l\u2019\u00e9cole le 02 septembre pour une nouvelle ann\u00e9e scolaire. Un moment toujours aussi \u00e9mouvant pour","breadcrumb":{"@id":"https:\/\/eficasablanca.org\/02-09-22\/#breadcrumb"},"inLanguage":"en-US","potentialAction":[{"@type":"ReadAction","target":["https:\/\/eficasablanca.org\/02-09-22\/"]}]},{"@type":"ImageObject","inLanguage":"en-US","@id":"https:\/\/eficasablanca.org\/02-09-22\/#primaryimage","url":"https:\/\/eficasablanca.org\/wp-content\/uploads\/2023\/01\/Rentree-scolaire-2022-002.jpg","contentUrl":"https:\/\/eficasablanca.org\/wp-content\/uploads\/2023\/01\/Rentree-scolaire-2022-002.jpg","width":1018,"height":638},{"@type":"BreadcrumbList","@id":"https:\/\/eficasablanca.org\/02-09-22\/#breadcrumb","itemListElement":[{"@type":"ListItem","position":1,"name":"Accueil","item":"https:\/\/eficasablanca.org\/"},{"@type":"ListItem","position":2,"name":"Rentr\u00e9e scolaire 2022-2023"}]},{"@type":"WebSite","@id":"https:\/\/eficasablanca.org\/#website","url":"https:\/\/eficasablanca.org\/","name":"Casablanca International French School","description":"L&#039;\u00c9cole Fran\u00e7aise Internationale","publisher":{"@id":"https:\/\/eficasablanca.org\/#organization"},"potentialAction":[{"@type":"SearchAction","target":{"@type":"EntryPoint","urlTemplate":"https:\/\/eficasablanca.org\/?s={search_term_string}"},"query-input":{"@type":"PropertyValueSpecification","valueRequired":true,"valueName":"search_term_string"}}],"inLanguage":"en-US"},{"@type":"Organization","@id":"https:\/\/eficasablanca.org\/#organization","name":"Ecole Fran\u00e7aise Internationale Casablanca","url":"https:\/\/eficasablanca.org\/","logo":{"@type":"ImageObject","inLanguage":"en-US","@id":"https:\/\/eficasablanca.org\/#\/schema\/logo\/image\/","url":"https:\/\/eficasablanca.org\/wp-content\/uploads\/2022\/12\/Logo-EFI-DEF-1-1-02-1.webp","contentUrl":"https:\/\/eficasablanca.org\/wp-content\/uploads\/2022\/12\/Logo-EFI-DEF-1-1-02-1.webp","width":644,"height":100,"caption":"Ecole Fran\u00e7aise Internationale Casablanca"},"image":{"@id":"https:\/\/eficasablanca.org\/#\/schema\/logo\/image\/"},"sameAs":["https:\/\/www.facebook.com\/EFICasablanca","https:\/\/www.instagram.com\/efi_casablanca\/?hl=fr","https:\/\/www.linkedin.com\/company\/efi-casablanca\/about\/?viewAsMember=true"]},{"@type":"Person","@id":"https:\/\/eficasablanca.org\/#\/schema\/person\/c4a9a2258a6058698bb161bb395be51e","name":"medkod","sameAs":["https:\/\/eficasablanca.org"],"url":"https:\/\/eficasablanca.org\/en\/author\/medkod\/"}]}},"_links":{"self":[{"href":"https:\/\/eficasablanca.org\/en\/wp-json\/wp\/v2\/posts\/2428","targetHints":{"allow":["GET"]}}],"collection":[{"href":"https:\/\/eficasablanca.org\/en\/wp-json\/wp\/v2\/posts"}],"about":[{"href":"https:\/\/eficasablanca.org\/en\/wp-json\/wp\/v2\/types\/post"}],"author":[{"embeddable":true,"href":"https:\/\/eficasablanca.org\/en\/wp-json\/wp\/v2\/users\/1"}],"replies":[{"embeddable":true,"href":"https:\/\/eficasablanca.org\/en\/wp-json\/wp\/v2\/comments?post=2428"}],"version-history":[{"count":1,"href":"https:\/\/eficasablanca.org\/en\/wp-json\/wp\/v2\/posts\/2428\/revisions"}],"predecessor-version":[{"id":2459,"href":"https:\/\/eficasablanca.org\/en\/wp-json\/wp\/v2\/posts\/2428\/revisions\/2459"}],"wp:featuredmedia":[{"embeddable":true,"href":"https:\/\/eficasablanca.org\/en\/wp-json\/wp\/v2\/media\/2452"}],"wp:attachment":[{"href":"https:\/\/eficasablanca.org\/en\/wp-json\/wp\/v2\/media?parent=2428"}],"wp:term":[{"taxonomy":"category","embeddable":true,"href":"https:\/\/eficasablanca.org\/en\/wp-json\/wp\/v2\/categories?post=2428"},{"taxonomy":"post_tag","embeddable":true,"href":"https:\/\/eficasablanca.org\/en\/wp-json\/wp\/v2\/tags?post=2428"}],"curies":[{"name":"wp","href":"https:\/\/api.w.org\/{rel}","templated":true}]}}