{"id":2686,"date":"2022-03-22T13:59:00","date_gmt":"2022-03-22T12:59:00","guid":{"rendered":"https:\/\/eficasablanca.org\/?p=2686"},"modified":"2023-01-22T14:10:58","modified_gmt":"2023-01-22T13:10:58","slug":"semaine-de-la-presse-et-des-medias","status":"publish","type":"post","link":"https:\/\/eficasablanca.org\/en\/semaine-de-la-presse-et-des-medias\/","title":{"rendered":"Press and media week"},"content":{"rendered":"<p>The 33rd Press and Media Week on the theme \"Getting informed to understand the world\" took place from March 22 to 27, 2022! An operation organized by the Center for Media and Information Education (CLEMI) during which EFI students enjoyed reading magazines or newspapers in class, writing and analyzing press articles or to design a newspaper \u2013 distributed at the end of classes by little criers!<\/p>\n\n\n\n<p>To download the CM2 journal\u00a0<a href=\"\/wp-content\/uploads\/2023\/01\/Journal_CM2_2022.pdf\">&gt;&gt; click here &lt;&lt;<\/a><\/p>\n\n\n\n<figure class=\"wp-block-gallery has-nested-images columns-default is-cropped wp-block-gallery-1 is-layout-flex wp-block-gallery-is-layout-flex\">\n<figure class=\"wp-block-image size-large\"><a href=\"https:\/\/eficasablanca.org\/wp-content\/uploads\/2023\/01\/PRESSE-2022-001.jpg\" target=\"_blank\" rel=\"noopener\"><img fetchpriority=\"high\" decoding=\"async\" width=\"689\" height=\"372\" data-id=\"2725\" src=\"https:\/\/eficasablanca.org\/wp-content\/uploads\/2023\/01\/PRESSE-2022-001.jpg\" alt=\"\" class=\"wp-image-2725\" srcset=\"https:\/\/eficasablanca.org\/wp-content\/uploads\/2023\/01\/PRESSE-2022-001.jpg 689w, https:\/\/eficasablanca.org\/wp-content\/uploads\/2023\/01\/PRESSE-2022-001-300x162.jpg 300w, https:\/\/eficasablanca.org\/wp-content\/uploads\/2023\/01\/PRESSE-2022-001-18x10.jpg 18w, https:\/\/eficasablanca.org\/wp-content\/uploads\/2023\/01\/PRESSE-2022-001-600x324.jpg 600w\" sizes=\"(max-width: 689px) 100vw, 689px\" \/><\/a><\/figure>\n\n\n\n<figure class=\"wp-block-image size-large\"><a href=\"https:\/\/eficasablanca.org\/wp-content\/uploads\/2023\/01\/PRESSE-2022-002.jpg\" target=\"_blank\" rel=\"noopener\"><img decoding=\"async\" width=\"689\" height=\"372\" data-id=\"2726\" src=\"https:\/\/eficasablanca.org\/wp-content\/uploads\/2023\/01\/PRESSE-2022-002.jpg\" alt=\"\" class=\"wp-image-2726\" srcset=\"https:\/\/eficasablanca.org\/wp-content\/uploads\/2023\/01\/PRESSE-2022-002.jpg 689w, https:\/\/eficasablanca.org\/wp-content\/uploads\/2023\/01\/PRESSE-2022-002-300x162.jpg 300w, https:\/\/eficasablanca.org\/wp-content\/uploads\/2023\/01\/PRESSE-2022-002-18x10.jpg 18w, https:\/\/eficasablanca.org\/wp-content\/uploads\/2023\/01\/PRESSE-2022-002-600x324.jpg 600w\" sizes=\"(max-width: 689px) 100vw, 689px\" \/><\/a><\/figure>\n\n\n\n<figure class=\"wp-block-image size-large\"><a href=\"https:\/\/eficasablanca.org\/wp-content\/uploads\/2023\/01\/PRESSE-2022-003.jpg\" target=\"_blank\" rel=\"noopener\"><img decoding=\"async\" width=\"689\" height=\"372\" data-id=\"2727\" src=\"https:\/\/eficasablanca.org\/wp-content\/uploads\/2023\/01\/PRESSE-2022-003.jpg\" alt=\"\" class=\"wp-image-2727\" srcset=\"https:\/\/eficasablanca.org\/wp-content\/uploads\/2023\/01\/PRESSE-2022-003.jpg 689w, https:\/\/eficasablanca.org\/wp-content\/uploads\/2023\/01\/PRESSE-2022-003-300x162.jpg 300w, https:\/\/eficasablanca.org\/wp-content\/uploads\/2023\/01\/PRESSE-2022-003-18x10.jpg 18w, https:\/\/eficasablanca.org\/wp-content\/uploads\/2023\/01\/PRESSE-2022-003-600x324.jpg 600w\" sizes=\"(max-width: 689px) 100vw, 689px\" \/><\/a><\/figure>\n\n\n\n<figure class=\"wp-block-image size-large\"><a href=\"https:\/\/eficasablanca.org\/wp-content\/uploads\/2023\/01\/PRESSE-2022-004.jpg\" target=\"_blank\" rel=\"noopener\"><img loading=\"lazy\" decoding=\"async\" width=\"689\" height=\"372\" data-id=\"2728\" src=\"https:\/\/eficasablanca.org\/wp-content\/uploads\/2023\/01\/PRESSE-2022-004.jpg\" alt=\"\" class=\"wp-image-2728\" srcset=\"https:\/\/eficasablanca.org\/wp-content\/uploads\/2023\/01\/PRESSE-2022-004.jpg 689w, https:\/\/eficasablanca.org\/wp-content\/uploads\/2023\/01\/PRESSE-2022-004-300x162.jpg 300w, https:\/\/eficasablanca.org\/wp-content\/uploads\/2023\/01\/PRESSE-2022-004-18x10.jpg 18w, https:\/\/eficasablanca.org\/wp-content\/uploads\/2023\/01\/PRESSE-2022-004-600x324.jpg 600w\" sizes=\"(max-width: 689px) 100vw, 689px\" \/><\/a><\/figure>\n\n\n\n<figure class=\"wp-block-image size-large\"><a href=\"https:\/\/eficasablanca.org\/wp-content\/uploads\/2023\/01\/PRESSE-2022-005.jpg\" target=\"_blank\" rel=\"noopener\"><img loading=\"lazy\" decoding=\"async\" width=\"689\" height=\"372\" data-id=\"2729\" src=\"https:\/\/eficasablanca.org\/wp-content\/uploads\/2023\/01\/PRESSE-2022-005.jpg\" alt=\"\" class=\"wp-image-2729\" srcset=\"https:\/\/eficasablanca.org\/wp-content\/uploads\/2023\/01\/PRESSE-2022-005.jpg 689w, https:\/\/eficasablanca.org\/wp-content\/uploads\/2023\/01\/PRESSE-2022-005-300x162.jpg 300w, https:\/\/eficasablanca.org\/wp-content\/uploads\/2023\/01\/PRESSE-2022-005-18x10.jpg 18w, https:\/\/eficasablanca.org\/wp-content\/uploads\/2023\/01\/PRESSE-2022-005-600x324.jpg 600w\" sizes=\"(max-width: 689px) 100vw, 689px\" \/><\/a><\/figure>\n\n\n\n<figure class=\"wp-block-image size-large\"><a href=\"https:\/\/eficasablanca.org\/wp-content\/uploads\/2023\/01\/PRESSE-2022-006.jpg\" target=\"_blank\" rel=\"noopener\"><img loading=\"lazy\" decoding=\"async\" width=\"689\" height=\"372\" data-id=\"2730\" src=\"https:\/\/eficasablanca.org\/wp-content\/uploads\/2023\/01\/PRESSE-2022-006.jpg\" alt=\"\" class=\"wp-image-2730\" srcset=\"https:\/\/eficasablanca.org\/wp-content\/uploads\/2023\/01\/PRESSE-2022-006.jpg 689w, https:\/\/eficasablanca.org\/wp-content\/uploads\/2023\/01\/PRESSE-2022-006-300x162.jpg 300w, https:\/\/eficasablanca.org\/wp-content\/uploads\/2023\/01\/PRESSE-2022-006-18x10.jpg 18w, https:\/\/eficasablanca.org\/wp-content\/uploads\/2023\/01\/PRESSE-2022-006-600x324.jpg 600w\" sizes=\"(max-width: 689px) 100vw, 689px\" \/><\/a><\/figure>\n\n\n\n<figure class=\"wp-block-image size-large\"><a href=\"https:\/\/eficasablanca.org\/wp-content\/uploads\/2023\/01\/PRESSE-2022-007.jpg\" target=\"_blank\" rel=\"noopener\"><img loading=\"lazy\" decoding=\"async\" width=\"689\" height=\"372\" data-id=\"2731\" src=\"https:\/\/eficasablanca.org\/wp-content\/uploads\/2023\/01\/PRESSE-2022-007.jpg\" alt=\"\" class=\"wp-image-2731\" srcset=\"https:\/\/eficasablanca.org\/wp-content\/uploads\/2023\/01\/PRESSE-2022-007.jpg 689w, https:\/\/eficasablanca.org\/wp-content\/uploads\/2023\/01\/PRESSE-2022-007-300x162.jpg 300w, https:\/\/eficasablanca.org\/wp-content\/uploads\/2023\/01\/PRESSE-2022-007-18x10.jpg 18w, https:\/\/eficasablanca.org\/wp-content\/uploads\/2023\/01\/PRESSE-2022-007-600x324.jpg 600w\" sizes=\"(max-width: 689px) 100vw, 689px\" \/><\/a><\/figure>\n\n\n\n<figure class=\"wp-block-image size-large\"><a href=\"https:\/\/eficasablanca.org\/wp-content\/uploads\/2023\/01\/PRESSE-2022-008.jpg\" target=\"_blank\" rel=\"noopener\"><img loading=\"lazy\" decoding=\"async\" width=\"689\" height=\"372\" data-id=\"2732\" src=\"https:\/\/eficasablanca.org\/wp-content\/uploads\/2023\/01\/PRESSE-2022-008.jpg\" alt=\"\" class=\"wp-image-2732\" srcset=\"https:\/\/eficasablanca.org\/wp-content\/uploads\/2023\/01\/PRESSE-2022-008.jpg 689w, https:\/\/eficasablanca.org\/wp-content\/uploads\/2023\/01\/PRESSE-2022-008-300x162.jpg 300w, https:\/\/eficasablanca.org\/wp-content\/uploads\/2023\/01\/PRESSE-2022-008-18x10.jpg 18w, https:\/\/eficasablanca.org\/wp-content\/uploads\/2023\/01\/PRESSE-2022-008-600x324.jpg 600w\" sizes=\"(max-width: 689px) 100vw, 689px\" \/><\/a><\/figure>\n\n\n\n<figure class=\"wp-block-image size-large\"><a href=\"https:\/\/eficasablanca.org\/wp-content\/uploads\/2023\/01\/PRESSE-2022-009.jpg\" target=\"_blank\" rel=\"noopener\"><img loading=\"lazy\" decoding=\"async\" width=\"689\" height=\"372\" data-id=\"2733\" src=\"https:\/\/eficasablanca.org\/wp-content\/uploads\/2023\/01\/PRESSE-2022-009.jpg\" alt=\"\" class=\"wp-image-2733\" srcset=\"https:\/\/eficasablanca.org\/wp-content\/uploads\/2023\/01\/PRESSE-2022-009.jpg 689w, https:\/\/eficasablanca.org\/wp-content\/uploads\/2023\/01\/PRESSE-2022-009-300x162.jpg 300w, https:\/\/eficasablanca.org\/wp-content\/uploads\/2023\/01\/PRESSE-2022-009-18x10.jpg 18w, https:\/\/eficasablanca.org\/wp-content\/uploads\/2023\/01\/PRESSE-2022-009-600x324.jpg 600w\" sizes=\"(max-width: 689px) 100vw, 689px\" \/><\/a><\/figure>\n<\/figure>","protected":false},"excerpt":{"rendered":"<p>La 33\u00e8me Semaine de la presse et des m\u00e9dias sur le th\u00e8me \u00ab S\u2019informer pour comprendre le monde\u00a0\u00bb a eu lieu du 22 au 27 mars 2022 ! Une op\u00e9ration organis\u00e9e par le Centre pour l&rsquo;Education aux M\u00e9dias et \u00e0 l&rsquo;Information (CLEMI) durant laquelle les \u00e9l\u00e8ves de l\u2019EFI ont pris plaisir \u00e0 lire des magazines [&hellip;]<\/p>\n","protected":false},"author":1,"featured_media":2726,"comment_status":"closed","ping_status":"open","sticky":false,"template":"","format":"standard","meta":{"_acf_changed":false,"footnotes":""},"categories":[21],"tags":[45,43,46,44],"class_list":["post-2686","post","type-post","status-publish","format-standard","has-post-thumbnail","hentry","category-actualites","tag-clemi","tag-education","tag-efi","tag-medias"],"acf":[],"yoast_head":"<!-- This site is optimized with the Yoast SEO plugin v27.1.1 - https:\/\/yoast.com\/product\/yoast-seo-wordpress\/ -->\n<title>Semaine de la presse et des m\u00e9dias - \u00c9cole Fran\u00e7aise Internationale de Casablanca<\/title>\n<meta name=\"description\" content=\"La 33\u00e8me Semaine de la presse et des m\u00e9dias sur le th\u00e8me \u00ab S\u2019informer pour comprendre le monde\u00a0\u00bb a eu lieu du 22 au 27 mars 2022 ! Une op\u00e9ration organis\u00e9e\" \/>\n<meta name=\"robots\" content=\"index, follow, max-snippet:-1, max-image-preview:large, max-video-preview:-1\" \/>\n<link rel=\"canonical\" href=\"https:\/\/eficasablanca.org\/en\/semaine-de-la-presse-et-des-medias\/\" \/>\n<meta property=\"og:locale\" content=\"en_US\" \/>\n<meta property=\"og:type\" content=\"article\" \/>\n<meta property=\"og:title\" content=\"Semaine de la presse et des m\u00e9dias - \u00c9cole Fran\u00e7aise Internationale de Casablanca\" \/>\n<meta property=\"og:description\" content=\"La 33\u00e8me Semaine de la presse et des m\u00e9dias sur le th\u00e8me \u00ab S\u2019informer pour comprendre le monde\u00a0\u00bb a eu lieu du 22 au 27 mars 2022 ! Une op\u00e9ration organis\u00e9e\" \/>\n<meta property=\"og:url\" content=\"https:\/\/eficasablanca.org\/en\/semaine-de-la-presse-et-des-medias\/\" \/>\n<meta property=\"og:site_name\" content=\"\u00c9cole Fran\u00e7aise Internationale de Casablanca\" \/>\n<meta property=\"article:publisher\" content=\"https:\/\/www.facebook.com\/EFICasablanca\" \/>\n<meta property=\"article:published_time\" content=\"2022-03-22T12:59:00+00:00\" \/>\n<meta property=\"article:modified_time\" content=\"2023-01-22T13:10:58+00:00\" \/>\n<meta property=\"og:image\" content=\"https:\/\/eficasablanca.org\/wp-content\/uploads\/2023\/01\/PRESSE-2022-002.jpg\" \/>\n\t<meta property=\"og:image:width\" content=\"689\" \/>\n\t<meta property=\"og:image:height\" content=\"372\" \/>\n\t<meta property=\"og:image:type\" content=\"image\/jpeg\" \/>\n<meta name=\"author\" content=\"medkod\" \/>\n<meta name=\"twitter:card\" content=\"summary_large_image\" \/>\n<meta name=\"twitter:label1\" content=\"Written by\" \/>\n\t<meta name=\"twitter:data1\" content=\"medkod\" \/>\n<script type=\"application\/ld+json\" class=\"yoast-schema-graph\">{\"@context\":\"https:\/\/schema.org\",\"@graph\":[{\"@type\":\"Article\",\"@id\":\"https:\/\/eficasablanca.org\/semaine-de-la-presse-et-des-medias\/#article\",\"isPartOf\":{\"@id\":\"https:\/\/eficasablanca.org\/semaine-de-la-presse-et-des-medias\/\"},\"author\":{\"name\":\"medkod\",\"@id\":\"https:\/\/eficasablanca.org\/#\/schema\/person\/c4a9a2258a6058698bb161bb395be51e\"},\"headline\":\"Semaine de la presse et des m\u00e9dias\",\"datePublished\":\"2022-03-22T12:59:00+00:00\",\"dateModified\":\"2023-01-22T13:10:58+00:00\",\"mainEntityOfPage\":{\"@id\":\"https:\/\/eficasablanca.org\/semaine-de-la-presse-et-des-medias\/\"},\"wordCount\":103,\"publisher\":{\"@id\":\"https:\/\/eficasablanca.org\/#organization\"},\"image\":{\"@id\":\"https:\/\/eficasablanca.org\/semaine-de-la-presse-et-des-medias\/#primaryimage\"},\"thumbnailUrl\":\"https:\/\/eficasablanca.org\/wp-content\/uploads\/2023\/01\/PRESSE-2022-002.jpg\",\"keywords\":[\"CLEMI\",\"education\",\"EFI\",\"medias\"],\"articleSection\":[\"Actualit\u00e9s\"],\"inLanguage\":\"en-US\"},{\"@type\":\"WebPage\",\"@id\":\"https:\/\/eficasablanca.org\/semaine-de-la-presse-et-des-medias\/\",\"url\":\"https:\/\/eficasablanca.org\/semaine-de-la-presse-et-des-medias\/\",\"name\":\"Semaine de la presse et des m\u00e9dias - \u00c9cole Fran\u00e7aise Internationale de Casablanca\",\"isPartOf\":{\"@id\":\"https:\/\/eficasablanca.org\/#website\"},\"primaryImageOfPage\":{\"@id\":\"https:\/\/eficasablanca.org\/semaine-de-la-presse-et-des-medias\/#primaryimage\"},\"image\":{\"@id\":\"https:\/\/eficasablanca.org\/semaine-de-la-presse-et-des-medias\/#primaryimage\"},\"thumbnailUrl\":\"https:\/\/eficasablanca.org\/wp-content\/uploads\/2023\/01\/PRESSE-2022-002.jpg\",\"datePublished\":\"2022-03-22T12:59:00+00:00\",\"dateModified\":\"2023-01-22T13:10:58+00:00\",\"description\":\"La 33\u00e8me Semaine de la presse et des m\u00e9dias sur le th\u00e8me \u00ab S\u2019informer pour comprendre le monde\u00a0\u00bb a eu lieu du 22 au 27 mars 2022 ! Une op\u00e9ration organis\u00e9e\",\"breadcrumb\":{\"@id\":\"https:\/\/eficasablanca.org\/semaine-de-la-presse-et-des-medias\/#breadcrumb\"},\"inLanguage\":\"en-US\",\"potentialAction\":[{\"@type\":\"ReadAction\",\"target\":[\"https:\/\/eficasablanca.org\/semaine-de-la-presse-et-des-medias\/\"]}]},{\"@type\":\"ImageObject\",\"inLanguage\":\"en-US\",\"@id\":\"https:\/\/eficasablanca.org\/semaine-de-la-presse-et-des-medias\/#primaryimage\",\"url\":\"https:\/\/eficasablanca.org\/wp-content\/uploads\/2023\/01\/PRESSE-2022-002.jpg\",\"contentUrl\":\"https:\/\/eficasablanca.org\/wp-content\/uploads\/2023\/01\/PRESSE-2022-002.jpg\",\"width\":689,\"height\":372},{\"@type\":\"BreadcrumbList\",\"@id\":\"https:\/\/eficasablanca.org\/semaine-de-la-presse-et-des-medias\/#breadcrumb\",\"itemListElement\":[{\"@type\":\"ListItem\",\"position\":1,\"name\":\"Accueil\",\"item\":\"https:\/\/eficasablanca.org\/\"},{\"@type\":\"ListItem\",\"position\":2,\"name\":\"Semaine de la presse et des m\u00e9dias\"}]},{\"@type\":\"WebSite\",\"@id\":\"https:\/\/eficasablanca.org\/#website\",\"url\":\"https:\/\/eficasablanca.org\/\",\"name\":\"\u00c9cole Fran\u00e7aise Internationale de Casablanca\",\"description\":\"L&#039;\u00c9cole Fran\u00e7aise Internationale\",\"publisher\":{\"@id\":\"https:\/\/eficasablanca.org\/#organization\"},\"potentialAction\":[{\"@type\":\"SearchAction\",\"target\":{\"@type\":\"EntryPoint\",\"urlTemplate\":\"https:\/\/eficasablanca.org\/?s={search_term_string}\"},\"query-input\":{\"@type\":\"PropertyValueSpecification\",\"valueRequired\":true,\"valueName\":\"search_term_string\"}}],\"inLanguage\":\"en-US\"},{\"@type\":\"Organization\",\"@id\":\"https:\/\/eficasablanca.org\/#organization\",\"name\":\"Ecole Fran\u00e7aise Internationale Casablanca\",\"url\":\"https:\/\/eficasablanca.org\/\",\"logo\":{\"@type\":\"ImageObject\",\"inLanguage\":\"en-US\",\"@id\":\"https:\/\/eficasablanca.org\/#\/schema\/logo\/image\/\",\"url\":\"https:\/\/eficasablanca.org\/wp-content\/uploads\/2022\/12\/Logo-EFI-DEF-1-1-02-1.webp\",\"contentUrl\":\"https:\/\/eficasablanca.org\/wp-content\/uploads\/2022\/12\/Logo-EFI-DEF-1-1-02-1.webp\",\"width\":644,\"height\":100,\"caption\":\"Ecole Fran\u00e7aise Internationale Casablanca\"},\"image\":{\"@id\":\"https:\/\/eficasablanca.org\/#\/schema\/logo\/image\/\"},\"sameAs\":[\"https:\/\/www.facebook.com\/EFICasablanca\",\"https:\/\/www.instagram.com\/efi_casablanca\/?hl=fr\",\"https:\/\/www.linkedin.com\/company\/efi-casablanca\/about\/?viewAsMember=true\"]},{\"@type\":\"Person\",\"@id\":\"https:\/\/eficasablanca.org\/#\/schema\/person\/c4a9a2258a6058698bb161bb395be51e\",\"name\":\"medkod\",\"sameAs\":[\"https:\/\/eficasablanca.org\"],\"url\":\"https:\/\/eficasablanca.org\/en\/author\/medkod\/\"}]}<\/script>\n<!-- \/ Yoast SEO plugin. -->","yoast_head_json":{"title":"Semaine de la presse et des m\u00e9dias - \u00c9cole Fran\u00e7aise Internationale de Casablanca","description":"La 33\u00e8me Semaine de la presse et des m\u00e9dias sur le th\u00e8me \u00ab S\u2019informer pour comprendre le monde\u00a0\u00bb a eu lieu du 22 au 27 mars 2022 ! Une op\u00e9ration organis\u00e9e","robots":{"index":"index","follow":"follow","max-snippet":"max-snippet:-1","max-image-preview":"max-image-preview:large","max-video-preview":"max-video-preview:-1"},"canonical":"https:\/\/eficasablanca.org\/en\/semaine-de-la-presse-et-des-medias\/","og_locale":"en_US","og_type":"article","og_title":"Semaine de la presse et des m\u00e9dias - \u00c9cole Fran\u00e7aise Internationale de Casablanca","og_description":"La 33\u00e8me Semaine de la presse et des m\u00e9dias sur le th\u00e8me \u00ab S\u2019informer pour comprendre le monde\u00a0\u00bb a eu lieu du 22 au 27 mars 2022 ! Une op\u00e9ration organis\u00e9e","og_url":"https:\/\/eficasablanca.org\/en\/semaine-de-la-presse-et-des-medias\/","og_site_name":"\u00c9cole Fran\u00e7aise Internationale de Casablanca","article_publisher":"https:\/\/www.facebook.com\/EFICasablanca","article_published_time":"2022-03-22T12:59:00+00:00","article_modified_time":"2023-01-22T13:10:58+00:00","og_image":[{"width":689,"height":372,"url":"https:\/\/eficasablanca.org\/wp-content\/uploads\/2023\/01\/PRESSE-2022-002.jpg","type":"image\/jpeg"}],"author":"medkod","twitter_card":"summary_large_image","twitter_misc":{"Written by":"medkod"},"schema":{"@context":"https:\/\/schema.org","@graph":[{"@type":"Article","@id":"https:\/\/eficasablanca.org\/semaine-de-la-presse-et-des-medias\/#article","isPartOf":{"@id":"https:\/\/eficasablanca.org\/semaine-de-la-presse-et-des-medias\/"},"author":{"name":"medkod","@id":"https:\/\/eficasablanca.org\/#\/schema\/person\/c4a9a2258a6058698bb161bb395be51e"},"headline":"Semaine de la presse et des m\u00e9dias","datePublished":"2022-03-22T12:59:00+00:00","dateModified":"2023-01-22T13:10:58+00:00","mainEntityOfPage":{"@id":"https:\/\/eficasablanca.org\/semaine-de-la-presse-et-des-medias\/"},"wordCount":103,"publisher":{"@id":"https:\/\/eficasablanca.org\/#organization"},"image":{"@id":"https:\/\/eficasablanca.org\/semaine-de-la-presse-et-des-medias\/#primaryimage"},"thumbnailUrl":"https:\/\/eficasablanca.org\/wp-content\/uploads\/2023\/01\/PRESSE-2022-002.jpg","keywords":["CLEMI","education","EFI","medias"],"articleSection":["Actualit\u00e9s"],"inLanguage":"en-US"},{"@type":"WebPage","@id":"https:\/\/eficasablanca.org\/semaine-de-la-presse-et-des-medias\/","url":"https:\/\/eficasablanca.org\/semaine-de-la-presse-et-des-medias\/","name":"Semaine de la presse et des m\u00e9dias - \u00c9cole Fran\u00e7aise Internationale de Casablanca","isPartOf":{"@id":"https:\/\/eficasablanca.org\/#website"},"primaryImageOfPage":{"@id":"https:\/\/eficasablanca.org\/semaine-de-la-presse-et-des-medias\/#primaryimage"},"image":{"@id":"https:\/\/eficasablanca.org\/semaine-de-la-presse-et-des-medias\/#primaryimage"},"thumbnailUrl":"https:\/\/eficasablanca.org\/wp-content\/uploads\/2023\/01\/PRESSE-2022-002.jpg","datePublished":"2022-03-22T12:59:00+00:00","dateModified":"2023-01-22T13:10:58+00:00","description":"La 33\u00e8me Semaine de la presse et des m\u00e9dias sur le th\u00e8me \u00ab S\u2019informer pour comprendre le monde\u00a0\u00bb a eu lieu du 22 au 27 mars 2022 ! Une op\u00e9ration organis\u00e9e","breadcrumb":{"@id":"https:\/\/eficasablanca.org\/semaine-de-la-presse-et-des-medias\/#breadcrumb"},"inLanguage":"en-US","potentialAction":[{"@type":"ReadAction","target":["https:\/\/eficasablanca.org\/semaine-de-la-presse-et-des-medias\/"]}]},{"@type":"ImageObject","inLanguage":"en-US","@id":"https:\/\/eficasablanca.org\/semaine-de-la-presse-et-des-medias\/#primaryimage","url":"https:\/\/eficasablanca.org\/wp-content\/uploads\/2023\/01\/PRESSE-2022-002.jpg","contentUrl":"https:\/\/eficasablanca.org\/wp-content\/uploads\/2023\/01\/PRESSE-2022-002.jpg","width":689,"height":372},{"@type":"BreadcrumbList","@id":"https:\/\/eficasablanca.org\/semaine-de-la-presse-et-des-medias\/#breadcrumb","itemListElement":[{"@type":"ListItem","position":1,"name":"Accueil","item":"https:\/\/eficasablanca.org\/"},{"@type":"ListItem","position":2,"name":"Semaine de la presse et des m\u00e9dias"}]},{"@type":"WebSite","@id":"https:\/\/eficasablanca.org\/#website","url":"https:\/\/eficasablanca.org\/","name":"Casablanca International French School","description":"L&#039;\u00c9cole Fran\u00e7aise Internationale","publisher":{"@id":"https:\/\/eficasablanca.org\/#organization"},"potentialAction":[{"@type":"SearchAction","target":{"@type":"EntryPoint","urlTemplate":"https:\/\/eficasablanca.org\/?s={search_term_string}"},"query-input":{"@type":"PropertyValueSpecification","valueRequired":true,"valueName":"search_term_string"}}],"inLanguage":"en-US"},{"@type":"Organization","@id":"https:\/\/eficasablanca.org\/#organization","name":"Ecole Fran\u00e7aise Internationale Casablanca","url":"https:\/\/eficasablanca.org\/","logo":{"@type":"ImageObject","inLanguage":"en-US","@id":"https:\/\/eficasablanca.org\/#\/schema\/logo\/image\/","url":"https:\/\/eficasablanca.org\/wp-content\/uploads\/2022\/12\/Logo-EFI-DEF-1-1-02-1.webp","contentUrl":"https:\/\/eficasablanca.org\/wp-content\/uploads\/2022\/12\/Logo-EFI-DEF-1-1-02-1.webp","width":644,"height":100,"caption":"Ecole Fran\u00e7aise Internationale Casablanca"},"image":{"@id":"https:\/\/eficasablanca.org\/#\/schema\/logo\/image\/"},"sameAs":["https:\/\/www.facebook.com\/EFICasablanca","https:\/\/www.instagram.com\/efi_casablanca\/?hl=fr","https:\/\/www.linkedin.com\/company\/efi-casablanca\/about\/?viewAsMember=true"]},{"@type":"Person","@id":"https:\/\/eficasablanca.org\/#\/schema\/person\/c4a9a2258a6058698bb161bb395be51e","name":"medkod","sameAs":["https:\/\/eficasablanca.org"],"url":"https:\/\/eficasablanca.org\/en\/author\/medkod\/"}]}},"_links":{"self":[{"href":"https:\/\/eficasablanca.org\/en\/wp-json\/wp\/v2\/posts\/2686","targetHints":{"allow":["GET"]}}],"collection":[{"href":"https:\/\/eficasablanca.org\/en\/wp-json\/wp\/v2\/posts"}],"about":[{"href":"https:\/\/eficasablanca.org\/en\/wp-json\/wp\/v2\/types\/post"}],"author":[{"embeddable":true,"href":"https:\/\/eficasablanca.org\/en\/wp-json\/wp\/v2\/users\/1"}],"replies":[{"embeddable":true,"href":"https:\/\/eficasablanca.org\/en\/wp-json\/wp\/v2\/comments?post=2686"}],"version-history":[{"count":1,"href":"https:\/\/eficasablanca.org\/en\/wp-json\/wp\/v2\/posts\/2686\/revisions"}],"predecessor-version":[{"id":2734,"href":"https:\/\/eficasablanca.org\/en\/wp-json\/wp\/v2\/posts\/2686\/revisions\/2734"}],"wp:featuredmedia":[{"embeddable":true,"href":"https:\/\/eficasablanca.org\/en\/wp-json\/wp\/v2\/media\/2726"}],"wp:attachment":[{"href":"https:\/\/eficasablanca.org\/en\/wp-json\/wp\/v2\/media?parent=2686"}],"wp:term":[{"taxonomy":"category","embeddable":true,"href":"https:\/\/eficasablanca.org\/en\/wp-json\/wp\/v2\/categories?post=2686"},{"taxonomy":"post_tag","embeddable":true,"href":"https:\/\/eficasablanca.org\/en\/wp-json\/wp\/v2\/tags?post=2686"}],"curies":[{"name":"wp","href":"https:\/\/api.w.org\/{rel}","templated":true}]}}