{"id":3591,"date":"2022-09-13T11:47:00","date_gmt":"2022-09-13T09:47:00","guid":{"rendered":"https:\/\/eficasablanca.org\/?p=3591"},"modified":"2023-03-29T02:47:47","modified_gmt":"2023-03-29T00:47:47","slug":"13-09-22e","status":"publish","type":"post","link":"https:\/\/eficasablanca.org\/en\/13-09-22e\/","title":{"rendered":"Open Day Saturday, March 11, 2023"},"content":{"rendered":"<p>The French International School of Casablanca is organizing an Open House on Saturday, March 11, 2023 at 9am.<\/p>\n\n\n\n<p><strong>Programme :<\/strong><\/p>\n\n\n\n<ul class=\"wp-block-list\">\n<li>From 09 to 09h30 : welcome coffee<\/li>\n\n\n\n<li>From 09h30 to 10h30: presentation of the establishment followed by a question and answer session<\/li>\n\n\n\n<li>From 10:30 am to 11 am: visit of the establishment<\/li>\n\n\n\n<li>From 11am to 1pm: individual interviews with the management and teaching team<\/li>\n<\/ul>\n\n\n\n<p><strong>To register, please fill out the following form:&nbsp;<\/strong><a href=\"https:\/\/urlz.fr\/kgsl\">&gt;&gt; Click here &lt;&lt;<\/a><\/p>","protected":false},"excerpt":{"rendered":"<p>L\u2019Ecole Fran\u00e7aise Internationale de Casablanca organise une Journ\u00e9e Portes Ouvertes samedi 11 mars 2023 \u00e0 9h . Programme : Pour s\u2019y inscrire, pri\u00e8re de remplir le formulaire suivant&nbsp;:&nbsp;&gt;&gt; Cliquez ici &lt;&lt;<\/p>","protected":false},"author":1,"featured_media":558,"comment_status":"closed","ping_status":"closed","sticky":false,"template":"","format":"standard","meta":{"_acf_changed":false,"footnotes":""},"categories":[22],"tags":[],"class_list":["post-3591","post","type-post","status-publish","format-standard","has-post-thumbnail","hentry","category-evenements"],"acf":[],"yoast_head":"<!-- This site is optimized with the Yoast SEO plugin v27.1.1 - https:\/\/yoast.com\/product\/yoast-seo-wordpress\/ -->\n<title>Journ\u00e9e Portes Ouvertes samedi 11 mars 2023 - \u00c9cole Fran\u00e7aise Internationale de Casablanca<\/title>\n<meta name=\"description\" content=\"L\u2019Ecole Fran\u00e7aise Internationale de Casablanca organise une Journ\u00e9e Portes Ouvertes samedi 11 mars 2023 \u00e0 9h . Programme : De 09 \u00e0 09h30 : caf\u00e9 d\u2019accueil\" \/>\n<meta name=\"robots\" content=\"index, follow, max-snippet:-1, max-image-preview:large, max-video-preview:-1\" \/>\n<link rel=\"canonical\" href=\"https:\/\/eficasablanca.org\/en\/13-09-22e\/\" \/>\n<meta property=\"og:locale\" content=\"en_US\" \/>\n<meta property=\"og:type\" content=\"article\" \/>\n<meta property=\"og:title\" content=\"Journ\u00e9e Portes Ouvertes samedi 11 mars 2023 - \u00c9cole Fran\u00e7aise Internationale de Casablanca\" \/>\n<meta property=\"og:description\" content=\"L\u2019Ecole Fran\u00e7aise Internationale de Casablanca organise une Journ\u00e9e Portes Ouvertes samedi 11 mars 2023 \u00e0 9h . Programme : De 09 \u00e0 09h30 : caf\u00e9 d\u2019accueil\" \/>\n<meta property=\"og:url\" content=\"https:\/\/eficasablanca.org\/en\/13-09-22e\/\" \/>\n<meta property=\"og:site_name\" content=\"\u00c9cole Fran\u00e7aise Internationale de Casablanca\" \/>\n<meta property=\"article:publisher\" content=\"https:\/\/www.facebook.com\/EFICasablanca\" \/>\n<meta property=\"article:published_time\" content=\"2022-09-13T09:47:00+00:00\" \/>\n<meta property=\"article:modified_time\" content=\"2023-03-29T00:47:47+00:00\" \/>\n<meta property=\"og:image\" content=\"https:\/\/eficasablanca.org\/wp-content\/uploads\/2022\/12\/about-efi-img-06.webp\" \/>\n\t<meta property=\"og:image:width\" content=\"1323\" \/>\n\t<meta property=\"og:image:height\" content=\"900\" \/>\n\t<meta property=\"og:image:type\" content=\"image\/webp\" \/>\n<meta name=\"author\" content=\"medkod\" \/>\n<meta name=\"twitter:card\" content=\"summary_large_image\" \/>\n<meta name=\"twitter:label1\" content=\"Written by\" \/>\n\t<meta name=\"twitter:data1\" content=\"medkod\" \/>\n<script type=\"application\/ld+json\" class=\"yoast-schema-graph\">{\"@context\":\"https:\/\/schema.org\",\"@graph\":[{\"@type\":\"Article\",\"@id\":\"https:\/\/eficasablanca.org\/13-09-22e\/#article\",\"isPartOf\":{\"@id\":\"https:\/\/eficasablanca.org\/13-09-22e\/\"},\"author\":{\"name\":\"medkod\",\"@id\":\"https:\/\/eficasablanca.org\/#\/schema\/person\/c4a9a2258a6058698bb161bb395be51e\"},\"headline\":\"Journ\u00e9e Portes Ouvertes samedi 11 mars 2023\",\"datePublished\":\"2022-09-13T09:47:00+00:00\",\"dateModified\":\"2023-03-29T00:47:47+00:00\",\"mainEntityOfPage\":{\"@id\":\"https:\/\/eficasablanca.org\/13-09-22e\/\"},\"wordCount\":81,\"publisher\":{\"@id\":\"https:\/\/eficasablanca.org\/#organization\"},\"image\":{\"@id\":\"https:\/\/eficasablanca.org\/13-09-22e\/#primaryimage\"},\"thumbnailUrl\":\"https:\/\/eficasablanca.org\/wp-content\/uploads\/2022\/12\/about-efi-img-06.webp\",\"articleSection\":[\"\u00c9v\u00e8nements\"],\"inLanguage\":\"en-US\"},{\"@type\":\"WebPage\",\"@id\":\"https:\/\/eficasablanca.org\/13-09-22e\/\",\"url\":\"https:\/\/eficasablanca.org\/13-09-22e\/\",\"name\":\"Journ\u00e9e Portes Ouvertes samedi 11 mars 2023 - \u00c9cole Fran\u00e7aise Internationale de Casablanca\",\"isPartOf\":{\"@id\":\"https:\/\/eficasablanca.org\/#website\"},\"primaryImageOfPage\":{\"@id\":\"https:\/\/eficasablanca.org\/13-09-22e\/#primaryimage\"},\"image\":{\"@id\":\"https:\/\/eficasablanca.org\/13-09-22e\/#primaryimage\"},\"thumbnailUrl\":\"https:\/\/eficasablanca.org\/wp-content\/uploads\/2022\/12\/about-efi-img-06.webp\",\"datePublished\":\"2022-09-13T09:47:00+00:00\",\"dateModified\":\"2023-03-29T00:47:47+00:00\",\"description\":\"L\u2019Ecole Fran\u00e7aise Internationale de Casablanca organise une Journ\u00e9e Portes Ouvertes samedi 11 mars 2023 \u00e0 9h . Programme : De 09 \u00e0 09h30 : caf\u00e9 d\u2019accueil\",\"breadcrumb\":{\"@id\":\"https:\/\/eficasablanca.org\/13-09-22e\/#breadcrumb\"},\"inLanguage\":\"en-US\",\"potentialAction\":[{\"@type\":\"ReadAction\",\"target\":[\"https:\/\/eficasablanca.org\/13-09-22e\/\"]}]},{\"@type\":\"ImageObject\",\"inLanguage\":\"en-US\",\"@id\":\"https:\/\/eficasablanca.org\/13-09-22e\/#primaryimage\",\"url\":\"https:\/\/eficasablanca.org\/wp-content\/uploads\/2022\/12\/about-efi-img-06.webp\",\"contentUrl\":\"https:\/\/eficasablanca.org\/wp-content\/uploads\/2022\/12\/about-efi-img-06.webp\",\"width\":1323,\"height\":900},{\"@type\":\"BreadcrumbList\",\"@id\":\"https:\/\/eficasablanca.org\/13-09-22e\/#breadcrumb\",\"itemListElement\":[{\"@type\":\"ListItem\",\"position\":1,\"name\":\"Accueil\",\"item\":\"https:\/\/eficasablanca.org\/\"},{\"@type\":\"ListItem\",\"position\":2,\"name\":\"Journ\u00e9e Portes Ouvertes samedi 11 mars 2023\"}]},{\"@type\":\"WebSite\",\"@id\":\"https:\/\/eficasablanca.org\/#website\",\"url\":\"https:\/\/eficasablanca.org\/\",\"name\":\"\u00c9cole Fran\u00e7aise Internationale de Casablanca\",\"description\":\"L&#039;\u00c9cole Fran\u00e7aise Internationale\",\"publisher\":{\"@id\":\"https:\/\/eficasablanca.org\/#organization\"},\"potentialAction\":[{\"@type\":\"SearchAction\",\"target\":{\"@type\":\"EntryPoint\",\"urlTemplate\":\"https:\/\/eficasablanca.org\/?s={search_term_string}\"},\"query-input\":{\"@type\":\"PropertyValueSpecification\",\"valueRequired\":true,\"valueName\":\"search_term_string\"}}],\"inLanguage\":\"en-US\"},{\"@type\":\"Organization\",\"@id\":\"https:\/\/eficasablanca.org\/#organization\",\"name\":\"Ecole Fran\u00e7aise Internationale Casablanca\",\"url\":\"https:\/\/eficasablanca.org\/\",\"logo\":{\"@type\":\"ImageObject\",\"inLanguage\":\"en-US\",\"@id\":\"https:\/\/eficasablanca.org\/#\/schema\/logo\/image\/\",\"url\":\"https:\/\/eficasablanca.org\/wp-content\/uploads\/2022\/12\/Logo-EFI-DEF-1-1-02-1.webp\",\"contentUrl\":\"https:\/\/eficasablanca.org\/wp-content\/uploads\/2022\/12\/Logo-EFI-DEF-1-1-02-1.webp\",\"width\":644,\"height\":100,\"caption\":\"Ecole Fran\u00e7aise Internationale Casablanca\"},\"image\":{\"@id\":\"https:\/\/eficasablanca.org\/#\/schema\/logo\/image\/\"},\"sameAs\":[\"https:\/\/www.facebook.com\/EFICasablanca\",\"https:\/\/www.instagram.com\/efi_casablanca\/?hl=fr\",\"https:\/\/www.linkedin.com\/company\/efi-casablanca\/about\/?viewAsMember=true\"]},{\"@type\":\"Person\",\"@id\":\"https:\/\/eficasablanca.org\/#\/schema\/person\/c4a9a2258a6058698bb161bb395be51e\",\"name\":\"medkod\",\"sameAs\":[\"https:\/\/eficasablanca.org\"],\"url\":\"https:\/\/eficasablanca.org\/en\/author\/medkod\/\"}]}<\/script>\n<!-- \/ Yoast SEO plugin. -->","yoast_head_json":{"title":"Journ\u00e9e Portes Ouvertes samedi 11 mars 2023 - \u00c9cole Fran\u00e7aise Internationale de Casablanca","description":"L\u2019Ecole Fran\u00e7aise Internationale de Casablanca organise une Journ\u00e9e Portes Ouvertes samedi 11 mars 2023 \u00e0 9h . Programme : De 09 \u00e0 09h30 : caf\u00e9 d\u2019accueil","robots":{"index":"index","follow":"follow","max-snippet":"max-snippet:-1","max-image-preview":"max-image-preview:large","max-video-preview":"max-video-preview:-1"},"canonical":"https:\/\/eficasablanca.org\/en\/13-09-22e\/","og_locale":"en_US","og_type":"article","og_title":"Journ\u00e9e Portes Ouvertes samedi 11 mars 2023 - \u00c9cole Fran\u00e7aise Internationale de Casablanca","og_description":"L\u2019Ecole Fran\u00e7aise Internationale de Casablanca organise une Journ\u00e9e Portes Ouvertes samedi 11 mars 2023 \u00e0 9h . Programme : De 09 \u00e0 09h30 : caf\u00e9 d\u2019accueil","og_url":"https:\/\/eficasablanca.org\/en\/13-09-22e\/","og_site_name":"\u00c9cole Fran\u00e7aise Internationale de Casablanca","article_publisher":"https:\/\/www.facebook.com\/EFICasablanca","article_published_time":"2022-09-13T09:47:00+00:00","article_modified_time":"2023-03-29T00:47:47+00:00","og_image":[{"width":1323,"height":900,"url":"https:\/\/eficasablanca.org\/wp-content\/uploads\/2022\/12\/about-efi-img-06.webp","type":"image\/webp"}],"author":"medkod","twitter_card":"summary_large_image","twitter_misc":{"Written by":"medkod"},"schema":{"@context":"https:\/\/schema.org","@graph":[{"@type":"Article","@id":"https:\/\/eficasablanca.org\/13-09-22e\/#article","isPartOf":{"@id":"https:\/\/eficasablanca.org\/13-09-22e\/"},"author":{"name":"medkod","@id":"https:\/\/eficasablanca.org\/#\/schema\/person\/c4a9a2258a6058698bb161bb395be51e"},"headline":"Journ\u00e9e Portes Ouvertes samedi 11 mars 2023","datePublished":"2022-09-13T09:47:00+00:00","dateModified":"2023-03-29T00:47:47+00:00","mainEntityOfPage":{"@id":"https:\/\/eficasablanca.org\/13-09-22e\/"},"wordCount":81,"publisher":{"@id":"https:\/\/eficasablanca.org\/#organization"},"image":{"@id":"https:\/\/eficasablanca.org\/13-09-22e\/#primaryimage"},"thumbnailUrl":"https:\/\/eficasablanca.org\/wp-content\/uploads\/2022\/12\/about-efi-img-06.webp","articleSection":["\u00c9v\u00e8nements"],"inLanguage":"en-US"},{"@type":"WebPage","@id":"https:\/\/eficasablanca.org\/13-09-22e\/","url":"https:\/\/eficasablanca.org\/13-09-22e\/","name":"Journ\u00e9e Portes Ouvertes samedi 11 mars 2023 - \u00c9cole Fran\u00e7aise Internationale de Casablanca","isPartOf":{"@id":"https:\/\/eficasablanca.org\/#website"},"primaryImageOfPage":{"@id":"https:\/\/eficasablanca.org\/13-09-22e\/#primaryimage"},"image":{"@id":"https:\/\/eficasablanca.org\/13-09-22e\/#primaryimage"},"thumbnailUrl":"https:\/\/eficasablanca.org\/wp-content\/uploads\/2022\/12\/about-efi-img-06.webp","datePublished":"2022-09-13T09:47:00+00:00","dateModified":"2023-03-29T00:47:47+00:00","description":"L\u2019Ecole Fran\u00e7aise Internationale de Casablanca organise une Journ\u00e9e Portes Ouvertes samedi 11 mars 2023 \u00e0 9h . Programme : De 09 \u00e0 09h30 : caf\u00e9 d\u2019accueil","breadcrumb":{"@id":"https:\/\/eficasablanca.org\/13-09-22e\/#breadcrumb"},"inLanguage":"en-US","potentialAction":[{"@type":"ReadAction","target":["https:\/\/eficasablanca.org\/13-09-22e\/"]}]},{"@type":"ImageObject","inLanguage":"en-US","@id":"https:\/\/eficasablanca.org\/13-09-22e\/#primaryimage","url":"https:\/\/eficasablanca.org\/wp-content\/uploads\/2022\/12\/about-efi-img-06.webp","contentUrl":"https:\/\/eficasablanca.org\/wp-content\/uploads\/2022\/12\/about-efi-img-06.webp","width":1323,"height":900},{"@type":"BreadcrumbList","@id":"https:\/\/eficasablanca.org\/13-09-22e\/#breadcrumb","itemListElement":[{"@type":"ListItem","position":1,"name":"Accueil","item":"https:\/\/eficasablanca.org\/"},{"@type":"ListItem","position":2,"name":"Journ\u00e9e Portes Ouvertes samedi 11 mars 2023"}]},{"@type":"WebSite","@id":"https:\/\/eficasablanca.org\/#website","url":"https:\/\/eficasablanca.org\/","name":"Casablanca International French School","description":"L&#039;\u00c9cole Fran\u00e7aise Internationale","publisher":{"@id":"https:\/\/eficasablanca.org\/#organization"},"potentialAction":[{"@type":"SearchAction","target":{"@type":"EntryPoint","urlTemplate":"https:\/\/eficasablanca.org\/?s={search_term_string}"},"query-input":{"@type":"PropertyValueSpecification","valueRequired":true,"valueName":"search_term_string"}}],"inLanguage":"en-US"},{"@type":"Organization","@id":"https:\/\/eficasablanca.org\/#organization","name":"Ecole Fran\u00e7aise Internationale Casablanca","url":"https:\/\/eficasablanca.org\/","logo":{"@type":"ImageObject","inLanguage":"en-US","@id":"https:\/\/eficasablanca.org\/#\/schema\/logo\/image\/","url":"https:\/\/eficasablanca.org\/wp-content\/uploads\/2022\/12\/Logo-EFI-DEF-1-1-02-1.webp","contentUrl":"https:\/\/eficasablanca.org\/wp-content\/uploads\/2022\/12\/Logo-EFI-DEF-1-1-02-1.webp","width":644,"height":100,"caption":"Ecole Fran\u00e7aise Internationale Casablanca"},"image":{"@id":"https:\/\/eficasablanca.org\/#\/schema\/logo\/image\/"},"sameAs":["https:\/\/www.facebook.com\/EFICasablanca","https:\/\/www.instagram.com\/efi_casablanca\/?hl=fr","https:\/\/www.linkedin.com\/company\/efi-casablanca\/about\/?viewAsMember=true"]},{"@type":"Person","@id":"https:\/\/eficasablanca.org\/#\/schema\/person\/c4a9a2258a6058698bb161bb395be51e","name":"medkod","sameAs":["https:\/\/eficasablanca.org"],"url":"https:\/\/eficasablanca.org\/en\/author\/medkod\/"}]}},"_links":{"self":[{"href":"https:\/\/eficasablanca.org\/en\/wp-json\/wp\/v2\/posts\/3591","targetHints":{"allow":["GET"]}}],"collection":[{"href":"https:\/\/eficasablanca.org\/en\/wp-json\/wp\/v2\/posts"}],"about":[{"href":"https:\/\/eficasablanca.org\/en\/wp-json\/wp\/v2\/types\/post"}],"author":[{"embeddable":true,"href":"https:\/\/eficasablanca.org\/en\/wp-json\/wp\/v2\/users\/1"}],"replies":[{"embeddable":true,"href":"https:\/\/eficasablanca.org\/en\/wp-json\/wp\/v2\/comments?post=3591"}],"version-history":[{"count":3,"href":"https:\/\/eficasablanca.org\/en\/wp-json\/wp\/v2\/posts\/3591\/revisions"}],"predecessor-version":[{"id":4141,"href":"https:\/\/eficasablanca.org\/en\/wp-json\/wp\/v2\/posts\/3591\/revisions\/4141"}],"wp:featuredmedia":[{"embeddable":true,"href":"https:\/\/eficasablanca.org\/en\/wp-json\/wp\/v2\/media\/558"}],"wp:attachment":[{"href":"https:\/\/eficasablanca.org\/en\/wp-json\/wp\/v2\/media?parent=3591"}],"wp:term":[{"taxonomy":"category","embeddable":true,"href":"https:\/\/eficasablanca.org\/en\/wp-json\/wp\/v2\/categories?post=3591"},{"taxonomy":"post_tag","embeddable":true,"href":"https:\/\/eficasablanca.org\/en\/wp-json\/wp\/v2\/tags?post=3591"}],"curies":[{"name":"wp","href":"https:\/\/api.w.org\/{rel}","templated":true}]}}