{"id":8080,"date":"2024-10-08T12:54:42","date_gmt":"2024-10-08T10:54:42","guid":{"rendered":"https:\/\/eficasablanca.org\/?p=8080"},"modified":"2025-10-16T13:12:36","modified_gmt":"2025-10-16T11:12:36","slug":"reussir-a-linternational-focus-sur-les-universites-canadiennes","status":"publish","type":"post","link":"https:\/\/eficasablanca.org\/en\/reussir-a-linternational-focus-sur-les-universites-canadiennes\/","title":{"rendered":"R\u00e9ussir \u00e0 l&rsquo;International : Focus sur les universit\u00e9s canadiennes"},"content":{"rendered":"<p>L\u2019EFI Casablanca a eu le plaisir d&rsquo;accueillir une conf\u00e9rence et une table ronde sur les opportunit\u00e9s d&rsquo;\u00e9tudes au Canada. Les \u00e9l\u00e8ves de Premi\u00e8re et de Terminale ont pu d\u00e9couvrir une vari\u00e9t\u00e9 de programmes propos\u00e9s par des universit\u00e9s renomm\u00e9es.<\/p>\n\n\n\n<p>Cette rencontre a offert une belle opportunit\u00e9 pour les futurs bacheliers de s&rsquo;informer sur les parcours internationaux et d&rsquo;envisager des \u00e9tudes au Canada. Un grand merci \u00e0 tous les intervenants qui ont partag\u00e9 leur expertise et leurs conseils pr\u00e9cieux.<br><br>&#8212;&#8212;&#8212;&#8212;&#8212;&#8212;&#8212;&#8212;&#8212;&#8212;&#8212;&#8212;&#8212;&#8212;&#8212;&#8212;&#8212;&#8212;&#8212;&#8212;&#8212;&#8212;&#8212;&#8212;&#8212;&#8212;&#8212;&#8212;&#8212;&#8212;&#8212;&#8212;&#8212;&#8212;&#8212;&#8212;&#8212;&#8211;<br><br><strong>The French International School of Casablanca<\/strong> had the pleasure of hosting a <strong>conference and roundtable discussion<\/strong> on <strong>study opportunities in Canada<\/strong>. Students from <strong>Grades 11 and 12<\/strong> discovered a wide range of programs offered by <strong>renowned Canadian universities<\/strong>.<\/p>\n\n\n\n<p>This event provided an excellent opportunity for future graduates to learn more about <strong>international academic pathways<\/strong> and to consider pursuing their studies in Canada. A big thank-you to all the speakers who shared their <strong>expertise and valuable insights<\/strong>.<\/p>\n\n\n\n<figure class=\"wp-block-gallery has-nested-images columns-default is-cropped wp-block-gallery-1 is-layout-flex wp-block-gallery-is-layout-flex\">\n<figure class=\"wp-block-image size-large\"><img fetchpriority=\"high\" decoding=\"async\" width=\"1024\" height=\"1024\" data-id=\"8079\" src=\"https:\/\/eficasablanca.org\/wp-content\/uploads\/2024\/10\/WhatsApp-Image-2024-10-04-at-10.46.53-1-1024x1024.jpeg\" alt=\"\" class=\"wp-image-8079\" srcset=\"https:\/\/eficasablanca.org\/wp-content\/uploads\/2024\/10\/WhatsApp-Image-2024-10-04-at-10.46.53-1-1024x1024.jpeg 1024w, https:\/\/eficasablanca.org\/wp-content\/uploads\/2024\/10\/WhatsApp-Image-2024-10-04-at-10.46.53-1-300x300.jpeg 300w, https:\/\/eficasablanca.org\/wp-content\/uploads\/2024\/10\/WhatsApp-Image-2024-10-04-at-10.46.53-1-150x150.jpeg 150w, https:\/\/eficasablanca.org\/wp-content\/uploads\/2024\/10\/WhatsApp-Image-2024-10-04-at-10.46.53-1-768x768.jpeg 768w, https:\/\/eficasablanca.org\/wp-content\/uploads\/2024\/10\/WhatsApp-Image-2024-10-04-at-10.46.53-1-1536x1536.jpeg 1536w, https:\/\/eficasablanca.org\/wp-content\/uploads\/2024\/10\/WhatsApp-Image-2024-10-04-at-10.46.53-1-12x12.jpeg 12w, https:\/\/eficasablanca.org\/wp-content\/uploads\/2024\/10\/WhatsApp-Image-2024-10-04-at-10.46.53-1.jpeg 1600w\" sizes=\"(max-width: 1024px) 100vw, 1024px\" \/><\/figure>\n\n\n\n<figure class=\"wp-block-image size-large\"><img decoding=\"async\" width=\"1024\" height=\"1024\" data-id=\"8077\" src=\"https:\/\/eficasablanca.org\/wp-content\/uploads\/2024\/10\/WhatsApp-Image-2024-10-04-at-10.46.54-1024x1024.jpeg\" alt=\"\" class=\"wp-image-8077\" srcset=\"https:\/\/eficasablanca.org\/wp-content\/uploads\/2024\/10\/WhatsApp-Image-2024-10-04-at-10.46.54-1024x1024.jpeg 1024w, https:\/\/eficasablanca.org\/wp-content\/uploads\/2024\/10\/WhatsApp-Image-2024-10-04-at-10.46.54-300x300.jpeg 300w, https:\/\/eficasablanca.org\/wp-content\/uploads\/2024\/10\/WhatsApp-Image-2024-10-04-at-10.46.54-150x150.jpeg 150w, https:\/\/eficasablanca.org\/wp-content\/uploads\/2024\/10\/WhatsApp-Image-2024-10-04-at-10.46.54-768x768.jpeg 768w, https:\/\/eficasablanca.org\/wp-content\/uploads\/2024\/10\/WhatsApp-Image-2024-10-04-at-10.46.54-1536x1536.jpeg 1536w, https:\/\/eficasablanca.org\/wp-content\/uploads\/2024\/10\/WhatsApp-Image-2024-10-04-at-10.46.54-12x12.jpeg 12w, https:\/\/eficasablanca.org\/wp-content\/uploads\/2024\/10\/WhatsApp-Image-2024-10-04-at-10.46.54.jpeg 1600w\" sizes=\"(max-width: 1024px) 100vw, 1024px\" \/><\/figure>\n\n\n\n<figure class=\"wp-block-image size-large\"><img decoding=\"async\" width=\"1024\" height=\"1024\" data-id=\"8076\" src=\"https:\/\/eficasablanca.org\/wp-content\/uploads\/2024\/10\/WhatsApp-Image-2024-10-04-at-10.46.54-1-1024x1024.jpeg\" alt=\"\" class=\"wp-image-8076\" srcset=\"https:\/\/eficasablanca.org\/wp-content\/uploads\/2024\/10\/WhatsApp-Image-2024-10-04-at-10.46.54-1-1024x1024.jpeg 1024w, https:\/\/eficasablanca.org\/wp-content\/uploads\/2024\/10\/WhatsApp-Image-2024-10-04-at-10.46.54-1-300x300.jpeg 300w, https:\/\/eficasablanca.org\/wp-content\/uploads\/2024\/10\/WhatsApp-Image-2024-10-04-at-10.46.54-1-150x150.jpeg 150w, https:\/\/eficasablanca.org\/wp-content\/uploads\/2024\/10\/WhatsApp-Image-2024-10-04-at-10.46.54-1-768x768.jpeg 768w, https:\/\/eficasablanca.org\/wp-content\/uploads\/2024\/10\/WhatsApp-Image-2024-10-04-at-10.46.54-1-1536x1536.jpeg 1536w, https:\/\/eficasablanca.org\/wp-content\/uploads\/2024\/10\/WhatsApp-Image-2024-10-04-at-10.46.54-1-12x12.jpeg 12w, https:\/\/eficasablanca.org\/wp-content\/uploads\/2024\/10\/WhatsApp-Image-2024-10-04-at-10.46.54-1.jpeg 1600w\" sizes=\"(max-width: 1024px) 100vw, 1024px\" \/><\/figure>\n\n\n\n<figure class=\"wp-block-image size-large\"><img loading=\"lazy\" decoding=\"async\" width=\"1024\" height=\"1024\" data-id=\"8075\" src=\"https:\/\/eficasablanca.org\/wp-content\/uploads\/2024\/10\/WhatsApp-Image-2024-10-04-at-10.46.54-2-1024x1024.jpeg\" alt=\"\" class=\"wp-image-8075\" srcset=\"https:\/\/eficasablanca.org\/wp-content\/uploads\/2024\/10\/WhatsApp-Image-2024-10-04-at-10.46.54-2-1024x1024.jpeg 1024w, https:\/\/eficasablanca.org\/wp-content\/uploads\/2024\/10\/WhatsApp-Image-2024-10-04-at-10.46.54-2-300x300.jpeg 300w, https:\/\/eficasablanca.org\/wp-content\/uploads\/2024\/10\/WhatsApp-Image-2024-10-04-at-10.46.54-2-150x150.jpeg 150w, https:\/\/eficasablanca.org\/wp-content\/uploads\/2024\/10\/WhatsApp-Image-2024-10-04-at-10.46.54-2-768x768.jpeg 768w, https:\/\/eficasablanca.org\/wp-content\/uploads\/2024\/10\/WhatsApp-Image-2024-10-04-at-10.46.54-2-1536x1536.jpeg 1536w, https:\/\/eficasablanca.org\/wp-content\/uploads\/2024\/10\/WhatsApp-Image-2024-10-04-at-10.46.54-2-12x12.jpeg 12w, https:\/\/eficasablanca.org\/wp-content\/uploads\/2024\/10\/WhatsApp-Image-2024-10-04-at-10.46.54-2.jpeg 1600w\" sizes=\"(max-width: 1024px) 100vw, 1024px\" \/><\/figure>\n\n\n\n<figure class=\"wp-block-image size-large\"><img loading=\"lazy\" decoding=\"async\" width=\"1024\" height=\"1024\" data-id=\"8074\" src=\"https:\/\/eficasablanca.org\/wp-content\/uploads\/2024\/10\/WhatsApp-Image-2024-10-04-at-11.06.26-1024x1024.jpeg\" alt=\"\" class=\"wp-image-8074\" srcset=\"https:\/\/eficasablanca.org\/wp-content\/uploads\/2024\/10\/WhatsApp-Image-2024-10-04-at-11.06.26-1024x1024.jpeg 1024w, https:\/\/eficasablanca.org\/wp-content\/uploads\/2024\/10\/WhatsApp-Image-2024-10-04-at-11.06.26-300x300.jpeg 300w, https:\/\/eficasablanca.org\/wp-content\/uploads\/2024\/10\/WhatsApp-Image-2024-10-04-at-11.06.26-150x150.jpeg 150w, https:\/\/eficasablanca.org\/wp-content\/uploads\/2024\/10\/WhatsApp-Image-2024-10-04-at-11.06.26-768x768.jpeg 768w, https:\/\/eficasablanca.org\/wp-content\/uploads\/2024\/10\/WhatsApp-Image-2024-10-04-at-11.06.26-12x12.jpeg 12w, https:\/\/eficasablanca.org\/wp-content\/uploads\/2024\/10\/WhatsApp-Image-2024-10-04-at-11.06.26.jpeg 1280w\" sizes=\"(max-width: 1024px) 100vw, 1024px\" \/><\/figure>\n<\/figure>","protected":false},"excerpt":{"rendered":"<p>L\u2019EFI Casablanca a eu le plaisir d&rsquo;accueillir une conf\u00e9rence et une table ronde sur les opportunit\u00e9s d&rsquo;\u00e9tudes au Canada. Les \u00e9l\u00e8ves de Premi\u00e8re et de Terminale ont pu d\u00e9couvrir une vari\u00e9t\u00e9 de programmes propos\u00e9s par des universit\u00e9s renomm\u00e9es. Cette rencontre a offert une belle opportunit\u00e9 pour les futurs bacheliers de s&rsquo;informer sur les parcours internationaux [&hellip;]<\/p>\n","protected":false},"author":2,"featured_media":8074,"comment_status":"closed","ping_status":"open","sticky":false,"template":"","format":"standard","meta":{"_acf_changed":false,"footnotes":""},"categories":[21],"tags":[],"class_list":["post-8080","post","type-post","status-publish","format-standard","has-post-thumbnail","hentry","category-actualites"],"acf":[],"yoast_head":"<!-- This site is optimized with the Yoast SEO plugin v27.1.1 - https:\/\/yoast.com\/product\/yoast-seo-wordpress\/ -->\n<title>R\u00e9ussir \u00e0 l&#039;International : Focus sur les universit\u00e9s canadiennes - \u00c9cole Fran\u00e7aise Internationale de Casablanca<\/title>\n<meta name=\"description\" content=\"L\u2019EFI Casablanca a eu le plaisir d&#039;accueillir une conf\u00e9rence et une table ronde sur les opportunit\u00e9s d&#039;\u00e9tudes au Canada. Les \u00e9l\u00e8ves de Premi\u00e8re et de\" \/>\n<meta name=\"robots\" content=\"index, follow, max-snippet:-1, max-image-preview:large, max-video-preview:-1\" \/>\n<link rel=\"canonical\" href=\"https:\/\/eficasablanca.org\/en\/reussir-a-linternational-focus-sur-les-universites-canadiennes\/\" \/>\n<meta property=\"og:locale\" content=\"en_US\" \/>\n<meta property=\"og:type\" content=\"article\" \/>\n<meta property=\"og:title\" content=\"R\u00e9ussir \u00e0 l&#039;International : Focus sur les universit\u00e9s canadiennes - \u00c9cole Fran\u00e7aise Internationale de Casablanca\" \/>\n<meta property=\"og:description\" content=\"L\u2019EFI Casablanca a eu le plaisir d&#039;accueillir une conf\u00e9rence et une table ronde sur les opportunit\u00e9s d&#039;\u00e9tudes au Canada. Les \u00e9l\u00e8ves de Premi\u00e8re et de\" \/>\n<meta property=\"og:url\" content=\"https:\/\/eficasablanca.org\/en\/reussir-a-linternational-focus-sur-les-universites-canadiennes\/\" \/>\n<meta property=\"og:site_name\" content=\"\u00c9cole Fran\u00e7aise Internationale de Casablanca\" \/>\n<meta property=\"article:publisher\" content=\"https:\/\/www.facebook.com\/EFICasablanca\" \/>\n<meta property=\"article:published_time\" content=\"2024-10-08T10:54:42+00:00\" \/>\n<meta property=\"article:modified_time\" content=\"2025-10-16T11:12:36+00:00\" \/>\n<meta property=\"og:image\" content=\"https:\/\/eficasablanca.org\/wp-content\/uploads\/2024\/10\/WhatsApp-Image-2024-10-04-at-11.06.26.jpeg\" \/>\n\t<meta property=\"og:image:width\" content=\"1280\" \/>\n\t<meta property=\"og:image:height\" content=\"1280\" \/>\n\t<meta property=\"og:image:type\" content=\"image\/jpeg\" \/>\n<meta name=\"author\" content=\"EFI\" \/>\n<meta name=\"twitter:card\" content=\"summary_large_image\" \/>\n<meta name=\"twitter:label1\" content=\"Written by\" \/>\n\t<meta name=\"twitter:data1\" content=\"EFI\" \/>\n\t<meta name=\"twitter:label2\" content=\"Est. reading time\" \/>\n\t<meta name=\"twitter:data2\" content=\"2 minutes\" \/>\n<script type=\"application\/ld+json\" class=\"yoast-schema-graph\">{\"@context\":\"https:\/\/schema.org\",\"@graph\":[{\"@type\":\"Article\",\"@id\":\"https:\/\/eficasablanca.org\/reussir-a-linternational-focus-sur-les-universites-canadiennes\/#article\",\"isPartOf\":{\"@id\":\"https:\/\/eficasablanca.org\/reussir-a-linternational-focus-sur-les-universites-canadiennes\/\"},\"author\":{\"name\":\"EFI\",\"@id\":\"https:\/\/eficasablanca.org\/#\/schema\/person\/5f18b84fc036d7c660fe4f80550a97c1\"},\"headline\":\"R\u00e9ussir \u00e0 l&rsquo;International : Focus sur les universit\u00e9s canadiennes\",\"datePublished\":\"2024-10-08T10:54:42+00:00\",\"dateModified\":\"2025-10-16T11:12:36+00:00\",\"mainEntityOfPage\":{\"@id\":\"https:\/\/eficasablanca.org\/reussir-a-linternational-focus-sur-les-universites-canadiennes\/\"},\"wordCount\":172,\"publisher\":{\"@id\":\"https:\/\/eficasablanca.org\/#organization\"},\"image\":{\"@id\":\"https:\/\/eficasablanca.org\/reussir-a-linternational-focus-sur-les-universites-canadiennes\/#primaryimage\"},\"thumbnailUrl\":\"https:\/\/eficasablanca.org\/wp-content\/uploads\/2024\/10\/WhatsApp-Image-2024-10-04-at-11.06.26.jpeg\",\"articleSection\":[\"Actualit\u00e9s\"],\"inLanguage\":\"en-US\"},{\"@type\":\"WebPage\",\"@id\":\"https:\/\/eficasablanca.org\/reussir-a-linternational-focus-sur-les-universites-canadiennes\/\",\"url\":\"https:\/\/eficasablanca.org\/reussir-a-linternational-focus-sur-les-universites-canadiennes\/\",\"name\":\"R\u00e9ussir \u00e0 l'International : Focus sur les universit\u00e9s canadiennes - \u00c9cole Fran\u00e7aise Internationale de Casablanca\",\"isPartOf\":{\"@id\":\"https:\/\/eficasablanca.org\/#website\"},\"primaryImageOfPage\":{\"@id\":\"https:\/\/eficasablanca.org\/reussir-a-linternational-focus-sur-les-universites-canadiennes\/#primaryimage\"},\"image\":{\"@id\":\"https:\/\/eficasablanca.org\/reussir-a-linternational-focus-sur-les-universites-canadiennes\/#primaryimage\"},\"thumbnailUrl\":\"https:\/\/eficasablanca.org\/wp-content\/uploads\/2024\/10\/WhatsApp-Image-2024-10-04-at-11.06.26.jpeg\",\"datePublished\":\"2024-10-08T10:54:42+00:00\",\"dateModified\":\"2025-10-16T11:12:36+00:00\",\"description\":\"L\u2019EFI Casablanca a eu le plaisir d'accueillir une conf\u00e9rence et une table ronde sur les opportunit\u00e9s d'\u00e9tudes au Canada. Les \u00e9l\u00e8ves de Premi\u00e8re et de\",\"breadcrumb\":{\"@id\":\"https:\/\/eficasablanca.org\/reussir-a-linternational-focus-sur-les-universites-canadiennes\/#breadcrumb\"},\"inLanguage\":\"en-US\",\"potentialAction\":[{\"@type\":\"ReadAction\",\"target\":[\"https:\/\/eficasablanca.org\/reussir-a-linternational-focus-sur-les-universites-canadiennes\/\"]}]},{\"@type\":\"ImageObject\",\"inLanguage\":\"en-US\",\"@id\":\"https:\/\/eficasablanca.org\/reussir-a-linternational-focus-sur-les-universites-canadiennes\/#primaryimage\",\"url\":\"https:\/\/eficasablanca.org\/wp-content\/uploads\/2024\/10\/WhatsApp-Image-2024-10-04-at-11.06.26.jpeg\",\"contentUrl\":\"https:\/\/eficasablanca.org\/wp-content\/uploads\/2024\/10\/WhatsApp-Image-2024-10-04-at-11.06.26.jpeg\",\"width\":1280,\"height\":1280},{\"@type\":\"BreadcrumbList\",\"@id\":\"https:\/\/eficasablanca.org\/reussir-a-linternational-focus-sur-les-universites-canadiennes\/#breadcrumb\",\"itemListElement\":[{\"@type\":\"ListItem\",\"position\":1,\"name\":\"Accueil\",\"item\":\"https:\/\/eficasablanca.org\/\"},{\"@type\":\"ListItem\",\"position\":2,\"name\":\"R\u00e9ussir \u00e0 l&rsquo;International : Focus sur les universit\u00e9s canadiennes\"}]},{\"@type\":\"WebSite\",\"@id\":\"https:\/\/eficasablanca.org\/#website\",\"url\":\"https:\/\/eficasablanca.org\/\",\"name\":\"\u00c9cole Fran\u00e7aise Internationale de Casablanca\",\"description\":\"L&#039;\u00c9cole Fran\u00e7aise Internationale\",\"publisher\":{\"@id\":\"https:\/\/eficasablanca.org\/#organization\"},\"potentialAction\":[{\"@type\":\"SearchAction\",\"target\":{\"@type\":\"EntryPoint\",\"urlTemplate\":\"https:\/\/eficasablanca.org\/?s={search_term_string}\"},\"query-input\":{\"@type\":\"PropertyValueSpecification\",\"valueRequired\":true,\"valueName\":\"search_term_string\"}}],\"inLanguage\":\"en-US\"},{\"@type\":\"Organization\",\"@id\":\"https:\/\/eficasablanca.org\/#organization\",\"name\":\"Ecole Fran\u00e7aise Internationale Casablanca\",\"url\":\"https:\/\/eficasablanca.org\/\",\"logo\":{\"@type\":\"ImageObject\",\"inLanguage\":\"en-US\",\"@id\":\"https:\/\/eficasablanca.org\/#\/schema\/logo\/image\/\",\"url\":\"https:\/\/eficasablanca.org\/wp-content\/uploads\/2022\/12\/Logo-EFI-DEF-1-1-02-1.webp\",\"contentUrl\":\"https:\/\/eficasablanca.org\/wp-content\/uploads\/2022\/12\/Logo-EFI-DEF-1-1-02-1.webp\",\"width\":644,\"height\":100,\"caption\":\"Ecole Fran\u00e7aise Internationale Casablanca\"},\"image\":{\"@id\":\"https:\/\/eficasablanca.org\/#\/schema\/logo\/image\/\"},\"sameAs\":[\"https:\/\/www.facebook.com\/EFICasablanca\",\"https:\/\/www.instagram.com\/efi_casablanca\/?hl=fr\",\"https:\/\/www.linkedin.com\/company\/efi-casablanca\/about\/?viewAsMember=true\"]},{\"@type\":\"Person\",\"@id\":\"https:\/\/eficasablanca.org\/#\/schema\/person\/5f18b84fc036d7c660fe4f80550a97c1\",\"name\":\"EFI\",\"url\":\"https:\/\/eficasablanca.org\/en\/author\/editor\/\"}]}<\/script>\n<!-- \/ Yoast SEO plugin. -->","yoast_head_json":{"title":"R\u00e9ussir \u00e0 l'International : Focus sur les universit\u00e9s canadiennes - \u00c9cole Fran\u00e7aise Internationale de Casablanca","description":"L\u2019EFI Casablanca a eu le plaisir d'accueillir une conf\u00e9rence et une table ronde sur les opportunit\u00e9s d'\u00e9tudes au Canada. Les \u00e9l\u00e8ves de Premi\u00e8re et de","robots":{"index":"index","follow":"follow","max-snippet":"max-snippet:-1","max-image-preview":"max-image-preview:large","max-video-preview":"max-video-preview:-1"},"canonical":"https:\/\/eficasablanca.org\/en\/reussir-a-linternational-focus-sur-les-universites-canadiennes\/","og_locale":"en_US","og_type":"article","og_title":"R\u00e9ussir \u00e0 l'International : Focus sur les universit\u00e9s canadiennes - \u00c9cole Fran\u00e7aise Internationale de Casablanca","og_description":"L\u2019EFI Casablanca a eu le plaisir d'accueillir une conf\u00e9rence et une table ronde sur les opportunit\u00e9s d'\u00e9tudes au Canada. Les \u00e9l\u00e8ves de Premi\u00e8re et de","og_url":"https:\/\/eficasablanca.org\/en\/reussir-a-linternational-focus-sur-les-universites-canadiennes\/","og_site_name":"\u00c9cole Fran\u00e7aise Internationale de Casablanca","article_publisher":"https:\/\/www.facebook.com\/EFICasablanca","article_published_time":"2024-10-08T10:54:42+00:00","article_modified_time":"2025-10-16T11:12:36+00:00","og_image":[{"width":1280,"height":1280,"url":"https:\/\/eficasablanca.org\/wp-content\/uploads\/2024\/10\/WhatsApp-Image-2024-10-04-at-11.06.26.jpeg","type":"image\/jpeg"}],"author":"EFI","twitter_card":"summary_large_image","twitter_misc":{"Written by":"EFI","Est. reading time":"2 minutes"},"schema":{"@context":"https:\/\/schema.org","@graph":[{"@type":"Article","@id":"https:\/\/eficasablanca.org\/reussir-a-linternational-focus-sur-les-universites-canadiennes\/#article","isPartOf":{"@id":"https:\/\/eficasablanca.org\/reussir-a-linternational-focus-sur-les-universites-canadiennes\/"},"author":{"name":"EFI","@id":"https:\/\/eficasablanca.org\/#\/schema\/person\/5f18b84fc036d7c660fe4f80550a97c1"},"headline":"R\u00e9ussir \u00e0 l&rsquo;International : Focus sur les universit\u00e9s canadiennes","datePublished":"2024-10-08T10:54:42+00:00","dateModified":"2025-10-16T11:12:36+00:00","mainEntityOfPage":{"@id":"https:\/\/eficasablanca.org\/reussir-a-linternational-focus-sur-les-universites-canadiennes\/"},"wordCount":172,"publisher":{"@id":"https:\/\/eficasablanca.org\/#organization"},"image":{"@id":"https:\/\/eficasablanca.org\/reussir-a-linternational-focus-sur-les-universites-canadiennes\/#primaryimage"},"thumbnailUrl":"https:\/\/eficasablanca.org\/wp-content\/uploads\/2024\/10\/WhatsApp-Image-2024-10-04-at-11.06.26.jpeg","articleSection":["Actualit\u00e9s"],"inLanguage":"en-US"},{"@type":"WebPage","@id":"https:\/\/eficasablanca.org\/reussir-a-linternational-focus-sur-les-universites-canadiennes\/","url":"https:\/\/eficasablanca.org\/reussir-a-linternational-focus-sur-les-universites-canadiennes\/","name":"R\u00e9ussir \u00e0 l'International : Focus sur les universit\u00e9s canadiennes - \u00c9cole Fran\u00e7aise Internationale de Casablanca","isPartOf":{"@id":"https:\/\/eficasablanca.org\/#website"},"primaryImageOfPage":{"@id":"https:\/\/eficasablanca.org\/reussir-a-linternational-focus-sur-les-universites-canadiennes\/#primaryimage"},"image":{"@id":"https:\/\/eficasablanca.org\/reussir-a-linternational-focus-sur-les-universites-canadiennes\/#primaryimage"},"thumbnailUrl":"https:\/\/eficasablanca.org\/wp-content\/uploads\/2024\/10\/WhatsApp-Image-2024-10-04-at-11.06.26.jpeg","datePublished":"2024-10-08T10:54:42+00:00","dateModified":"2025-10-16T11:12:36+00:00","description":"L\u2019EFI Casablanca a eu le plaisir d'accueillir une conf\u00e9rence et une table ronde sur les opportunit\u00e9s d'\u00e9tudes au Canada. Les \u00e9l\u00e8ves de Premi\u00e8re et de","breadcrumb":{"@id":"https:\/\/eficasablanca.org\/reussir-a-linternational-focus-sur-les-universites-canadiennes\/#breadcrumb"},"inLanguage":"en-US","potentialAction":[{"@type":"ReadAction","target":["https:\/\/eficasablanca.org\/reussir-a-linternational-focus-sur-les-universites-canadiennes\/"]}]},{"@type":"ImageObject","inLanguage":"en-US","@id":"https:\/\/eficasablanca.org\/reussir-a-linternational-focus-sur-les-universites-canadiennes\/#primaryimage","url":"https:\/\/eficasablanca.org\/wp-content\/uploads\/2024\/10\/WhatsApp-Image-2024-10-04-at-11.06.26.jpeg","contentUrl":"https:\/\/eficasablanca.org\/wp-content\/uploads\/2024\/10\/WhatsApp-Image-2024-10-04-at-11.06.26.jpeg","width":1280,"height":1280},{"@type":"BreadcrumbList","@id":"https:\/\/eficasablanca.org\/reussir-a-linternational-focus-sur-les-universites-canadiennes\/#breadcrumb","itemListElement":[{"@type":"ListItem","position":1,"name":"Accueil","item":"https:\/\/eficasablanca.org\/"},{"@type":"ListItem","position":2,"name":"R\u00e9ussir \u00e0 l&rsquo;International : Focus sur les universit\u00e9s canadiennes"}]},{"@type":"WebSite","@id":"https:\/\/eficasablanca.org\/#website","url":"https:\/\/eficasablanca.org\/","name":"Casablanca International French School","description":"L&#039;\u00c9cole Fran\u00e7aise Internationale","publisher":{"@id":"https:\/\/eficasablanca.org\/#organization"},"potentialAction":[{"@type":"SearchAction","target":{"@type":"EntryPoint","urlTemplate":"https:\/\/eficasablanca.org\/?s={search_term_string}"},"query-input":{"@type":"PropertyValueSpecification","valueRequired":true,"valueName":"search_term_string"}}],"inLanguage":"en-US"},{"@type":"Organization","@id":"https:\/\/eficasablanca.org\/#organization","name":"Ecole Fran\u00e7aise Internationale Casablanca","url":"https:\/\/eficasablanca.org\/","logo":{"@type":"ImageObject","inLanguage":"en-US","@id":"https:\/\/eficasablanca.org\/#\/schema\/logo\/image\/","url":"https:\/\/eficasablanca.org\/wp-content\/uploads\/2022\/12\/Logo-EFI-DEF-1-1-02-1.webp","contentUrl":"https:\/\/eficasablanca.org\/wp-content\/uploads\/2022\/12\/Logo-EFI-DEF-1-1-02-1.webp","width":644,"height":100,"caption":"Ecole Fran\u00e7aise Internationale Casablanca"},"image":{"@id":"https:\/\/eficasablanca.org\/#\/schema\/logo\/image\/"},"sameAs":["https:\/\/www.facebook.com\/EFICasablanca","https:\/\/www.instagram.com\/efi_casablanca\/?hl=fr","https:\/\/www.linkedin.com\/company\/efi-casablanca\/about\/?viewAsMember=true"]},{"@type":"Person","@id":"https:\/\/eficasablanca.org\/#\/schema\/person\/5f18b84fc036d7c660fe4f80550a97c1","name":"EFI","url":"https:\/\/eficasablanca.org\/en\/author\/editor\/"}]}},"_links":{"self":[{"href":"https:\/\/eficasablanca.org\/en\/wp-json\/wp\/v2\/posts\/8080","targetHints":{"allow":["GET"]}}],"collection":[{"href":"https:\/\/eficasablanca.org\/en\/wp-json\/wp\/v2\/posts"}],"about":[{"href":"https:\/\/eficasablanca.org\/en\/wp-json\/wp\/v2\/types\/post"}],"author":[{"embeddable":true,"href":"https:\/\/eficasablanca.org\/en\/wp-json\/wp\/v2\/users\/2"}],"replies":[{"embeddable":true,"href":"https:\/\/eficasablanca.org\/en\/wp-json\/wp\/v2\/comments?post=8080"}],"version-history":[{"count":2,"href":"https:\/\/eficasablanca.org\/en\/wp-json\/wp\/v2\/posts\/8080\/revisions"}],"predecessor-version":[{"id":11932,"href":"https:\/\/eficasablanca.org\/en\/wp-json\/wp\/v2\/posts\/8080\/revisions\/11932"}],"wp:featuredmedia":[{"embeddable":true,"href":"https:\/\/eficasablanca.org\/en\/wp-json\/wp\/v2\/media\/8074"}],"wp:attachment":[{"href":"https:\/\/eficasablanca.org\/en\/wp-json\/wp\/v2\/media?parent=8080"}],"wp:term":[{"taxonomy":"category","embeddable":true,"href":"https:\/\/eficasablanca.org\/en\/wp-json\/wp\/v2\/categories?post=8080"},{"taxonomy":"post_tag","embeddable":true,"href":"https:\/\/eficasablanca.org\/en\/wp-json\/wp\/v2\/tags?post=8080"}],"curies":[{"name":"wp","href":"https:\/\/api.w.org\/{rel}","templated":true}]}}