{"id":8410,"date":"2024-11-11T14:00:00","date_gmt":"2024-11-11T13:00:00","guid":{"rendered":"https:\/\/eficasablanca.org\/?p=8410"},"modified":"2025-10-16T12:59:35","modified_gmt":"2025-10-16T10:59:35","slug":"celebration-de-la-marche-verte","status":"publish","type":"post","link":"https:\/\/eficasablanca.org\/en\/celebration-de-la-marche-verte\/","title":{"rendered":"Green March Celebration"},"content":{"rendered":"<p>A l\u2019occasion de la c\u00e9l\u00e9bration de la Marche Verte, les \u00e9l\u00e8ves du Primaire ont recr\u00e9\u00e9, gr\u00e2ce \u00e0 leurs t-shirts rouges, une repr\u00e9sentation du drapeau marocain. Port\u00e9e par l\u2019association PTA MyEFI, cette initiative a permis de r\u00e9affirmer les valeurs de paix, de solidarit\u00e9 et d\u2019unit\u00e9 nationale ! L\u2019Hymne National Marocain et Nidae Saout Al Hassan ont \u00e9galement r\u00e9sonn\u00e9, ajoutant une touche solennelle \u00e0 cette c\u00e9l\u00e9bration de l\u2019histoire marocaine.<br><br>&#8212;&#8212;&#8212;&#8212;&#8212;&#8212;&#8212;&#8212;&#8212;&#8212;&#8212;&#8212;&#8212;&#8212;&#8212;&#8212;&#8212;&#8212;&#8212;&#8212;&#8212;&#8212;&#8212;&#8212;&#8212;&#8212;&#8212;&#8212;&#8212;&#8212;&#8212;&#8212;&#8212;&#8212;&#8212;&#8212;&#8212;&#8212;&#8211;<br><br>To celebrate the <strong>Green March<\/strong>, <strong>Primary School students<\/strong> came together to form a representation of the <strong>Moroccan flag<\/strong> using their red t-shirts.<\/p>\n\n\n\n<p>An initiative led by the <strong>MyEFI PTA<\/strong>, this event reaffirmed the values of <strong>peace, solidarity, and national unity<\/strong>. The celebration was made even more moving as the <strong>Moroccan National Anthem<\/strong> and <strong>Nidae Saout Al Hassan<\/strong> echoed through the campus, adding a solemn and patriotic touch to this tribute to Morocco\u2019s history.<\/p>\n\n\n\n<figure class=\"wp-block-gallery has-nested-images columns-default is-cropped wp-block-gallery-1 is-layout-flex wp-block-gallery-is-layout-flex\">\n<figure class=\"wp-block-image size-large\"><img fetchpriority=\"high\" decoding=\"async\" width=\"1024\" height=\"683\" data-id=\"8415\" src=\"https:\/\/eficasablanca.org\/wp-content\/uploads\/2025\/01\/DSC0606-1-1024x683.jpg\" alt=\"\" class=\"wp-image-8415\" srcset=\"https:\/\/eficasablanca.org\/wp-content\/uploads\/2025\/01\/DSC0606-1-1024x683.jpg 1024w, https:\/\/eficasablanca.org\/wp-content\/uploads\/2025\/01\/DSC0606-1-300x200.jpg 300w, https:\/\/eficasablanca.org\/wp-content\/uploads\/2025\/01\/DSC0606-1-768x512.jpg 768w, https:\/\/eficasablanca.org\/wp-content\/uploads\/2025\/01\/DSC0606-1-1536x1025.jpg 1536w, https:\/\/eficasablanca.org\/wp-content\/uploads\/2025\/01\/DSC0606-1-2048x1367.jpg 2048w, https:\/\/eficasablanca.org\/wp-content\/uploads\/2025\/01\/DSC0606-1-18x12.jpg 18w\" sizes=\"(max-width: 1024px) 100vw, 1024px\" \/><\/figure>\n\n\n\n<figure class=\"wp-block-image size-large\"><img decoding=\"async\" width=\"1024\" height=\"683\" data-id=\"8416\" src=\"https:\/\/eficasablanca.org\/wp-content\/uploads\/2025\/01\/DSC0612-1024x683.jpg\" alt=\"\" class=\"wp-image-8416\" srcset=\"https:\/\/eficasablanca.org\/wp-content\/uploads\/2025\/01\/DSC0612-1024x683.jpg 1024w, https:\/\/eficasablanca.org\/wp-content\/uploads\/2025\/01\/DSC0612-300x200.jpg 300w, https:\/\/eficasablanca.org\/wp-content\/uploads\/2025\/01\/DSC0612-768x512.jpg 768w, https:\/\/eficasablanca.org\/wp-content\/uploads\/2025\/01\/DSC0612-1536x1025.jpg 1536w, https:\/\/eficasablanca.org\/wp-content\/uploads\/2025\/01\/DSC0612-2048x1367.jpg 2048w, https:\/\/eficasablanca.org\/wp-content\/uploads\/2025\/01\/DSC0612-18x12.jpg 18w\" sizes=\"(max-width: 1024px) 100vw, 1024px\" \/><\/figure>\n\n\n\n<figure class=\"wp-block-image size-large\"><img decoding=\"async\" width=\"1024\" height=\"683\" data-id=\"8414\" src=\"https:\/\/eficasablanca.org\/wp-content\/uploads\/2025\/01\/DSC0616-1024x683.jpg\" alt=\"\" class=\"wp-image-8414\" srcset=\"https:\/\/eficasablanca.org\/wp-content\/uploads\/2025\/01\/DSC0616-1024x683.jpg 1024w, https:\/\/eficasablanca.org\/wp-content\/uploads\/2025\/01\/DSC0616-300x200.jpg 300w, https:\/\/eficasablanca.org\/wp-content\/uploads\/2025\/01\/DSC0616-768x512.jpg 768w, https:\/\/eficasablanca.org\/wp-content\/uploads\/2025\/01\/DSC0616-1536x1025.jpg 1536w, https:\/\/eficasablanca.org\/wp-content\/uploads\/2025\/01\/DSC0616-2048x1367.jpg 2048w, https:\/\/eficasablanca.org\/wp-content\/uploads\/2025\/01\/DSC0616-18x12.jpg 18w\" sizes=\"(max-width: 1024px) 100vw, 1024px\" \/><\/figure>\n<\/figure>\n\n\n\n<figure class=\"wp-block-gallery has-nested-images columns-default wp-block-gallery-2 is-layout-flex wp-block-gallery-is-layout-flex\">\n<figure class=\"wp-block-image size-large\"><img loading=\"lazy\" decoding=\"async\" width=\"1024\" height=\"1024\" data-id=\"8417\" src=\"https:\/\/eficasablanca.org\/wp-content\/uploads\/2025\/01\/1-7-1024x1024.png\" alt=\"\" class=\"wp-image-8417\" srcset=\"https:\/\/eficasablanca.org\/wp-content\/uploads\/2025\/01\/1-7-1024x1024.png 1024w, https:\/\/eficasablanca.org\/wp-content\/uploads\/2025\/01\/1-7-300x300.png 300w, https:\/\/eficasablanca.org\/wp-content\/uploads\/2025\/01\/1-7-150x150.png 150w, https:\/\/eficasablanca.org\/wp-content\/uploads\/2025\/01\/1-7-768x768.png 768w, https:\/\/eficasablanca.org\/wp-content\/uploads\/2025\/01\/1-7-12x12.png 12w, https:\/\/eficasablanca.org\/wp-content\/uploads\/2025\/01\/1-7.png 1080w\" sizes=\"(max-width: 1024px) 100vw, 1024px\" \/><\/figure>\n\n\n\n<figure class=\"wp-block-image size-large\"><img loading=\"lazy\" decoding=\"async\" width=\"1024\" height=\"1024\" data-id=\"8418\" src=\"https:\/\/eficasablanca.org\/wp-content\/uploads\/2025\/01\/2-6-1024x1024.png\" alt=\"\" class=\"wp-image-8418\" srcset=\"https:\/\/eficasablanca.org\/wp-content\/uploads\/2025\/01\/2-6-1024x1024.png 1024w, https:\/\/eficasablanca.org\/wp-content\/uploads\/2025\/01\/2-6-300x300.png 300w, https:\/\/eficasablanca.org\/wp-content\/uploads\/2025\/01\/2-6-150x150.png 150w, https:\/\/eficasablanca.org\/wp-content\/uploads\/2025\/01\/2-6-768x768.png 768w, https:\/\/eficasablanca.org\/wp-content\/uploads\/2025\/01\/2-6-12x12.png 12w, https:\/\/eficasablanca.org\/wp-content\/uploads\/2025\/01\/2-6.png 1080w\" sizes=\"(max-width: 1024px) 100vw, 1024px\" \/><\/figure>\n<\/figure>\n\n\n\n<figure class=\"wp-block-gallery has-nested-images columns-default is-cropped wp-block-gallery-3 is-layout-flex wp-block-gallery-is-layout-flex\">\n<figure class=\"wp-block-image size-large\"><img loading=\"lazy\" decoding=\"async\" width=\"1024\" height=\"1024\" data-id=\"8421\" src=\"https:\/\/eficasablanca.org\/wp-content\/uploads\/2025\/01\/3-6-1024x1024.png\" alt=\"\" class=\"wp-image-8421\" srcset=\"https:\/\/eficasablanca.org\/wp-content\/uploads\/2025\/01\/3-6-1024x1024.png 1024w, https:\/\/eficasablanca.org\/wp-content\/uploads\/2025\/01\/3-6-300x300.png 300w, https:\/\/eficasablanca.org\/wp-content\/uploads\/2025\/01\/3-6-150x150.png 150w, https:\/\/eficasablanca.org\/wp-content\/uploads\/2025\/01\/3-6-768x768.png 768w, https:\/\/eficasablanca.org\/wp-content\/uploads\/2025\/01\/3-6-12x12.png 12w, https:\/\/eficasablanca.org\/wp-content\/uploads\/2025\/01\/3-6.png 1080w\" sizes=\"(max-width: 1024px) 100vw, 1024px\" \/><\/figure>\n\n\n\n<figure class=\"wp-block-image size-large\"><img loading=\"lazy\" decoding=\"async\" width=\"1024\" height=\"1024\" data-id=\"8420\" src=\"https:\/\/eficasablanca.org\/wp-content\/uploads\/2025\/01\/4-6-1024x1024.png\" alt=\"\" class=\"wp-image-8420\" srcset=\"https:\/\/eficasablanca.org\/wp-content\/uploads\/2025\/01\/4-6-1024x1024.png 1024w, https:\/\/eficasablanca.org\/wp-content\/uploads\/2025\/01\/4-6-300x300.png 300w, https:\/\/eficasablanca.org\/wp-content\/uploads\/2025\/01\/4-6-150x150.png 150w, https:\/\/eficasablanca.org\/wp-content\/uploads\/2025\/01\/4-6-768x768.png 768w, https:\/\/eficasablanca.org\/wp-content\/uploads\/2025\/01\/4-6-12x12.png 12w, https:\/\/eficasablanca.org\/wp-content\/uploads\/2025\/01\/4-6.png 1080w\" sizes=\"(max-width: 1024px) 100vw, 1024px\" \/><\/figure>\n\n\n\n<figure class=\"wp-block-image size-large\"><img loading=\"lazy\" decoding=\"async\" width=\"1024\" height=\"1024\" data-id=\"8422\" src=\"https:\/\/eficasablanca.org\/wp-content\/uploads\/2025\/01\/5-4-1024x1024.png\" alt=\"\" class=\"wp-image-8422\" srcset=\"https:\/\/eficasablanca.org\/wp-content\/uploads\/2025\/01\/5-4-1024x1024.png 1024w, https:\/\/eficasablanca.org\/wp-content\/uploads\/2025\/01\/5-4-300x300.png 300w, https:\/\/eficasablanca.org\/wp-content\/uploads\/2025\/01\/5-4-150x150.png 150w, https:\/\/eficasablanca.org\/wp-content\/uploads\/2025\/01\/5-4-768x768.png 768w, https:\/\/eficasablanca.org\/wp-content\/uploads\/2025\/01\/5-4-12x12.png 12w, https:\/\/eficasablanca.org\/wp-content\/uploads\/2025\/01\/5-4.png 1080w\" sizes=\"(max-width: 1024px) 100vw, 1024px\" \/><\/figure>\n<\/figure>\n\n\n\n<figure class=\"wp-block-gallery has-nested-images columns-default is-cropped wp-block-gallery-4 is-layout-flex wp-block-gallery-is-layout-flex\">\n<figure class=\"wp-block-image size-large\"><img loading=\"lazy\" decoding=\"async\" width=\"1024\" height=\"1024\" data-id=\"8424\" src=\"https:\/\/eficasablanca.org\/wp-content\/uploads\/2025\/01\/6-3-1024x1024.png\" alt=\"\" class=\"wp-image-8424\" srcset=\"https:\/\/eficasablanca.org\/wp-content\/uploads\/2025\/01\/6-3-1024x1024.png 1024w, https:\/\/eficasablanca.org\/wp-content\/uploads\/2025\/01\/6-3-300x300.png 300w, https:\/\/eficasablanca.org\/wp-content\/uploads\/2025\/01\/6-3-150x150.png 150w, https:\/\/eficasablanca.org\/wp-content\/uploads\/2025\/01\/6-3-768x768.png 768w, https:\/\/eficasablanca.org\/wp-content\/uploads\/2025\/01\/6-3-12x12.png 12w, https:\/\/eficasablanca.org\/wp-content\/uploads\/2025\/01\/6-3.png 1080w\" sizes=\"(max-width: 1024px) 100vw, 1024px\" \/><\/figure>\n\n\n\n<figure class=\"wp-block-image size-large\"><img loading=\"lazy\" decoding=\"async\" width=\"1024\" height=\"1024\" data-id=\"8425\" src=\"https:\/\/eficasablanca.org\/wp-content\/uploads\/2025\/01\/7-4-1024x1024.png\" alt=\"\" class=\"wp-image-8425\" srcset=\"https:\/\/eficasablanca.org\/wp-content\/uploads\/2025\/01\/7-4-1024x1024.png 1024w, https:\/\/eficasablanca.org\/wp-content\/uploads\/2025\/01\/7-4-300x300.png 300w, https:\/\/eficasablanca.org\/wp-content\/uploads\/2025\/01\/7-4-150x150.png 150w, https:\/\/eficasablanca.org\/wp-content\/uploads\/2025\/01\/7-4-768x768.png 768w, https:\/\/eficasablanca.org\/wp-content\/uploads\/2025\/01\/7-4-12x12.png 12w, https:\/\/eficasablanca.org\/wp-content\/uploads\/2025\/01\/7-4.png 1080w\" sizes=\"(max-width: 1024px) 100vw, 1024px\" \/><\/figure>\n<\/figure>\n\n\n\n<figure class=\"wp-block-gallery has-nested-images columns-default is-cropped wp-block-gallery-5 is-layout-flex wp-block-gallery-is-layout-flex\">\n<figure class=\"wp-block-image size-large\"><img loading=\"lazy\" decoding=\"async\" width=\"1024\" height=\"683\" data-id=\"8430\" src=\"https:\/\/eficasablanca.org\/wp-content\/uploads\/2024\/11\/DSC0621-1024x683.jpg\" alt=\"\" class=\"wp-image-8430\" srcset=\"https:\/\/eficasablanca.org\/wp-content\/uploads\/2024\/11\/DSC0621-1024x683.jpg 1024w, https:\/\/eficasablanca.org\/wp-content\/uploads\/2024\/11\/DSC0621-300x200.jpg 300w, https:\/\/eficasablanca.org\/wp-content\/uploads\/2024\/11\/DSC0621-768x512.jpg 768w, https:\/\/eficasablanca.org\/wp-content\/uploads\/2024\/11\/DSC0621-1536x1025.jpg 1536w, https:\/\/eficasablanca.org\/wp-content\/uploads\/2024\/11\/DSC0621-2048x1367.jpg 2048w, https:\/\/eficasablanca.org\/wp-content\/uploads\/2024\/11\/DSC0621-18x12.jpg 18w\" sizes=\"(max-width: 1024px) 100vw, 1024px\" \/><\/figure>\n<\/figure>","protected":false},"excerpt":{"rendered":"<p>A l\u2019occasion de la c\u00e9l\u00e9bration de la Marche Verte, les \u00e9l\u00e8ves du Primaire ont recr\u00e9\u00e9, gr\u00e2ce \u00e0 leurs t-shirts rouges, une repr\u00e9sentation du drapeau marocain. Port\u00e9e par l\u2019association PTA MyEFI, cette initiative a permis de r\u00e9affirmer les valeurs de paix, de solidarit\u00e9 et d\u2019unit\u00e9 nationale ! L\u2019Hymne National Marocain et Nidae Saout Al Hassan ont [&hellip;]<\/p>\n","protected":false},"author":2,"featured_media":8412,"comment_status":"closed","ping_status":"open","sticky":false,"template":"","format":"standard","meta":{"_acf_changed":false,"footnotes":""},"categories":[21,22],"tags":[],"class_list":["post-8410","post","type-post","status-publish","format-standard","has-post-thumbnail","hentry","category-actualites","category-evenements"],"acf":[],"yoast_head":"<!-- This site is optimized with the Yoast SEO plugin v27.1.1 - https:\/\/yoast.com\/product\/yoast-seo-wordpress\/ -->\n<title>C\u00e9l\u00e9bration de La Marche Verte - \u00c9cole Fran\u00e7aise Internationale de Casablanca<\/title>\n<meta name=\"description\" content=\"A l\u2019occasion de la c\u00e9l\u00e9bration de la Marche Verte, les \u00e9l\u00e8ves du Primaire ont recr\u00e9\u00e9, gr\u00e2ce \u00e0 leurs t-shirts rouges, une repr\u00e9sentation du drapeau\" \/>\n<meta name=\"robots\" content=\"index, follow, max-snippet:-1, max-image-preview:large, max-video-preview:-1\" \/>\n<link rel=\"canonical\" href=\"https:\/\/eficasablanca.org\/en\/celebration-de-la-marche-verte\/\" \/>\n<meta property=\"og:locale\" content=\"en_US\" \/>\n<meta property=\"og:type\" content=\"article\" \/>\n<meta property=\"og:title\" content=\"C\u00e9l\u00e9bration de La Marche Verte - \u00c9cole Fran\u00e7aise Internationale de Casablanca\" \/>\n<meta property=\"og:description\" content=\"A l\u2019occasion de la c\u00e9l\u00e9bration de la Marche Verte, les \u00e9l\u00e8ves du Primaire ont recr\u00e9\u00e9, gr\u00e2ce \u00e0 leurs t-shirts rouges, une repr\u00e9sentation du drapeau\" \/>\n<meta property=\"og:url\" content=\"https:\/\/eficasablanca.org\/en\/celebration-de-la-marche-verte\/\" \/>\n<meta property=\"og:site_name\" content=\"\u00c9cole Fran\u00e7aise Internationale de Casablanca\" \/>\n<meta property=\"article:publisher\" content=\"https:\/\/www.facebook.com\/EFICasablanca\" \/>\n<meta property=\"article:published_time\" content=\"2024-11-11T13:00:00+00:00\" \/>\n<meta property=\"article:modified_time\" content=\"2025-10-16T10:59:35+00:00\" \/>\n<meta property=\"og:image\" content=\"https:\/\/eficasablanca.org\/wp-content\/uploads\/2025\/01\/WhatsApp-Image-2024-11-07-at-14.04.04.jpeg\" \/>\n\t<meta property=\"og:image:width\" content=\"1280\" \/>\n\t<meta property=\"og:image:height\" content=\"960\" \/>\n\t<meta property=\"og:image:type\" content=\"image\/jpeg\" \/>\n<meta name=\"author\" content=\"EFI\" \/>\n<meta name=\"twitter:card\" content=\"summary_large_image\" \/>\n<meta name=\"twitter:label1\" content=\"Written by\" \/>\n\t<meta name=\"twitter:data1\" content=\"EFI\" \/>\n\t<meta name=\"twitter:label2\" content=\"Est. reading time\" \/>\n\t<meta name=\"twitter:data2\" content=\"3 minutes\" \/>\n<script type=\"application\/ld+json\" class=\"yoast-schema-graph\">{\"@context\":\"https:\/\/schema.org\",\"@graph\":[{\"@type\":\"Article\",\"@id\":\"https:\/\/eficasablanca.org\/celebration-de-la-marche-verte\/#article\",\"isPartOf\":{\"@id\":\"https:\/\/eficasablanca.org\/celebration-de-la-marche-verte\/\"},\"author\":{\"name\":\"EFI\",\"@id\":\"https:\/\/eficasablanca.org\/#\/schema\/person\/5f18b84fc036d7c660fe4f80550a97c1\"},\"headline\":\"C\u00e9l\u00e9bration de La Marche Verte\",\"datePublished\":\"2024-11-11T13:00:00+00:00\",\"dateModified\":\"2025-10-16T10:59:35+00:00\",\"mainEntityOfPage\":{\"@id\":\"https:\/\/eficasablanca.org\/celebration-de-la-marche-verte\/\"},\"wordCount\":161,\"publisher\":{\"@id\":\"https:\/\/eficasablanca.org\/#organization\"},\"image\":{\"@id\":\"https:\/\/eficasablanca.org\/celebration-de-la-marche-verte\/#primaryimage\"},\"thumbnailUrl\":\"https:\/\/eficasablanca.org\/wp-content\/uploads\/2025\/01\/WhatsApp-Image-2024-11-07-at-14.04.04.jpeg\",\"articleSection\":[\"Actualit\u00e9s\",\"\u00c9v\u00e8nements\"],\"inLanguage\":\"en-US\"},{\"@type\":\"WebPage\",\"@id\":\"https:\/\/eficasablanca.org\/celebration-de-la-marche-verte\/\",\"url\":\"https:\/\/eficasablanca.org\/celebration-de-la-marche-verte\/\",\"name\":\"C\u00e9l\u00e9bration de La Marche Verte - \u00c9cole Fran\u00e7aise Internationale de Casablanca\",\"isPartOf\":{\"@id\":\"https:\/\/eficasablanca.org\/#website\"},\"primaryImageOfPage\":{\"@id\":\"https:\/\/eficasablanca.org\/celebration-de-la-marche-verte\/#primaryimage\"},\"image\":{\"@id\":\"https:\/\/eficasablanca.org\/celebration-de-la-marche-verte\/#primaryimage\"},\"thumbnailUrl\":\"https:\/\/eficasablanca.org\/wp-content\/uploads\/2025\/01\/WhatsApp-Image-2024-11-07-at-14.04.04.jpeg\",\"datePublished\":\"2024-11-11T13:00:00+00:00\",\"dateModified\":\"2025-10-16T10:59:35+00:00\",\"description\":\"A l\u2019occasion de la c\u00e9l\u00e9bration de la Marche Verte, les \u00e9l\u00e8ves du Primaire ont recr\u00e9\u00e9, gr\u00e2ce \u00e0 leurs t-shirts rouges, une repr\u00e9sentation du drapeau\",\"breadcrumb\":{\"@id\":\"https:\/\/eficasablanca.org\/celebration-de-la-marche-verte\/#breadcrumb\"},\"inLanguage\":\"en-US\",\"potentialAction\":[{\"@type\":\"ReadAction\",\"target\":[\"https:\/\/eficasablanca.org\/celebration-de-la-marche-verte\/\"]}]},{\"@type\":\"ImageObject\",\"inLanguage\":\"en-US\",\"@id\":\"https:\/\/eficasablanca.org\/celebration-de-la-marche-verte\/#primaryimage\",\"url\":\"https:\/\/eficasablanca.org\/wp-content\/uploads\/2025\/01\/WhatsApp-Image-2024-11-07-at-14.04.04.jpeg\",\"contentUrl\":\"https:\/\/eficasablanca.org\/wp-content\/uploads\/2025\/01\/WhatsApp-Image-2024-11-07-at-14.04.04.jpeg\",\"width\":1280,\"height\":960},{\"@type\":\"BreadcrumbList\",\"@id\":\"https:\/\/eficasablanca.org\/celebration-de-la-marche-verte\/#breadcrumb\",\"itemListElement\":[{\"@type\":\"ListItem\",\"position\":1,\"name\":\"Accueil\",\"item\":\"https:\/\/eficasablanca.org\/\"},{\"@type\":\"ListItem\",\"position\":2,\"name\":\"C\u00e9l\u00e9bration de La Marche Verte\"}]},{\"@type\":\"WebSite\",\"@id\":\"https:\/\/eficasablanca.org\/#website\",\"url\":\"https:\/\/eficasablanca.org\/\",\"name\":\"\u00c9cole Fran\u00e7aise Internationale de Casablanca\",\"description\":\"L&#039;\u00c9cole Fran\u00e7aise Internationale\",\"publisher\":{\"@id\":\"https:\/\/eficasablanca.org\/#organization\"},\"potentialAction\":[{\"@type\":\"SearchAction\",\"target\":{\"@type\":\"EntryPoint\",\"urlTemplate\":\"https:\/\/eficasablanca.org\/?s={search_term_string}\"},\"query-input\":{\"@type\":\"PropertyValueSpecification\",\"valueRequired\":true,\"valueName\":\"search_term_string\"}}],\"inLanguage\":\"en-US\"},{\"@type\":\"Organization\",\"@id\":\"https:\/\/eficasablanca.org\/#organization\",\"name\":\"Ecole Fran\u00e7aise Internationale Casablanca\",\"url\":\"https:\/\/eficasablanca.org\/\",\"logo\":{\"@type\":\"ImageObject\",\"inLanguage\":\"en-US\",\"@id\":\"https:\/\/eficasablanca.org\/#\/schema\/logo\/image\/\",\"url\":\"https:\/\/eficasablanca.org\/wp-content\/uploads\/2022\/12\/Logo-EFI-DEF-1-1-02-1.webp\",\"contentUrl\":\"https:\/\/eficasablanca.org\/wp-content\/uploads\/2022\/12\/Logo-EFI-DEF-1-1-02-1.webp\",\"width\":644,\"height\":100,\"caption\":\"Ecole Fran\u00e7aise Internationale Casablanca\"},\"image\":{\"@id\":\"https:\/\/eficasablanca.org\/#\/schema\/logo\/image\/\"},\"sameAs\":[\"https:\/\/www.facebook.com\/EFICasablanca\",\"https:\/\/www.instagram.com\/efi_casablanca\/?hl=fr\",\"https:\/\/www.linkedin.com\/company\/efi-casablanca\/about\/?viewAsMember=true\"]},{\"@type\":\"Person\",\"@id\":\"https:\/\/eficasablanca.org\/#\/schema\/person\/5f18b84fc036d7c660fe4f80550a97c1\",\"name\":\"EFI\",\"url\":\"https:\/\/eficasablanca.org\/en\/author\/editor\/\"}]}<\/script>\n<!-- \/ Yoast SEO plugin. -->","yoast_head_json":{"title":"C\u00e9l\u00e9bration de La Marche Verte - \u00c9cole Fran\u00e7aise Internationale de Casablanca","description":"A l\u2019occasion de la c\u00e9l\u00e9bration de la Marche Verte, les \u00e9l\u00e8ves du Primaire ont recr\u00e9\u00e9, gr\u00e2ce \u00e0 leurs t-shirts rouges, une repr\u00e9sentation du drapeau","robots":{"index":"index","follow":"follow","max-snippet":"max-snippet:-1","max-image-preview":"max-image-preview:large","max-video-preview":"max-video-preview:-1"},"canonical":"https:\/\/eficasablanca.org\/en\/celebration-de-la-marche-verte\/","og_locale":"en_US","og_type":"article","og_title":"C\u00e9l\u00e9bration de La Marche Verte - \u00c9cole Fran\u00e7aise Internationale de Casablanca","og_description":"A l\u2019occasion de la c\u00e9l\u00e9bration de la Marche Verte, les \u00e9l\u00e8ves du Primaire ont recr\u00e9\u00e9, gr\u00e2ce \u00e0 leurs t-shirts rouges, une repr\u00e9sentation du drapeau","og_url":"https:\/\/eficasablanca.org\/en\/celebration-de-la-marche-verte\/","og_site_name":"\u00c9cole Fran\u00e7aise Internationale de Casablanca","article_publisher":"https:\/\/www.facebook.com\/EFICasablanca","article_published_time":"2024-11-11T13:00:00+00:00","article_modified_time":"2025-10-16T10:59:35+00:00","og_image":[{"width":1280,"height":960,"url":"https:\/\/eficasablanca.org\/wp-content\/uploads\/2025\/01\/WhatsApp-Image-2024-11-07-at-14.04.04.jpeg","type":"image\/jpeg"}],"author":"EFI","twitter_card":"summary_large_image","twitter_misc":{"Written by":"EFI","Est. reading time":"3 minutes"},"schema":{"@context":"https:\/\/schema.org","@graph":[{"@type":"Article","@id":"https:\/\/eficasablanca.org\/celebration-de-la-marche-verte\/#article","isPartOf":{"@id":"https:\/\/eficasablanca.org\/celebration-de-la-marche-verte\/"},"author":{"name":"EFI","@id":"https:\/\/eficasablanca.org\/#\/schema\/person\/5f18b84fc036d7c660fe4f80550a97c1"},"headline":"C\u00e9l\u00e9bration de La Marche Verte","datePublished":"2024-11-11T13:00:00+00:00","dateModified":"2025-10-16T10:59:35+00:00","mainEntityOfPage":{"@id":"https:\/\/eficasablanca.org\/celebration-de-la-marche-verte\/"},"wordCount":161,"publisher":{"@id":"https:\/\/eficasablanca.org\/#organization"},"image":{"@id":"https:\/\/eficasablanca.org\/celebration-de-la-marche-verte\/#primaryimage"},"thumbnailUrl":"https:\/\/eficasablanca.org\/wp-content\/uploads\/2025\/01\/WhatsApp-Image-2024-11-07-at-14.04.04.jpeg","articleSection":["Actualit\u00e9s","\u00c9v\u00e8nements"],"inLanguage":"en-US"},{"@type":"WebPage","@id":"https:\/\/eficasablanca.org\/celebration-de-la-marche-verte\/","url":"https:\/\/eficasablanca.org\/celebration-de-la-marche-verte\/","name":"C\u00e9l\u00e9bration de La Marche Verte - \u00c9cole Fran\u00e7aise Internationale de Casablanca","isPartOf":{"@id":"https:\/\/eficasablanca.org\/#website"},"primaryImageOfPage":{"@id":"https:\/\/eficasablanca.org\/celebration-de-la-marche-verte\/#primaryimage"},"image":{"@id":"https:\/\/eficasablanca.org\/celebration-de-la-marche-verte\/#primaryimage"},"thumbnailUrl":"https:\/\/eficasablanca.org\/wp-content\/uploads\/2025\/01\/WhatsApp-Image-2024-11-07-at-14.04.04.jpeg","datePublished":"2024-11-11T13:00:00+00:00","dateModified":"2025-10-16T10:59:35+00:00","description":"A l\u2019occasion de la c\u00e9l\u00e9bration de la Marche Verte, les \u00e9l\u00e8ves du Primaire ont recr\u00e9\u00e9, gr\u00e2ce \u00e0 leurs t-shirts rouges, une repr\u00e9sentation du drapeau","breadcrumb":{"@id":"https:\/\/eficasablanca.org\/celebration-de-la-marche-verte\/#breadcrumb"},"inLanguage":"en-US","potentialAction":[{"@type":"ReadAction","target":["https:\/\/eficasablanca.org\/celebration-de-la-marche-verte\/"]}]},{"@type":"ImageObject","inLanguage":"en-US","@id":"https:\/\/eficasablanca.org\/celebration-de-la-marche-verte\/#primaryimage","url":"https:\/\/eficasablanca.org\/wp-content\/uploads\/2025\/01\/WhatsApp-Image-2024-11-07-at-14.04.04.jpeg","contentUrl":"https:\/\/eficasablanca.org\/wp-content\/uploads\/2025\/01\/WhatsApp-Image-2024-11-07-at-14.04.04.jpeg","width":1280,"height":960},{"@type":"BreadcrumbList","@id":"https:\/\/eficasablanca.org\/celebration-de-la-marche-verte\/#breadcrumb","itemListElement":[{"@type":"ListItem","position":1,"name":"Accueil","item":"https:\/\/eficasablanca.org\/"},{"@type":"ListItem","position":2,"name":"C\u00e9l\u00e9bration de La Marche Verte"}]},{"@type":"WebSite","@id":"https:\/\/eficasablanca.org\/#website","url":"https:\/\/eficasablanca.org\/","name":"Casablanca International French School","description":"L&#039;\u00c9cole Fran\u00e7aise Internationale","publisher":{"@id":"https:\/\/eficasablanca.org\/#organization"},"potentialAction":[{"@type":"SearchAction","target":{"@type":"EntryPoint","urlTemplate":"https:\/\/eficasablanca.org\/?s={search_term_string}"},"query-input":{"@type":"PropertyValueSpecification","valueRequired":true,"valueName":"search_term_string"}}],"inLanguage":"en-US"},{"@type":"Organization","@id":"https:\/\/eficasablanca.org\/#organization","name":"Ecole Fran\u00e7aise Internationale Casablanca","url":"https:\/\/eficasablanca.org\/","logo":{"@type":"ImageObject","inLanguage":"en-US","@id":"https:\/\/eficasablanca.org\/#\/schema\/logo\/image\/","url":"https:\/\/eficasablanca.org\/wp-content\/uploads\/2022\/12\/Logo-EFI-DEF-1-1-02-1.webp","contentUrl":"https:\/\/eficasablanca.org\/wp-content\/uploads\/2022\/12\/Logo-EFI-DEF-1-1-02-1.webp","width":644,"height":100,"caption":"Ecole Fran\u00e7aise Internationale Casablanca"},"image":{"@id":"https:\/\/eficasablanca.org\/#\/schema\/logo\/image\/"},"sameAs":["https:\/\/www.facebook.com\/EFICasablanca","https:\/\/www.instagram.com\/efi_casablanca\/?hl=fr","https:\/\/www.linkedin.com\/company\/efi-casablanca\/about\/?viewAsMember=true"]},{"@type":"Person","@id":"https:\/\/eficasablanca.org\/#\/schema\/person\/5f18b84fc036d7c660fe4f80550a97c1","name":"EFI","url":"https:\/\/eficasablanca.org\/en\/author\/editor\/"}]}},"_links":{"self":[{"href":"https:\/\/eficasablanca.org\/en\/wp-json\/wp\/v2\/posts\/8410","targetHints":{"allow":["GET"]}}],"collection":[{"href":"https:\/\/eficasablanca.org\/en\/wp-json\/wp\/v2\/posts"}],"about":[{"href":"https:\/\/eficasablanca.org\/en\/wp-json\/wp\/v2\/types\/post"}],"author":[{"embeddable":true,"href":"https:\/\/eficasablanca.org\/en\/wp-json\/wp\/v2\/users\/2"}],"replies":[{"embeddable":true,"href":"https:\/\/eficasablanca.org\/en\/wp-json\/wp\/v2\/comments?post=8410"}],"version-history":[{"count":5,"href":"https:\/\/eficasablanca.org\/en\/wp-json\/wp\/v2\/posts\/8410\/revisions"}],"predecessor-version":[{"id":11926,"href":"https:\/\/eficasablanca.org\/en\/wp-json\/wp\/v2\/posts\/8410\/revisions\/11926"}],"wp:featuredmedia":[{"embeddable":true,"href":"https:\/\/eficasablanca.org\/en\/wp-json\/wp\/v2\/media\/8412"}],"wp:attachment":[{"href":"https:\/\/eficasablanca.org\/en\/wp-json\/wp\/v2\/media?parent=8410"}],"wp:term":[{"taxonomy":"category","embeddable":true,"href":"https:\/\/eficasablanca.org\/en\/wp-json\/wp\/v2\/categories?post=8410"},{"taxonomy":"post_tag","embeddable":true,"href":"https:\/\/eficasablanca.org\/en\/wp-json\/wp\/v2\/tags?post=8410"}],"curies":[{"name":"wp","href":"https:\/\/api.w.org\/{rel}","templated":true}]}}