{"id":8411,"date":"2024-11-13T15:30:00","date_gmt":"2024-11-13T14:30:00","guid":{"rendered":"https:\/\/eficasablanca.org\/?p=8411"},"modified":"2025-10-16T12:57:33","modified_gmt":"2025-10-16T10:57:33","slug":"semaine-de-lutte-contre-le-harcelement-scolaire","status":"publish","type":"post","link":"https:\/\/eficasablanca.org\/en\/semaine-de-lutte-contre-le-harcelement-scolaire\/","title":{"rendered":"Anti-Bullying Week"},"content":{"rendered":"<p>Le campus primaire s\u2019est mobilis\u00e9 avec de nombreuses initiatives pour sensibiliser les \u00e9l\u00e8ves au respect et \u00e0 la bienveillance : une bo\u00eete anonyme \u00ab\u00a0Si tu ne peux pas le dire, \u00e9cris-le\u00a0\u00bb, l\u2019Arbre de l\u2019amiti\u00e9, des d\u00e9bats en classe, le visionnage de courts-m\u00e9trages, et bien d\u2019autres activit\u00e9s. Pour montrer leur engagement, les \u00e9l\u00e8ves se sont habill\u00e9s en blanc, un symbole fort de solidarit\u00e9 dans la lutte contre le harc\u00e8lement scolaire. Une mobilisation inspirante pour construire un environnement d\u2019\u00e9coute et de respect !<br><br>&#8212;&#8212;&#8212;&#8212;&#8212;&#8212;&#8212;&#8212;&#8212;&#8212;&#8212;&#8212;&#8212;&#8212;&#8212;&#8212;&#8212;&#8212;&#8212;&#8212;&#8212;&#8212;&#8212;&#8212;&#8212;&#8212;&#8212;&#8212;&#8212;&#8212;&#8212;&#8212;&#8212;&#8212;&#8212;&#8212;&#8212;&#8211;<br><br>The <strong>Primary Campus<\/strong> came together through various initiatives to raise student awareness about <strong>kindness and respect<\/strong>. Activities included an anonymous box titled <em>\u201cIf you can\u2019t say it, write it,\u201d<\/em> the <strong>Friendship Tree<\/strong>, class discussions, short film screenings, and many more creative actions.<\/p>\n\n\n\n<p>To show their commitment, students dressed in <strong>white<\/strong>, a strong symbol of <strong>solidarity in the fight against bullying<\/strong>. It was an inspiring initiative that fostered a culture of <strong>listening, empathy, and respect<\/strong> within the school community.<\/p>\n\n\n\n<figure class=\"wp-block-gallery has-nested-images columns-default is-cropped wp-block-gallery-1 is-layout-flex wp-block-gallery-is-layout-flex\">\n<figure class=\"wp-block-image size-large\"><img fetchpriority=\"high\" decoding=\"async\" width=\"1024\" height=\"683\" data-id=\"8439\" src=\"https:\/\/eficasablanca.org\/wp-content\/uploads\/2025\/01\/DSC0653-1024x683.jpg\" alt=\"\" class=\"wp-image-8439\" srcset=\"https:\/\/eficasablanca.org\/wp-content\/uploads\/2025\/01\/DSC0653-1024x683.jpg 1024w, https:\/\/eficasablanca.org\/wp-content\/uploads\/2025\/01\/DSC0653-300x200.jpg 300w, https:\/\/eficasablanca.org\/wp-content\/uploads\/2025\/01\/DSC0653-768x512.jpg 768w, https:\/\/eficasablanca.org\/wp-content\/uploads\/2025\/01\/DSC0653-1536x1025.jpg 1536w, https:\/\/eficasablanca.org\/wp-content\/uploads\/2025\/01\/DSC0653-2048x1367.jpg 2048w, https:\/\/eficasablanca.org\/wp-content\/uploads\/2025\/01\/DSC0653-18x12.jpg 18w\" sizes=\"(max-width: 1024px) 100vw, 1024px\" \/><\/figure>\n\n\n\n<figure class=\"wp-block-image size-large\"><img decoding=\"async\" width=\"1024\" height=\"683\" data-id=\"8438\" src=\"https:\/\/eficasablanca.org\/wp-content\/uploads\/2025\/01\/DSC0661-1024x683.jpg\" alt=\"\" class=\"wp-image-8438\" srcset=\"https:\/\/eficasablanca.org\/wp-content\/uploads\/2025\/01\/DSC0661-1024x683.jpg 1024w, https:\/\/eficasablanca.org\/wp-content\/uploads\/2025\/01\/DSC0661-300x200.jpg 300w, https:\/\/eficasablanca.org\/wp-content\/uploads\/2025\/01\/DSC0661-768x512.jpg 768w, https:\/\/eficasablanca.org\/wp-content\/uploads\/2025\/01\/DSC0661-1536x1025.jpg 1536w, https:\/\/eficasablanca.org\/wp-content\/uploads\/2025\/01\/DSC0661-2048x1367.jpg 2048w, https:\/\/eficasablanca.org\/wp-content\/uploads\/2025\/01\/DSC0661-18x12.jpg 18w\" sizes=\"(max-width: 1024px) 100vw, 1024px\" \/><\/figure>\n\n\n\n<figure class=\"wp-block-image size-large\"><img decoding=\"async\" width=\"1024\" height=\"683\" data-id=\"8440\" src=\"https:\/\/eficasablanca.org\/wp-content\/uploads\/2025\/01\/DSC0666-1024x683.jpg\" alt=\"\" class=\"wp-image-8440\" srcset=\"https:\/\/eficasablanca.org\/wp-content\/uploads\/2025\/01\/DSC0666-1024x683.jpg 1024w, https:\/\/eficasablanca.org\/wp-content\/uploads\/2025\/01\/DSC0666-300x200.jpg 300w, https:\/\/eficasablanca.org\/wp-content\/uploads\/2025\/01\/DSC0666-768x512.jpg 768w, https:\/\/eficasablanca.org\/wp-content\/uploads\/2025\/01\/DSC0666-1536x1025.jpg 1536w, https:\/\/eficasablanca.org\/wp-content\/uploads\/2025\/01\/DSC0666-2048x1367.jpg 2048w, https:\/\/eficasablanca.org\/wp-content\/uploads\/2025\/01\/DSC0666-18x12.jpg 18w\" sizes=\"(max-width: 1024px) 100vw, 1024px\" \/><\/figure>\n\n\n\n<figure class=\"wp-block-image size-large\"><img loading=\"lazy\" decoding=\"async\" width=\"1024\" height=\"683\" data-id=\"8437\" src=\"https:\/\/eficasablanca.org\/wp-content\/uploads\/2025\/01\/DSC0676-1024x683.jpg\" alt=\"\" class=\"wp-image-8437\" srcset=\"https:\/\/eficasablanca.org\/wp-content\/uploads\/2025\/01\/DSC0676-1024x683.jpg 1024w, https:\/\/eficasablanca.org\/wp-content\/uploads\/2025\/01\/DSC0676-300x200.jpg 300w, https:\/\/eficasablanca.org\/wp-content\/uploads\/2025\/01\/DSC0676-768x512.jpg 768w, https:\/\/eficasablanca.org\/wp-content\/uploads\/2025\/01\/DSC0676-1536x1025.jpg 1536w, https:\/\/eficasablanca.org\/wp-content\/uploads\/2025\/01\/DSC0676-2048x1367.jpg 2048w, https:\/\/eficasablanca.org\/wp-content\/uploads\/2025\/01\/DSC0676-18x12.jpg 18w\" sizes=\"(max-width: 1024px) 100vw, 1024px\" \/><\/figure>\n\n\n\n<figure class=\"wp-block-image size-large\"><img loading=\"lazy\" decoding=\"async\" width=\"1024\" height=\"683\" data-id=\"8441\" src=\"https:\/\/eficasablanca.org\/wp-content\/uploads\/2025\/01\/DSC0692-1024x683.jpg\" alt=\"\" class=\"wp-image-8441\" srcset=\"https:\/\/eficasablanca.org\/wp-content\/uploads\/2025\/01\/DSC0692-1024x683.jpg 1024w, https:\/\/eficasablanca.org\/wp-content\/uploads\/2025\/01\/DSC0692-300x200.jpg 300w, https:\/\/eficasablanca.org\/wp-content\/uploads\/2025\/01\/DSC0692-768x512.jpg 768w, https:\/\/eficasablanca.org\/wp-content\/uploads\/2025\/01\/DSC0692-1536x1025.jpg 1536w, https:\/\/eficasablanca.org\/wp-content\/uploads\/2025\/01\/DSC0692-2048x1367.jpg 2048w, https:\/\/eficasablanca.org\/wp-content\/uploads\/2025\/01\/DSC0692-18x12.jpg 18w\" sizes=\"(max-width: 1024px) 100vw, 1024px\" \/><\/figure>\n\n\n\n<figure class=\"wp-block-image size-large\"><img loading=\"lazy\" decoding=\"async\" width=\"1024\" height=\"1024\" data-id=\"8436\" src=\"https:\/\/eficasablanca.org\/wp-content\/uploads\/2025\/01\/2-7-1024x1024.png\" alt=\"\" class=\"wp-image-8436\" srcset=\"https:\/\/eficasablanca.org\/wp-content\/uploads\/2025\/01\/2-7-1024x1024.png 1024w, https:\/\/eficasablanca.org\/wp-content\/uploads\/2025\/01\/2-7-300x300.png 300w, https:\/\/eficasablanca.org\/wp-content\/uploads\/2025\/01\/2-7-150x150.png 150w, https:\/\/eficasablanca.org\/wp-content\/uploads\/2025\/01\/2-7-768x768.png 768w, https:\/\/eficasablanca.org\/wp-content\/uploads\/2025\/01\/2-7-12x12.png 12w, https:\/\/eficasablanca.org\/wp-content\/uploads\/2025\/01\/2-7.png 1080w\" sizes=\"(max-width: 1024px) 100vw, 1024px\" \/><\/figure>\n\n\n\n<figure class=\"wp-block-image size-large\"><img loading=\"lazy\" decoding=\"async\" width=\"1024\" height=\"1024\" data-id=\"8435\" src=\"https:\/\/eficasablanca.org\/wp-content\/uploads\/2025\/01\/3-7-1024x1024.png\" alt=\"\" class=\"wp-image-8435\" srcset=\"https:\/\/eficasablanca.org\/wp-content\/uploads\/2025\/01\/3-7-1024x1024.png 1024w, https:\/\/eficasablanca.org\/wp-content\/uploads\/2025\/01\/3-7-300x300.png 300w, https:\/\/eficasablanca.org\/wp-content\/uploads\/2025\/01\/3-7-150x150.png 150w, https:\/\/eficasablanca.org\/wp-content\/uploads\/2025\/01\/3-7-768x768.png 768w, https:\/\/eficasablanca.org\/wp-content\/uploads\/2025\/01\/3-7-12x12.png 12w, https:\/\/eficasablanca.org\/wp-content\/uploads\/2025\/01\/3-7.png 1080w\" sizes=\"(max-width: 1024px) 100vw, 1024px\" \/><\/figure>\n\n\n\n<figure class=\"wp-block-image size-large\"><img loading=\"lazy\" decoding=\"async\" width=\"1024\" height=\"1024\" data-id=\"8433\" src=\"https:\/\/eficasablanca.org\/wp-content\/uploads\/2025\/01\/4-7-1024x1024.png\" alt=\"\" class=\"wp-image-8433\" srcset=\"https:\/\/eficasablanca.org\/wp-content\/uploads\/2025\/01\/4-7-1024x1024.png 1024w, https:\/\/eficasablanca.org\/wp-content\/uploads\/2025\/01\/4-7-300x300.png 300w, https:\/\/eficasablanca.org\/wp-content\/uploads\/2025\/01\/4-7-150x150.png 150w, https:\/\/eficasablanca.org\/wp-content\/uploads\/2025\/01\/4-7-768x768.png 768w, https:\/\/eficasablanca.org\/wp-content\/uploads\/2025\/01\/4-7-12x12.png 12w, https:\/\/eficasablanca.org\/wp-content\/uploads\/2025\/01\/4-7.png 1080w\" sizes=\"(max-width: 1024px) 100vw, 1024px\" \/><\/figure>\n\n\n\n<figure class=\"wp-block-image size-large\"><img loading=\"lazy\" decoding=\"async\" width=\"1024\" height=\"1024\" data-id=\"8432\" src=\"https:\/\/eficasablanca.org\/wp-content\/uploads\/2025\/01\/6-4-1024x1024.png\" alt=\"\" class=\"wp-image-8432\" srcset=\"https:\/\/eficasablanca.org\/wp-content\/uploads\/2025\/01\/6-4-1024x1024.png 1024w, https:\/\/eficasablanca.org\/wp-content\/uploads\/2025\/01\/6-4-300x300.png 300w, https:\/\/eficasablanca.org\/wp-content\/uploads\/2025\/01\/6-4-150x150.png 150w, https:\/\/eficasablanca.org\/wp-content\/uploads\/2025\/01\/6-4-768x768.png 768w, https:\/\/eficasablanca.org\/wp-content\/uploads\/2025\/01\/6-4-12x12.png 12w, https:\/\/eficasablanca.org\/wp-content\/uploads\/2025\/01\/6-4.png 1080w\" sizes=\"(max-width: 1024px) 100vw, 1024px\" \/><\/figure>\n<\/figure>\n\n\n\n<figure class=\"wp-block-gallery has-nested-images columns-default is-cropped wp-block-gallery-2 is-layout-flex wp-block-gallery-is-layout-flex\">\n<figure class=\"wp-block-image size-large\"><img loading=\"lazy\" decoding=\"async\" width=\"1024\" height=\"683\" data-id=\"8443\" src=\"https:\/\/eficasablanca.org\/wp-content\/uploads\/2025\/01\/DSC0641-1024x683.jpg\" alt=\"\" class=\"wp-image-8443\" srcset=\"https:\/\/eficasablanca.org\/wp-content\/uploads\/2025\/01\/DSC0641-1024x683.jpg 1024w, https:\/\/eficasablanca.org\/wp-content\/uploads\/2025\/01\/DSC0641-300x200.jpg 300w, https:\/\/eficasablanca.org\/wp-content\/uploads\/2025\/01\/DSC0641-768x512.jpg 768w, https:\/\/eficasablanca.org\/wp-content\/uploads\/2025\/01\/DSC0641-1536x1025.jpg 1536w, https:\/\/eficasablanca.org\/wp-content\/uploads\/2025\/01\/DSC0641-2048x1367.jpg 2048w, https:\/\/eficasablanca.org\/wp-content\/uploads\/2025\/01\/DSC0641-18x12.jpg 18w\" sizes=\"(max-width: 1024px) 100vw, 1024px\" \/><\/figure>\n\n\n\n<figure class=\"wp-block-image size-large\"><img loading=\"lazy\" decoding=\"async\" width=\"1024\" height=\"683\" data-id=\"8442\" src=\"https:\/\/eficasablanca.org\/wp-content\/uploads\/2025\/01\/DSC0657-1024x683.jpg\" alt=\"\" class=\"wp-image-8442\" srcset=\"https:\/\/eficasablanca.org\/wp-content\/uploads\/2025\/01\/DSC0657-1024x683.jpg 1024w, https:\/\/eficasablanca.org\/wp-content\/uploads\/2025\/01\/DSC0657-300x200.jpg 300w, https:\/\/eficasablanca.org\/wp-content\/uploads\/2025\/01\/DSC0657-768x512.jpg 768w, https:\/\/eficasablanca.org\/wp-content\/uploads\/2025\/01\/DSC0657-1536x1025.jpg 1536w, https:\/\/eficasablanca.org\/wp-content\/uploads\/2025\/01\/DSC0657-2048x1367.jpg 2048w, https:\/\/eficasablanca.org\/wp-content\/uploads\/2025\/01\/DSC0657-18x12.jpg 18w\" sizes=\"(max-width: 1024px) 100vw, 1024px\" \/><\/figure>\n<\/figure>","protected":false},"excerpt":{"rendered":"<p>Le campus primaire s\u2019est mobilis\u00e9 avec de nombreuses initiatives pour sensibiliser les \u00e9l\u00e8ves au respect et \u00e0 la bienveillance : une bo\u00eete anonyme \u00ab\u00a0Si tu ne peux pas le dire, \u00e9cris-le\u00a0\u00bb, l\u2019Arbre de l\u2019amiti\u00e9, des d\u00e9bats en classe, le visionnage de courts-m\u00e9trages, et bien d\u2019autres activit\u00e9s. Pour montrer leur engagement, les \u00e9l\u00e8ves se sont habill\u00e9s [&hellip;]<\/p>\n","protected":false},"author":2,"featured_media":8443,"comment_status":"closed","ping_status":"open","sticky":false,"template":"","format":"standard","meta":{"_acf_changed":false,"footnotes":""},"categories":[21,22],"tags":[],"class_list":["post-8411","post","type-post","status-publish","format-standard","has-post-thumbnail","hentry","category-actualites","category-evenements"],"acf":[],"yoast_head":"<!-- This site is optimized with the Yoast SEO plugin v27.1.1 - https:\/\/yoast.com\/product\/yoast-seo-wordpress\/ -->\n<title>Semaine de lutte contre le harc\u00e8lement scolaire - \u00c9cole Fran\u00e7aise Internationale de Casablanca<\/title>\n<meta name=\"description\" content=\"Le campus primaire s\u2019est mobilis\u00e9 avec de nombreuses initiatives pour sensibiliser les \u00e9l\u00e8ves au respect et \u00e0 la bienveillance : une bo\u00eete anonyme &quot;Si tu\" \/>\n<meta name=\"robots\" content=\"index, follow, max-snippet:-1, max-image-preview:large, max-video-preview:-1\" \/>\n<link rel=\"canonical\" href=\"https:\/\/eficasablanca.org\/en\/semaine-de-lutte-contre-le-harcelement-scolaire\/\" \/>\n<meta property=\"og:locale\" content=\"en_US\" \/>\n<meta property=\"og:type\" content=\"article\" \/>\n<meta property=\"og:title\" content=\"Semaine de lutte contre le harc\u00e8lement scolaire - \u00c9cole Fran\u00e7aise Internationale de Casablanca\" \/>\n<meta property=\"og:description\" content=\"Le campus primaire s\u2019est mobilis\u00e9 avec de nombreuses initiatives pour sensibiliser les \u00e9l\u00e8ves au respect et \u00e0 la bienveillance : une bo\u00eete anonyme &quot;Si tu\" \/>\n<meta property=\"og:url\" content=\"https:\/\/eficasablanca.org\/en\/semaine-de-lutte-contre-le-harcelement-scolaire\/\" \/>\n<meta property=\"og:site_name\" content=\"\u00c9cole Fran\u00e7aise Internationale de Casablanca\" \/>\n<meta property=\"article:publisher\" content=\"https:\/\/www.facebook.com\/EFICasablanca\" \/>\n<meta property=\"article:published_time\" content=\"2024-11-13T14:30:00+00:00\" \/>\n<meta property=\"article:modified_time\" content=\"2025-10-16T10:57:33+00:00\" \/>\n<meta property=\"og:image\" content=\"https:\/\/eficasablanca.org\/wp-content\/uploads\/2025\/01\/DSC0641-scaled.jpg\" \/>\n\t<meta property=\"og:image:width\" content=\"2560\" \/>\n\t<meta property=\"og:image:height\" content=\"1708\" \/>\n\t<meta property=\"og:image:type\" content=\"image\/jpeg\" \/>\n<meta name=\"author\" content=\"EFI\" \/>\n<meta name=\"twitter:card\" content=\"summary_large_image\" \/>\n<meta name=\"twitter:label1\" content=\"Written by\" \/>\n\t<meta name=\"twitter:data1\" content=\"EFI\" \/>\n\t<meta name=\"twitter:label2\" content=\"Est. reading time\" \/>\n\t<meta name=\"twitter:data2\" content=\"4 minutes\" \/>\n<script type=\"application\/ld+json\" class=\"yoast-schema-graph\">{\"@context\":\"https:\/\/schema.org\",\"@graph\":[{\"@type\":\"Article\",\"@id\":\"https:\/\/eficasablanca.org\/semaine-de-lutte-contre-le-harcelement-scolaire\/#article\",\"isPartOf\":{\"@id\":\"https:\/\/eficasablanca.org\/semaine-de-lutte-contre-le-harcelement-scolaire\/\"},\"author\":{\"name\":\"EFI\",\"@id\":\"https:\/\/eficasablanca.org\/#\/schema\/person\/5f18b84fc036d7c660fe4f80550a97c1\"},\"headline\":\"Semaine de lutte contre le harc\u00e8lement scolaire\",\"datePublished\":\"2024-11-13T14:30:00+00:00\",\"dateModified\":\"2025-10-16T10:57:33+00:00\",\"mainEntityOfPage\":{\"@id\":\"https:\/\/eficasablanca.org\/semaine-de-lutte-contre-le-harcelement-scolaire\/\"},\"wordCount\":179,\"publisher\":{\"@id\":\"https:\/\/eficasablanca.org\/#organization\"},\"image\":{\"@id\":\"https:\/\/eficasablanca.org\/semaine-de-lutte-contre-le-harcelement-scolaire\/#primaryimage\"},\"thumbnailUrl\":\"https:\/\/eficasablanca.org\/wp-content\/uploads\/2025\/01\/DSC0641-scaled.jpg\",\"articleSection\":[\"Actualit\u00e9s\",\"\u00c9v\u00e8nements\"],\"inLanguage\":\"en-US\"},{\"@type\":\"WebPage\",\"@id\":\"https:\/\/eficasablanca.org\/semaine-de-lutte-contre-le-harcelement-scolaire\/\",\"url\":\"https:\/\/eficasablanca.org\/semaine-de-lutte-contre-le-harcelement-scolaire\/\",\"name\":\"Semaine de lutte contre le harc\u00e8lement scolaire - \u00c9cole Fran\u00e7aise Internationale de Casablanca\",\"isPartOf\":{\"@id\":\"https:\/\/eficasablanca.org\/#website\"},\"primaryImageOfPage\":{\"@id\":\"https:\/\/eficasablanca.org\/semaine-de-lutte-contre-le-harcelement-scolaire\/#primaryimage\"},\"image\":{\"@id\":\"https:\/\/eficasablanca.org\/semaine-de-lutte-contre-le-harcelement-scolaire\/#primaryimage\"},\"thumbnailUrl\":\"https:\/\/eficasablanca.org\/wp-content\/uploads\/2025\/01\/DSC0641-scaled.jpg\",\"datePublished\":\"2024-11-13T14:30:00+00:00\",\"dateModified\":\"2025-10-16T10:57:33+00:00\",\"description\":\"Le campus primaire s\u2019est mobilis\u00e9 avec de nombreuses initiatives pour sensibiliser les \u00e9l\u00e8ves au respect et \u00e0 la bienveillance : une bo\u00eete anonyme \\\"Si tu\",\"breadcrumb\":{\"@id\":\"https:\/\/eficasablanca.org\/semaine-de-lutte-contre-le-harcelement-scolaire\/#breadcrumb\"},\"inLanguage\":\"en-US\",\"potentialAction\":[{\"@type\":\"ReadAction\",\"target\":[\"https:\/\/eficasablanca.org\/semaine-de-lutte-contre-le-harcelement-scolaire\/\"]}]},{\"@type\":\"ImageObject\",\"inLanguage\":\"en-US\",\"@id\":\"https:\/\/eficasablanca.org\/semaine-de-lutte-contre-le-harcelement-scolaire\/#primaryimage\",\"url\":\"https:\/\/eficasablanca.org\/wp-content\/uploads\/2025\/01\/DSC0641-scaled.jpg\",\"contentUrl\":\"https:\/\/eficasablanca.org\/wp-content\/uploads\/2025\/01\/DSC0641-scaled.jpg\",\"width\":2560,\"height\":1708},{\"@type\":\"BreadcrumbList\",\"@id\":\"https:\/\/eficasablanca.org\/semaine-de-lutte-contre-le-harcelement-scolaire\/#breadcrumb\",\"itemListElement\":[{\"@type\":\"ListItem\",\"position\":1,\"name\":\"Accueil\",\"item\":\"https:\/\/eficasablanca.org\/\"},{\"@type\":\"ListItem\",\"position\":2,\"name\":\"Semaine de lutte contre le harc\u00e8lement scolaire\"}]},{\"@type\":\"WebSite\",\"@id\":\"https:\/\/eficasablanca.org\/#website\",\"url\":\"https:\/\/eficasablanca.org\/\",\"name\":\"\u00c9cole Fran\u00e7aise Internationale de Casablanca\",\"description\":\"L&#039;\u00c9cole Fran\u00e7aise Internationale\",\"publisher\":{\"@id\":\"https:\/\/eficasablanca.org\/#organization\"},\"potentialAction\":[{\"@type\":\"SearchAction\",\"target\":{\"@type\":\"EntryPoint\",\"urlTemplate\":\"https:\/\/eficasablanca.org\/?s={search_term_string}\"},\"query-input\":{\"@type\":\"PropertyValueSpecification\",\"valueRequired\":true,\"valueName\":\"search_term_string\"}}],\"inLanguage\":\"en-US\"},{\"@type\":\"Organization\",\"@id\":\"https:\/\/eficasablanca.org\/#organization\",\"name\":\"Ecole Fran\u00e7aise Internationale Casablanca\",\"url\":\"https:\/\/eficasablanca.org\/\",\"logo\":{\"@type\":\"ImageObject\",\"inLanguage\":\"en-US\",\"@id\":\"https:\/\/eficasablanca.org\/#\/schema\/logo\/image\/\",\"url\":\"https:\/\/eficasablanca.org\/wp-content\/uploads\/2022\/12\/Logo-EFI-DEF-1-1-02-1.webp\",\"contentUrl\":\"https:\/\/eficasablanca.org\/wp-content\/uploads\/2022\/12\/Logo-EFI-DEF-1-1-02-1.webp\",\"width\":644,\"height\":100,\"caption\":\"Ecole Fran\u00e7aise Internationale Casablanca\"},\"image\":{\"@id\":\"https:\/\/eficasablanca.org\/#\/schema\/logo\/image\/\"},\"sameAs\":[\"https:\/\/www.facebook.com\/EFICasablanca\",\"https:\/\/www.instagram.com\/efi_casablanca\/?hl=fr\",\"https:\/\/www.linkedin.com\/company\/efi-casablanca\/about\/?viewAsMember=true\"]},{\"@type\":\"Person\",\"@id\":\"https:\/\/eficasablanca.org\/#\/schema\/person\/5f18b84fc036d7c660fe4f80550a97c1\",\"name\":\"EFI\",\"url\":\"https:\/\/eficasablanca.org\/en\/author\/editor\/\"}]}<\/script>\n<!-- \/ Yoast SEO plugin. -->","yoast_head_json":{"title":"Semaine de lutte contre le harc\u00e8lement scolaire - \u00c9cole Fran\u00e7aise Internationale de Casablanca","description":"Le campus primaire s\u2019est mobilis\u00e9 avec de nombreuses initiatives pour sensibiliser les \u00e9l\u00e8ves au respect et \u00e0 la bienveillance : une bo\u00eete anonyme \"Si tu","robots":{"index":"index","follow":"follow","max-snippet":"max-snippet:-1","max-image-preview":"max-image-preview:large","max-video-preview":"max-video-preview:-1"},"canonical":"https:\/\/eficasablanca.org\/en\/semaine-de-lutte-contre-le-harcelement-scolaire\/","og_locale":"en_US","og_type":"article","og_title":"Semaine de lutte contre le harc\u00e8lement scolaire - \u00c9cole Fran\u00e7aise Internationale de Casablanca","og_description":"Le campus primaire s\u2019est mobilis\u00e9 avec de nombreuses initiatives pour sensibiliser les \u00e9l\u00e8ves au respect et \u00e0 la bienveillance : une bo\u00eete anonyme \"Si tu","og_url":"https:\/\/eficasablanca.org\/en\/semaine-de-lutte-contre-le-harcelement-scolaire\/","og_site_name":"\u00c9cole Fran\u00e7aise Internationale de Casablanca","article_publisher":"https:\/\/www.facebook.com\/EFICasablanca","article_published_time":"2024-11-13T14:30:00+00:00","article_modified_time":"2025-10-16T10:57:33+00:00","og_image":[{"width":2560,"height":1708,"url":"https:\/\/eficasablanca.org\/wp-content\/uploads\/2025\/01\/DSC0641-scaled.jpg","type":"image\/jpeg"}],"author":"EFI","twitter_card":"summary_large_image","twitter_misc":{"Written by":"EFI","Est. reading time":"4 minutes"},"schema":{"@context":"https:\/\/schema.org","@graph":[{"@type":"Article","@id":"https:\/\/eficasablanca.org\/semaine-de-lutte-contre-le-harcelement-scolaire\/#article","isPartOf":{"@id":"https:\/\/eficasablanca.org\/semaine-de-lutte-contre-le-harcelement-scolaire\/"},"author":{"name":"EFI","@id":"https:\/\/eficasablanca.org\/#\/schema\/person\/5f18b84fc036d7c660fe4f80550a97c1"},"headline":"Semaine de lutte contre le harc\u00e8lement scolaire","datePublished":"2024-11-13T14:30:00+00:00","dateModified":"2025-10-16T10:57:33+00:00","mainEntityOfPage":{"@id":"https:\/\/eficasablanca.org\/semaine-de-lutte-contre-le-harcelement-scolaire\/"},"wordCount":179,"publisher":{"@id":"https:\/\/eficasablanca.org\/#organization"},"image":{"@id":"https:\/\/eficasablanca.org\/semaine-de-lutte-contre-le-harcelement-scolaire\/#primaryimage"},"thumbnailUrl":"https:\/\/eficasablanca.org\/wp-content\/uploads\/2025\/01\/DSC0641-scaled.jpg","articleSection":["Actualit\u00e9s","\u00c9v\u00e8nements"],"inLanguage":"en-US"},{"@type":"WebPage","@id":"https:\/\/eficasablanca.org\/semaine-de-lutte-contre-le-harcelement-scolaire\/","url":"https:\/\/eficasablanca.org\/semaine-de-lutte-contre-le-harcelement-scolaire\/","name":"Semaine de lutte contre le harc\u00e8lement scolaire - \u00c9cole Fran\u00e7aise Internationale de Casablanca","isPartOf":{"@id":"https:\/\/eficasablanca.org\/#website"},"primaryImageOfPage":{"@id":"https:\/\/eficasablanca.org\/semaine-de-lutte-contre-le-harcelement-scolaire\/#primaryimage"},"image":{"@id":"https:\/\/eficasablanca.org\/semaine-de-lutte-contre-le-harcelement-scolaire\/#primaryimage"},"thumbnailUrl":"https:\/\/eficasablanca.org\/wp-content\/uploads\/2025\/01\/DSC0641-scaled.jpg","datePublished":"2024-11-13T14:30:00+00:00","dateModified":"2025-10-16T10:57:33+00:00","description":"Le campus primaire s\u2019est mobilis\u00e9 avec de nombreuses initiatives pour sensibiliser les \u00e9l\u00e8ves au respect et \u00e0 la bienveillance : une bo\u00eete anonyme \"Si tu","breadcrumb":{"@id":"https:\/\/eficasablanca.org\/semaine-de-lutte-contre-le-harcelement-scolaire\/#breadcrumb"},"inLanguage":"en-US","potentialAction":[{"@type":"ReadAction","target":["https:\/\/eficasablanca.org\/semaine-de-lutte-contre-le-harcelement-scolaire\/"]}]},{"@type":"ImageObject","inLanguage":"en-US","@id":"https:\/\/eficasablanca.org\/semaine-de-lutte-contre-le-harcelement-scolaire\/#primaryimage","url":"https:\/\/eficasablanca.org\/wp-content\/uploads\/2025\/01\/DSC0641-scaled.jpg","contentUrl":"https:\/\/eficasablanca.org\/wp-content\/uploads\/2025\/01\/DSC0641-scaled.jpg","width":2560,"height":1708},{"@type":"BreadcrumbList","@id":"https:\/\/eficasablanca.org\/semaine-de-lutte-contre-le-harcelement-scolaire\/#breadcrumb","itemListElement":[{"@type":"ListItem","position":1,"name":"Accueil","item":"https:\/\/eficasablanca.org\/"},{"@type":"ListItem","position":2,"name":"Semaine de lutte contre le harc\u00e8lement scolaire"}]},{"@type":"WebSite","@id":"https:\/\/eficasablanca.org\/#website","url":"https:\/\/eficasablanca.org\/","name":"Casablanca International French School","description":"L&#039;\u00c9cole Fran\u00e7aise Internationale","publisher":{"@id":"https:\/\/eficasablanca.org\/#organization"},"potentialAction":[{"@type":"SearchAction","target":{"@type":"EntryPoint","urlTemplate":"https:\/\/eficasablanca.org\/?s={search_term_string}"},"query-input":{"@type":"PropertyValueSpecification","valueRequired":true,"valueName":"search_term_string"}}],"inLanguage":"en-US"},{"@type":"Organization","@id":"https:\/\/eficasablanca.org\/#organization","name":"Ecole Fran\u00e7aise Internationale Casablanca","url":"https:\/\/eficasablanca.org\/","logo":{"@type":"ImageObject","inLanguage":"en-US","@id":"https:\/\/eficasablanca.org\/#\/schema\/logo\/image\/","url":"https:\/\/eficasablanca.org\/wp-content\/uploads\/2022\/12\/Logo-EFI-DEF-1-1-02-1.webp","contentUrl":"https:\/\/eficasablanca.org\/wp-content\/uploads\/2022\/12\/Logo-EFI-DEF-1-1-02-1.webp","width":644,"height":100,"caption":"Ecole Fran\u00e7aise Internationale Casablanca"},"image":{"@id":"https:\/\/eficasablanca.org\/#\/schema\/logo\/image\/"},"sameAs":["https:\/\/www.facebook.com\/EFICasablanca","https:\/\/www.instagram.com\/efi_casablanca\/?hl=fr","https:\/\/www.linkedin.com\/company\/efi-casablanca\/about\/?viewAsMember=true"]},{"@type":"Person","@id":"https:\/\/eficasablanca.org\/#\/schema\/person\/5f18b84fc036d7c660fe4f80550a97c1","name":"EFI","url":"https:\/\/eficasablanca.org\/en\/author\/editor\/"}]}},"_links":{"self":[{"href":"https:\/\/eficasablanca.org\/en\/wp-json\/wp\/v2\/posts\/8411","targetHints":{"allow":["GET"]}}],"collection":[{"href":"https:\/\/eficasablanca.org\/en\/wp-json\/wp\/v2\/posts"}],"about":[{"href":"https:\/\/eficasablanca.org\/en\/wp-json\/wp\/v2\/types\/post"}],"author":[{"embeddable":true,"href":"https:\/\/eficasablanca.org\/en\/wp-json\/wp\/v2\/users\/2"}],"replies":[{"embeddable":true,"href":"https:\/\/eficasablanca.org\/en\/wp-json\/wp\/v2\/comments?post=8411"}],"version-history":[{"count":2,"href":"https:\/\/eficasablanca.org\/en\/wp-json\/wp\/v2\/posts\/8411\/revisions"}],"predecessor-version":[{"id":11924,"href":"https:\/\/eficasablanca.org\/en\/wp-json\/wp\/v2\/posts\/8411\/revisions\/11924"}],"wp:featuredmedia":[{"embeddable":true,"href":"https:\/\/eficasablanca.org\/en\/wp-json\/wp\/v2\/media\/8443"}],"wp:attachment":[{"href":"https:\/\/eficasablanca.org\/en\/wp-json\/wp\/v2\/media?parent=8411"}],"wp:term":[{"taxonomy":"category","embeddable":true,"href":"https:\/\/eficasablanca.org\/en\/wp-json\/wp\/v2\/categories?post=8411"},{"taxonomy":"post_tag","embeddable":true,"href":"https:\/\/eficasablanca.org\/en\/wp-json\/wp\/v2\/tags?post=8411"}],"curies":[{"name":"wp","href":"https:\/\/api.w.org\/{rel}","templated":true}]}}