{"id":9107,"date":"2025-01-16T16:50:36","date_gmt":"2025-01-16T15:50:36","guid":{"rendered":"https:\/\/eficasablanca.org\/?p=9107"},"modified":"2025-10-16T12:34:03","modified_gmt":"2025-10-16T10:34:03","slug":"les-petits-champions-de-la-lecture","status":"publish","type":"post","link":"https:\/\/eficasablanca.org\/en\/les-petits-champions-de-la-lecture\/","title":{"rendered":"The Little Reading Champions"},"content":{"rendered":"<p>Les \u00e9l\u00e8ves de CM2 ont particip\u00e9 \u00e0 la finale \u00e9cole du concours Les Petits Champions de la Lecture. La participation \u00e0 cet \u00e9v\u00e9nement souligne l\u2019importance de la lecture et encourage les plus jeunes \u00e0 cultiver le plaisir de la lecture. Toutes nos f\u00e9licitations aux participants et plus particuli\u00e8rement aux deux \u00e9l\u00e8ves qui porteront les couleurs de l\u2019\u00e9tablissement lors de la finale zone Maroc pr\u00e9vue le 21 f\u00e9vrier.<br><br>&#8212;&#8212;&#8212;&#8212;&#8212;&#8212;&#8212;&#8212;&#8212;&#8212;&#8212;&#8212;&#8212;&#8212;&#8212;&#8212;&#8212;&#8212;&#8212;&#8212;&#8212;&#8212;&#8212;&#8212;&#8212;&#8212;&#8212;&#8212;&#8212;&#8212;&#8212;&#8212;&#8212;&#8212;&#8212;&#8212;&#8212;&#8212;-<br><br>Grade 5 students took part in the school final of the <strong>Little Reading Champions<\/strong> contest. Their participation highlights the importance of reading and encourages young learners to develop a genuine love for books. Congratulations to all participants, and especially to the two students who will proudly represent EFI Casablanca at the <strong>Morocco Zone Final<\/strong> on <strong>February 21<\/strong>.<\/p>\n\n\n\n<figure class=\"wp-block-gallery has-nested-images columns-default is-cropped wp-block-gallery-1 is-layout-flex wp-block-gallery-is-layout-flex\">\n<figure class=\"wp-block-image size-large\"><img fetchpriority=\"high\" decoding=\"async\" width=\"1024\" height=\"1024\" data-id=\"9112\" src=\"https:\/\/eficasablanca.org\/wp-content\/uploads\/2025\/02\/1-2-1024x1024.png\" alt=\"\" class=\"wp-image-9112\" srcset=\"https:\/\/eficasablanca.org\/wp-content\/uploads\/2025\/02\/1-2-1024x1024.png 1024w, https:\/\/eficasablanca.org\/wp-content\/uploads\/2025\/02\/1-2-300x300.png 300w, https:\/\/eficasablanca.org\/wp-content\/uploads\/2025\/02\/1-2-150x150.png 150w, https:\/\/eficasablanca.org\/wp-content\/uploads\/2025\/02\/1-2-768x768.png 768w, https:\/\/eficasablanca.org\/wp-content\/uploads\/2025\/02\/1-2-12x12.png 12w, https:\/\/eficasablanca.org\/wp-content\/uploads\/2025\/02\/1-2.png 1080w\" sizes=\"(max-width: 1024px) 100vw, 1024px\" \/><\/figure>\n\n\n\n<figure class=\"wp-block-image size-large\"><img decoding=\"async\" width=\"1024\" height=\"1024\" data-id=\"9110\" src=\"https:\/\/eficasablanca.org\/wp-content\/uploads\/2025\/02\/2-1-1024x1024.png\" alt=\"\" class=\"wp-image-9110\" srcset=\"https:\/\/eficasablanca.org\/wp-content\/uploads\/2025\/02\/2-1-1024x1024.png 1024w, https:\/\/eficasablanca.org\/wp-content\/uploads\/2025\/02\/2-1-300x300.png 300w, https:\/\/eficasablanca.org\/wp-content\/uploads\/2025\/02\/2-1-150x150.png 150w, https:\/\/eficasablanca.org\/wp-content\/uploads\/2025\/02\/2-1-768x768.png 768w, https:\/\/eficasablanca.org\/wp-content\/uploads\/2025\/02\/2-1-12x12.png 12w, https:\/\/eficasablanca.org\/wp-content\/uploads\/2025\/02\/2-1.png 1080w\" sizes=\"(max-width: 1024px) 100vw, 1024px\" \/><\/figure>\n\n\n\n<figure class=\"wp-block-image size-large\"><img decoding=\"async\" width=\"1024\" height=\"1024\" data-id=\"9108\" src=\"https:\/\/eficasablanca.org\/wp-content\/uploads\/2025\/02\/3-2-1024x1024.png\" alt=\"\" class=\"wp-image-9108\" srcset=\"https:\/\/eficasablanca.org\/wp-content\/uploads\/2025\/02\/3-2-1024x1024.png 1024w, https:\/\/eficasablanca.org\/wp-content\/uploads\/2025\/02\/3-2-300x300.png 300w, https:\/\/eficasablanca.org\/wp-content\/uploads\/2025\/02\/3-2-150x150.png 150w, https:\/\/eficasablanca.org\/wp-content\/uploads\/2025\/02\/3-2-768x768.png 768w, https:\/\/eficasablanca.org\/wp-content\/uploads\/2025\/02\/3-2-12x12.png 12w, https:\/\/eficasablanca.org\/wp-content\/uploads\/2025\/02\/3-2.png 1080w\" sizes=\"(max-width: 1024px) 100vw, 1024px\" \/><\/figure>\n\n\n\n<figure class=\"wp-block-image size-large\"><img decoding=\"async\" data-id=\"9109\" src=\"https:\/\/eficasablanca.org\/wp-content\/uploads\/2025\/02\/4-1-1024x1024.png\" alt=\"\" class=\"wp-image-9109\"\/><\/figure>\n\n\n\n<figure class=\"wp-block-image size-large\"><img loading=\"lazy\" decoding=\"async\" width=\"1024\" height=\"1024\" data-id=\"9111\" src=\"https:\/\/eficasablanca.org\/wp-content\/uploads\/2025\/02\/5-1-1024x1024.png\" alt=\"\" class=\"wp-image-9111\" srcset=\"https:\/\/eficasablanca.org\/wp-content\/uploads\/2025\/02\/5-1-1024x1024.png 1024w, https:\/\/eficasablanca.org\/wp-content\/uploads\/2025\/02\/5-1-300x300.png 300w, https:\/\/eficasablanca.org\/wp-content\/uploads\/2025\/02\/5-1-150x150.png 150w, https:\/\/eficasablanca.org\/wp-content\/uploads\/2025\/02\/5-1-768x768.png 768w, https:\/\/eficasablanca.org\/wp-content\/uploads\/2025\/02\/5-1-12x12.png 12w, https:\/\/eficasablanca.org\/wp-content\/uploads\/2025\/02\/5-1.png 1080w\" sizes=\"(max-width: 1024px) 100vw, 1024px\" \/><\/figure>\n\n\n\n<figure class=\"wp-block-image size-large\"><img loading=\"lazy\" decoding=\"async\" width=\"1024\" height=\"1024\" data-id=\"9114\" src=\"https:\/\/eficasablanca.org\/wp-content\/uploads\/2025\/02\/6-1-1024x1024.png\" alt=\"\" class=\"wp-image-9114\" srcset=\"https:\/\/eficasablanca.org\/wp-content\/uploads\/2025\/02\/6-1-1024x1024.png 1024w, https:\/\/eficasablanca.org\/wp-content\/uploads\/2025\/02\/6-1-300x300.png 300w, https:\/\/eficasablanca.org\/wp-content\/uploads\/2025\/02\/6-1-150x150.png 150w, https:\/\/eficasablanca.org\/wp-content\/uploads\/2025\/02\/6-1-768x768.png 768w, https:\/\/eficasablanca.org\/wp-content\/uploads\/2025\/02\/6-1-12x12.png 12w, https:\/\/eficasablanca.org\/wp-content\/uploads\/2025\/02\/6-1.png 1080w\" sizes=\"(max-width: 1024px) 100vw, 1024px\" \/><\/figure>\n\n\n\n<figure class=\"wp-block-image size-large\"><img loading=\"lazy\" decoding=\"async\" width=\"1024\" height=\"1024\" data-id=\"9113\" src=\"https:\/\/eficasablanca.org\/wp-content\/uploads\/2025\/02\/7-1-1024x1024.png\" alt=\"\" class=\"wp-image-9113\" srcset=\"https:\/\/eficasablanca.org\/wp-content\/uploads\/2025\/02\/7-1-1024x1024.png 1024w, https:\/\/eficasablanca.org\/wp-content\/uploads\/2025\/02\/7-1-300x300.png 300w, https:\/\/eficasablanca.org\/wp-content\/uploads\/2025\/02\/7-1-150x150.png 150w, https:\/\/eficasablanca.org\/wp-content\/uploads\/2025\/02\/7-1-768x768.png 768w, https:\/\/eficasablanca.org\/wp-content\/uploads\/2025\/02\/7-1-12x12.png 12w, https:\/\/eficasablanca.org\/wp-content\/uploads\/2025\/02\/7-1.png 1080w\" sizes=\"(max-width: 1024px) 100vw, 1024px\" \/><\/figure>\n<\/figure>","protected":false},"excerpt":{"rendered":"<p>Les \u00e9l\u00e8ves de CM2 ont particip\u00e9 \u00e0 la finale \u00e9cole du concours Les Petits Champions de la Lecture. La participation \u00e0 cet \u00e9v\u00e9nement souligne l\u2019importance de la lecture et encourage les plus jeunes \u00e0 cultiver le plaisir de la lecture. Toutes nos f\u00e9licitations aux participants et plus particuli\u00e8rement aux deux \u00e9l\u00e8ves qui porteront les couleurs [&hellip;]<\/p>\n","protected":false},"author":2,"featured_media":9109,"comment_status":"closed","ping_status":"open","sticky":false,"template":"","format":"standard","meta":{"_acf_changed":false,"footnotes":""},"categories":[21,22],"tags":[],"class_list":["post-9107","post","type-post","status-publish","format-standard","has-post-thumbnail","hentry","category-actualites","category-evenements"],"acf":[],"yoast_head":"<!-- This site is optimized with the Yoast SEO plugin v27.1.1 - https:\/\/yoast.com\/product\/yoast-seo-wordpress\/ -->\n<title>Les Petits Champions de la Lecture - \u00c9cole Fran\u00e7aise Internationale de Casablanca<\/title>\n<meta name=\"description\" content=\"Les \u00e9l\u00e8ves de CM2 ont particip\u00e9 \u00e0 la finale \u00e9cole du concours Les Petits Champions de la Lecture. La participation \u00e0 cet \u00e9v\u00e9nement souligne l\u2019importance\" \/>\n<meta name=\"robots\" content=\"index, follow, max-snippet:-1, max-image-preview:large, max-video-preview:-1\" \/>\n<link rel=\"canonical\" href=\"https:\/\/eficasablanca.org\/en\/les-petits-champions-de-la-lecture\/\" \/>\n<meta property=\"og:locale\" content=\"en_US\" \/>\n<meta property=\"og:type\" content=\"article\" \/>\n<meta property=\"og:title\" content=\"Les Petits Champions de la Lecture - \u00c9cole Fran\u00e7aise Internationale de Casablanca\" \/>\n<meta property=\"og:description\" content=\"Les \u00e9l\u00e8ves de CM2 ont particip\u00e9 \u00e0 la finale \u00e9cole du concours Les Petits Champions de la Lecture. La participation \u00e0 cet \u00e9v\u00e9nement souligne l\u2019importance\" \/>\n<meta property=\"og:url\" content=\"https:\/\/eficasablanca.org\/en\/les-petits-champions-de-la-lecture\/\" \/>\n<meta property=\"og:site_name\" content=\"\u00c9cole Fran\u00e7aise Internationale de Casablanca\" \/>\n<meta property=\"article:publisher\" content=\"https:\/\/www.facebook.com\/EFICasablanca\" \/>\n<meta property=\"article:published_time\" content=\"2025-01-16T15:50:36+00:00\" \/>\n<meta property=\"article:modified_time\" content=\"2025-10-16T10:34:03+00:00\" \/>\n<meta property=\"og:image\" content=\"https:\/\/eficasablanca.org\/wp-content\/uploads\/2025\/02\/4-1-e1738857021957.png\" \/>\n\t<meta property=\"og:image:width\" content=\"1080\" \/>\n\t<meta property=\"og:image:height\" content=\"475\" \/>\n\t<meta property=\"og:image:type\" content=\"image\/png\" \/>\n<meta name=\"author\" content=\"EFI\" \/>\n<meta name=\"twitter:card\" content=\"summary_large_image\" \/>\n<meta name=\"twitter:label1\" content=\"Written by\" \/>\n\t<meta name=\"twitter:data1\" content=\"EFI\" \/>\n\t<meta name=\"twitter:label2\" content=\"Est. reading time\" \/>\n\t<meta name=\"twitter:data2\" content=\"3 minutes\" \/>\n<script type=\"application\/ld+json\" class=\"yoast-schema-graph\">{\"@context\":\"https:\/\/schema.org\",\"@graph\":[{\"@type\":\"Article\",\"@id\":\"https:\/\/eficasablanca.org\/les-petits-champions-de-la-lecture\/#article\",\"isPartOf\":{\"@id\":\"https:\/\/eficasablanca.org\/les-petits-champions-de-la-lecture\/\"},\"author\":{\"name\":\"EFI\",\"@id\":\"https:\/\/eficasablanca.org\/#\/schema\/person\/5f18b84fc036d7c660fe4f80550a97c1\"},\"headline\":\"Les Petits Champions de la Lecture\",\"datePublished\":\"2025-01-16T15:50:36+00:00\",\"dateModified\":\"2025-10-16T10:34:03+00:00\",\"mainEntityOfPage\":{\"@id\":\"https:\/\/eficasablanca.org\/les-petits-champions-de-la-lecture\/\"},\"wordCount\":134,\"publisher\":{\"@id\":\"https:\/\/eficasablanca.org\/#organization\"},\"image\":{\"@id\":\"https:\/\/eficasablanca.org\/les-petits-champions-de-la-lecture\/#primaryimage\"},\"thumbnailUrl\":\"https:\/\/eficasablanca.org\/wp-content\/uploads\/2025\/02\/4-1-e1738857021957.png\",\"articleSection\":[\"Actualit\u00e9s\",\"\u00c9v\u00e8nements\"],\"inLanguage\":\"en-US\"},{\"@type\":\"WebPage\",\"@id\":\"https:\/\/eficasablanca.org\/les-petits-champions-de-la-lecture\/\",\"url\":\"https:\/\/eficasablanca.org\/les-petits-champions-de-la-lecture\/\",\"name\":\"Les Petits Champions de la Lecture - \u00c9cole Fran\u00e7aise Internationale de Casablanca\",\"isPartOf\":{\"@id\":\"https:\/\/eficasablanca.org\/#website\"},\"primaryImageOfPage\":{\"@id\":\"https:\/\/eficasablanca.org\/les-petits-champions-de-la-lecture\/#primaryimage\"},\"image\":{\"@id\":\"https:\/\/eficasablanca.org\/les-petits-champions-de-la-lecture\/#primaryimage\"},\"thumbnailUrl\":\"https:\/\/eficasablanca.org\/wp-content\/uploads\/2025\/02\/4-1-e1738857021957.png\",\"datePublished\":\"2025-01-16T15:50:36+00:00\",\"dateModified\":\"2025-10-16T10:34:03+00:00\",\"description\":\"Les \u00e9l\u00e8ves de CM2 ont particip\u00e9 \u00e0 la finale \u00e9cole du concours Les Petits Champions de la Lecture. La participation \u00e0 cet \u00e9v\u00e9nement souligne l\u2019importance\",\"breadcrumb\":{\"@id\":\"https:\/\/eficasablanca.org\/les-petits-champions-de-la-lecture\/#breadcrumb\"},\"inLanguage\":\"en-US\",\"potentialAction\":[{\"@type\":\"ReadAction\",\"target\":[\"https:\/\/eficasablanca.org\/les-petits-champions-de-la-lecture\/\"]}]},{\"@type\":\"ImageObject\",\"inLanguage\":\"en-US\",\"@id\":\"https:\/\/eficasablanca.org\/les-petits-champions-de-la-lecture\/#primaryimage\",\"url\":\"https:\/\/eficasablanca.org\/wp-content\/uploads\/2025\/02\/4-1-e1738857021957.png\",\"contentUrl\":\"https:\/\/eficasablanca.org\/wp-content\/uploads\/2025\/02\/4-1-e1738857021957.png\",\"width\":1080,\"height\":475},{\"@type\":\"BreadcrumbList\",\"@id\":\"https:\/\/eficasablanca.org\/les-petits-champions-de-la-lecture\/#breadcrumb\",\"itemListElement\":[{\"@type\":\"ListItem\",\"position\":1,\"name\":\"Accueil\",\"item\":\"https:\/\/eficasablanca.org\/\"},{\"@type\":\"ListItem\",\"position\":2,\"name\":\"Les Petits Champions de la Lecture\"}]},{\"@type\":\"WebSite\",\"@id\":\"https:\/\/eficasablanca.org\/#website\",\"url\":\"https:\/\/eficasablanca.org\/\",\"name\":\"\u00c9cole Fran\u00e7aise Internationale de Casablanca\",\"description\":\"L&#039;\u00c9cole Fran\u00e7aise Internationale\",\"publisher\":{\"@id\":\"https:\/\/eficasablanca.org\/#organization\"},\"potentialAction\":[{\"@type\":\"SearchAction\",\"target\":{\"@type\":\"EntryPoint\",\"urlTemplate\":\"https:\/\/eficasablanca.org\/?s={search_term_string}\"},\"query-input\":{\"@type\":\"PropertyValueSpecification\",\"valueRequired\":true,\"valueName\":\"search_term_string\"}}],\"inLanguage\":\"en-US\"},{\"@type\":\"Organization\",\"@id\":\"https:\/\/eficasablanca.org\/#organization\",\"name\":\"Ecole Fran\u00e7aise Internationale Casablanca\",\"url\":\"https:\/\/eficasablanca.org\/\",\"logo\":{\"@type\":\"ImageObject\",\"inLanguage\":\"en-US\",\"@id\":\"https:\/\/eficasablanca.org\/#\/schema\/logo\/image\/\",\"url\":\"https:\/\/eficasablanca.org\/wp-content\/uploads\/2022\/12\/Logo-EFI-DEF-1-1-02-1.webp\",\"contentUrl\":\"https:\/\/eficasablanca.org\/wp-content\/uploads\/2022\/12\/Logo-EFI-DEF-1-1-02-1.webp\",\"width\":644,\"height\":100,\"caption\":\"Ecole Fran\u00e7aise Internationale Casablanca\"},\"image\":{\"@id\":\"https:\/\/eficasablanca.org\/#\/schema\/logo\/image\/\"},\"sameAs\":[\"https:\/\/www.facebook.com\/EFICasablanca\",\"https:\/\/www.instagram.com\/efi_casablanca\/?hl=fr\",\"https:\/\/www.linkedin.com\/company\/efi-casablanca\/about\/?viewAsMember=true\"]},{\"@type\":\"Person\",\"@id\":\"https:\/\/eficasablanca.org\/#\/schema\/person\/5f18b84fc036d7c660fe4f80550a97c1\",\"name\":\"EFI\",\"url\":\"https:\/\/eficasablanca.org\/en\/author\/editor\/\"}]}<\/script>\n<!-- \/ Yoast SEO plugin. -->","yoast_head_json":{"title":"Les Petits Champions de la Lecture - \u00c9cole Fran\u00e7aise Internationale de Casablanca","description":"Les \u00e9l\u00e8ves de CM2 ont particip\u00e9 \u00e0 la finale \u00e9cole du concours Les Petits Champions de la Lecture. La participation \u00e0 cet \u00e9v\u00e9nement souligne l\u2019importance","robots":{"index":"index","follow":"follow","max-snippet":"max-snippet:-1","max-image-preview":"max-image-preview:large","max-video-preview":"max-video-preview:-1"},"canonical":"https:\/\/eficasablanca.org\/en\/les-petits-champions-de-la-lecture\/","og_locale":"en_US","og_type":"article","og_title":"Les Petits Champions de la Lecture - \u00c9cole Fran\u00e7aise Internationale de Casablanca","og_description":"Les \u00e9l\u00e8ves de CM2 ont particip\u00e9 \u00e0 la finale \u00e9cole du concours Les Petits Champions de la Lecture. La participation \u00e0 cet \u00e9v\u00e9nement souligne l\u2019importance","og_url":"https:\/\/eficasablanca.org\/en\/les-petits-champions-de-la-lecture\/","og_site_name":"\u00c9cole Fran\u00e7aise Internationale de Casablanca","article_publisher":"https:\/\/www.facebook.com\/EFICasablanca","article_published_time":"2025-01-16T15:50:36+00:00","article_modified_time":"2025-10-16T10:34:03+00:00","og_image":[{"width":1080,"height":475,"url":"https:\/\/eficasablanca.org\/wp-content\/uploads\/2025\/02\/4-1-e1738857021957.png","type":"image\/png"}],"author":"EFI","twitter_card":"summary_large_image","twitter_misc":{"Written by":"EFI","Est. reading time":"3 minutes"},"schema":{"@context":"https:\/\/schema.org","@graph":[{"@type":"Article","@id":"https:\/\/eficasablanca.org\/les-petits-champions-de-la-lecture\/#article","isPartOf":{"@id":"https:\/\/eficasablanca.org\/les-petits-champions-de-la-lecture\/"},"author":{"name":"EFI","@id":"https:\/\/eficasablanca.org\/#\/schema\/person\/5f18b84fc036d7c660fe4f80550a97c1"},"headline":"Les Petits Champions de la Lecture","datePublished":"2025-01-16T15:50:36+00:00","dateModified":"2025-10-16T10:34:03+00:00","mainEntityOfPage":{"@id":"https:\/\/eficasablanca.org\/les-petits-champions-de-la-lecture\/"},"wordCount":134,"publisher":{"@id":"https:\/\/eficasablanca.org\/#organization"},"image":{"@id":"https:\/\/eficasablanca.org\/les-petits-champions-de-la-lecture\/#primaryimage"},"thumbnailUrl":"https:\/\/eficasablanca.org\/wp-content\/uploads\/2025\/02\/4-1-e1738857021957.png","articleSection":["Actualit\u00e9s","\u00c9v\u00e8nements"],"inLanguage":"en-US"},{"@type":"WebPage","@id":"https:\/\/eficasablanca.org\/les-petits-champions-de-la-lecture\/","url":"https:\/\/eficasablanca.org\/les-petits-champions-de-la-lecture\/","name":"Les Petits Champions de la Lecture - \u00c9cole Fran\u00e7aise Internationale de Casablanca","isPartOf":{"@id":"https:\/\/eficasablanca.org\/#website"},"primaryImageOfPage":{"@id":"https:\/\/eficasablanca.org\/les-petits-champions-de-la-lecture\/#primaryimage"},"image":{"@id":"https:\/\/eficasablanca.org\/les-petits-champions-de-la-lecture\/#primaryimage"},"thumbnailUrl":"https:\/\/eficasablanca.org\/wp-content\/uploads\/2025\/02\/4-1-e1738857021957.png","datePublished":"2025-01-16T15:50:36+00:00","dateModified":"2025-10-16T10:34:03+00:00","description":"Les \u00e9l\u00e8ves de CM2 ont particip\u00e9 \u00e0 la finale \u00e9cole du concours Les Petits Champions de la Lecture. La participation \u00e0 cet \u00e9v\u00e9nement souligne l\u2019importance","breadcrumb":{"@id":"https:\/\/eficasablanca.org\/les-petits-champions-de-la-lecture\/#breadcrumb"},"inLanguage":"en-US","potentialAction":[{"@type":"ReadAction","target":["https:\/\/eficasablanca.org\/les-petits-champions-de-la-lecture\/"]}]},{"@type":"ImageObject","inLanguage":"en-US","@id":"https:\/\/eficasablanca.org\/les-petits-champions-de-la-lecture\/#primaryimage","url":"https:\/\/eficasablanca.org\/wp-content\/uploads\/2025\/02\/4-1-e1738857021957.png","contentUrl":"https:\/\/eficasablanca.org\/wp-content\/uploads\/2025\/02\/4-1-e1738857021957.png","width":1080,"height":475},{"@type":"BreadcrumbList","@id":"https:\/\/eficasablanca.org\/les-petits-champions-de-la-lecture\/#breadcrumb","itemListElement":[{"@type":"ListItem","position":1,"name":"Accueil","item":"https:\/\/eficasablanca.org\/"},{"@type":"ListItem","position":2,"name":"Les Petits Champions de la Lecture"}]},{"@type":"WebSite","@id":"https:\/\/eficasablanca.org\/#website","url":"https:\/\/eficasablanca.org\/","name":"Casablanca International French School","description":"L&#039;\u00c9cole Fran\u00e7aise Internationale","publisher":{"@id":"https:\/\/eficasablanca.org\/#organization"},"potentialAction":[{"@type":"SearchAction","target":{"@type":"EntryPoint","urlTemplate":"https:\/\/eficasablanca.org\/?s={search_term_string}"},"query-input":{"@type":"PropertyValueSpecification","valueRequired":true,"valueName":"search_term_string"}}],"inLanguage":"en-US"},{"@type":"Organization","@id":"https:\/\/eficasablanca.org\/#organization","name":"Ecole Fran\u00e7aise Internationale Casablanca","url":"https:\/\/eficasablanca.org\/","logo":{"@type":"ImageObject","inLanguage":"en-US","@id":"https:\/\/eficasablanca.org\/#\/schema\/logo\/image\/","url":"https:\/\/eficasablanca.org\/wp-content\/uploads\/2022\/12\/Logo-EFI-DEF-1-1-02-1.webp","contentUrl":"https:\/\/eficasablanca.org\/wp-content\/uploads\/2022\/12\/Logo-EFI-DEF-1-1-02-1.webp","width":644,"height":100,"caption":"Ecole Fran\u00e7aise Internationale Casablanca"},"image":{"@id":"https:\/\/eficasablanca.org\/#\/schema\/logo\/image\/"},"sameAs":["https:\/\/www.facebook.com\/EFICasablanca","https:\/\/www.instagram.com\/efi_casablanca\/?hl=fr","https:\/\/www.linkedin.com\/company\/efi-casablanca\/about\/?viewAsMember=true"]},{"@type":"Person","@id":"https:\/\/eficasablanca.org\/#\/schema\/person\/5f18b84fc036d7c660fe4f80550a97c1","name":"EFI","url":"https:\/\/eficasablanca.org\/en\/author\/editor\/"}]}},"_links":{"self":[{"href":"https:\/\/eficasablanca.org\/en\/wp-json\/wp\/v2\/posts\/9107","targetHints":{"allow":["GET"]}}],"collection":[{"href":"https:\/\/eficasablanca.org\/en\/wp-json\/wp\/v2\/posts"}],"about":[{"href":"https:\/\/eficasablanca.org\/en\/wp-json\/wp\/v2\/types\/post"}],"author":[{"embeddable":true,"href":"https:\/\/eficasablanca.org\/en\/wp-json\/wp\/v2\/users\/2"}],"replies":[{"embeddable":true,"href":"https:\/\/eficasablanca.org\/en\/wp-json\/wp\/v2\/comments?post=9107"}],"version-history":[{"count":2,"href":"https:\/\/eficasablanca.org\/en\/wp-json\/wp\/v2\/posts\/9107\/revisions"}],"predecessor-version":[{"id":11901,"href":"https:\/\/eficasablanca.org\/en\/wp-json\/wp\/v2\/posts\/9107\/revisions\/11901"}],"wp:featuredmedia":[{"embeddable":true,"href":"https:\/\/eficasablanca.org\/en\/wp-json\/wp\/v2\/media\/9109"}],"wp:attachment":[{"href":"https:\/\/eficasablanca.org\/en\/wp-json\/wp\/v2\/media?parent=9107"}],"wp:term":[{"taxonomy":"category","embeddable":true,"href":"https:\/\/eficasablanca.org\/en\/wp-json\/wp\/v2\/categories?post=9107"},{"taxonomy":"post_tag","embeddable":true,"href":"https:\/\/eficasablanca.org\/en\/wp-json\/wp\/v2\/tags?post=9107"}],"curies":[{"name":"wp","href":"https:\/\/api.w.org\/{rel}","templated":true}]}}