{"id":9563,"date":"2025-03-07T11:02:24","date_gmt":"2025-03-07T10:02:24","guid":{"rendered":"https:\/\/eficasablanca.org\/?p=9563"},"modified":"2025-07-14T16:01:54","modified_gmt":"2025-07-14T14:01:54","slug":"matinee-de-sensibilisation-bucco-dentaire","status":"publish","type":"post","link":"https:\/\/eficasablanca.org\/en\/matinee-de-sensibilisation-bucco-dentaire\/","title":{"rendered":"Oral Health Awareness Morning"},"content":{"rendered":"<p>Dans le cadre de l&rsquo;engagementde l&rsquo;EFI Casablanca envers la sant\u00e9 et le bien-\u00eatre des \u00e9l\u00e8ves, les \u00e9l\u00e8ves de maternelle ont suivi une matin\u00e9e d\u00e9di\u00e9e \u00e0 la pr\u00e9vention bucco-dentaire. Cette initiative vise \u00e0 sensibiliser les plus jeunes \u00e0 l\u2019importance de l\u2019hygi\u00e8ne dentaire et \u00e0 leur transmettre de bonnes habitudes d\u00e8s le plus jeune \u00e2ge. \u00c0 travers des explications adapt\u00e9es et des d\u00e9monstrations pratiques, ils ont d\u00e9couvert les bons gestes pour prendre soin de leurs dents au quotidien.<\/p>\n\n\n\n<p>As part of our commitment to the health and well-being of our students, kindergarten children took part in a morning dedicated to oral health prevention. This initiative aims to raise awareness among young children about the importance of dental hygiene and to instill good habits from an early age.<\/p>\n\n\n\n<p>Through adapted explanations and practical demonstrations, they learned the essential gestures to take care of their teeth daily.<\/p>\n\n\n\n<figure class=\"wp-block-gallery has-nested-images columns-4 is-cropped wp-block-gallery-1 is-layout-flex wp-block-gallery-is-layout-flex\">\n<figure class=\"wp-block-image size-full\"><img fetchpriority=\"high\" decoding=\"async\" width=\"1080\" height=\"1080\" data-id=\"9565\" src=\"https:\/\/eficasablanca.org\/wp-content\/uploads\/2025\/03\/1.png\" alt=\"\" class=\"wp-image-9565\" srcset=\"https:\/\/eficasablanca.org\/wp-content\/uploads\/2025\/03\/1.png 1080w, https:\/\/eficasablanca.org\/wp-content\/uploads\/2025\/03\/1-300x300.png 300w, https:\/\/eficasablanca.org\/wp-content\/uploads\/2025\/03\/1-1024x1024.png 1024w, https:\/\/eficasablanca.org\/wp-content\/uploads\/2025\/03\/1-150x150.png 150w, https:\/\/eficasablanca.org\/wp-content\/uploads\/2025\/03\/1-768x768.png 768w, https:\/\/eficasablanca.org\/wp-content\/uploads\/2025\/03\/1-12x12.png 12w\" sizes=\"(max-width: 1080px) 100vw, 1080px\" \/><\/figure>\n\n\n\n<figure class=\"wp-block-image size-full\"><img decoding=\"async\" data-id=\"9569\" src=\"https:\/\/eficasablanca.org\/wp-content\/uploads\/2025\/03\/6-1.png\" alt=\"\" class=\"wp-image-9569\"\/><\/figure>\n\n\n\n<figure class=\"wp-block-image size-full\"><img decoding=\"async\" width=\"1080\" height=\"1080\" data-id=\"9564\" src=\"https:\/\/eficasablanca.org\/wp-content\/uploads\/2025\/03\/9-1.png\" alt=\"\" class=\"wp-image-9564\" srcset=\"https:\/\/eficasablanca.org\/wp-content\/uploads\/2025\/03\/9-1.png 1080w, https:\/\/eficasablanca.org\/wp-content\/uploads\/2025\/03\/9-1-300x300.png 300w, https:\/\/eficasablanca.org\/wp-content\/uploads\/2025\/03\/9-1-1024x1024.png 1024w, https:\/\/eficasablanca.org\/wp-content\/uploads\/2025\/03\/9-1-150x150.png 150w, https:\/\/eficasablanca.org\/wp-content\/uploads\/2025\/03\/9-1-768x768.png 768w, https:\/\/eficasablanca.org\/wp-content\/uploads\/2025\/03\/9-1-12x12.png 12w\" sizes=\"(max-width: 1080px) 100vw, 1080px\" \/><\/figure>\n\n\n\n<figure class=\"wp-block-image size-full\"><img decoding=\"async\" width=\"1080\" height=\"1080\" data-id=\"9573\" src=\"https:\/\/eficasablanca.org\/wp-content\/uploads\/2025\/03\/10-1.png\" alt=\"\" class=\"wp-image-9573\" srcset=\"https:\/\/eficasablanca.org\/wp-content\/uploads\/2025\/03\/10-1.png 1080w, https:\/\/eficasablanca.org\/wp-content\/uploads\/2025\/03\/10-1-300x300.png 300w, https:\/\/eficasablanca.org\/wp-content\/uploads\/2025\/03\/10-1-1024x1024.png 1024w, https:\/\/eficasablanca.org\/wp-content\/uploads\/2025\/03\/10-1-150x150.png 150w, https:\/\/eficasablanca.org\/wp-content\/uploads\/2025\/03\/10-1-768x768.png 768w, https:\/\/eficasablanca.org\/wp-content\/uploads\/2025\/03\/10-1-12x12.png 12w\" sizes=\"(max-width: 1080px) 100vw, 1080px\" \/><\/figure>\n\n\n\n<figure class=\"wp-block-image size-full\"><img loading=\"lazy\" decoding=\"async\" width=\"1080\" height=\"1080\" data-id=\"9571\" src=\"https:\/\/eficasablanca.org\/wp-content\/uploads\/2025\/03\/11.png\" alt=\"\" class=\"wp-image-9571\" srcset=\"https:\/\/eficasablanca.org\/wp-content\/uploads\/2025\/03\/11.png 1080w, https:\/\/eficasablanca.org\/wp-content\/uploads\/2025\/03\/11-300x300.png 300w, https:\/\/eficasablanca.org\/wp-content\/uploads\/2025\/03\/11-1024x1024.png 1024w, https:\/\/eficasablanca.org\/wp-content\/uploads\/2025\/03\/11-150x150.png 150w, https:\/\/eficasablanca.org\/wp-content\/uploads\/2025\/03\/11-768x768.png 768w, https:\/\/eficasablanca.org\/wp-content\/uploads\/2025\/03\/11-12x12.png 12w\" sizes=\"(max-width: 1080px) 100vw, 1080px\" \/><\/figure>\n\n\n\n<figure class=\"wp-block-image size-full\"><img loading=\"lazy\" decoding=\"async\" width=\"1080\" height=\"1080\" data-id=\"9567\" src=\"https:\/\/eficasablanca.org\/wp-content\/uploads\/2025\/03\/12.png\" alt=\"\" class=\"wp-image-9567\" srcset=\"https:\/\/eficasablanca.org\/wp-content\/uploads\/2025\/03\/12.png 1080w, https:\/\/eficasablanca.org\/wp-content\/uploads\/2025\/03\/12-300x300.png 300w, https:\/\/eficasablanca.org\/wp-content\/uploads\/2025\/03\/12-1024x1024.png 1024w, https:\/\/eficasablanca.org\/wp-content\/uploads\/2025\/03\/12-150x150.png 150w, https:\/\/eficasablanca.org\/wp-content\/uploads\/2025\/03\/12-768x768.png 768w, https:\/\/eficasablanca.org\/wp-content\/uploads\/2025\/03\/12-12x12.png 12w\" sizes=\"(max-width: 1080px) 100vw, 1080px\" \/><\/figure>\n\n\n\n<figure class=\"wp-block-image size-full\"><img loading=\"lazy\" decoding=\"async\" width=\"1080\" height=\"1080\" data-id=\"9570\" src=\"https:\/\/eficasablanca.org\/wp-content\/uploads\/2025\/03\/13.png\" alt=\"\" class=\"wp-image-9570\" srcset=\"https:\/\/eficasablanca.org\/wp-content\/uploads\/2025\/03\/13.png 1080w, https:\/\/eficasablanca.org\/wp-content\/uploads\/2025\/03\/13-300x300.png 300w, https:\/\/eficasablanca.org\/wp-content\/uploads\/2025\/03\/13-1024x1024.png 1024w, https:\/\/eficasablanca.org\/wp-content\/uploads\/2025\/03\/13-150x150.png 150w, https:\/\/eficasablanca.org\/wp-content\/uploads\/2025\/03\/13-768x768.png 768w, https:\/\/eficasablanca.org\/wp-content\/uploads\/2025\/03\/13-12x12.png 12w\" sizes=\"(max-width: 1080px) 100vw, 1080px\" \/><\/figure>\n\n\n\n<figure class=\"wp-block-image size-full\"><img loading=\"lazy\" decoding=\"async\" width=\"1080\" height=\"1080\" data-id=\"9566\" src=\"https:\/\/eficasablanca.org\/wp-content\/uploads\/2025\/03\/14.png\" alt=\"\" class=\"wp-image-9566\" srcset=\"https:\/\/eficasablanca.org\/wp-content\/uploads\/2025\/03\/14.png 1080w, https:\/\/eficasablanca.org\/wp-content\/uploads\/2025\/03\/14-300x300.png 300w, https:\/\/eficasablanca.org\/wp-content\/uploads\/2025\/03\/14-1024x1024.png 1024w, https:\/\/eficasablanca.org\/wp-content\/uploads\/2025\/03\/14-150x150.png 150w, https:\/\/eficasablanca.org\/wp-content\/uploads\/2025\/03\/14-768x768.png 768w, https:\/\/eficasablanca.org\/wp-content\/uploads\/2025\/03\/14-12x12.png 12w\" sizes=\"(max-width: 1080px) 100vw, 1080px\" \/><\/figure>\n\n\n\n<figure class=\"wp-block-image size-full\"><img loading=\"lazy\" decoding=\"async\" width=\"1080\" height=\"1080\" data-id=\"9568\" src=\"https:\/\/eficasablanca.org\/wp-content\/uploads\/2025\/03\/15.png\" alt=\"\" class=\"wp-image-9568\" srcset=\"https:\/\/eficasablanca.org\/wp-content\/uploads\/2025\/03\/15.png 1080w, https:\/\/eficasablanca.org\/wp-content\/uploads\/2025\/03\/15-300x300.png 300w, https:\/\/eficasablanca.org\/wp-content\/uploads\/2025\/03\/15-1024x1024.png 1024w, https:\/\/eficasablanca.org\/wp-content\/uploads\/2025\/03\/15-150x150.png 150w, https:\/\/eficasablanca.org\/wp-content\/uploads\/2025\/03\/15-768x768.png 768w, https:\/\/eficasablanca.org\/wp-content\/uploads\/2025\/03\/15-12x12.png 12w\" sizes=\"(max-width: 1080px) 100vw, 1080px\" \/><\/figure>\n\n\n\n<figure class=\"wp-block-image size-full\"><img loading=\"lazy\" decoding=\"async\" width=\"1080\" height=\"1080\" data-id=\"9572\" src=\"https:\/\/eficasablanca.org\/wp-content\/uploads\/2025\/03\/16.png\" alt=\"\" class=\"wp-image-9572\" srcset=\"https:\/\/eficasablanca.org\/wp-content\/uploads\/2025\/03\/16.png 1080w, https:\/\/eficasablanca.org\/wp-content\/uploads\/2025\/03\/16-300x300.png 300w, https:\/\/eficasablanca.org\/wp-content\/uploads\/2025\/03\/16-1024x1024.png 1024w, https:\/\/eficasablanca.org\/wp-content\/uploads\/2025\/03\/16-150x150.png 150w, https:\/\/eficasablanca.org\/wp-content\/uploads\/2025\/03\/16-768x768.png 768w, https:\/\/eficasablanca.org\/wp-content\/uploads\/2025\/03\/16-12x12.png 12w\" sizes=\"(max-width: 1080px) 100vw, 1080px\" \/><\/figure>\n<\/figure>","protected":false},"excerpt":{"rendered":"<p>Dans le cadre de l&rsquo;engagementde l&rsquo;EFI Casablanca envers la sant\u00e9 et le bien-\u00eatre des \u00e9l\u00e8ves, les \u00e9l\u00e8ves de maternelle ont suivi une matin\u00e9e d\u00e9di\u00e9e \u00e0 la pr\u00e9vention bucco-dentaire. Cette initiative vise \u00e0 sensibiliser les plus jeunes \u00e0 l\u2019importance de l\u2019hygi\u00e8ne dentaire et \u00e0 leur transmettre de bonnes habitudes d\u00e8s le plus jeune \u00e2ge. \u00c0 travers [&hellip;]<\/p>\n","protected":false},"author":2,"featured_media":9569,"comment_status":"closed","ping_status":"open","sticky":false,"template":"","format":"standard","meta":{"_acf_changed":false,"footnotes":""},"categories":[21,22],"tags":[],"class_list":["post-9563","post","type-post","status-publish","format-standard","has-post-thumbnail","hentry","category-actualites","category-evenements"],"acf":[],"yoast_head":"<!-- This site is optimized with the Yoast SEO plugin v27.1.1 - https:\/\/yoast.com\/product\/yoast-seo-wordpress\/ -->\n<title>Matin\u00e9e de sensibilisation bucco-dentaire - \u00c9cole Fran\u00e7aise Internationale de Casablanca<\/title>\n<meta name=\"description\" content=\"Dans le cadre de l&#039;engagementde l&#039;EFI Casablanca envers la sant\u00e9 et le bien-\u00eatre des \u00e9l\u00e8ves, les \u00e9l\u00e8ves de maternelle ont suivi une matin\u00e9e d\u00e9di\u00e9e \u00e0 la\" \/>\n<meta name=\"robots\" content=\"index, follow, max-snippet:-1, max-image-preview:large, max-video-preview:-1\" \/>\n<link rel=\"canonical\" href=\"https:\/\/eficasablanca.org\/en\/matinee-de-sensibilisation-bucco-dentaire\/\" \/>\n<meta property=\"og:locale\" content=\"en_US\" \/>\n<meta property=\"og:type\" content=\"article\" \/>\n<meta property=\"og:title\" content=\"Matin\u00e9e de sensibilisation bucco-dentaire - \u00c9cole Fran\u00e7aise Internationale de Casablanca\" \/>\n<meta property=\"og:description\" content=\"Dans le cadre de l&#039;engagementde l&#039;EFI Casablanca envers la sant\u00e9 et le bien-\u00eatre des \u00e9l\u00e8ves, les \u00e9l\u00e8ves de maternelle ont suivi une matin\u00e9e d\u00e9di\u00e9e \u00e0 la\" \/>\n<meta property=\"og:url\" content=\"https:\/\/eficasablanca.org\/en\/matinee-de-sensibilisation-bucco-dentaire\/\" \/>\n<meta property=\"og:site_name\" content=\"\u00c9cole Fran\u00e7aise Internationale de Casablanca\" \/>\n<meta property=\"article:publisher\" content=\"https:\/\/www.facebook.com\/EFICasablanca\" \/>\n<meta property=\"article:published_time\" content=\"2025-03-07T10:02:24+00:00\" \/>\n<meta property=\"article:modified_time\" content=\"2025-07-14T14:01:54+00:00\" \/>\n<meta property=\"og:image\" content=\"https:\/\/eficasablanca.org\/wp-content\/uploads\/2025\/03\/6-1-e1741341689262.png\" \/>\n\t<meta property=\"og:image:width\" content=\"1080\" \/>\n\t<meta property=\"og:image:height\" content=\"733\" \/>\n\t<meta property=\"og:image:type\" content=\"image\/png\" \/>\n<meta name=\"author\" content=\"EFI\" \/>\n<meta name=\"twitter:card\" content=\"summary_large_image\" \/>\n<meta name=\"twitter:label1\" content=\"Written by\" \/>\n\t<meta name=\"twitter:data1\" content=\"EFI\" \/>\n\t<meta name=\"twitter:label2\" content=\"Est. reading time\" \/>\n\t<meta name=\"twitter:data2\" content=\"3 minutes\" \/>\n<script type=\"application\/ld+json\" class=\"yoast-schema-graph\">{\"@context\":\"https:\/\/schema.org\",\"@graph\":[{\"@type\":\"Article\",\"@id\":\"https:\/\/eficasablanca.org\/matinee-de-sensibilisation-bucco-dentaire\/#article\",\"isPartOf\":{\"@id\":\"https:\/\/eficasablanca.org\/matinee-de-sensibilisation-bucco-dentaire\/\"},\"author\":{\"name\":\"EFI\",\"@id\":\"https:\/\/eficasablanca.org\/#\/schema\/person\/5f18b84fc036d7c660fe4f80550a97c1\"},\"headline\":\"Matin\u00e9e de sensibilisation bucco-dentaire\",\"datePublished\":\"2025-03-07T10:02:24+00:00\",\"dateModified\":\"2025-07-14T14:01:54+00:00\",\"mainEntityOfPage\":{\"@id\":\"https:\/\/eficasablanca.org\/matinee-de-sensibilisation-bucco-dentaire\/\"},\"wordCount\":159,\"publisher\":{\"@id\":\"https:\/\/eficasablanca.org\/#organization\"},\"image\":{\"@id\":\"https:\/\/eficasablanca.org\/matinee-de-sensibilisation-bucco-dentaire\/#primaryimage\"},\"thumbnailUrl\":\"https:\/\/eficasablanca.org\/wp-content\/uploads\/2025\/03\/6-1-e1741341689262.png\",\"articleSection\":[\"Actualit\u00e9s\",\"\u00c9v\u00e8nements\"],\"inLanguage\":\"en-US\"},{\"@type\":\"WebPage\",\"@id\":\"https:\/\/eficasablanca.org\/matinee-de-sensibilisation-bucco-dentaire\/\",\"url\":\"https:\/\/eficasablanca.org\/matinee-de-sensibilisation-bucco-dentaire\/\",\"name\":\"Matin\u00e9e de sensibilisation bucco-dentaire - \u00c9cole Fran\u00e7aise Internationale de Casablanca\",\"isPartOf\":{\"@id\":\"https:\/\/eficasablanca.org\/#website\"},\"primaryImageOfPage\":{\"@id\":\"https:\/\/eficasablanca.org\/matinee-de-sensibilisation-bucco-dentaire\/#primaryimage\"},\"image\":{\"@id\":\"https:\/\/eficasablanca.org\/matinee-de-sensibilisation-bucco-dentaire\/#primaryimage\"},\"thumbnailUrl\":\"https:\/\/eficasablanca.org\/wp-content\/uploads\/2025\/03\/6-1-e1741341689262.png\",\"datePublished\":\"2025-03-07T10:02:24+00:00\",\"dateModified\":\"2025-07-14T14:01:54+00:00\",\"description\":\"Dans le cadre de l'engagementde l'EFI Casablanca envers la sant\u00e9 et le bien-\u00eatre des \u00e9l\u00e8ves, les \u00e9l\u00e8ves de maternelle ont suivi une matin\u00e9e d\u00e9di\u00e9e \u00e0 la\",\"breadcrumb\":{\"@id\":\"https:\/\/eficasablanca.org\/matinee-de-sensibilisation-bucco-dentaire\/#breadcrumb\"},\"inLanguage\":\"en-US\",\"potentialAction\":[{\"@type\":\"ReadAction\",\"target\":[\"https:\/\/eficasablanca.org\/matinee-de-sensibilisation-bucco-dentaire\/\"]}]},{\"@type\":\"ImageObject\",\"inLanguage\":\"en-US\",\"@id\":\"https:\/\/eficasablanca.org\/matinee-de-sensibilisation-bucco-dentaire\/#primaryimage\",\"url\":\"https:\/\/eficasablanca.org\/wp-content\/uploads\/2025\/03\/6-1-e1741341689262.png\",\"contentUrl\":\"https:\/\/eficasablanca.org\/wp-content\/uploads\/2025\/03\/6-1-e1741341689262.png\",\"width\":1080,\"height\":733},{\"@type\":\"BreadcrumbList\",\"@id\":\"https:\/\/eficasablanca.org\/matinee-de-sensibilisation-bucco-dentaire\/#breadcrumb\",\"itemListElement\":[{\"@type\":\"ListItem\",\"position\":1,\"name\":\"Accueil\",\"item\":\"https:\/\/eficasablanca.org\/\"},{\"@type\":\"ListItem\",\"position\":2,\"name\":\"Matin\u00e9e de sensibilisation bucco-dentaire\"}]},{\"@type\":\"WebSite\",\"@id\":\"https:\/\/eficasablanca.org\/#website\",\"url\":\"https:\/\/eficasablanca.org\/\",\"name\":\"\u00c9cole Fran\u00e7aise Internationale de Casablanca\",\"description\":\"L&#039;\u00c9cole Fran\u00e7aise Internationale\",\"publisher\":{\"@id\":\"https:\/\/eficasablanca.org\/#organization\"},\"potentialAction\":[{\"@type\":\"SearchAction\",\"target\":{\"@type\":\"EntryPoint\",\"urlTemplate\":\"https:\/\/eficasablanca.org\/?s={search_term_string}\"},\"query-input\":{\"@type\":\"PropertyValueSpecification\",\"valueRequired\":true,\"valueName\":\"search_term_string\"}}],\"inLanguage\":\"en-US\"},{\"@type\":\"Organization\",\"@id\":\"https:\/\/eficasablanca.org\/#organization\",\"name\":\"Ecole Fran\u00e7aise Internationale Casablanca\",\"url\":\"https:\/\/eficasablanca.org\/\",\"logo\":{\"@type\":\"ImageObject\",\"inLanguage\":\"en-US\",\"@id\":\"https:\/\/eficasablanca.org\/#\/schema\/logo\/image\/\",\"url\":\"https:\/\/eficasablanca.org\/wp-content\/uploads\/2022\/12\/Logo-EFI-DEF-1-1-02-1.webp\",\"contentUrl\":\"https:\/\/eficasablanca.org\/wp-content\/uploads\/2022\/12\/Logo-EFI-DEF-1-1-02-1.webp\",\"width\":644,\"height\":100,\"caption\":\"Ecole Fran\u00e7aise Internationale Casablanca\"},\"image\":{\"@id\":\"https:\/\/eficasablanca.org\/#\/schema\/logo\/image\/\"},\"sameAs\":[\"https:\/\/www.facebook.com\/EFICasablanca\",\"https:\/\/www.instagram.com\/efi_casablanca\/?hl=fr\",\"https:\/\/www.linkedin.com\/company\/efi-casablanca\/about\/?viewAsMember=true\"]},{\"@type\":\"Person\",\"@id\":\"https:\/\/eficasablanca.org\/#\/schema\/person\/5f18b84fc036d7c660fe4f80550a97c1\",\"name\":\"EFI\",\"url\":\"https:\/\/eficasablanca.org\/en\/author\/editor\/\"}]}<\/script>\n<!-- \/ Yoast SEO plugin. -->","yoast_head_json":{"title":"Matin\u00e9e de sensibilisation bucco-dentaire - \u00c9cole Fran\u00e7aise Internationale de Casablanca","description":"Dans le cadre de l'engagementde l'EFI Casablanca envers la sant\u00e9 et le bien-\u00eatre des \u00e9l\u00e8ves, les \u00e9l\u00e8ves de maternelle ont suivi une matin\u00e9e d\u00e9di\u00e9e \u00e0 la","robots":{"index":"index","follow":"follow","max-snippet":"max-snippet:-1","max-image-preview":"max-image-preview:large","max-video-preview":"max-video-preview:-1"},"canonical":"https:\/\/eficasablanca.org\/en\/matinee-de-sensibilisation-bucco-dentaire\/","og_locale":"en_US","og_type":"article","og_title":"Matin\u00e9e de sensibilisation bucco-dentaire - \u00c9cole Fran\u00e7aise Internationale de Casablanca","og_description":"Dans le cadre de l'engagementde l'EFI Casablanca envers la sant\u00e9 et le bien-\u00eatre des \u00e9l\u00e8ves, les \u00e9l\u00e8ves de maternelle ont suivi une matin\u00e9e d\u00e9di\u00e9e \u00e0 la","og_url":"https:\/\/eficasablanca.org\/en\/matinee-de-sensibilisation-bucco-dentaire\/","og_site_name":"\u00c9cole Fran\u00e7aise Internationale de Casablanca","article_publisher":"https:\/\/www.facebook.com\/EFICasablanca","article_published_time":"2025-03-07T10:02:24+00:00","article_modified_time":"2025-07-14T14:01:54+00:00","og_image":[{"width":1080,"height":733,"url":"https:\/\/eficasablanca.org\/wp-content\/uploads\/2025\/03\/6-1-e1741341689262.png","type":"image\/png"}],"author":"EFI","twitter_card":"summary_large_image","twitter_misc":{"Written by":"EFI","Est. reading time":"3 minutes"},"schema":{"@context":"https:\/\/schema.org","@graph":[{"@type":"Article","@id":"https:\/\/eficasablanca.org\/matinee-de-sensibilisation-bucco-dentaire\/#article","isPartOf":{"@id":"https:\/\/eficasablanca.org\/matinee-de-sensibilisation-bucco-dentaire\/"},"author":{"name":"EFI","@id":"https:\/\/eficasablanca.org\/#\/schema\/person\/5f18b84fc036d7c660fe4f80550a97c1"},"headline":"Matin\u00e9e de sensibilisation bucco-dentaire","datePublished":"2025-03-07T10:02:24+00:00","dateModified":"2025-07-14T14:01:54+00:00","mainEntityOfPage":{"@id":"https:\/\/eficasablanca.org\/matinee-de-sensibilisation-bucco-dentaire\/"},"wordCount":159,"publisher":{"@id":"https:\/\/eficasablanca.org\/#organization"},"image":{"@id":"https:\/\/eficasablanca.org\/matinee-de-sensibilisation-bucco-dentaire\/#primaryimage"},"thumbnailUrl":"https:\/\/eficasablanca.org\/wp-content\/uploads\/2025\/03\/6-1-e1741341689262.png","articleSection":["Actualit\u00e9s","\u00c9v\u00e8nements"],"inLanguage":"en-US"},{"@type":"WebPage","@id":"https:\/\/eficasablanca.org\/matinee-de-sensibilisation-bucco-dentaire\/","url":"https:\/\/eficasablanca.org\/matinee-de-sensibilisation-bucco-dentaire\/","name":"Matin\u00e9e de sensibilisation bucco-dentaire - \u00c9cole Fran\u00e7aise Internationale de Casablanca","isPartOf":{"@id":"https:\/\/eficasablanca.org\/#website"},"primaryImageOfPage":{"@id":"https:\/\/eficasablanca.org\/matinee-de-sensibilisation-bucco-dentaire\/#primaryimage"},"image":{"@id":"https:\/\/eficasablanca.org\/matinee-de-sensibilisation-bucco-dentaire\/#primaryimage"},"thumbnailUrl":"https:\/\/eficasablanca.org\/wp-content\/uploads\/2025\/03\/6-1-e1741341689262.png","datePublished":"2025-03-07T10:02:24+00:00","dateModified":"2025-07-14T14:01:54+00:00","description":"Dans le cadre de l'engagementde l'EFI Casablanca envers la sant\u00e9 et le bien-\u00eatre des \u00e9l\u00e8ves, les \u00e9l\u00e8ves de maternelle ont suivi une matin\u00e9e d\u00e9di\u00e9e \u00e0 la","breadcrumb":{"@id":"https:\/\/eficasablanca.org\/matinee-de-sensibilisation-bucco-dentaire\/#breadcrumb"},"inLanguage":"en-US","potentialAction":[{"@type":"ReadAction","target":["https:\/\/eficasablanca.org\/matinee-de-sensibilisation-bucco-dentaire\/"]}]},{"@type":"ImageObject","inLanguage":"en-US","@id":"https:\/\/eficasablanca.org\/matinee-de-sensibilisation-bucco-dentaire\/#primaryimage","url":"https:\/\/eficasablanca.org\/wp-content\/uploads\/2025\/03\/6-1-e1741341689262.png","contentUrl":"https:\/\/eficasablanca.org\/wp-content\/uploads\/2025\/03\/6-1-e1741341689262.png","width":1080,"height":733},{"@type":"BreadcrumbList","@id":"https:\/\/eficasablanca.org\/matinee-de-sensibilisation-bucco-dentaire\/#breadcrumb","itemListElement":[{"@type":"ListItem","position":1,"name":"Accueil","item":"https:\/\/eficasablanca.org\/"},{"@type":"ListItem","position":2,"name":"Matin\u00e9e de sensibilisation bucco-dentaire"}]},{"@type":"WebSite","@id":"https:\/\/eficasablanca.org\/#website","url":"https:\/\/eficasablanca.org\/","name":"Casablanca International French School","description":"L&#039;\u00c9cole Fran\u00e7aise Internationale","publisher":{"@id":"https:\/\/eficasablanca.org\/#organization"},"potentialAction":[{"@type":"SearchAction","target":{"@type":"EntryPoint","urlTemplate":"https:\/\/eficasablanca.org\/?s={search_term_string}"},"query-input":{"@type":"PropertyValueSpecification","valueRequired":true,"valueName":"search_term_string"}}],"inLanguage":"en-US"},{"@type":"Organization","@id":"https:\/\/eficasablanca.org\/#organization","name":"Ecole Fran\u00e7aise Internationale Casablanca","url":"https:\/\/eficasablanca.org\/","logo":{"@type":"ImageObject","inLanguage":"en-US","@id":"https:\/\/eficasablanca.org\/#\/schema\/logo\/image\/","url":"https:\/\/eficasablanca.org\/wp-content\/uploads\/2022\/12\/Logo-EFI-DEF-1-1-02-1.webp","contentUrl":"https:\/\/eficasablanca.org\/wp-content\/uploads\/2022\/12\/Logo-EFI-DEF-1-1-02-1.webp","width":644,"height":100,"caption":"Ecole Fran\u00e7aise Internationale Casablanca"},"image":{"@id":"https:\/\/eficasablanca.org\/#\/schema\/logo\/image\/"},"sameAs":["https:\/\/www.facebook.com\/EFICasablanca","https:\/\/www.instagram.com\/efi_casablanca\/?hl=fr","https:\/\/www.linkedin.com\/company\/efi-casablanca\/about\/?viewAsMember=true"]},{"@type":"Person","@id":"https:\/\/eficasablanca.org\/#\/schema\/person\/5f18b84fc036d7c660fe4f80550a97c1","name":"EFI","url":"https:\/\/eficasablanca.org\/en\/author\/editor\/"}]}},"_links":{"self":[{"href":"https:\/\/eficasablanca.org\/en\/wp-json\/wp\/v2\/posts\/9563","targetHints":{"allow":["GET"]}}],"collection":[{"href":"https:\/\/eficasablanca.org\/en\/wp-json\/wp\/v2\/posts"}],"about":[{"href":"https:\/\/eficasablanca.org\/en\/wp-json\/wp\/v2\/types\/post"}],"author":[{"embeddable":true,"href":"https:\/\/eficasablanca.org\/en\/wp-json\/wp\/v2\/users\/2"}],"replies":[{"embeddable":true,"href":"https:\/\/eficasablanca.org\/en\/wp-json\/wp\/v2\/comments?post=9563"}],"version-history":[{"count":2,"href":"https:\/\/eficasablanca.org\/en\/wp-json\/wp\/v2\/posts\/9563\/revisions"}],"predecessor-version":[{"id":10572,"href":"https:\/\/eficasablanca.org\/en\/wp-json\/wp\/v2\/posts\/9563\/revisions\/10572"}],"wp:featuredmedia":[{"embeddable":true,"href":"https:\/\/eficasablanca.org\/en\/wp-json\/wp\/v2\/media\/9569"}],"wp:attachment":[{"href":"https:\/\/eficasablanca.org\/en\/wp-json\/wp\/v2\/media?parent=9563"}],"wp:term":[{"taxonomy":"category","embeddable":true,"href":"https:\/\/eficasablanca.org\/en\/wp-json\/wp\/v2\/categories?post=9563"},{"taxonomy":"post_tag","embeddable":true,"href":"https:\/\/eficasablanca.org\/en\/wp-json\/wp\/v2\/tags?post=9563"}],"curies":[{"name":"wp","href":"https:\/\/api.w.org\/{rel}","templated":true}]}}