{"id":9760,"date":"2025-04-18T17:28:26","date_gmt":"2025-04-18T15:28:26","guid":{"rendered":"https:\/\/eficasablanca.org\/?p=9760"},"modified":"2025-07-14T15:09:53","modified_gmt":"2025-07-14T13:09:53","slug":"sejour-pedagogique-a-villard-de-lans-sport-culture-et-cohesion-pour-les-eleves-de-1ere","status":"publish","type":"post","link":"https:\/\/eficasablanca.org\/en\/sejour-pedagogique-a-villard-de-lans-sport-culture-et-cohesion-pour-les-eleves-de-1ere\/","title":{"rendered":"Educational Trip to Villard-de-Lans: Sports, Culture, and Team Building for Grade 11 Students"},"content":{"rendered":"<p>Les \u00e9l\u00e8ves de 1\u00e8re ont particip\u00e9 \u00e0 un s\u00e9jour p\u00e9dagogique \u00e0 Villard-de-Lans, combinant activit\u00e9s sportives et d\u00e9couvertes culturelles. Ils ont pu s\u2019initier au ski, assister \u00e0 un match de hockey U18, profiter d\u2019une matin\u00e9e au Luge Park, participer \u00e0 un tournoi sportif et randonner en raquettes dans la for\u00eat.<\/p>\n\n\n\n<p>Ce s\u00e9jour a \u00e9t\u00e9 organis\u00e9 en collaboration avec \u00c9ric Taunier du club Vercors, qui a permis aux \u00e9l\u00e8ves de d\u00e9couvrir et de profiter pleinement des infrastructures sportives locales. L\u2019h\u00e9bergement s\u2019est d\u00e9roul\u00e9 \u00e0 l\u2019auberge Les Girards, offrant un cadre prop\u00eece pour allier sport et d\u00e9tente. Cette exp\u00e9rience a renforc\u00e9 la coh\u00e9sion de groupe et favoris\u00e9 l\u2019apprentissage en trois langues (fran\u00e7ais, anglais et espagnol), enrichissant ainsi le s\u00e9jour tant sur le plan sportif que culturel.<\/p>\n\n\n\n<p>1\u00e8re students took part in an educational trip to Villard-de-Lans from February 9 to 15, combining sports activities with cultural discoveries. They were able to learn to ski, watch a U18 field hockey match, spend a morning at the Luge Park, take part in a sports tournament and go snowshoeing in the forest.<\/p>\n\n\n\n<p>The stay was organized in collaboration with \u00c9ric Taunier from the Vercors club, who enabled the students to discover and take full advantage of the local sports facilities. Accommodation was provided at the Auberge Les Girards, a perfect setting for combining sport and relaxation.This experience strengthened group cohesion and encouraged learning in three languages (French, English and Spanish), enriching the stay both in sporting and cultural terms.<\/p>\n\n\n\n<figure class=\"wp-block-gallery has-nested-images columns-default is-cropped wp-block-gallery-1 is-layout-flex wp-block-gallery-is-layout-flex\">\n<figure class=\"wp-block-image size-large\"><img fetchpriority=\"high\" decoding=\"async\" width=\"1024\" height=\"1024\" data-id=\"9822\" src=\"https:\/\/eficasablanca.org\/wp-content\/uploads\/2025\/04\/8-6-1024x1024.png\" alt=\"\" class=\"wp-image-9822\" srcset=\"https:\/\/eficasablanca.org\/wp-content\/uploads\/2025\/04\/8-6-1024x1024.png 1024w, https:\/\/eficasablanca.org\/wp-content\/uploads\/2025\/04\/8-6-300x300.png 300w, https:\/\/eficasablanca.org\/wp-content\/uploads\/2025\/04\/8-6-150x150.png 150w, https:\/\/eficasablanca.org\/wp-content\/uploads\/2025\/04\/8-6-768x768.png 768w, https:\/\/eficasablanca.org\/wp-content\/uploads\/2025\/04\/8-6-12x12.png 12w, https:\/\/eficasablanca.org\/wp-content\/uploads\/2025\/04\/8-6.png 1080w\" sizes=\"(max-width: 1024px) 100vw, 1024px\" \/><\/figure>\n\n\n\n<figure class=\"wp-block-image size-large\"><img decoding=\"async\" width=\"1024\" height=\"1024\" data-id=\"9815\" src=\"https:\/\/eficasablanca.org\/wp-content\/uploads\/2025\/04\/3-7-1024x1024.png\" alt=\"\" class=\"wp-image-9815\" srcset=\"https:\/\/eficasablanca.org\/wp-content\/uploads\/2025\/04\/3-7-1024x1024.png 1024w, https:\/\/eficasablanca.org\/wp-content\/uploads\/2025\/04\/3-7-300x300.png 300w, https:\/\/eficasablanca.org\/wp-content\/uploads\/2025\/04\/3-7-150x150.png 150w, https:\/\/eficasablanca.org\/wp-content\/uploads\/2025\/04\/3-7-768x768.png 768w, https:\/\/eficasablanca.org\/wp-content\/uploads\/2025\/04\/3-7-12x12.png 12w, https:\/\/eficasablanca.org\/wp-content\/uploads\/2025\/04\/3-7.png 1080w\" sizes=\"(max-width: 1024px) 100vw, 1024px\" \/><\/figure>\n\n\n\n<figure class=\"wp-block-image size-large\"><img decoding=\"async\" width=\"1024\" height=\"1024\" data-id=\"9812\" src=\"https:\/\/eficasablanca.org\/wp-content\/uploads\/2025\/04\/2-8-1024x1024.png\" alt=\"\" class=\"wp-image-9812\" srcset=\"https:\/\/eficasablanca.org\/wp-content\/uploads\/2025\/04\/2-8-1024x1024.png 1024w, https:\/\/eficasablanca.org\/wp-content\/uploads\/2025\/04\/2-8-300x300.png 300w, https:\/\/eficasablanca.org\/wp-content\/uploads\/2025\/04\/2-8-150x150.png 150w, https:\/\/eficasablanca.org\/wp-content\/uploads\/2025\/04\/2-8-768x768.png 768w, https:\/\/eficasablanca.org\/wp-content\/uploads\/2025\/04\/2-8-12x12.png 12w, https:\/\/eficasablanca.org\/wp-content\/uploads\/2025\/04\/2-8.png 1080w\" sizes=\"(max-width: 1024px) 100vw, 1024px\" \/><\/figure>\n\n\n\n<figure class=\"wp-block-image size-large\"><img loading=\"lazy\" decoding=\"async\" width=\"1024\" height=\"1024\" data-id=\"9831\" src=\"https:\/\/eficasablanca.org\/wp-content\/uploads\/2025\/04\/1-12-1024x1024.png\" alt=\"\" class=\"wp-image-9831\" srcset=\"https:\/\/eficasablanca.org\/wp-content\/uploads\/2025\/04\/1-12-1024x1024.png 1024w, https:\/\/eficasablanca.org\/wp-content\/uploads\/2025\/04\/1-12-300x300.png 300w, https:\/\/eficasablanca.org\/wp-content\/uploads\/2025\/04\/1-12-150x150.png 150w, https:\/\/eficasablanca.org\/wp-content\/uploads\/2025\/04\/1-12-768x768.png 768w, https:\/\/eficasablanca.org\/wp-content\/uploads\/2025\/04\/1-12-12x12.png 12w, https:\/\/eficasablanca.org\/wp-content\/uploads\/2025\/04\/1-12.png 1080w\" sizes=\"(max-width: 1024px) 100vw, 1024px\" \/><\/figure>\n\n\n\n<figure class=\"wp-block-image size-large\"><img loading=\"lazy\" decoding=\"async\" width=\"1024\" height=\"1024\" data-id=\"9832\" src=\"https:\/\/eficasablanca.org\/wp-content\/uploads\/2025\/04\/2-9-1024x1024.png\" alt=\"\" class=\"wp-image-9832\" srcset=\"https:\/\/eficasablanca.org\/wp-content\/uploads\/2025\/04\/2-9-1024x1024.png 1024w, https:\/\/eficasablanca.org\/wp-content\/uploads\/2025\/04\/2-9-300x300.png 300w, https:\/\/eficasablanca.org\/wp-content\/uploads\/2025\/04\/2-9-150x150.png 150w, https:\/\/eficasablanca.org\/wp-content\/uploads\/2025\/04\/2-9-768x768.png 768w, https:\/\/eficasablanca.org\/wp-content\/uploads\/2025\/04\/2-9-12x12.png 12w, https:\/\/eficasablanca.org\/wp-content\/uploads\/2025\/04\/2-9.png 1080w\" sizes=\"(max-width: 1024px) 100vw, 1024px\" \/><\/figure>\n\n\n\n<figure class=\"wp-block-image size-large\"><img loading=\"lazy\" decoding=\"async\" width=\"1024\" height=\"1024\" data-id=\"9816\" src=\"https:\/\/eficasablanca.org\/wp-content\/uploads\/2025\/04\/11-4-1024x1024.png\" alt=\"\" class=\"wp-image-9816\" srcset=\"https:\/\/eficasablanca.org\/wp-content\/uploads\/2025\/04\/11-4-1024x1024.png 1024w, https:\/\/eficasablanca.org\/wp-content\/uploads\/2025\/04\/11-4-300x300.png 300w, https:\/\/eficasablanca.org\/wp-content\/uploads\/2025\/04\/11-4-150x150.png 150w, https:\/\/eficasablanca.org\/wp-content\/uploads\/2025\/04\/11-4-768x768.png 768w, https:\/\/eficasablanca.org\/wp-content\/uploads\/2025\/04\/11-4-12x12.png 12w, https:\/\/eficasablanca.org\/wp-content\/uploads\/2025\/04\/11-4.png 1080w\" sizes=\"(max-width: 1024px) 100vw, 1024px\" \/><\/figure>\n\n\n\n<figure class=\"wp-block-image size-large\"><img loading=\"lazy\" decoding=\"async\" width=\"1024\" height=\"1024\" data-id=\"9811\" src=\"https:\/\/eficasablanca.org\/wp-content\/uploads\/2025\/04\/1-11-1024x1024.png\" alt=\"\" class=\"wp-image-9811\" srcset=\"https:\/\/eficasablanca.org\/wp-content\/uploads\/2025\/04\/1-11-1024x1024.png 1024w, https:\/\/eficasablanca.org\/wp-content\/uploads\/2025\/04\/1-11-300x300.png 300w, https:\/\/eficasablanca.org\/wp-content\/uploads\/2025\/04\/1-11-150x150.png 150w, https:\/\/eficasablanca.org\/wp-content\/uploads\/2025\/04\/1-11-768x768.png 768w, https:\/\/eficasablanca.org\/wp-content\/uploads\/2025\/04\/1-11-12x12.png 12w, https:\/\/eficasablanca.org\/wp-content\/uploads\/2025\/04\/1-11.png 1080w\" sizes=\"(max-width: 1024px) 100vw, 1024px\" \/><\/figure>\n\n\n\n<figure class=\"wp-block-image size-large\"><img loading=\"lazy\" decoding=\"async\" width=\"1024\" height=\"1024\" data-id=\"9814\" src=\"https:\/\/eficasablanca.org\/wp-content\/uploads\/2025\/04\/6-6-1024x1024.png\" alt=\"\" class=\"wp-image-9814\" srcset=\"https:\/\/eficasablanca.org\/wp-content\/uploads\/2025\/04\/6-6-1024x1024.png 1024w, https:\/\/eficasablanca.org\/wp-content\/uploads\/2025\/04\/6-6-300x300.png 300w, https:\/\/eficasablanca.org\/wp-content\/uploads\/2025\/04\/6-6-150x150.png 150w, https:\/\/eficasablanca.org\/wp-content\/uploads\/2025\/04\/6-6-768x768.png 768w, https:\/\/eficasablanca.org\/wp-content\/uploads\/2025\/04\/6-6-12x12.png 12w, https:\/\/eficasablanca.org\/wp-content\/uploads\/2025\/04\/6-6.png 1080w\" sizes=\"(max-width: 1024px) 100vw, 1024px\" \/><\/figure>\n\n\n\n<figure class=\"wp-block-image size-large\"><img loading=\"lazy\" decoding=\"async\" width=\"1024\" height=\"1024\" data-id=\"9817\" src=\"https:\/\/eficasablanca.org\/wp-content\/uploads\/2025\/04\/4-6-1024x1024.png\" alt=\"\" class=\"wp-image-9817\" srcset=\"https:\/\/eficasablanca.org\/wp-content\/uploads\/2025\/04\/4-6-1024x1024.png 1024w, https:\/\/eficasablanca.org\/wp-content\/uploads\/2025\/04\/4-6-300x300.png 300w, https:\/\/eficasablanca.org\/wp-content\/uploads\/2025\/04\/4-6-150x150.png 150w, https:\/\/eficasablanca.org\/wp-content\/uploads\/2025\/04\/4-6-768x768.png 768w, https:\/\/eficasablanca.org\/wp-content\/uploads\/2025\/04\/4-6-12x12.png 12w, https:\/\/eficasablanca.org\/wp-content\/uploads\/2025\/04\/4-6.png 1080w\" sizes=\"(max-width: 1024px) 100vw, 1024px\" \/><\/figure>\n\n\n\n<figure class=\"wp-block-image size-large\"><img loading=\"lazy\" decoding=\"async\" width=\"1024\" height=\"1024\" data-id=\"9823\" src=\"https:\/\/eficasablanca.org\/wp-content\/uploads\/2025\/04\/7-5-1024x1024.png\" alt=\"\" class=\"wp-image-9823\" srcset=\"https:\/\/eficasablanca.org\/wp-content\/uploads\/2025\/04\/7-5-1024x1024.png 1024w, https:\/\/eficasablanca.org\/wp-content\/uploads\/2025\/04\/7-5-300x300.png 300w, https:\/\/eficasablanca.org\/wp-content\/uploads\/2025\/04\/7-5-150x150.png 150w, https:\/\/eficasablanca.org\/wp-content\/uploads\/2025\/04\/7-5-768x768.png 768w, https:\/\/eficasablanca.org\/wp-content\/uploads\/2025\/04\/7-5-12x12.png 12w, https:\/\/eficasablanca.org\/wp-content\/uploads\/2025\/04\/7-5.png 1080w\" sizes=\"(max-width: 1024px) 100vw, 1024px\" \/><\/figure>\n\n\n\n<figure class=\"wp-block-image size-large\"><img loading=\"lazy\" decoding=\"async\" width=\"1024\" height=\"1024\" data-id=\"9813\" src=\"https:\/\/eficasablanca.org\/wp-content\/uploads\/2025\/04\/12-5-1024x1024.png\" alt=\"\" class=\"wp-image-9813\" srcset=\"https:\/\/eficasablanca.org\/wp-content\/uploads\/2025\/04\/12-5-1024x1024.png 1024w, https:\/\/eficasablanca.org\/wp-content\/uploads\/2025\/04\/12-5-300x300.png 300w, https:\/\/eficasablanca.org\/wp-content\/uploads\/2025\/04\/12-5-150x150.png 150w, https:\/\/eficasablanca.org\/wp-content\/uploads\/2025\/04\/12-5-768x768.png 768w, https:\/\/eficasablanca.org\/wp-content\/uploads\/2025\/04\/12-5-12x12.png 12w, https:\/\/eficasablanca.org\/wp-content\/uploads\/2025\/04\/12-5.png 1080w\" sizes=\"(max-width: 1024px) 100vw, 1024px\" \/><\/figure>\n\n\n\n<figure class=\"wp-block-image size-large\"><img loading=\"lazy\" decoding=\"async\" width=\"1024\" height=\"1024\" data-id=\"9820\" src=\"https:\/\/eficasablanca.org\/wp-content\/uploads\/2025\/04\/5-5-1024x1024.png\" alt=\"\" class=\"wp-image-9820\" srcset=\"https:\/\/eficasablanca.org\/wp-content\/uploads\/2025\/04\/5-5-1024x1024.png 1024w, https:\/\/eficasablanca.org\/wp-content\/uploads\/2025\/04\/5-5-300x300.png 300w, https:\/\/eficasablanca.org\/wp-content\/uploads\/2025\/04\/5-5-150x150.png 150w, https:\/\/eficasablanca.org\/wp-content\/uploads\/2025\/04\/5-5-768x768.png 768w, https:\/\/eficasablanca.org\/wp-content\/uploads\/2025\/04\/5-5-12x12.png 12w, https:\/\/eficasablanca.org\/wp-content\/uploads\/2025\/04\/5-5.png 1080w\" sizes=\"(max-width: 1024px) 100vw, 1024px\" \/><\/figure>\n\n\n\n<figure class=\"wp-block-image size-large\"><img loading=\"lazy\" decoding=\"async\" width=\"1024\" height=\"1024\" data-id=\"9818\" src=\"https:\/\/eficasablanca.org\/wp-content\/uploads\/2025\/04\/14-3-1024x1024.png\" alt=\"\" class=\"wp-image-9818\" srcset=\"https:\/\/eficasablanca.org\/wp-content\/uploads\/2025\/04\/14-3-1024x1024.png 1024w, https:\/\/eficasablanca.org\/wp-content\/uploads\/2025\/04\/14-3-300x300.png 300w, https:\/\/eficasablanca.org\/wp-content\/uploads\/2025\/04\/14-3-150x150.png 150w, https:\/\/eficasablanca.org\/wp-content\/uploads\/2025\/04\/14-3-768x768.png 768w, https:\/\/eficasablanca.org\/wp-content\/uploads\/2025\/04\/14-3-12x12.png 12w, https:\/\/eficasablanca.org\/wp-content\/uploads\/2025\/04\/14-3.png 1080w\" sizes=\"(max-width: 1024px) 100vw, 1024px\" \/><\/figure>\n\n\n\n<figure class=\"wp-block-image size-large\"><img loading=\"lazy\" decoding=\"async\" width=\"1024\" height=\"1024\" data-id=\"9819\" src=\"https:\/\/eficasablanca.org\/wp-content\/uploads\/2025\/04\/13-3-1024x1024.png\" alt=\"\" class=\"wp-image-9819\" srcset=\"https:\/\/eficasablanca.org\/wp-content\/uploads\/2025\/04\/13-3-1024x1024.png 1024w, https:\/\/eficasablanca.org\/wp-content\/uploads\/2025\/04\/13-3-300x300.png 300w, https:\/\/eficasablanca.org\/wp-content\/uploads\/2025\/04\/13-3-150x150.png 150w, https:\/\/eficasablanca.org\/wp-content\/uploads\/2025\/04\/13-3-768x768.png 768w, https:\/\/eficasablanca.org\/wp-content\/uploads\/2025\/04\/13-3-12x12.png 12w, https:\/\/eficasablanca.org\/wp-content\/uploads\/2025\/04\/13-3.png 1080w\" sizes=\"(max-width: 1024px) 100vw, 1024px\" \/><\/figure>\n<\/figure>\n\n\n\n<figure class=\"wp-block-gallery has-nested-images columns-default is-cropped wp-block-gallery-2 is-layout-flex wp-block-gallery-is-layout-flex\"><\/figure>","protected":false},"excerpt":{"rendered":"<p>Les \u00e9l\u00e8ves de 1\u00e8re ont particip\u00e9 \u00e0 un s\u00e9jour p\u00e9dagogique \u00e0 Villard-de-Lans, combinant activit\u00e9s sportives et d\u00e9couvertes culturelles. Ils ont pu s\u2019initier au ski, assister \u00e0 un match de hockey U18, profiter d\u2019une matin\u00e9e au Luge Park, participer \u00e0 un tournoi sportif et randonner en raquettes dans la for\u00eat. Ce s\u00e9jour a \u00e9t\u00e9 organis\u00e9 en [&hellip;]<\/p>\n","protected":false},"author":3,"featured_media":9822,"comment_status":"closed","ping_status":"open","sticky":false,"template":"","format":"standard","meta":{"_acf_changed":false,"footnotes":""},"categories":[21,22],"tags":[],"class_list":["post-9760","post","type-post","status-publish","format-standard","has-post-thumbnail","hentry","category-actualites","category-evenements"],"acf":[],"yoast_head":"<!-- This site is optimized with the Yoast SEO plugin v27.1.1 - https:\/\/yoast.com\/product\/yoast-seo-wordpress\/ -->\n<title>S\u00e9jour p\u00e9dagogique \u00e0 Villard-de-Lans : sport, culture et coh\u00e9sion pour les \u00e9l\u00e8ves de 1\u00e8re - \u00c9cole Fran\u00e7aise Internationale de Casablanca<\/title>\n<meta name=\"description\" content=\"Les \u00e9l\u00e8ves de 1\u00e8re ont particip\u00e9 \u00e0 un s\u00e9jour p\u00e9dagogique \u00e0 Villard-de-Lans, combinant activit\u00e9s sportives et d\u00e9couvertes culturelles. Ils ont pu s\u2019initier\" \/>\n<meta name=\"robots\" content=\"index, follow, max-snippet:-1, max-image-preview:large, max-video-preview:-1\" \/>\n<link rel=\"canonical\" href=\"https:\/\/eficasablanca.org\/en\/sejour-pedagogique-a-villard-de-lans-sport-culture-et-cohesion-pour-les-eleves-de-1ere\/\" \/>\n<meta property=\"og:locale\" content=\"en_US\" \/>\n<meta property=\"og:type\" content=\"article\" \/>\n<meta property=\"og:title\" content=\"S\u00e9jour p\u00e9dagogique \u00e0 Villard-de-Lans : sport, culture et coh\u00e9sion pour les \u00e9l\u00e8ves de 1\u00e8re - \u00c9cole Fran\u00e7aise Internationale de Casablanca\" \/>\n<meta property=\"og:description\" content=\"Les \u00e9l\u00e8ves de 1\u00e8re ont particip\u00e9 \u00e0 un s\u00e9jour p\u00e9dagogique \u00e0 Villard-de-Lans, combinant activit\u00e9s sportives et d\u00e9couvertes culturelles. Ils ont pu s\u2019initier\" \/>\n<meta property=\"og:url\" content=\"https:\/\/eficasablanca.org\/en\/sejour-pedagogique-a-villard-de-lans-sport-culture-et-cohesion-pour-les-eleves-de-1ere\/\" \/>\n<meta property=\"og:site_name\" content=\"\u00c9cole Fran\u00e7aise Internationale de Casablanca\" \/>\n<meta property=\"article:publisher\" content=\"https:\/\/www.facebook.com\/EFICasablanca\" \/>\n<meta property=\"article:published_time\" content=\"2025-04-18T15:28:26+00:00\" \/>\n<meta property=\"article:modified_time\" content=\"2025-07-14T13:09:53+00:00\" \/>\n<meta property=\"og:image\" content=\"https:\/\/eficasablanca.org\/wp-content\/uploads\/2025\/04\/8-6-768x768.png\" \/>\n\t<meta property=\"og:image:width\" content=\"768\" \/>\n\t<meta property=\"og:image:height\" content=\"768\" \/>\n\t<meta property=\"og:image:type\" content=\"image\/png\" \/>\n<meta name=\"author\" content=\"it\" \/>\n<meta name=\"twitter:card\" content=\"summary_large_image\" \/>\n<meta name=\"twitter:label1\" content=\"Written by\" \/>\n\t<meta name=\"twitter:data1\" content=\"it\" \/>\n\t<meta name=\"twitter:label2\" content=\"Est. reading time\" \/>\n\t<meta name=\"twitter:data2\" content=\"5 minutes\" \/>\n<script type=\"application\/ld+json\" class=\"yoast-schema-graph\">{\"@context\":\"https:\/\/schema.org\",\"@graph\":[{\"@type\":\"Article\",\"@id\":\"https:\/\/eficasablanca.org\/sejour-pedagogique-a-villard-de-lans-sport-culture-et-cohesion-pour-les-eleves-de-1ere\/#article\",\"isPartOf\":{\"@id\":\"https:\/\/eficasablanca.org\/sejour-pedagogique-a-villard-de-lans-sport-culture-et-cohesion-pour-les-eleves-de-1ere\/\"},\"author\":{\"name\":\"it\",\"@id\":\"https:\/\/eficasablanca.org\/#\/schema\/person\/cd2435603ee779b3c83afe03afe2bf0e\"},\"headline\":\"S\u00e9jour p\u00e9dagogique \u00e0 Villard-de-Lans : sport, culture et coh\u00e9sion pour les \u00e9l\u00e8ves de 1\u00e8re\",\"datePublished\":\"2025-04-18T15:28:26+00:00\",\"dateModified\":\"2025-07-14T13:09:53+00:00\",\"mainEntityOfPage\":{\"@id\":\"https:\/\/eficasablanca.org\/sejour-pedagogique-a-villard-de-lans-sport-culture-et-cohesion-pour-les-eleves-de-1ere\/\"},\"wordCount\":276,\"publisher\":{\"@id\":\"https:\/\/eficasablanca.org\/#organization\"},\"image\":{\"@id\":\"https:\/\/eficasablanca.org\/sejour-pedagogique-a-villard-de-lans-sport-culture-et-cohesion-pour-les-eleves-de-1ere\/#primaryimage\"},\"thumbnailUrl\":\"https:\/\/eficasablanca.org\/wp-content\/uploads\/2025\/04\/8-6.png\",\"articleSection\":[\"Actualit\u00e9s\",\"\u00c9v\u00e8nements\"],\"inLanguage\":\"en-US\"},{\"@type\":\"WebPage\",\"@id\":\"https:\/\/eficasablanca.org\/sejour-pedagogique-a-villard-de-lans-sport-culture-et-cohesion-pour-les-eleves-de-1ere\/\",\"url\":\"https:\/\/eficasablanca.org\/sejour-pedagogique-a-villard-de-lans-sport-culture-et-cohesion-pour-les-eleves-de-1ere\/\",\"name\":\"S\u00e9jour p\u00e9dagogique \u00e0 Villard-de-Lans : sport, culture et coh\u00e9sion pour les \u00e9l\u00e8ves de 1\u00e8re - \u00c9cole Fran\u00e7aise Internationale de Casablanca\",\"isPartOf\":{\"@id\":\"https:\/\/eficasablanca.org\/#website\"},\"primaryImageOfPage\":{\"@id\":\"https:\/\/eficasablanca.org\/sejour-pedagogique-a-villard-de-lans-sport-culture-et-cohesion-pour-les-eleves-de-1ere\/#primaryimage\"},\"image\":{\"@id\":\"https:\/\/eficasablanca.org\/sejour-pedagogique-a-villard-de-lans-sport-culture-et-cohesion-pour-les-eleves-de-1ere\/#primaryimage\"},\"thumbnailUrl\":\"https:\/\/eficasablanca.org\/wp-content\/uploads\/2025\/04\/8-6.png\",\"datePublished\":\"2025-04-18T15:28:26+00:00\",\"dateModified\":\"2025-07-14T13:09:53+00:00\",\"description\":\"Les \u00e9l\u00e8ves de 1\u00e8re ont particip\u00e9 \u00e0 un s\u00e9jour p\u00e9dagogique \u00e0 Villard-de-Lans, combinant activit\u00e9s sportives et d\u00e9couvertes culturelles. Ils ont pu s\u2019initier\",\"breadcrumb\":{\"@id\":\"https:\/\/eficasablanca.org\/sejour-pedagogique-a-villard-de-lans-sport-culture-et-cohesion-pour-les-eleves-de-1ere\/#breadcrumb\"},\"inLanguage\":\"en-US\",\"potentialAction\":[{\"@type\":\"ReadAction\",\"target\":[\"https:\/\/eficasablanca.org\/sejour-pedagogique-a-villard-de-lans-sport-culture-et-cohesion-pour-les-eleves-de-1ere\/\"]}]},{\"@type\":\"ImageObject\",\"inLanguage\":\"en-US\",\"@id\":\"https:\/\/eficasablanca.org\/sejour-pedagogique-a-villard-de-lans-sport-culture-et-cohesion-pour-les-eleves-de-1ere\/#primaryimage\",\"url\":\"https:\/\/eficasablanca.org\/wp-content\/uploads\/2025\/04\/8-6.png\",\"contentUrl\":\"https:\/\/eficasablanca.org\/wp-content\/uploads\/2025\/04\/8-6.png\",\"width\":1080,\"height\":1080},{\"@type\":\"BreadcrumbList\",\"@id\":\"https:\/\/eficasablanca.org\/sejour-pedagogique-a-villard-de-lans-sport-culture-et-cohesion-pour-les-eleves-de-1ere\/#breadcrumb\",\"itemListElement\":[{\"@type\":\"ListItem\",\"position\":1,\"name\":\"Accueil\",\"item\":\"https:\/\/eficasablanca.org\/\"},{\"@type\":\"ListItem\",\"position\":2,\"name\":\"S\u00e9jour p\u00e9dagogique \u00e0 Villard-de-Lans : sport, culture et coh\u00e9sion pour les \u00e9l\u00e8ves de 1\u00e8re\"}]},{\"@type\":\"WebSite\",\"@id\":\"https:\/\/eficasablanca.org\/#website\",\"url\":\"https:\/\/eficasablanca.org\/\",\"name\":\"\u00c9cole Fran\u00e7aise Internationale de Casablanca\",\"description\":\"L&#039;\u00c9cole Fran\u00e7aise Internationale\",\"publisher\":{\"@id\":\"https:\/\/eficasablanca.org\/#organization\"},\"potentialAction\":[{\"@type\":\"SearchAction\",\"target\":{\"@type\":\"EntryPoint\",\"urlTemplate\":\"https:\/\/eficasablanca.org\/?s={search_term_string}\"},\"query-input\":{\"@type\":\"PropertyValueSpecification\",\"valueRequired\":true,\"valueName\":\"search_term_string\"}}],\"inLanguage\":\"en-US\"},{\"@type\":\"Organization\",\"@id\":\"https:\/\/eficasablanca.org\/#organization\",\"name\":\"Ecole Fran\u00e7aise Internationale Casablanca\",\"url\":\"https:\/\/eficasablanca.org\/\",\"logo\":{\"@type\":\"ImageObject\",\"inLanguage\":\"en-US\",\"@id\":\"https:\/\/eficasablanca.org\/#\/schema\/logo\/image\/\",\"url\":\"https:\/\/eficasablanca.org\/wp-content\/uploads\/2022\/12\/Logo-EFI-DEF-1-1-02-1.webp\",\"contentUrl\":\"https:\/\/eficasablanca.org\/wp-content\/uploads\/2022\/12\/Logo-EFI-DEF-1-1-02-1.webp\",\"width\":644,\"height\":100,\"caption\":\"Ecole Fran\u00e7aise Internationale Casablanca\"},\"image\":{\"@id\":\"https:\/\/eficasablanca.org\/#\/schema\/logo\/image\/\"},\"sameAs\":[\"https:\/\/www.facebook.com\/EFICasablanca\",\"https:\/\/www.instagram.com\/efi_casablanca\/?hl=fr\",\"https:\/\/www.linkedin.com\/company\/efi-casablanca\/about\/?viewAsMember=true\"]},{\"@type\":\"Person\",\"@id\":\"https:\/\/eficasablanca.org\/#\/schema\/person\/cd2435603ee779b3c83afe03afe2bf0e\",\"name\":\"it\",\"url\":\"https:\/\/eficasablanca.org\/en\/author\/it\/\"}]}<\/script>\n<!-- \/ Yoast SEO plugin. -->","yoast_head_json":{"title":"S\u00e9jour p\u00e9dagogique \u00e0 Villard-de-Lans : sport, culture et coh\u00e9sion pour les \u00e9l\u00e8ves de 1\u00e8re - \u00c9cole Fran\u00e7aise Internationale de Casablanca","description":"Les \u00e9l\u00e8ves de 1\u00e8re ont particip\u00e9 \u00e0 un s\u00e9jour p\u00e9dagogique \u00e0 Villard-de-Lans, combinant activit\u00e9s sportives et d\u00e9couvertes culturelles. Ils ont pu s\u2019initier","robots":{"index":"index","follow":"follow","max-snippet":"max-snippet:-1","max-image-preview":"max-image-preview:large","max-video-preview":"max-video-preview:-1"},"canonical":"https:\/\/eficasablanca.org\/en\/sejour-pedagogique-a-villard-de-lans-sport-culture-et-cohesion-pour-les-eleves-de-1ere\/","og_locale":"en_US","og_type":"article","og_title":"S\u00e9jour p\u00e9dagogique \u00e0 Villard-de-Lans : sport, culture et coh\u00e9sion pour les \u00e9l\u00e8ves de 1\u00e8re - \u00c9cole Fran\u00e7aise Internationale de Casablanca","og_description":"Les \u00e9l\u00e8ves de 1\u00e8re ont particip\u00e9 \u00e0 un s\u00e9jour p\u00e9dagogique \u00e0 Villard-de-Lans, combinant activit\u00e9s sportives et d\u00e9couvertes culturelles. Ils ont pu s\u2019initier","og_url":"https:\/\/eficasablanca.org\/en\/sejour-pedagogique-a-villard-de-lans-sport-culture-et-cohesion-pour-les-eleves-de-1ere\/","og_site_name":"\u00c9cole Fran\u00e7aise Internationale de Casablanca","article_publisher":"https:\/\/www.facebook.com\/EFICasablanca","article_published_time":"2025-04-18T15:28:26+00:00","article_modified_time":"2025-07-14T13:09:53+00:00","og_image":[{"width":768,"height":768,"url":"https:\/\/eficasablanca.org\/wp-content\/uploads\/2025\/04\/8-6-768x768.png","type":"image\/png"}],"author":"it","twitter_card":"summary_large_image","twitter_misc":{"Written by":"it","Est. reading time":"5 minutes"},"schema":{"@context":"https:\/\/schema.org","@graph":[{"@type":"Article","@id":"https:\/\/eficasablanca.org\/sejour-pedagogique-a-villard-de-lans-sport-culture-et-cohesion-pour-les-eleves-de-1ere\/#article","isPartOf":{"@id":"https:\/\/eficasablanca.org\/sejour-pedagogique-a-villard-de-lans-sport-culture-et-cohesion-pour-les-eleves-de-1ere\/"},"author":{"name":"it","@id":"https:\/\/eficasablanca.org\/#\/schema\/person\/cd2435603ee779b3c83afe03afe2bf0e"},"headline":"S\u00e9jour p\u00e9dagogique \u00e0 Villard-de-Lans : sport, culture et coh\u00e9sion pour les \u00e9l\u00e8ves de 1\u00e8re","datePublished":"2025-04-18T15:28:26+00:00","dateModified":"2025-07-14T13:09:53+00:00","mainEntityOfPage":{"@id":"https:\/\/eficasablanca.org\/sejour-pedagogique-a-villard-de-lans-sport-culture-et-cohesion-pour-les-eleves-de-1ere\/"},"wordCount":276,"publisher":{"@id":"https:\/\/eficasablanca.org\/#organization"},"image":{"@id":"https:\/\/eficasablanca.org\/sejour-pedagogique-a-villard-de-lans-sport-culture-et-cohesion-pour-les-eleves-de-1ere\/#primaryimage"},"thumbnailUrl":"https:\/\/eficasablanca.org\/wp-content\/uploads\/2025\/04\/8-6.png","articleSection":["Actualit\u00e9s","\u00c9v\u00e8nements"],"inLanguage":"en-US"},{"@type":"WebPage","@id":"https:\/\/eficasablanca.org\/sejour-pedagogique-a-villard-de-lans-sport-culture-et-cohesion-pour-les-eleves-de-1ere\/","url":"https:\/\/eficasablanca.org\/sejour-pedagogique-a-villard-de-lans-sport-culture-et-cohesion-pour-les-eleves-de-1ere\/","name":"S\u00e9jour p\u00e9dagogique \u00e0 Villard-de-Lans : sport, culture et coh\u00e9sion pour les \u00e9l\u00e8ves de 1\u00e8re - \u00c9cole Fran\u00e7aise Internationale de Casablanca","isPartOf":{"@id":"https:\/\/eficasablanca.org\/#website"},"primaryImageOfPage":{"@id":"https:\/\/eficasablanca.org\/sejour-pedagogique-a-villard-de-lans-sport-culture-et-cohesion-pour-les-eleves-de-1ere\/#primaryimage"},"image":{"@id":"https:\/\/eficasablanca.org\/sejour-pedagogique-a-villard-de-lans-sport-culture-et-cohesion-pour-les-eleves-de-1ere\/#primaryimage"},"thumbnailUrl":"https:\/\/eficasablanca.org\/wp-content\/uploads\/2025\/04\/8-6.png","datePublished":"2025-04-18T15:28:26+00:00","dateModified":"2025-07-14T13:09:53+00:00","description":"Les \u00e9l\u00e8ves de 1\u00e8re ont particip\u00e9 \u00e0 un s\u00e9jour p\u00e9dagogique \u00e0 Villard-de-Lans, combinant activit\u00e9s sportives et d\u00e9couvertes culturelles. Ils ont pu s\u2019initier","breadcrumb":{"@id":"https:\/\/eficasablanca.org\/sejour-pedagogique-a-villard-de-lans-sport-culture-et-cohesion-pour-les-eleves-de-1ere\/#breadcrumb"},"inLanguage":"en-US","potentialAction":[{"@type":"ReadAction","target":["https:\/\/eficasablanca.org\/sejour-pedagogique-a-villard-de-lans-sport-culture-et-cohesion-pour-les-eleves-de-1ere\/"]}]},{"@type":"ImageObject","inLanguage":"en-US","@id":"https:\/\/eficasablanca.org\/sejour-pedagogique-a-villard-de-lans-sport-culture-et-cohesion-pour-les-eleves-de-1ere\/#primaryimage","url":"https:\/\/eficasablanca.org\/wp-content\/uploads\/2025\/04\/8-6.png","contentUrl":"https:\/\/eficasablanca.org\/wp-content\/uploads\/2025\/04\/8-6.png","width":1080,"height":1080},{"@type":"BreadcrumbList","@id":"https:\/\/eficasablanca.org\/sejour-pedagogique-a-villard-de-lans-sport-culture-et-cohesion-pour-les-eleves-de-1ere\/#breadcrumb","itemListElement":[{"@type":"ListItem","position":1,"name":"Accueil","item":"https:\/\/eficasablanca.org\/"},{"@type":"ListItem","position":2,"name":"S\u00e9jour p\u00e9dagogique \u00e0 Villard-de-Lans : sport, culture et coh\u00e9sion pour les \u00e9l\u00e8ves de 1\u00e8re"}]},{"@type":"WebSite","@id":"https:\/\/eficasablanca.org\/#website","url":"https:\/\/eficasablanca.org\/","name":"Casablanca International French School","description":"L&#039;\u00c9cole Fran\u00e7aise Internationale","publisher":{"@id":"https:\/\/eficasablanca.org\/#organization"},"potentialAction":[{"@type":"SearchAction","target":{"@type":"EntryPoint","urlTemplate":"https:\/\/eficasablanca.org\/?s={search_term_string}"},"query-input":{"@type":"PropertyValueSpecification","valueRequired":true,"valueName":"search_term_string"}}],"inLanguage":"en-US"},{"@type":"Organization","@id":"https:\/\/eficasablanca.org\/#organization","name":"Ecole Fran\u00e7aise Internationale Casablanca","url":"https:\/\/eficasablanca.org\/","logo":{"@type":"ImageObject","inLanguage":"en-US","@id":"https:\/\/eficasablanca.org\/#\/schema\/logo\/image\/","url":"https:\/\/eficasablanca.org\/wp-content\/uploads\/2022\/12\/Logo-EFI-DEF-1-1-02-1.webp","contentUrl":"https:\/\/eficasablanca.org\/wp-content\/uploads\/2022\/12\/Logo-EFI-DEF-1-1-02-1.webp","width":644,"height":100,"caption":"Ecole Fran\u00e7aise Internationale Casablanca"},"image":{"@id":"https:\/\/eficasablanca.org\/#\/schema\/logo\/image\/"},"sameAs":["https:\/\/www.facebook.com\/EFICasablanca","https:\/\/www.instagram.com\/efi_casablanca\/?hl=fr","https:\/\/www.linkedin.com\/company\/efi-casablanca\/about\/?viewAsMember=true"]},{"@type":"Person","@id":"https:\/\/eficasablanca.org\/#\/schema\/person\/cd2435603ee779b3c83afe03afe2bf0e","name":"it","url":"https:\/\/eficasablanca.org\/en\/author\/it\/"}]}},"_links":{"self":[{"href":"https:\/\/eficasablanca.org\/en\/wp-json\/wp\/v2\/posts\/9760","targetHints":{"allow":["GET"]}}],"collection":[{"href":"https:\/\/eficasablanca.org\/en\/wp-json\/wp\/v2\/posts"}],"about":[{"href":"https:\/\/eficasablanca.org\/en\/wp-json\/wp\/v2\/types\/post"}],"author":[{"embeddable":true,"href":"https:\/\/eficasablanca.org\/en\/wp-json\/wp\/v2\/users\/3"}],"replies":[{"embeddable":true,"href":"https:\/\/eficasablanca.org\/en\/wp-json\/wp\/v2\/comments?post=9760"}],"version-history":[{"count":7,"href":"https:\/\/eficasablanca.org\/en\/wp-json\/wp\/v2\/posts\/9760\/revisions"}],"predecessor-version":[{"id":10567,"href":"https:\/\/eficasablanca.org\/en\/wp-json\/wp\/v2\/posts\/9760\/revisions\/10567"}],"wp:featuredmedia":[{"embeddable":true,"href":"https:\/\/eficasablanca.org\/en\/wp-json\/wp\/v2\/media\/9822"}],"wp:attachment":[{"href":"https:\/\/eficasablanca.org\/en\/wp-json\/wp\/v2\/media?parent=9760"}],"wp:term":[{"taxonomy":"category","embeddable":true,"href":"https:\/\/eficasablanca.org\/en\/wp-json\/wp\/v2\/categories?post=9760"},{"taxonomy":"post_tag","embeddable":true,"href":"https:\/\/eficasablanca.org\/en\/wp-json\/wp\/v2\/tags?post=9760"}],"curies":[{"name":"wp","href":"https:\/\/api.w.org\/{rel}","templated":true}]}}