{"id":9842,"date":"2025-04-23T17:28:39","date_gmt":"2025-04-23T15:28:39","guid":{"rendered":"https:\/\/eficasablanca.org\/?p=9842"},"modified":"2025-07-14T15:08:33","modified_gmt":"2025-07-14T13:08:33","slug":"100-jours-decole-une-aventure-pedagogique-pleine-de-sens-les-eleves-de-cp","status":"publish","type":"post","link":"https:\/\/eficasablanca.org\/en\/100-jours-decole-une-aventure-pedagogique-pleine-de-sens-les-eleves-de-cp\/","title":{"rendered":"100 Days of School for Grade 1 Students"},"content":{"rendered":"<p>Depuis la rentr\u00e9e, ils comptent chaque matin les jours pass\u00e9s en classe gr\u00e2ce au rituel \u00ab Chaque jour compte \u00bb, pour mieux comprendre les dizaines et unit\u00e9s de fa\u00e7on concr\u00e8te. <\/p>\n\n\n\n<p>Pour c\u00e9l\u00e9brer ce cap, tout a commenc\u00e9 par une exposition de collections de 100 objets, cr\u00e9\u00e9es avec imagination par les \u00e9l\u00e8ves et pr\u00e9sent\u00e9es dans les couloirs de l\u2019\u00e9cole pendant plusieurs semaines, pour le plus grand plaisir de tous.<\/p>\n\n\n\n<p><br>Le mercredi 9 avril, la grande f\u00eate des 100 jours a rassembl\u00e9 les \u00e9l\u00e8ves autour de quatre ateliers ludiques et p\u00e9dagogiques : 100 probl\u00e8mes \u00e0 r\u00e9soudre en math\u00e9matiques, cr\u00e9ation de lunettes en Arts&amp;Crafts, course de relais pour un d\u00e9fi sportif, et atelier de fran\u00e7ais autour des 100 mots et des onomatop\u00e9es.<br>Les enseignants ont anim\u00e9 ces moments avec enthousiasme, et les parents, tr\u00e8s impliqu\u00e9s, ont accompagn\u00e9 les petits groupes tout au long de la matin\u00e9e. Un go\u00fbter convivial est venu cl\u00f4turer cette belle c\u00e9l\u00e9bration.<br><br>Since the start of the school year, they&rsquo;ve been counting the days they&rsquo;ve spent in class every morning, thanks to the \u201cEvery Day Counts\u201d ritual, to gain a better understanding of tens and units in a concrete way.<\/p>\n\n\n\n<p>To celebrate this milestone, the event began with an exhibition of collections of 100 objects, imaginatively created by the pupils and displayed in the school corridors for several weeks, much to everyone&rsquo;s delight.<\/p>\n\n\n\n<p>On Wednesday, April 9, the 100-day celebration brought students together for four fun and educational workshops: 100 problems to solve in math, creating glasses in Arts&amp;Crafts, a relay race for a sports challenge, and a French workshop on 100 words and onomatopoeia.<br>The teachers enthusiastically led these activities, and the parents were very involved, accompanying the small groups throughout the morning. A convivial snack rounded off this wonderful celebration.<\/p>\n\n\n\n<figure class=\"wp-block-gallery has-nested-images columns-default is-cropped wp-block-gallery-1 is-layout-flex wp-block-gallery-is-layout-flex\"><\/figure>\n\n\n\n<figure class=\"wp-block-gallery has-nested-images columns-default is-cropped wp-block-gallery-2 is-layout-flex wp-block-gallery-is-layout-flex\">\n<figure class=\"wp-block-image size-large\"><img fetchpriority=\"high\" decoding=\"async\" width=\"724\" height=\"1024\" data-id=\"9857\" src=\"https:\/\/eficasablanca.org\/wp-content\/uploads\/2025\/04\/1744995831990-3-724x1024.jpg\" alt=\"\" class=\"wp-image-9857\" srcset=\"https:\/\/eficasablanca.org\/wp-content\/uploads\/2025\/04\/1744995831990-3-724x1024.jpg 724w, https:\/\/eficasablanca.org\/wp-content\/uploads\/2025\/04\/1744995831990-3-212x300.jpg 212w, https:\/\/eficasablanca.org\/wp-content\/uploads\/2025\/04\/1744995831990-3-768x1086.jpg 768w, https:\/\/eficasablanca.org\/wp-content\/uploads\/2025\/04\/1744995831990-3-1086x1536.jpg 1086w, https:\/\/eficasablanca.org\/wp-content\/uploads\/2025\/04\/1744995831990-3-8x12.jpg 8w, https:\/\/eficasablanca.org\/wp-content\/uploads\/2025\/04\/1744995831990-3.jpg 1280w\" sizes=\"(max-width: 724px) 100vw, 724px\" \/><\/figure>\n\n\n\n<figure class=\"wp-block-image size-large\"><img decoding=\"async\" width=\"1024\" height=\"1024\" data-id=\"9856\" src=\"https:\/\/eficasablanca.org\/wp-content\/uploads\/2025\/04\/1744995831496-3-1024x1024.jpg\" alt=\"\" class=\"wp-image-9856\" srcset=\"https:\/\/eficasablanca.org\/wp-content\/uploads\/2025\/04\/1744995831496-3-1024x1024.jpg 1024w, https:\/\/eficasablanca.org\/wp-content\/uploads\/2025\/04\/1744995831496-3-300x300.jpg 300w, https:\/\/eficasablanca.org\/wp-content\/uploads\/2025\/04\/1744995831496-3-150x150.jpg 150w, https:\/\/eficasablanca.org\/wp-content\/uploads\/2025\/04\/1744995831496-3-768x768.jpg 768w, https:\/\/eficasablanca.org\/wp-content\/uploads\/2025\/04\/1744995831496-3-12x12.jpg 12w, https:\/\/eficasablanca.org\/wp-content\/uploads\/2025\/04\/1744995831496-3.jpg 1080w\" sizes=\"(max-width: 1024px) 100vw, 1024px\" \/><\/figure>\n<\/figure>\n\n\n\n<figure class=\"wp-block-gallery has-nested-images columns-default is-cropped wp-block-gallery-3 is-layout-flex wp-block-gallery-is-layout-flex\">\n<figure class=\"wp-block-image size-large\"><img decoding=\"async\" width=\"1024\" height=\"1024\" data-id=\"9858\" src=\"https:\/\/eficasablanca.org\/wp-content\/uploads\/2025\/04\/1744995832015-2-1024x1024.jpg\" alt=\"\" class=\"wp-image-9858\" srcset=\"https:\/\/eficasablanca.org\/wp-content\/uploads\/2025\/04\/1744995832015-2-1024x1024.jpg 1024w, https:\/\/eficasablanca.org\/wp-content\/uploads\/2025\/04\/1744995832015-2-300x300.jpg 300w, https:\/\/eficasablanca.org\/wp-content\/uploads\/2025\/04\/1744995832015-2-150x150.jpg 150w, https:\/\/eficasablanca.org\/wp-content\/uploads\/2025\/04\/1744995832015-2-768x768.jpg 768w, https:\/\/eficasablanca.org\/wp-content\/uploads\/2025\/04\/1744995832015-2-12x12.jpg 12w, https:\/\/eficasablanca.org\/wp-content\/uploads\/2025\/04\/1744995832015-2.jpg 1080w\" sizes=\"(max-width: 1024px) 100vw, 1024px\" \/><\/figure>\n\n\n\n<figure class=\"wp-block-image size-large\"><img loading=\"lazy\" decoding=\"async\" width=\"1024\" height=\"1024\" data-id=\"9861\" src=\"https:\/\/eficasablanca.org\/wp-content\/uploads\/2025\/04\/1744995831614-1-1024x1024.jpg\" alt=\"\" class=\"wp-image-9861\" srcset=\"https:\/\/eficasablanca.org\/wp-content\/uploads\/2025\/04\/1744995831614-1-1024x1024.jpg 1024w, https:\/\/eficasablanca.org\/wp-content\/uploads\/2025\/04\/1744995831614-1-300x300.jpg 300w, https:\/\/eficasablanca.org\/wp-content\/uploads\/2025\/04\/1744995831614-1-150x150.jpg 150w, https:\/\/eficasablanca.org\/wp-content\/uploads\/2025\/04\/1744995831614-1-768x768.jpg 768w, https:\/\/eficasablanca.org\/wp-content\/uploads\/2025\/04\/1744995831614-1-12x12.jpg 12w, https:\/\/eficasablanca.org\/wp-content\/uploads\/2025\/04\/1744995831614-1.jpg 1080w\" sizes=\"(max-width: 1024px) 100vw, 1024px\" \/><\/figure>\n\n\n\n<figure class=\"wp-block-image size-large\"><img loading=\"lazy\" decoding=\"async\" width=\"1024\" height=\"1024\" data-id=\"9862\" src=\"https:\/\/eficasablanca.org\/wp-content\/uploads\/2025\/04\/1744995831628-1-1024x1024.jpg\" alt=\"\" class=\"wp-image-9862\" srcset=\"https:\/\/eficasablanca.org\/wp-content\/uploads\/2025\/04\/1744995831628-1-1024x1024.jpg 1024w, https:\/\/eficasablanca.org\/wp-content\/uploads\/2025\/04\/1744995831628-1-300x300.jpg 300w, https:\/\/eficasablanca.org\/wp-content\/uploads\/2025\/04\/1744995831628-1-150x150.jpg 150w, https:\/\/eficasablanca.org\/wp-content\/uploads\/2025\/04\/1744995831628-1-768x768.jpg 768w, https:\/\/eficasablanca.org\/wp-content\/uploads\/2025\/04\/1744995831628-1-12x12.jpg 12w, https:\/\/eficasablanca.org\/wp-content\/uploads\/2025\/04\/1744995831628-1.jpg 1080w\" sizes=\"(max-width: 1024px) 100vw, 1024px\" \/><\/figure>\n<\/figure>\n\n\n\n<figure class=\"wp-block-gallery has-nested-images columns-default is-cropped wp-block-gallery-4 is-layout-flex wp-block-gallery-is-layout-flex\">\n<figure class=\"wp-block-image size-large\"><img loading=\"lazy\" decoding=\"async\" width=\"1024\" height=\"1024\" data-id=\"9860\" src=\"https:\/\/eficasablanca.org\/wp-content\/uploads\/2025\/04\/1744995831594-1-1024x1024.jpg\" alt=\"\" class=\"wp-image-9860\" srcset=\"https:\/\/eficasablanca.org\/wp-content\/uploads\/2025\/04\/1744995831594-1-1024x1024.jpg 1024w, https:\/\/eficasablanca.org\/wp-content\/uploads\/2025\/04\/1744995831594-1-300x300.jpg 300w, https:\/\/eficasablanca.org\/wp-content\/uploads\/2025\/04\/1744995831594-1-150x150.jpg 150w, https:\/\/eficasablanca.org\/wp-content\/uploads\/2025\/04\/1744995831594-1-768x768.jpg 768w, https:\/\/eficasablanca.org\/wp-content\/uploads\/2025\/04\/1744995831594-1-12x12.jpg 12w, https:\/\/eficasablanca.org\/wp-content\/uploads\/2025\/04\/1744995831594-1.jpg 1080w\" sizes=\"(max-width: 1024px) 100vw, 1024px\" \/><\/figure>\n\n\n\n<figure class=\"wp-block-image size-large\"><img loading=\"lazy\" decoding=\"async\" width=\"1024\" height=\"1024\" data-id=\"9859\" src=\"https:\/\/eficasablanca.org\/wp-content\/uploads\/2025\/04\/1744995831754-1-1024x1024.jpg\" alt=\"\" class=\"wp-image-9859\" srcset=\"https:\/\/eficasablanca.org\/wp-content\/uploads\/2025\/04\/1744995831754-1-1024x1024.jpg 1024w, https:\/\/eficasablanca.org\/wp-content\/uploads\/2025\/04\/1744995831754-1-300x300.jpg 300w, https:\/\/eficasablanca.org\/wp-content\/uploads\/2025\/04\/1744995831754-1-150x150.jpg 150w, https:\/\/eficasablanca.org\/wp-content\/uploads\/2025\/04\/1744995831754-1-768x768.jpg 768w, https:\/\/eficasablanca.org\/wp-content\/uploads\/2025\/04\/1744995831754-1-12x12.jpg 12w, https:\/\/eficasablanca.org\/wp-content\/uploads\/2025\/04\/1744995831754-1.jpg 1080w\" sizes=\"(max-width: 1024px) 100vw, 1024px\" \/><\/figure>\n<\/figure>\n\n\n\n<figure class=\"wp-block-gallery has-nested-images columns-default is-cropped wp-block-gallery-5 is-layout-flex wp-block-gallery-is-layout-flex\"><\/figure>","protected":false},"excerpt":{"rendered":"<p>Depuis la rentr\u00e9e, ils comptent chaque matin les jours pass\u00e9s en classe gr\u00e2ce au rituel \u00ab Chaque jour compte \u00bb, pour mieux comprendre les dizaines et unit\u00e9s de fa\u00e7on concr\u00e8te. Pour c\u00e9l\u00e9brer ce cap, tout a commenc\u00e9 par une exposition de collections de 100 objets, cr\u00e9\u00e9es avec imagination par les \u00e9l\u00e8ves et pr\u00e9sent\u00e9es dans les [&hellip;]<\/p>\n","protected":false},"author":3,"featured_media":9845,"comment_status":"closed","ping_status":"open","sticky":false,"template":"","format":"standard","meta":{"_acf_changed":false,"footnotes":""},"categories":[21,22],"tags":[],"class_list":["post-9842","post","type-post","status-publish","format-standard","has-post-thumbnail","hentry","category-actualites","category-evenements"],"acf":[],"yoast_head":"<!-- This site is optimized with the Yoast SEO plugin v27.1.1 - https:\/\/yoast.com\/product\/yoast-seo-wordpress\/ -->\n<title>100 jours d\u2019\u00e9cole pour les \u00e9l\u00e8ves de CP - \u00c9cole Fran\u00e7aise Internationale de Casablanca<\/title>\n<meta name=\"description\" content=\"Depuis la rentr\u00e9e, ils comptent chaque matin les jours pass\u00e9s en classe gr\u00e2ce au rituel \u00ab Chaque jour compte \u00bb, pour mieux comprendre les dizaines et\" \/>\n<meta name=\"robots\" content=\"index, follow, max-snippet:-1, max-image-preview:large, max-video-preview:-1\" \/>\n<link rel=\"canonical\" href=\"https:\/\/eficasablanca.org\/en\/100-jours-decole-une-aventure-pedagogique-pleine-de-sens-les-eleves-de-cp\/\" \/>\n<meta property=\"og:locale\" content=\"en_US\" \/>\n<meta property=\"og:type\" content=\"article\" \/>\n<meta property=\"og:title\" content=\"100 jours d\u2019\u00e9cole pour les \u00e9l\u00e8ves de CP - \u00c9cole Fran\u00e7aise Internationale de Casablanca\" \/>\n<meta property=\"og:description\" content=\"Depuis la rentr\u00e9e, ils comptent chaque matin les jours pass\u00e9s en classe gr\u00e2ce au rituel \u00ab Chaque jour compte \u00bb, pour mieux comprendre les dizaines et\" \/>\n<meta property=\"og:url\" content=\"https:\/\/eficasablanca.org\/en\/100-jours-decole-une-aventure-pedagogique-pleine-de-sens-les-eleves-de-cp\/\" \/>\n<meta property=\"og:site_name\" content=\"\u00c9cole Fran\u00e7aise Internationale de Casablanca\" \/>\n<meta property=\"article:publisher\" content=\"https:\/\/www.facebook.com\/EFICasablanca\" \/>\n<meta property=\"article:published_time\" content=\"2025-04-23T15:28:39+00:00\" \/>\n<meta property=\"article:modified_time\" content=\"2025-07-14T13:08:33+00:00\" \/>\n<meta property=\"og:image\" content=\"https:\/\/eficasablanca.org\/wp-content\/uploads\/2025\/04\/1744995831496.jpg\" \/>\n\t<meta property=\"og:image:width\" content=\"1080\" \/>\n\t<meta property=\"og:image:height\" content=\"1080\" \/>\n\t<meta property=\"og:image:type\" content=\"image\/jpeg\" \/>\n<meta name=\"author\" content=\"it\" \/>\n<meta name=\"twitter:card\" content=\"summary_large_image\" \/>\n<meta name=\"twitter:label1\" content=\"Written by\" \/>\n\t<meta name=\"twitter:data1\" content=\"it\" \/>\n\t<meta name=\"twitter:label2\" content=\"Est. reading time\" \/>\n\t<meta name=\"twitter:data2\" content=\"3 minutes\" \/>\n<script type=\"application\/ld+json\" class=\"yoast-schema-graph\">{\"@context\":\"https:\/\/schema.org\",\"@graph\":[{\"@type\":\"Article\",\"@id\":\"https:\/\/eficasablanca.org\/100-jours-decole-une-aventure-pedagogique-pleine-de-sens-les-eleves-de-cp\/#article\",\"isPartOf\":{\"@id\":\"https:\/\/eficasablanca.org\/100-jours-decole-une-aventure-pedagogique-pleine-de-sens-les-eleves-de-cp\/\"},\"author\":{\"name\":\"it\",\"@id\":\"https:\/\/eficasablanca.org\/#\/schema\/person\/cd2435603ee779b3c83afe03afe2bf0e\"},\"headline\":\"100 jours d\u2019\u00e9cole pour les \u00e9l\u00e8ves de CP\",\"datePublished\":\"2025-04-23T15:28:39+00:00\",\"dateModified\":\"2025-07-14T13:08:33+00:00\",\"mainEntityOfPage\":{\"@id\":\"https:\/\/eficasablanca.org\/100-jours-decole-une-aventure-pedagogique-pleine-de-sens-les-eleves-de-cp\/\"},\"wordCount\":325,\"publisher\":{\"@id\":\"https:\/\/eficasablanca.org\/#organization\"},\"image\":{\"@id\":\"https:\/\/eficasablanca.org\/100-jours-decole-une-aventure-pedagogique-pleine-de-sens-les-eleves-de-cp\/#primaryimage\"},\"thumbnailUrl\":\"https:\/\/eficasablanca.org\/wp-content\/uploads\/2025\/04\/1744995831496.jpg\",\"articleSection\":[\"Actualit\u00e9s\",\"\u00c9v\u00e8nements\"],\"inLanguage\":\"en-US\"},{\"@type\":\"WebPage\",\"@id\":\"https:\/\/eficasablanca.org\/100-jours-decole-une-aventure-pedagogique-pleine-de-sens-les-eleves-de-cp\/\",\"url\":\"https:\/\/eficasablanca.org\/100-jours-decole-une-aventure-pedagogique-pleine-de-sens-les-eleves-de-cp\/\",\"name\":\"100 jours d\u2019\u00e9cole pour les \u00e9l\u00e8ves de CP - \u00c9cole Fran\u00e7aise Internationale de Casablanca\",\"isPartOf\":{\"@id\":\"https:\/\/eficasablanca.org\/#website\"},\"primaryImageOfPage\":{\"@id\":\"https:\/\/eficasablanca.org\/100-jours-decole-une-aventure-pedagogique-pleine-de-sens-les-eleves-de-cp\/#primaryimage\"},\"image\":{\"@id\":\"https:\/\/eficasablanca.org\/100-jours-decole-une-aventure-pedagogique-pleine-de-sens-les-eleves-de-cp\/#primaryimage\"},\"thumbnailUrl\":\"https:\/\/eficasablanca.org\/wp-content\/uploads\/2025\/04\/1744995831496.jpg\",\"datePublished\":\"2025-04-23T15:28:39+00:00\",\"dateModified\":\"2025-07-14T13:08:33+00:00\",\"description\":\"Depuis la rentr\u00e9e, ils comptent chaque matin les jours pass\u00e9s en classe gr\u00e2ce au rituel \u00ab Chaque jour compte \u00bb, pour mieux comprendre les dizaines et\",\"breadcrumb\":{\"@id\":\"https:\/\/eficasablanca.org\/100-jours-decole-une-aventure-pedagogique-pleine-de-sens-les-eleves-de-cp\/#breadcrumb\"},\"inLanguage\":\"en-US\",\"potentialAction\":[{\"@type\":\"ReadAction\",\"target\":[\"https:\/\/eficasablanca.org\/100-jours-decole-une-aventure-pedagogique-pleine-de-sens-les-eleves-de-cp\/\"]}]},{\"@type\":\"ImageObject\",\"inLanguage\":\"en-US\",\"@id\":\"https:\/\/eficasablanca.org\/100-jours-decole-une-aventure-pedagogique-pleine-de-sens-les-eleves-de-cp\/#primaryimage\",\"url\":\"https:\/\/eficasablanca.org\/wp-content\/uploads\/2025\/04\/1744995831496.jpg\",\"contentUrl\":\"https:\/\/eficasablanca.org\/wp-content\/uploads\/2025\/04\/1744995831496.jpg\",\"width\":1080,\"height\":1080},{\"@type\":\"BreadcrumbList\",\"@id\":\"https:\/\/eficasablanca.org\/100-jours-decole-une-aventure-pedagogique-pleine-de-sens-les-eleves-de-cp\/#breadcrumb\",\"itemListElement\":[{\"@type\":\"ListItem\",\"position\":1,\"name\":\"Accueil\",\"item\":\"https:\/\/eficasablanca.org\/\"},{\"@type\":\"ListItem\",\"position\":2,\"name\":\"100 jours d\u2019\u00e9cole pour les \u00e9l\u00e8ves de CP\"}]},{\"@type\":\"WebSite\",\"@id\":\"https:\/\/eficasablanca.org\/#website\",\"url\":\"https:\/\/eficasablanca.org\/\",\"name\":\"\u00c9cole Fran\u00e7aise Internationale de Casablanca\",\"description\":\"L&#039;\u00c9cole Fran\u00e7aise Internationale\",\"publisher\":{\"@id\":\"https:\/\/eficasablanca.org\/#organization\"},\"potentialAction\":[{\"@type\":\"SearchAction\",\"target\":{\"@type\":\"EntryPoint\",\"urlTemplate\":\"https:\/\/eficasablanca.org\/?s={search_term_string}\"},\"query-input\":{\"@type\":\"PropertyValueSpecification\",\"valueRequired\":true,\"valueName\":\"search_term_string\"}}],\"inLanguage\":\"en-US\"},{\"@type\":\"Organization\",\"@id\":\"https:\/\/eficasablanca.org\/#organization\",\"name\":\"Ecole Fran\u00e7aise Internationale Casablanca\",\"url\":\"https:\/\/eficasablanca.org\/\",\"logo\":{\"@type\":\"ImageObject\",\"inLanguage\":\"en-US\",\"@id\":\"https:\/\/eficasablanca.org\/#\/schema\/logo\/image\/\",\"url\":\"https:\/\/eficasablanca.org\/wp-content\/uploads\/2022\/12\/Logo-EFI-DEF-1-1-02-1.webp\",\"contentUrl\":\"https:\/\/eficasablanca.org\/wp-content\/uploads\/2022\/12\/Logo-EFI-DEF-1-1-02-1.webp\",\"width\":644,\"height\":100,\"caption\":\"Ecole Fran\u00e7aise Internationale Casablanca\"},\"image\":{\"@id\":\"https:\/\/eficasablanca.org\/#\/schema\/logo\/image\/\"},\"sameAs\":[\"https:\/\/www.facebook.com\/EFICasablanca\",\"https:\/\/www.instagram.com\/efi_casablanca\/?hl=fr\",\"https:\/\/www.linkedin.com\/company\/efi-casablanca\/about\/?viewAsMember=true\"]},{\"@type\":\"Person\",\"@id\":\"https:\/\/eficasablanca.org\/#\/schema\/person\/cd2435603ee779b3c83afe03afe2bf0e\",\"name\":\"it\",\"url\":\"https:\/\/eficasablanca.org\/en\/author\/it\/\"}]}<\/script>\n<!-- \/ Yoast SEO plugin. -->","yoast_head_json":{"title":"100 jours d\u2019\u00e9cole pour les \u00e9l\u00e8ves de CP - \u00c9cole Fran\u00e7aise Internationale de Casablanca","description":"Depuis la rentr\u00e9e, ils comptent chaque matin les jours pass\u00e9s en classe gr\u00e2ce au rituel \u00ab Chaque jour compte \u00bb, pour mieux comprendre les dizaines et","robots":{"index":"index","follow":"follow","max-snippet":"max-snippet:-1","max-image-preview":"max-image-preview:large","max-video-preview":"max-video-preview:-1"},"canonical":"https:\/\/eficasablanca.org\/en\/100-jours-decole-une-aventure-pedagogique-pleine-de-sens-les-eleves-de-cp\/","og_locale":"en_US","og_type":"article","og_title":"100 jours d\u2019\u00e9cole pour les \u00e9l\u00e8ves de CP - \u00c9cole Fran\u00e7aise Internationale de Casablanca","og_description":"Depuis la rentr\u00e9e, ils comptent chaque matin les jours pass\u00e9s en classe gr\u00e2ce au rituel \u00ab Chaque jour compte \u00bb, pour mieux comprendre les dizaines et","og_url":"https:\/\/eficasablanca.org\/en\/100-jours-decole-une-aventure-pedagogique-pleine-de-sens-les-eleves-de-cp\/","og_site_name":"\u00c9cole Fran\u00e7aise Internationale de Casablanca","article_publisher":"https:\/\/www.facebook.com\/EFICasablanca","article_published_time":"2025-04-23T15:28:39+00:00","article_modified_time":"2025-07-14T13:08:33+00:00","og_image":[{"width":1080,"height":1080,"url":"https:\/\/eficasablanca.org\/wp-content\/uploads\/2025\/04\/1744995831496.jpg","type":"image\/jpeg"}],"author":"it","twitter_card":"summary_large_image","twitter_misc":{"Written by":"it","Est. reading time":"3 minutes"},"schema":{"@context":"https:\/\/schema.org","@graph":[{"@type":"Article","@id":"https:\/\/eficasablanca.org\/100-jours-decole-une-aventure-pedagogique-pleine-de-sens-les-eleves-de-cp\/#article","isPartOf":{"@id":"https:\/\/eficasablanca.org\/100-jours-decole-une-aventure-pedagogique-pleine-de-sens-les-eleves-de-cp\/"},"author":{"name":"it","@id":"https:\/\/eficasablanca.org\/#\/schema\/person\/cd2435603ee779b3c83afe03afe2bf0e"},"headline":"100 jours d\u2019\u00e9cole pour les \u00e9l\u00e8ves de CP","datePublished":"2025-04-23T15:28:39+00:00","dateModified":"2025-07-14T13:08:33+00:00","mainEntityOfPage":{"@id":"https:\/\/eficasablanca.org\/100-jours-decole-une-aventure-pedagogique-pleine-de-sens-les-eleves-de-cp\/"},"wordCount":325,"publisher":{"@id":"https:\/\/eficasablanca.org\/#organization"},"image":{"@id":"https:\/\/eficasablanca.org\/100-jours-decole-une-aventure-pedagogique-pleine-de-sens-les-eleves-de-cp\/#primaryimage"},"thumbnailUrl":"https:\/\/eficasablanca.org\/wp-content\/uploads\/2025\/04\/1744995831496.jpg","articleSection":["Actualit\u00e9s","\u00c9v\u00e8nements"],"inLanguage":"en-US"},{"@type":"WebPage","@id":"https:\/\/eficasablanca.org\/100-jours-decole-une-aventure-pedagogique-pleine-de-sens-les-eleves-de-cp\/","url":"https:\/\/eficasablanca.org\/100-jours-decole-une-aventure-pedagogique-pleine-de-sens-les-eleves-de-cp\/","name":"100 jours d\u2019\u00e9cole pour les \u00e9l\u00e8ves de CP - \u00c9cole Fran\u00e7aise Internationale de Casablanca","isPartOf":{"@id":"https:\/\/eficasablanca.org\/#website"},"primaryImageOfPage":{"@id":"https:\/\/eficasablanca.org\/100-jours-decole-une-aventure-pedagogique-pleine-de-sens-les-eleves-de-cp\/#primaryimage"},"image":{"@id":"https:\/\/eficasablanca.org\/100-jours-decole-une-aventure-pedagogique-pleine-de-sens-les-eleves-de-cp\/#primaryimage"},"thumbnailUrl":"https:\/\/eficasablanca.org\/wp-content\/uploads\/2025\/04\/1744995831496.jpg","datePublished":"2025-04-23T15:28:39+00:00","dateModified":"2025-07-14T13:08:33+00:00","description":"Depuis la rentr\u00e9e, ils comptent chaque matin les jours pass\u00e9s en classe gr\u00e2ce au rituel \u00ab Chaque jour compte \u00bb, pour mieux comprendre les dizaines et","breadcrumb":{"@id":"https:\/\/eficasablanca.org\/100-jours-decole-une-aventure-pedagogique-pleine-de-sens-les-eleves-de-cp\/#breadcrumb"},"inLanguage":"en-US","potentialAction":[{"@type":"ReadAction","target":["https:\/\/eficasablanca.org\/100-jours-decole-une-aventure-pedagogique-pleine-de-sens-les-eleves-de-cp\/"]}]},{"@type":"ImageObject","inLanguage":"en-US","@id":"https:\/\/eficasablanca.org\/100-jours-decole-une-aventure-pedagogique-pleine-de-sens-les-eleves-de-cp\/#primaryimage","url":"https:\/\/eficasablanca.org\/wp-content\/uploads\/2025\/04\/1744995831496.jpg","contentUrl":"https:\/\/eficasablanca.org\/wp-content\/uploads\/2025\/04\/1744995831496.jpg","width":1080,"height":1080},{"@type":"BreadcrumbList","@id":"https:\/\/eficasablanca.org\/100-jours-decole-une-aventure-pedagogique-pleine-de-sens-les-eleves-de-cp\/#breadcrumb","itemListElement":[{"@type":"ListItem","position":1,"name":"Accueil","item":"https:\/\/eficasablanca.org\/"},{"@type":"ListItem","position":2,"name":"100 jours d\u2019\u00e9cole pour les \u00e9l\u00e8ves de CP"}]},{"@type":"WebSite","@id":"https:\/\/eficasablanca.org\/#website","url":"https:\/\/eficasablanca.org\/","name":"Casablanca International French School","description":"L&#039;\u00c9cole Fran\u00e7aise Internationale","publisher":{"@id":"https:\/\/eficasablanca.org\/#organization"},"potentialAction":[{"@type":"SearchAction","target":{"@type":"EntryPoint","urlTemplate":"https:\/\/eficasablanca.org\/?s={search_term_string}"},"query-input":{"@type":"PropertyValueSpecification","valueRequired":true,"valueName":"search_term_string"}}],"inLanguage":"en-US"},{"@type":"Organization","@id":"https:\/\/eficasablanca.org\/#organization","name":"Ecole Fran\u00e7aise Internationale Casablanca","url":"https:\/\/eficasablanca.org\/","logo":{"@type":"ImageObject","inLanguage":"en-US","@id":"https:\/\/eficasablanca.org\/#\/schema\/logo\/image\/","url":"https:\/\/eficasablanca.org\/wp-content\/uploads\/2022\/12\/Logo-EFI-DEF-1-1-02-1.webp","contentUrl":"https:\/\/eficasablanca.org\/wp-content\/uploads\/2022\/12\/Logo-EFI-DEF-1-1-02-1.webp","width":644,"height":100,"caption":"Ecole Fran\u00e7aise Internationale Casablanca"},"image":{"@id":"https:\/\/eficasablanca.org\/#\/schema\/logo\/image\/"},"sameAs":["https:\/\/www.facebook.com\/EFICasablanca","https:\/\/www.instagram.com\/efi_casablanca\/?hl=fr","https:\/\/www.linkedin.com\/company\/efi-casablanca\/about\/?viewAsMember=true"]},{"@type":"Person","@id":"https:\/\/eficasablanca.org\/#\/schema\/person\/cd2435603ee779b3c83afe03afe2bf0e","name":"it","url":"https:\/\/eficasablanca.org\/en\/author\/it\/"}]}},"_links":{"self":[{"href":"https:\/\/eficasablanca.org\/en\/wp-json\/wp\/v2\/posts\/9842","targetHints":{"allow":["GET"]}}],"collection":[{"href":"https:\/\/eficasablanca.org\/en\/wp-json\/wp\/v2\/posts"}],"about":[{"href":"https:\/\/eficasablanca.org\/en\/wp-json\/wp\/v2\/types\/post"}],"author":[{"embeddable":true,"href":"https:\/\/eficasablanca.org\/en\/wp-json\/wp\/v2\/users\/3"}],"replies":[{"embeddable":true,"href":"https:\/\/eficasablanca.org\/en\/wp-json\/wp\/v2\/comments?post=9842"}],"version-history":[{"count":3,"href":"https:\/\/eficasablanca.org\/en\/wp-json\/wp\/v2\/posts\/9842\/revisions"}],"predecessor-version":[{"id":10565,"href":"https:\/\/eficasablanca.org\/en\/wp-json\/wp\/v2\/posts\/9842\/revisions\/10565"}],"wp:featuredmedia":[{"embeddable":true,"href":"https:\/\/eficasablanca.org\/en\/wp-json\/wp\/v2\/media\/9845"}],"wp:attachment":[{"href":"https:\/\/eficasablanca.org\/en\/wp-json\/wp\/v2\/media?parent=9842"}],"wp:term":[{"taxonomy":"category","embeddable":true,"href":"https:\/\/eficasablanca.org\/en\/wp-json\/wp\/v2\/categories?post=9842"},{"taxonomy":"post_tag","embeddable":true,"href":"https:\/\/eficasablanca.org\/en\/wp-json\/wp\/v2\/tags?post=9842"}],"curies":[{"name":"wp","href":"https:\/\/api.w.org\/{rel}","templated":true}]}}