{"id":9872,"date":"2025-04-23T19:55:01","date_gmt":"2025-04-23T17:55:01","guid":{"rendered":"https:\/\/eficasablanca.org\/?p=9872"},"modified":"2025-07-14T15:05:42","modified_gmt":"2025-07-14T13:05:42","slug":"forum-des-metiers","status":"publish","type":"post","link":"https:\/\/eficasablanca.org\/en\/forum-des-metiers\/","title":{"rendered":"Career Forum"},"content":{"rendered":"<p>Parce que l\u2019orientation est un moment cl\u00e9 dans la construction du projet de chaque \u00e9l\u00e8ve, l&rsquo;EFI Casablanca a organis\u00e9 un Forum des M\u00e9tiers pour accompagner les jeunes dans leur r\u00e9flexion.<\/p>\n\n\n\n<p>Durant la semaine du 14 avril, les \u00e9l\u00e8ves de 3e, 2de et 1re ont eu l\u2019opportunit\u00e9 de rencontrer des professionnels, venus partager leurs exp\u00e9riences, leurs parcours et les r\u00e9alit\u00e9s de leurs m\u00e9tiers. M\u00e9decine, architecture, communication, biologie, droit, cin\u00e9ma, finance, marketing\u2026 Autant de domaines explor\u00e9s pour nourrir leur r\u00e9flexion sur leur orientation.<\/p>\n\n\n\n<p>&#8212;<\/p>\n\n\n\n<p>Because career guidance is a key moment in the construction of each student&rsquo;s career plan, EFI Casablanca organized a Career Forum to help young people think about their future.<\/p>\n\n\n\n<p>During the week of April 14, students in 3e, 2de and 1re had the opportunity to meet professionals who came to share their experiences, their career paths and the realities of their professions. Medicine, architecture, communication, biology, law, cinema, finance, marketing&#8230; These were just some of the areas explored to help them reflect on their career choices.<\/p>\n\n\n\n<figure class=\"wp-block-gallery has-nested-images columns-default is-cropped wp-block-gallery-1 is-layout-flex wp-block-gallery-is-layout-flex\">\n<figure class=\"wp-block-image size-large\"><img fetchpriority=\"high\" decoding=\"async\" width=\"724\" height=\"1024\" data-id=\"9876\" src=\"https:\/\/eficasablanca.org\/wp-content\/uploads\/2025\/04\/Affiche_Forum-des-metiers-724x1024.png\" alt=\"\" class=\"wp-image-9876\" srcset=\"https:\/\/eficasablanca.org\/wp-content\/uploads\/2025\/04\/Affiche_Forum-des-metiers-724x1024.png 724w, https:\/\/eficasablanca.org\/wp-content\/uploads\/2025\/04\/Affiche_Forum-des-metiers-212x300.png 212w, https:\/\/eficasablanca.org\/wp-content\/uploads\/2025\/04\/Affiche_Forum-des-metiers-768x1086.png 768w, https:\/\/eficasablanca.org\/wp-content\/uploads\/2025\/04\/Affiche_Forum-des-metiers-1086x1536.png 1086w, https:\/\/eficasablanca.org\/wp-content\/uploads\/2025\/04\/Affiche_Forum-des-metiers-1448x2048.png 1448w, https:\/\/eficasablanca.org\/wp-content\/uploads\/2025\/04\/Affiche_Forum-des-metiers-8x12.png 8w, https:\/\/eficasablanca.org\/wp-content\/uploads\/2025\/04\/Affiche_Forum-des-metiers.png 1587w\" sizes=\"(max-width: 724px) 100vw, 724px\" \/><\/figure>\n\n\n\n<figure class=\"wp-block-image size-large\"><img decoding=\"async\" width=\"1024\" height=\"1024\" data-id=\"9873\" src=\"https:\/\/eficasablanca.org\/wp-content\/uploads\/2025\/04\/2-1-1024x1024.jpg\" alt=\"\" class=\"wp-image-9873\" srcset=\"https:\/\/eficasablanca.org\/wp-content\/uploads\/2025\/04\/2-1-1024x1024.jpg 1024w, https:\/\/eficasablanca.org\/wp-content\/uploads\/2025\/04\/2-1-300x300.jpg 300w, https:\/\/eficasablanca.org\/wp-content\/uploads\/2025\/04\/2-1-150x150.jpg 150w, https:\/\/eficasablanca.org\/wp-content\/uploads\/2025\/04\/2-1-768x768.jpg 768w, https:\/\/eficasablanca.org\/wp-content\/uploads\/2025\/04\/2-1-12x12.jpg 12w, https:\/\/eficasablanca.org\/wp-content\/uploads\/2025\/04\/2-1.jpg 1080w\" sizes=\"(max-width: 1024px) 100vw, 1024px\" \/><\/figure>\n\n\n\n<figure class=\"wp-block-image size-large\"><img decoding=\"async\" width=\"1024\" height=\"1024\" data-id=\"9875\" src=\"https:\/\/eficasablanca.org\/wp-content\/uploads\/2025\/04\/1-1-1024x1024.jpg\" alt=\"\" class=\"wp-image-9875\" srcset=\"https:\/\/eficasablanca.org\/wp-content\/uploads\/2025\/04\/1-1-1024x1024.jpg 1024w, https:\/\/eficasablanca.org\/wp-content\/uploads\/2025\/04\/1-1-300x300.jpg 300w, https:\/\/eficasablanca.org\/wp-content\/uploads\/2025\/04\/1-1-150x150.jpg 150w, https:\/\/eficasablanca.org\/wp-content\/uploads\/2025\/04\/1-1-768x768.jpg 768w, https:\/\/eficasablanca.org\/wp-content\/uploads\/2025\/04\/1-1-12x12.jpg 12w, https:\/\/eficasablanca.org\/wp-content\/uploads\/2025\/04\/1-1.jpg 1080w\" sizes=\"(max-width: 1024px) 100vw, 1024px\" \/><\/figure>\n<\/figure>\n\n\n\n<figure class=\"wp-block-gallery has-nested-images columns-default is-cropped wp-block-gallery-2 is-layout-flex wp-block-gallery-is-layout-flex\">\n<figure class=\"wp-block-image size-large\"><img loading=\"lazy\" decoding=\"async\" width=\"1024\" height=\"1024\" data-id=\"9883\" src=\"https:\/\/eficasablanca.org\/wp-content\/uploads\/2025\/04\/3-2-1024x1024.jpg\" alt=\"\" class=\"wp-image-9883\" srcset=\"https:\/\/eficasablanca.org\/wp-content\/uploads\/2025\/04\/3-2-1024x1024.jpg 1024w, https:\/\/eficasablanca.org\/wp-content\/uploads\/2025\/04\/3-2-300x300.jpg 300w, https:\/\/eficasablanca.org\/wp-content\/uploads\/2025\/04\/3-2-150x150.jpg 150w, https:\/\/eficasablanca.org\/wp-content\/uploads\/2025\/04\/3-2-768x768.jpg 768w, https:\/\/eficasablanca.org\/wp-content\/uploads\/2025\/04\/3-2-12x12.jpg 12w, https:\/\/eficasablanca.org\/wp-content\/uploads\/2025\/04\/3-2.jpg 1080w\" sizes=\"(max-width: 1024px) 100vw, 1024px\" \/><\/figure>\n\n\n\n<figure class=\"wp-block-image size-large\"><img loading=\"lazy\" decoding=\"async\" width=\"1024\" height=\"1024\" data-id=\"9885\" src=\"https:\/\/eficasablanca.org\/wp-content\/uploads\/2025\/04\/5-2-1024x1024.jpg\" alt=\"\" class=\"wp-image-9885\" srcset=\"https:\/\/eficasablanca.org\/wp-content\/uploads\/2025\/04\/5-2-1024x1024.jpg 1024w, https:\/\/eficasablanca.org\/wp-content\/uploads\/2025\/04\/5-2-300x300.jpg 300w, https:\/\/eficasablanca.org\/wp-content\/uploads\/2025\/04\/5-2-150x150.jpg 150w, https:\/\/eficasablanca.org\/wp-content\/uploads\/2025\/04\/5-2-768x768.jpg 768w, https:\/\/eficasablanca.org\/wp-content\/uploads\/2025\/04\/5-2-12x12.jpg 12w, https:\/\/eficasablanca.org\/wp-content\/uploads\/2025\/04\/5-2.jpg 1080w\" sizes=\"(max-width: 1024px) 100vw, 1024px\" \/><\/figure>\n\n\n\n<figure class=\"wp-block-image size-large\"><img loading=\"lazy\" decoding=\"async\" width=\"1024\" height=\"1024\" data-id=\"9882\" src=\"https:\/\/eficasablanca.org\/wp-content\/uploads\/2025\/04\/8-1024x1024.jpg\" alt=\"\" class=\"wp-image-9882\" srcset=\"https:\/\/eficasablanca.org\/wp-content\/uploads\/2025\/04\/8-1024x1024.jpg 1024w, https:\/\/eficasablanca.org\/wp-content\/uploads\/2025\/04\/8-300x300.jpg 300w, https:\/\/eficasablanca.org\/wp-content\/uploads\/2025\/04\/8-150x150.jpg 150w, https:\/\/eficasablanca.org\/wp-content\/uploads\/2025\/04\/8-768x768.jpg 768w, https:\/\/eficasablanca.org\/wp-content\/uploads\/2025\/04\/8-12x12.jpg 12w, https:\/\/eficasablanca.org\/wp-content\/uploads\/2025\/04\/8.jpg 1080w\" sizes=\"(max-width: 1024px) 100vw, 1024px\" \/><\/figure>\n<\/figure>\n\n\n\n<figure class=\"wp-block-gallery has-nested-images columns-default is-cropped wp-block-gallery-3 is-layout-flex wp-block-gallery-is-layout-flex\"><\/figure>\n\n\n\n<figure class=\"wp-block-gallery has-nested-images columns-default is-cropped wp-block-gallery-4 is-layout-flex wp-block-gallery-is-layout-flex\"><\/figure>","protected":false},"excerpt":{"rendered":"<p>Parce que l\u2019orientation est un moment cl\u00e9 dans la construction du projet de chaque \u00e9l\u00e8ve, l&rsquo;EFI Casablanca a organis\u00e9 un Forum des M\u00e9tiers pour accompagner les jeunes dans leur r\u00e9flexion. Durant la semaine du 14 avril, les \u00e9l\u00e8ves de 3e, 2de et 1re ont eu l\u2019opportunit\u00e9 de rencontrer des professionnels, venus partager leurs exp\u00e9riences, leurs [&hellip;]<\/p>\n","protected":false},"author":3,"featured_media":9891,"comment_status":"closed","ping_status":"open","sticky":false,"template":"","format":"standard","meta":{"_acf_changed":false,"footnotes":""},"categories":[21,62,22],"tags":[],"class_list":["post-9872","post","type-post","status-publish","format-standard","has-post-thumbnail","hentry","category-actualites","category-conferences","category-evenements"],"acf":[],"yoast_head":"<!-- This site is optimized with the Yoast SEO plugin v27.1.1 - https:\/\/yoast.com\/product\/yoast-seo-wordpress\/ -->\n<title>Forum des M\u00e9tiers - \u00c9cole Fran\u00e7aise Internationale de Casablanca<\/title>\n<meta name=\"description\" content=\"Parce que l\u2019orientation est un moment cl\u00e9 dans la construction du projet de chaque \u00e9l\u00e8ve, l&#039;EFI Casablanca a organis\u00e9 un Forum des M\u00e9tiers pour\" \/>\n<meta name=\"robots\" content=\"index, follow, max-snippet:-1, max-image-preview:large, max-video-preview:-1\" \/>\n<link rel=\"canonical\" href=\"https:\/\/eficasablanca.org\/en\/forum-des-metiers\/\" \/>\n<meta property=\"og:locale\" content=\"en_US\" \/>\n<meta property=\"og:type\" content=\"article\" \/>\n<meta property=\"og:title\" content=\"Forum des M\u00e9tiers - \u00c9cole Fran\u00e7aise Internationale de Casablanca\" \/>\n<meta property=\"og:description\" content=\"Parce que l\u2019orientation est un moment cl\u00e9 dans la construction du projet de chaque \u00e9l\u00e8ve, l&#039;EFI Casablanca a organis\u00e9 un Forum des M\u00e9tiers pour\" \/>\n<meta property=\"og:url\" content=\"https:\/\/eficasablanca.org\/en\/forum-des-metiers\/\" \/>\n<meta property=\"og:site_name\" content=\"\u00c9cole Fran\u00e7aise Internationale de Casablanca\" \/>\n<meta property=\"article:publisher\" content=\"https:\/\/www.facebook.com\/EFICasablanca\" \/>\n<meta property=\"article:published_time\" content=\"2025-04-23T17:55:01+00:00\" \/>\n<meta property=\"article:modified_time\" content=\"2025-07-14T13:05:42+00:00\" \/>\n<meta property=\"og:image\" content=\"https:\/\/eficasablanca.org\/wp-content\/uploads\/2025\/04\/12a5cbfd-53cb-424b-b2bd-eb1c900b877d.jpg\" \/>\n\t<meta property=\"og:image:width\" content=\"2267\" \/>\n\t<meta property=\"og:image:height\" content=\"1930\" \/>\n\t<meta property=\"og:image:type\" content=\"image\/jpeg\" \/>\n<meta name=\"author\" content=\"it\" \/>\n<meta name=\"twitter:card\" content=\"summary_large_image\" \/>\n<meta name=\"twitter:label1\" content=\"Written by\" \/>\n\t<meta name=\"twitter:data1\" content=\"it\" \/>\n\t<meta name=\"twitter:label2\" content=\"Est. reading time\" \/>\n\t<meta name=\"twitter:data2\" content=\"3 minutes\" \/>\n<script type=\"application\/ld+json\" class=\"yoast-schema-graph\">{\"@context\":\"https:\/\/schema.org\",\"@graph\":[{\"@type\":\"Article\",\"@id\":\"https:\/\/eficasablanca.org\/forum-des-metiers\/#article\",\"isPartOf\":{\"@id\":\"https:\/\/eficasablanca.org\/forum-des-metiers\/\"},\"author\":{\"name\":\"it\",\"@id\":\"https:\/\/eficasablanca.org\/#\/schema\/person\/cd2435603ee779b3c83afe03afe2bf0e\"},\"headline\":\"Forum des M\u00e9tiers\",\"datePublished\":\"2025-04-23T17:55:01+00:00\",\"dateModified\":\"2025-07-14T13:05:42+00:00\",\"mainEntityOfPage\":{\"@id\":\"https:\/\/eficasablanca.org\/forum-des-metiers\/\"},\"wordCount\":186,\"publisher\":{\"@id\":\"https:\/\/eficasablanca.org\/#organization\"},\"image\":{\"@id\":\"https:\/\/eficasablanca.org\/forum-des-metiers\/#primaryimage\"},\"thumbnailUrl\":\"https:\/\/eficasablanca.org\/wp-content\/uploads\/2025\/04\/12a5cbfd-53cb-424b-b2bd-eb1c900b877d.jpg\",\"articleSection\":[\"Actualit\u00e9s\",\"Conf\u00e9rences\",\"\u00c9v\u00e8nements\"],\"inLanguage\":\"en-US\"},{\"@type\":\"WebPage\",\"@id\":\"https:\/\/eficasablanca.org\/forum-des-metiers\/\",\"url\":\"https:\/\/eficasablanca.org\/forum-des-metiers\/\",\"name\":\"Forum des M\u00e9tiers - \u00c9cole Fran\u00e7aise Internationale de Casablanca\",\"isPartOf\":{\"@id\":\"https:\/\/eficasablanca.org\/#website\"},\"primaryImageOfPage\":{\"@id\":\"https:\/\/eficasablanca.org\/forum-des-metiers\/#primaryimage\"},\"image\":{\"@id\":\"https:\/\/eficasablanca.org\/forum-des-metiers\/#primaryimage\"},\"thumbnailUrl\":\"https:\/\/eficasablanca.org\/wp-content\/uploads\/2025\/04\/12a5cbfd-53cb-424b-b2bd-eb1c900b877d.jpg\",\"datePublished\":\"2025-04-23T17:55:01+00:00\",\"dateModified\":\"2025-07-14T13:05:42+00:00\",\"description\":\"Parce que l\u2019orientation est un moment cl\u00e9 dans la construction du projet de chaque \u00e9l\u00e8ve, l'EFI Casablanca a organis\u00e9 un Forum des M\u00e9tiers pour\",\"breadcrumb\":{\"@id\":\"https:\/\/eficasablanca.org\/forum-des-metiers\/#breadcrumb\"},\"inLanguage\":\"en-US\",\"potentialAction\":[{\"@type\":\"ReadAction\",\"target\":[\"https:\/\/eficasablanca.org\/forum-des-metiers\/\"]}]},{\"@type\":\"ImageObject\",\"inLanguage\":\"en-US\",\"@id\":\"https:\/\/eficasablanca.org\/forum-des-metiers\/#primaryimage\",\"url\":\"https:\/\/eficasablanca.org\/wp-content\/uploads\/2025\/04\/12a5cbfd-53cb-424b-b2bd-eb1c900b877d.jpg\",\"contentUrl\":\"https:\/\/eficasablanca.org\/wp-content\/uploads\/2025\/04\/12a5cbfd-53cb-424b-b2bd-eb1c900b877d.jpg\",\"width\":2267,\"height\":1930},{\"@type\":\"BreadcrumbList\",\"@id\":\"https:\/\/eficasablanca.org\/forum-des-metiers\/#breadcrumb\",\"itemListElement\":[{\"@type\":\"ListItem\",\"position\":1,\"name\":\"Accueil\",\"item\":\"https:\/\/eficasablanca.org\/\"},{\"@type\":\"ListItem\",\"position\":2,\"name\":\"Forum des M\u00e9tiers\"}]},{\"@type\":\"WebSite\",\"@id\":\"https:\/\/eficasablanca.org\/#website\",\"url\":\"https:\/\/eficasablanca.org\/\",\"name\":\"\u00c9cole Fran\u00e7aise Internationale de Casablanca\",\"description\":\"L&#039;\u00c9cole Fran\u00e7aise Internationale\",\"publisher\":{\"@id\":\"https:\/\/eficasablanca.org\/#organization\"},\"potentialAction\":[{\"@type\":\"SearchAction\",\"target\":{\"@type\":\"EntryPoint\",\"urlTemplate\":\"https:\/\/eficasablanca.org\/?s={search_term_string}\"},\"query-input\":{\"@type\":\"PropertyValueSpecification\",\"valueRequired\":true,\"valueName\":\"search_term_string\"}}],\"inLanguage\":\"en-US\"},{\"@type\":\"Organization\",\"@id\":\"https:\/\/eficasablanca.org\/#organization\",\"name\":\"Ecole Fran\u00e7aise Internationale Casablanca\",\"url\":\"https:\/\/eficasablanca.org\/\",\"logo\":{\"@type\":\"ImageObject\",\"inLanguage\":\"en-US\",\"@id\":\"https:\/\/eficasablanca.org\/#\/schema\/logo\/image\/\",\"url\":\"https:\/\/eficasablanca.org\/wp-content\/uploads\/2022\/12\/Logo-EFI-DEF-1-1-02-1.webp\",\"contentUrl\":\"https:\/\/eficasablanca.org\/wp-content\/uploads\/2022\/12\/Logo-EFI-DEF-1-1-02-1.webp\",\"width\":644,\"height\":100,\"caption\":\"Ecole Fran\u00e7aise Internationale Casablanca\"},\"image\":{\"@id\":\"https:\/\/eficasablanca.org\/#\/schema\/logo\/image\/\"},\"sameAs\":[\"https:\/\/www.facebook.com\/EFICasablanca\",\"https:\/\/www.instagram.com\/efi_casablanca\/?hl=fr\",\"https:\/\/www.linkedin.com\/company\/efi-casablanca\/about\/?viewAsMember=true\"]},{\"@type\":\"Person\",\"@id\":\"https:\/\/eficasablanca.org\/#\/schema\/person\/cd2435603ee779b3c83afe03afe2bf0e\",\"name\":\"it\",\"url\":\"https:\/\/eficasablanca.org\/en\/author\/it\/\"}]}<\/script>\n<!-- \/ Yoast SEO plugin. -->","yoast_head_json":{"title":"Forum des M\u00e9tiers - \u00c9cole Fran\u00e7aise Internationale de Casablanca","description":"Parce que l\u2019orientation est un moment cl\u00e9 dans la construction du projet de chaque \u00e9l\u00e8ve, l'EFI Casablanca a organis\u00e9 un Forum des M\u00e9tiers pour","robots":{"index":"index","follow":"follow","max-snippet":"max-snippet:-1","max-image-preview":"max-image-preview:large","max-video-preview":"max-video-preview:-1"},"canonical":"https:\/\/eficasablanca.org\/en\/forum-des-metiers\/","og_locale":"en_US","og_type":"article","og_title":"Forum des M\u00e9tiers - \u00c9cole Fran\u00e7aise Internationale de Casablanca","og_description":"Parce que l\u2019orientation est un moment cl\u00e9 dans la construction du projet de chaque \u00e9l\u00e8ve, l'EFI Casablanca a organis\u00e9 un Forum des M\u00e9tiers pour","og_url":"https:\/\/eficasablanca.org\/en\/forum-des-metiers\/","og_site_name":"\u00c9cole Fran\u00e7aise Internationale de Casablanca","article_publisher":"https:\/\/www.facebook.com\/EFICasablanca","article_published_time":"2025-04-23T17:55:01+00:00","article_modified_time":"2025-07-14T13:05:42+00:00","og_image":[{"width":2267,"height":1930,"url":"https:\/\/eficasablanca.org\/wp-content\/uploads\/2025\/04\/12a5cbfd-53cb-424b-b2bd-eb1c900b877d.jpg","type":"image\/jpeg"}],"author":"it","twitter_card":"summary_large_image","twitter_misc":{"Written by":"it","Est. reading time":"3 minutes"},"schema":{"@context":"https:\/\/schema.org","@graph":[{"@type":"Article","@id":"https:\/\/eficasablanca.org\/forum-des-metiers\/#article","isPartOf":{"@id":"https:\/\/eficasablanca.org\/forum-des-metiers\/"},"author":{"name":"it","@id":"https:\/\/eficasablanca.org\/#\/schema\/person\/cd2435603ee779b3c83afe03afe2bf0e"},"headline":"Forum des M\u00e9tiers","datePublished":"2025-04-23T17:55:01+00:00","dateModified":"2025-07-14T13:05:42+00:00","mainEntityOfPage":{"@id":"https:\/\/eficasablanca.org\/forum-des-metiers\/"},"wordCount":186,"publisher":{"@id":"https:\/\/eficasablanca.org\/#organization"},"image":{"@id":"https:\/\/eficasablanca.org\/forum-des-metiers\/#primaryimage"},"thumbnailUrl":"https:\/\/eficasablanca.org\/wp-content\/uploads\/2025\/04\/12a5cbfd-53cb-424b-b2bd-eb1c900b877d.jpg","articleSection":["Actualit\u00e9s","Conf\u00e9rences","\u00c9v\u00e8nements"],"inLanguage":"en-US"},{"@type":"WebPage","@id":"https:\/\/eficasablanca.org\/forum-des-metiers\/","url":"https:\/\/eficasablanca.org\/forum-des-metiers\/","name":"Forum des M\u00e9tiers - \u00c9cole Fran\u00e7aise Internationale de Casablanca","isPartOf":{"@id":"https:\/\/eficasablanca.org\/#website"},"primaryImageOfPage":{"@id":"https:\/\/eficasablanca.org\/forum-des-metiers\/#primaryimage"},"image":{"@id":"https:\/\/eficasablanca.org\/forum-des-metiers\/#primaryimage"},"thumbnailUrl":"https:\/\/eficasablanca.org\/wp-content\/uploads\/2025\/04\/12a5cbfd-53cb-424b-b2bd-eb1c900b877d.jpg","datePublished":"2025-04-23T17:55:01+00:00","dateModified":"2025-07-14T13:05:42+00:00","description":"Parce que l\u2019orientation est un moment cl\u00e9 dans la construction du projet de chaque \u00e9l\u00e8ve, l'EFI Casablanca a organis\u00e9 un Forum des M\u00e9tiers pour","breadcrumb":{"@id":"https:\/\/eficasablanca.org\/forum-des-metiers\/#breadcrumb"},"inLanguage":"en-US","potentialAction":[{"@type":"ReadAction","target":["https:\/\/eficasablanca.org\/forum-des-metiers\/"]}]},{"@type":"ImageObject","inLanguage":"en-US","@id":"https:\/\/eficasablanca.org\/forum-des-metiers\/#primaryimage","url":"https:\/\/eficasablanca.org\/wp-content\/uploads\/2025\/04\/12a5cbfd-53cb-424b-b2bd-eb1c900b877d.jpg","contentUrl":"https:\/\/eficasablanca.org\/wp-content\/uploads\/2025\/04\/12a5cbfd-53cb-424b-b2bd-eb1c900b877d.jpg","width":2267,"height":1930},{"@type":"BreadcrumbList","@id":"https:\/\/eficasablanca.org\/forum-des-metiers\/#breadcrumb","itemListElement":[{"@type":"ListItem","position":1,"name":"Accueil","item":"https:\/\/eficasablanca.org\/"},{"@type":"ListItem","position":2,"name":"Forum des M\u00e9tiers"}]},{"@type":"WebSite","@id":"https:\/\/eficasablanca.org\/#website","url":"https:\/\/eficasablanca.org\/","name":"Casablanca International French School","description":"L&#039;\u00c9cole Fran\u00e7aise Internationale","publisher":{"@id":"https:\/\/eficasablanca.org\/#organization"},"potentialAction":[{"@type":"SearchAction","target":{"@type":"EntryPoint","urlTemplate":"https:\/\/eficasablanca.org\/?s={search_term_string}"},"query-input":{"@type":"PropertyValueSpecification","valueRequired":true,"valueName":"search_term_string"}}],"inLanguage":"en-US"},{"@type":"Organization","@id":"https:\/\/eficasablanca.org\/#organization","name":"Ecole Fran\u00e7aise Internationale Casablanca","url":"https:\/\/eficasablanca.org\/","logo":{"@type":"ImageObject","inLanguage":"en-US","@id":"https:\/\/eficasablanca.org\/#\/schema\/logo\/image\/","url":"https:\/\/eficasablanca.org\/wp-content\/uploads\/2022\/12\/Logo-EFI-DEF-1-1-02-1.webp","contentUrl":"https:\/\/eficasablanca.org\/wp-content\/uploads\/2022\/12\/Logo-EFI-DEF-1-1-02-1.webp","width":644,"height":100,"caption":"Ecole Fran\u00e7aise Internationale Casablanca"},"image":{"@id":"https:\/\/eficasablanca.org\/#\/schema\/logo\/image\/"},"sameAs":["https:\/\/www.facebook.com\/EFICasablanca","https:\/\/www.instagram.com\/efi_casablanca\/?hl=fr","https:\/\/www.linkedin.com\/company\/efi-casablanca\/about\/?viewAsMember=true"]},{"@type":"Person","@id":"https:\/\/eficasablanca.org\/#\/schema\/person\/cd2435603ee779b3c83afe03afe2bf0e","name":"it","url":"https:\/\/eficasablanca.org\/en\/author\/it\/"}]}},"_links":{"self":[{"href":"https:\/\/eficasablanca.org\/en\/wp-json\/wp\/v2\/posts\/9872","targetHints":{"allow":["GET"]}}],"collection":[{"href":"https:\/\/eficasablanca.org\/en\/wp-json\/wp\/v2\/posts"}],"about":[{"href":"https:\/\/eficasablanca.org\/en\/wp-json\/wp\/v2\/types\/post"}],"author":[{"embeddable":true,"href":"https:\/\/eficasablanca.org\/en\/wp-json\/wp\/v2\/users\/3"}],"replies":[{"embeddable":true,"href":"https:\/\/eficasablanca.org\/en\/wp-json\/wp\/v2\/comments?post=9872"}],"version-history":[{"count":2,"href":"https:\/\/eficasablanca.org\/en\/wp-json\/wp\/v2\/posts\/9872\/revisions"}],"predecessor-version":[{"id":10562,"href":"https:\/\/eficasablanca.org\/en\/wp-json\/wp\/v2\/posts\/9872\/revisions\/10562"}],"wp:featuredmedia":[{"embeddable":true,"href":"https:\/\/eficasablanca.org\/en\/wp-json\/wp\/v2\/media\/9891"}],"wp:attachment":[{"href":"https:\/\/eficasablanca.org\/en\/wp-json\/wp\/v2\/media?parent=9872"}],"wp:term":[{"taxonomy":"category","embeddable":true,"href":"https:\/\/eficasablanca.org\/en\/wp-json\/wp\/v2\/categories?post=9872"},{"taxonomy":"post_tag","embeddable":true,"href":"https:\/\/eficasablanca.org\/en\/wp-json\/wp\/v2\/tags?post=9872"}],"curies":[{"name":"wp","href":"https:\/\/api.w.org\/{rel}","templated":true}]}}